{"id":2263,"date":"2018-06-27T07:10:59","date_gmt":"2018-06-27T10:10:59","guid":{"rendered":"https:\/\/162.215.13.167?p=2263"},"modified":"2022-12-21T12:04:43","modified_gmt":"2022-12-21T15:04:43","slug":"monitoramento-ambiental-na-estacao-cientifica-ferreira-penna-floresta-nacional-de-caxiuana","status":"publish","type":"post","link":"https:\/\/portalfadesp.org.br\/?p=2263","title":{"rendered":"Monitoramento Ambiental na Esta\u00e7\u00e3o Cient\u00edfica Ferreira Penna, Floresta Nacional de Caxiuan\u00e3"},"content":{"rendered":"\t\t<div data-elementor-type=\"wp-post\" data-elementor-id=\"2263\" class=\"elementor elementor-2263\" data-elementor-post-type=\"post\">\n\t\t\t\t\t\t<section class=\"elementor-section elementor-top-section elementor-element elementor-element-31cecdd9 elementor-section-boxed elementor-section-height-default elementor-section-height-default\" data-id=\"31cecdd9\" data-element_type=\"section\">\n\t\t\t\t\t\t<div class=\"elementor-container elementor-column-gap-default\">\n\t\t\t\t\t<div class=\"elementor-column elementor-col-100 elementor-top-column elementor-element elementor-element-1e08c3e\" data-id=\"1e08c3e\" data-element_type=\"column\">\n\t\t\t<div class=\"elementor-widget-wrap elementor-element-populated\">\n\t\t\t\t\t\t<div class=\"elementor-element elementor-element-95a26c4 elementor-widget elementor-widget-heading\" data-id=\"95a26c4\" data-element_type=\"widget\" data-widget_type=\"heading.default\">\n\t\t\t\t<div class=\"elementor-widget-container\">\n\t\t\t\t\t<h1 class=\"elementor-heading-title elementor-size-default\">Monitoramento Ambiental na Esta\u00e7\u00e3o Cient\u00edfica Ferreira Penna, Floresta Nacional de Caxiuan\u00e3<\/h1>\t\t\t\t<\/div>\n\t\t\t\t<\/div>\n\t\t\t\t<div class=\"elementor-element elementor-element-7ee45d8a elementor-widget elementor-widget-text-editor\" data-id=\"7ee45d8a\" data-element_type=\"widget\" data-widget_type=\"text-editor.default\">\n\t\t\t\t<div class=\"elementor-widget-container\">\n\t\t\t\t\t\t\t\t\t<h3><span style=\"color: #000000;\"><strong>Projeto<\/strong><\/span><\/h3><p><span style=\"color: #000000;\">O objetivo do projeto &#8220;Monitoramento Ambiental na Esta\u00e7\u00e3o Cient\u00edfica Ferreira Penna, Floresta Nacional de Caxiuan\u00e3&#8221; \u00e9 quantificar e prever mudan\u00e7as na biodiversidade em florestas tropicais em escala local, regional e global. E tamb\u00e9m compreender a din\u00e2mica intr\u00ednseca da biodiversidade e suas respostas aos movimentos antropog\u00eanicos da mudan\u00e7a (mudan\u00e7a de clima, convers\u00e3o do habitat, degrada\u00e7\u00e3o do habitat, sobre explora\u00e7\u00e3o de esp\u00e9cies, por exemplo).<\/span><\/p><p><span style=\"color: #000000;\">A TEAM est\u00e1 preocupada com a biodiversidade em v\u00e1rios n\u00edveis de organiza\u00e7\u00e3o: das esp\u00e9cies, da comunidade e dos ecossistemas, incluindo a abund\u00e2ncia de esp\u00e9cies, a biomassa, a diversidade de esp\u00e9cies (tanto as componentes de riqueza como de igualdade), a extens\u00e3o e a condi\u00e7\u00e3o dos habitats, bem como os benef\u00edcios \u00e0s pessoas.<\/span><\/p><p><span style=\"color: #000000;\"><strong>\u00c1rea do Conhecimento: <\/strong>Multi\u00e1reas<\/span><\/p><p><span style=\"color: #000000;\"><strong>Esp\u00e9cie: <\/strong>Pesquisa<\/span><\/p><p><span style=\"color: #000000;\"><strong>Execu\u00e7\u00e3o: <\/strong>Museu Paraense Em\u00edlio Goeldi<\/span><\/p><p><span style=\"color: #000000;\"><strong>In\u00edcio: <\/strong>01\/07\/2016<\/span><\/p><p><span style=\"color: #000000;\"><strong>T\u00e9rmino: <\/strong>30\/06\/2017<\/span><\/p><p><span style=\"color: #000000;\"><strong>Coordena\u00e7\u00e3o: <\/strong>Fernanda da Silva Santos<\/span><\/p><p><span style=\"color: #000000;\"><strong>Financiador: <\/strong>Conservation International do Brasil<\/span><\/p><p><span style=\"color: #000000;\"><strong>Valor: <\/strong>R$132.062,05<\/span><\/p>\t\t\t\t\t\t\t\t<\/div>\n\t\t\t\t<\/div>\n\t\t\t\t\t<\/div>\n\t\t<\/div>\n\t\t\t\t\t<\/div>\n\t\t<\/section>\n\t\t\t\t<\/div>\n\t\t","protected":false},"excerpt":{"rendered":"<p>Monitoramento Ambiental na Esta\u00e7\u00e3o Cient\u00edfica Ferreira Penna, Floresta Nacional de Caxiuan\u00e3 Projeto O objetivo do projeto &#8220;Monitoramento Ambiental na Esta\u00e7\u00e3o Cient\u00edfica Ferreira Penna, Floresta Nacional de Caxiuan\u00e3&#8221; \u00e9 quantificar e prever mudan\u00e7as na biodiversidade em florestas tropicais em escala local, regional e global. E tamb\u00e9m compreender a din\u00e2mica intr\u00ednseca da biodiversidade e suas respostas aos [&hellip;]<\/p>\n","protected":false},"author":9,"featured_media":0,"comment_status":"open","ping_status":"open","sticky":false,"template":"","format":"standard","meta":{"_monsterinsights_skip_tracking":false,"_monsterinsights_sitenote_active":false,"_monsterinsights_sitenote_note":"","_monsterinsights_sitenote_category":0,"footnotes":""},"categories":[1],"tags":[],"class_list":["post-2263","post","type-post","status-publish","format-standard","hentry","category-geral","entry"],"yoast_head":"<!-- This site is optimized with the Yoast SEO plugin v25.1 - https:\/\/yoast.com\/wordpress\/plugins\/seo\/ -->\n<title>Monitoramento Ambiental na Esta\u00e7\u00e3o Cient\u00edfica Ferreira Penna, Floresta Nacional de Caxiuan\u00e3 - FADESP<\/title>\n<meta name=\"robots\" content=\"index, follow, max-snippet:-1, max-image-preview:large, max-video-preview:-1\" \/>\n<link rel=\"canonical\" href=\"https:\/\/portalfadesp.org.br\/?p=2263\" \/>\n<meta property=\"og:locale\" content=\"pt_BR\" \/>\n<meta property=\"og:type\" content=\"article\" \/>\n<meta property=\"og:title\" content=\"Monitoramento Ambiental na Esta\u00e7\u00e3o Cient\u00edfica Ferreira Penna, Floresta Nacional de Caxiuan\u00e3 - FADESP\" \/>\n<meta property=\"og:description\" content=\"Monitoramento Ambiental na Esta\u00e7\u00e3o Cient\u00edfica Ferreira Penna, Floresta Nacional de Caxiuan\u00e3 Projeto O objetivo do projeto &#8220;Monitoramento Ambiental na Esta\u00e7\u00e3o Cient\u00edfica Ferreira Penna, Floresta Nacional de Caxiuan\u00e3&#8221; \u00e9 quantificar e prever mudan\u00e7as na biodiversidade em florestas tropicais em escala local, regional e global. E tamb\u00e9m compreender a din\u00e2mica intr\u00ednseca da biodiversidade e suas respostas aos [&hellip;]\" \/>\n<meta property=\"og:url\" content=\"https:\/\/portalfadesp.org.br\/?p=2263\" \/>\n<meta property=\"og:site_name\" content=\"FADESP\" \/>\n<meta property=\"article:publisher\" content=\"https:\/\/www.facebook.com\/Fadesp-138351949524662\/\" \/>\n<meta property=\"article:published_time\" content=\"2018-06-27T10:10:59+00:00\" \/>\n<meta property=\"article:modified_time\" content=\"2022-12-21T15:04:43+00:00\" \/>\n<meta name=\"author\" content=\"Raphael Pena\" \/>\n<meta name=\"twitter:card\" content=\"summary_large_image\" \/>\n<meta name=\"twitter:creator\" content=\"@Fadesp\" \/>\n<meta name=\"twitter:site\" content=\"@Fadesp\" \/>\n<meta name=\"twitter:label1\" content=\"Escrito por\" \/>\n\t<meta name=\"twitter:data1\" content=\"Raphael Pena\" \/>\n\t<meta name=\"twitter:label2\" content=\"Est. tempo de leitura\" \/>\n\t<meta name=\"twitter:data2\" content=\"1 minuto\" \/>\n<script type=\"application\/ld+json\" class=\"yoast-schema-graph\">{\"@context\":\"https:\/\/schema.org\",\"@graph\":[{\"@type\":\"Article\",\"@id\":\"https:\/\/portalfadesp.org.br\/?p=2263#article\",\"isPartOf\":{\"@id\":\"https:\/\/portalfadesp.org.br\/?p=2263\"},\"author\":{\"name\":\"Raphael Pena\",\"@id\":\"https:\/\/portalfadesp.org.br\/#\/schema\/person\/dc2908bf250f3ccb8be775027b13735e\"},\"headline\":\"Monitoramento Ambiental na Esta\u00e7\u00e3o Cient\u00edfica Ferreira Penna, Floresta Nacional de Caxiuan\u00e3\",\"datePublished\":\"2018-06-27T10:10:59+00:00\",\"dateModified\":\"2022-12-21T15:04:43+00:00\",\"mainEntityOfPage\":{\"@id\":\"https:\/\/portalfadesp.org.br\/?p=2263\"},\"wordCount\":194,\"commentCount\":0,\"publisher\":{\"@id\":\"https:\/\/portalfadesp.org.br\/#organization\"},\"articleSection\":[\"Geral\"],\"inLanguage\":\"pt-BR\"},{\"@type\":\"WebPage\",\"@id\":\"https:\/\/portalfadesp.org.br\/?p=2263\",\"url\":\"https:\/\/portalfadesp.org.br\/?p=2263\",\"name\":\"Monitoramento Ambiental na Esta\u00e7\u00e3o Cient\u00edfica Ferreira Penna, Floresta Nacional de Caxiuan\u00e3 - FADESP\",\"isPartOf\":{\"@id\":\"https:\/\/portalfadesp.org.br\/#website\"},\"datePublished\":\"2018-06-27T10:10:59+00:00\",\"dateModified\":\"2022-12-21T15:04:43+00:00\",\"breadcrumb\":{\"@id\":\"https:\/\/portalfadesp.org.br\/?p=2263#breadcrumb\"},\"inLanguage\":\"pt-BR\",\"potentialAction\":[{\"@type\":\"ReadAction\",\"target\":[\"https:\/\/portalfadesp.org.br\/?p=2263\"]}]},{\"@type\":\"BreadcrumbList\",\"@id\":\"https:\/\/portalfadesp.org.br\/?p=2263#breadcrumb\",\"itemListElement\":[{\"@type\":\"ListItem\",\"position\":1,\"name\":\"In\u00edcio\",\"item\":\"https:\/\/portalfadesp.org.br\/\"},{\"@type\":\"ListItem\",\"position\":2,\"name\":\"Monitoramento Ambiental na Esta\u00e7\u00e3o Cient\u00edfica Ferreira Penna, Floresta Nacional de Caxiuan\u00e3\"}]},{\"@type\":\"WebSite\",\"@id\":\"https:\/\/portalfadesp.org.br\/#website\",\"url\":\"https:\/\/portalfadesp.org.br\/\",\"name\":\"FADESP\",\"description\":\"Funda\u00e7\u00e3o de Amparo e Desenvolvimento da Pesquisa\",\"publisher\":{\"@id\":\"https:\/\/portalfadesp.org.br\/#organization\"},\"potentialAction\":[{\"@type\":\"SearchAction\",\"target\":{\"@type\":\"EntryPoint\",\"urlTemplate\":\"https:\/\/portalfadesp.org.br\/?s={search_term_string}\"},\"query-input\":{\"@type\":\"PropertyValueSpecification\",\"valueRequired\":true,\"valueName\":\"search_term_string\"}}],\"inLanguage\":\"pt-BR\"},{\"@type\":\"Organization\",\"@id\":\"https:\/\/portalfadesp.org.br\/#organization\",\"name\":\"FADESP\",\"url\":\"https:\/\/portalfadesp.org.br\/\",\"logo\":{\"@type\":\"ImageObject\",\"inLanguage\":\"pt-BR\",\"@id\":\"https:\/\/portalfadesp.org.br\/#\/schema\/logo\/image\/\",\"url\":\"https:\/\/portalfadesp.org.br\/wp-content\/uploads\/2024\/01\/NOVOLOGOFADESPlaranjaH.png\",\"contentUrl\":\"https:\/\/portalfadesp.org.br\/wp-content\/uploads\/2024\/01\/NOVOLOGOFADESPlaranjaH.png\",\"width\":2742,\"height\":839,\"caption\":\"FADESP\"},\"image\":{\"@id\":\"https:\/\/portalfadesp.org.br\/#\/schema\/logo\/image\/\"},\"sameAs\":[\"https:\/\/www.facebook.com\/Fadesp-138351949524662\/\",\"https:\/\/x.com\/Fadesp\",\"https:\/\/www.instagram.com\/fadesp_ufpa\/\",\"https:\/\/www.youtube.com\/@fundacaodeamparoedesenvolv1903\",\"https:\/\/www.threads.net\/@fadesp_ufpa\"]},{\"@type\":\"Person\",\"@id\":\"https:\/\/portalfadesp.org.br\/#\/schema\/person\/dc2908bf250f3ccb8be775027b13735e\",\"name\":\"Raphael Pena\",\"image\":{\"@type\":\"ImageObject\",\"inLanguage\":\"pt-BR\",\"@id\":\"https:\/\/portalfadesp.org.br\/#\/schema\/person\/image\/\",\"url\":\"https:\/\/secure.gravatar.com\/avatar\/f6ed33c466a335cea1eeb716e9d8177b1ca19149f5fdbee566ad4873403cee8a?s=96&d=mm&r=g\",\"contentUrl\":\"https:\/\/secure.gravatar.com\/avatar\/f6ed33c466a335cea1eeb716e9d8177b1ca19149f5fdbee566ad4873403cee8a?s=96&d=mm&r=g\",\"caption\":\"Raphael Pena\"},\"url\":\"https:\/\/portalfadesp.org.br\/?author=9\"}]}<\/script>\n<!-- \/ Yoast SEO plugin. -->","yoast_head_json":{"title":"Monitoramento Ambiental na Esta\u00e7\u00e3o Cient\u00edfica Ferreira Penna, Floresta Nacional de Caxiuan\u00e3 - FADESP","robots":{"index":"index","follow":"follow","max-snippet":"max-snippet:-1","max-image-preview":"max-image-preview:large","max-video-preview":"max-video-preview:-1"},"canonical":"https:\/\/portalfadesp.org.br\/?p=2263","og_locale":"pt_BR","og_type":"article","og_title":"Monitoramento Ambiental na Esta\u00e7\u00e3o Cient\u00edfica Ferreira Penna, Floresta Nacional de Caxiuan\u00e3 - FADESP","og_description":"Monitoramento Ambiental na Esta\u00e7\u00e3o Cient\u00edfica Ferreira Penna, Floresta Nacional de Caxiuan\u00e3 Projeto O objetivo do projeto &#8220;Monitoramento Ambiental na Esta\u00e7\u00e3o Cient\u00edfica Ferreira Penna, Floresta Nacional de Caxiuan\u00e3&#8221; \u00e9 quantificar e prever mudan\u00e7as na biodiversidade em florestas tropicais em escala local, regional e global. E tamb\u00e9m compreender a din\u00e2mica intr\u00ednseca da biodiversidade e suas respostas aos [&hellip;]","og_url":"https:\/\/portalfadesp.org.br\/?p=2263","og_site_name":"FADESP","article_publisher":"https:\/\/www.facebook.com\/Fadesp-138351949524662\/","article_published_time":"2018-06-27T10:10:59+00:00","article_modified_time":"2022-12-21T15:04:43+00:00","author":"Raphael Pena","twitter_card":"summary_large_image","twitter_creator":"@Fadesp","twitter_site":"@Fadesp","twitter_misc":{"Escrito por":"Raphael Pena","Est. tempo de leitura":"1 minuto"},"schema":{"@context":"https:\/\/schema.org","@graph":[{"@type":"Article","@id":"https:\/\/portalfadesp.org.br\/?p=2263#article","isPartOf":{"@id":"https:\/\/portalfadesp.org.br\/?p=2263"},"author":{"name":"Raphael Pena","@id":"https:\/\/portalfadesp.org.br\/#\/schema\/person\/dc2908bf250f3ccb8be775027b13735e"},"headline":"Monitoramento Ambiental na Esta\u00e7\u00e3o Cient\u00edfica Ferreira Penna, Floresta Nacional de Caxiuan\u00e3","datePublished":"2018-06-27T10:10:59+00:00","dateModified":"2022-12-21T15:04:43+00:00","mainEntityOfPage":{"@id":"https:\/\/portalfadesp.org.br\/?p=2263"},"wordCount":194,"commentCount":0,"publisher":{"@id":"https:\/\/portalfadesp.org.br\/#organization"},"articleSection":["Geral"],"inLanguage":"pt-BR"},{"@type":"WebPage","@id":"https:\/\/portalfadesp.org.br\/?p=2263","url":"https:\/\/portalfadesp.org.br\/?p=2263","name":"Monitoramento Ambiental na Esta\u00e7\u00e3o Cient\u00edfica Ferreira Penna, Floresta Nacional de Caxiuan\u00e3 - FADESP","isPartOf":{"@id":"https:\/\/portalfadesp.org.br\/#website"},"datePublished":"2018-06-27T10:10:59+00:00","dateModified":"2022-12-21T15:04:43+00:00","breadcrumb":{"@id":"https:\/\/portalfadesp.org.br\/?p=2263#breadcrumb"},"inLanguage":"pt-BR","potentialAction":[{"@type":"ReadAction","target":["https:\/\/portalfadesp.org.br\/?p=2263"]}]},{"@type":"BreadcrumbList","@id":"https:\/\/portalfadesp.org.br\/?p=2263#breadcrumb","itemListElement":[{"@type":"ListItem","position":1,"name":"In\u00edcio","item":"https:\/\/portalfadesp.org.br\/"},{"@type":"ListItem","position":2,"name":"Monitoramento Ambiental na Esta\u00e7\u00e3o Cient\u00edfica Ferreira Penna, Floresta Nacional de Caxiuan\u00e3"}]},{"@type":"WebSite","@id":"https:\/\/portalfadesp.org.br\/#website","url":"https:\/\/portalfadesp.org.br\/","name":"FADESP","description":"Funda\u00e7\u00e3o de Amparo e Desenvolvimento da Pesquisa","publisher":{"@id":"https:\/\/portalfadesp.org.br\/#organization"},"potentialAction":[{"@type":"SearchAction","target":{"@type":"EntryPoint","urlTemplate":"https:\/\/portalfadesp.org.br\/?s={search_term_string}"},"query-input":{"@type":"PropertyValueSpecification","valueRequired":true,"valueName":"search_term_string"}}],"inLanguage":"pt-BR"},{"@type":"Organization","@id":"https:\/\/portalfadesp.org.br\/#organization","name":"FADESP","url":"https:\/\/portalfadesp.org.br\/","logo":{"@type":"ImageObject","inLanguage":"pt-BR","@id":"https:\/\/portalfadesp.org.br\/#\/schema\/logo\/image\/","url":"https:\/\/portalfadesp.org.br\/wp-content\/uploads\/2024\/01\/NOVOLOGOFADESPlaranjaH.png","contentUrl":"https:\/\/portalfadesp.org.br\/wp-content\/uploads\/2024\/01\/NOVOLOGOFADESPlaranjaH.png","width":2742,"height":839,"caption":"FADESP"},"image":{"@id":"https:\/\/portalfadesp.org.br\/#\/schema\/logo\/image\/"},"sameAs":["https:\/\/www.facebook.com\/Fadesp-138351949524662\/","https:\/\/x.com\/Fadesp","https:\/\/www.instagram.com\/fadesp_ufpa\/","https:\/\/www.youtube.com\/@fundacaodeamparoedesenvolv1903","https:\/\/www.threads.net\/@fadesp_ufpa"]},{"@type":"Person","@id":"https:\/\/portalfadesp.org.br\/#\/schema\/person\/dc2908bf250f3ccb8be775027b13735e","name":"Raphael Pena","image":{"@type":"ImageObject","inLanguage":"pt-BR","@id":"https:\/\/portalfadesp.org.br\/#\/schema\/person\/image\/","url":"https:\/\/secure.gravatar.com\/avatar\/f6ed33c466a335cea1eeb716e9d8177b1ca19149f5fdbee566ad4873403cee8a?s=96&d=mm&r=g","contentUrl":"https:\/\/secure.gravatar.com\/avatar\/f6ed33c466a335cea1eeb716e9d8177b1ca19149f5fdbee566ad4873403cee8a?s=96&d=mm&r=g","caption":"Raphael Pena"},"url":"https:\/\/portalfadesp.org.br\/?author=9"}]}},"_links":{"self":[{"href":"https:\/\/portalfadesp.org.br\/index.php?rest_route=\/wp\/v2\/posts\/2263","targetHints":{"allow":["GET"]}}],"collection":[{"href":"https:\/\/portalfadesp.org.br\/index.php?rest_route=\/wp\/v2\/posts"}],"about":[{"href":"https:\/\/portalfadesp.org.br\/index.php?rest_route=\/wp\/v2\/types\/post"}],"author":[{"embeddable":true,"href":"https:\/\/portalfadesp.org.br\/index.php?rest_route=\/wp\/v2\/users\/9"}],"replies":[{"embeddable":true,"href":"https:\/\/portalfadesp.org.br\/index.php?rest_route=%2Fwp%2Fv2%2Fcomments&post=2263"}],"version-history":[{"count":8,"href":"https:\/\/portalfadesp.org.br\/index.php?rest_route=\/wp\/v2\/posts\/2263\/revisions"}],"predecessor-version":[{"id":38248,"href":"https:\/\/portalfadesp.org.br\/index.php?rest_route=\/wp\/v2\/posts\/2263\/revisions\/38248"}],"wp:attachment":[{"href":"https:\/\/portalfadesp.org.br\/index.php?rest_route=%2Fwp%2Fv2%2Fmedia&parent=2263"}],"wp:term":[{"taxonomy":"category","embeddable":true,"href":"https:\/\/portalfadesp.org.br\/index.php?rest_route=%2Fwp%2Fv2%2Fcategories&post=2263"},{"taxonomy":"post_tag","embeddable":true,"href":"https:\/\/portalfadesp.org.br\/index.php?rest_route=%2Fwp%2Fv2%2Ftags&post=2263"}],"curies":[{"name":"wp","href":"https:\/\/api.w.org\/{rel}","templated":true}]}}