{"id":2262,"date":"2018-06-27T07:10:59","date_gmt":"2018-06-27T10:10:59","guid":{"rendered":"https:\/\/162.215.13.167?p=2262"},"modified":"2022-12-21T12:04:45","modified_gmt":"2022-12-21T15:04:45","slug":"economia-solidaria-na-amazonia-paraense-o-protagonismo-das-mulheres-jovens-e-extrativistas","status":"publish","type":"post","link":"https:\/\/portalfadesp.org.br\/?p=2262","title":{"rendered":"Economia Solid\u00e1ria na Amaz\u00f4nia Paraense: o Protagonismo das Mulheres, Jovens e Extrativistas"},"content":{"rendered":"\t\t<div data-elementor-type=\"wp-post\" data-elementor-id=\"2262\" class=\"elementor elementor-2262\" data-elementor-post-type=\"post\">\n\t\t\t\t\t\t<section class=\"elementor-section elementor-top-section elementor-element elementor-element-3e011222 elementor-section-boxed elementor-section-height-default elementor-section-height-default\" data-id=\"3e011222\" data-element_type=\"section\">\n\t\t\t\t\t\t<div class=\"elementor-container elementor-column-gap-default\">\n\t\t\t\t\t<div class=\"elementor-column elementor-col-100 elementor-top-column elementor-element elementor-element-75f021f\" data-id=\"75f021f\" data-element_type=\"column\">\n\t\t\t<div class=\"elementor-widget-wrap elementor-element-populated\">\n\t\t\t\t\t\t<div class=\"elementor-element elementor-element-3255ce3 elementor-widget elementor-widget-heading\" data-id=\"3255ce3\" data-element_type=\"widget\" data-widget_type=\"heading.default\">\n\t\t\t\t<div class=\"elementor-widget-container\">\n\t\t\t\t\t<h1 class=\"elementor-heading-title elementor-size-default\">Economia Solid\u00e1ria na Amaz\u00f4nia Paraense: o Protagonismo das Mulheres, Jovens e Extrativistas<\/h1>\t\t\t\t<\/div>\n\t\t\t\t<\/div>\n\t\t\t\t<div class=\"elementor-element elementor-element-4871cc4f elementor-widget elementor-widget-text-editor\" data-id=\"4871cc4f\" data-element_type=\"widget\" data-widget_type=\"text-editor.default\">\n\t\t\t\t<div class=\"elementor-widget-container\">\n\t\t\t\t\t\t\t\t\t<h3><span style=\"color: #000000;\"><strong>Projeto<\/strong><\/span><\/h3><p><span style=\"color: #000000;\">O objetivo do projeto &#8220;Economia Solid\u00e1ria na Amaz\u00f4nia Paraense: o Protagonismo das Mulheres, Jovens e Extrativistas&#8221; \u00e9 desenvolver processos de forma\u00e7\u00e3o e assessoria t\u00e9cnica a mulheres, jovens e extrativistas, na Regi\u00e3o Metropolitana de Bel\u00e9m e no Maraj\u00f3 (PA), possibilitando o fortalecimento do potencial desses sujeitos em busca da inclus\u00e3o social e econ\u00f4mica, sob os princ\u00edpios da economia solid\u00e1ria.<\/span><br \/><span style=\"color: #000000;\">A expectativa \u00e9 promover a organiza\u00e7\u00e3o e o fortalecimento dos empreendimentos econ\u00f4micos solid\u00e1rios como estrat\u00e9gias para a viabiliza\u00e7\u00e3o de trabalho e renda. Para tanto, ser\u00e3o realizados cursos e assessoria t\u00e9cnica, assim como ser\u00e1 dado apoio \u00e0 forma\u00e7\u00e3o de parcerias com os \u00f3rg\u00e3os p\u00fablicos.<\/span><\/p><p><span style=\"color: #000000;\"><strong>\u00c1rea do Conhecimento: <\/strong>Ci\u00eancias Sociais Aplicadas e Humanidades<\/span><\/p><p><span style=\"color: #000000;\"><strong>Esp\u00e9cie: <\/strong>Pesquisa<\/span><\/p><p><span style=\"color: #000000;\"><strong>Execu\u00e7\u00e3o: <\/strong>Instituto de Ci\u00eancias Sociais Aplicadas\u00a0&#8211; ICSA\/UFPA<\/span><\/p><p><span style=\"color: #000000;\"><strong>In\u00edcio: <\/strong>26\/07\/2016<\/span><\/p><p><span style=\"color: #000000;\"><strong>T\u00e9rmino: <\/strong>30\/07\/2017<\/span><\/p><p><span style=\"color: #000000;\"><strong>Coordena\u00e7\u00e3o: <\/strong>Maria Jos\u00e9 de Souza Barbosa<\/span><\/p><p><span style=\"color: #000000;\"><strong>Financiador: <\/strong>Minist\u00e9rio do Trabalho e Emprego &#8211; MTE<\/span><\/p><p><span style=\"color: #000000;\"><strong>Valor: <\/strong>R$939.000,00<\/span><\/p>\t\t\t\t\t\t\t\t<\/div>\n\t\t\t\t<\/div>\n\t\t\t\t\t<\/div>\n\t\t<\/div>\n\t\t\t\t\t<\/div>\n\t\t<\/section>\n\t\t\t\t<\/div>\n\t\t","protected":false},"excerpt":{"rendered":"<p>Economia Solid\u00e1ria na Amaz\u00f4nia Paraense: o Protagonismo das Mulheres, Jovens e Extrativistas Projeto O objetivo do projeto &#8220;Economia Solid\u00e1ria na Amaz\u00f4nia Paraense: o Protagonismo das Mulheres, Jovens e Extrativistas&#8221; \u00e9 desenvolver processos de forma\u00e7\u00e3o e assessoria t\u00e9cnica a mulheres, jovens e extrativistas, na Regi\u00e3o Metropolitana de Bel\u00e9m e no Maraj\u00f3 (PA), possibilitando o fortalecimento do [&hellip;]<\/p>\n","protected":false},"author":9,"featured_media":0,"comment_status":"open","ping_status":"open","sticky":false,"template":"","format":"standard","meta":{"_monsterinsights_skip_tracking":false,"_monsterinsights_sitenote_active":false,"_monsterinsights_sitenote_note":"","_monsterinsights_sitenote_category":0,"footnotes":""},"categories":[1],"tags":[],"class_list":["post-2262","post","type-post","status-publish","format-standard","hentry","category-geral","entry"],"yoast_head":"<!-- This site is optimized with the Yoast SEO plugin v25.1 - https:\/\/yoast.com\/wordpress\/plugins\/seo\/ -->\n<title>Economia Solid\u00e1ria na Amaz\u00f4nia Paraense: o Protagonismo das Mulheres, Jovens e Extrativistas - FADESP<\/title>\n<meta name=\"robots\" content=\"index, follow, max-snippet:-1, max-image-preview:large, max-video-preview:-1\" \/>\n<link rel=\"canonical\" href=\"https:\/\/portalfadesp.org.br\/?p=2262\" \/>\n<meta property=\"og:locale\" content=\"pt_BR\" \/>\n<meta property=\"og:type\" content=\"article\" \/>\n<meta property=\"og:title\" content=\"Economia Solid\u00e1ria na Amaz\u00f4nia Paraense: o Protagonismo das Mulheres, Jovens e Extrativistas - FADESP\" \/>\n<meta property=\"og:description\" content=\"Economia Solid\u00e1ria na Amaz\u00f4nia Paraense: o Protagonismo das Mulheres, Jovens e Extrativistas Projeto O objetivo do projeto &#8220;Economia Solid\u00e1ria na Amaz\u00f4nia Paraense: o Protagonismo das Mulheres, Jovens e Extrativistas&#8221; \u00e9 desenvolver processos de forma\u00e7\u00e3o e assessoria t\u00e9cnica a mulheres, jovens e extrativistas, na Regi\u00e3o Metropolitana de Bel\u00e9m e no Maraj\u00f3 (PA), possibilitando o fortalecimento do [&hellip;]\" \/>\n<meta property=\"og:url\" content=\"https:\/\/portalfadesp.org.br\/?p=2262\" \/>\n<meta property=\"og:site_name\" content=\"FADESP\" \/>\n<meta property=\"article:publisher\" content=\"https:\/\/www.facebook.com\/Fadesp-138351949524662\/\" \/>\n<meta property=\"article:published_time\" content=\"2018-06-27T10:10:59+00:00\" \/>\n<meta property=\"article:modified_time\" content=\"2022-12-21T15:04:45+00:00\" \/>\n<meta name=\"author\" content=\"Raphael Pena\" \/>\n<meta name=\"twitter:card\" content=\"summary_large_image\" \/>\n<meta name=\"twitter:creator\" content=\"@Fadesp\" \/>\n<meta name=\"twitter:site\" content=\"@Fadesp\" \/>\n<meta name=\"twitter:label1\" content=\"Escrito por\" \/>\n\t<meta name=\"twitter:data1\" content=\"Raphael Pena\" \/>\n\t<meta name=\"twitter:label2\" content=\"Est. tempo de leitura\" \/>\n\t<meta name=\"twitter:data2\" content=\"1 minuto\" \/>\n<script type=\"application\/ld+json\" class=\"yoast-schema-graph\">{\"@context\":\"https:\/\/schema.org\",\"@graph\":[{\"@type\":\"Article\",\"@id\":\"https:\/\/portalfadesp.org.br\/?p=2262#article\",\"isPartOf\":{\"@id\":\"https:\/\/portalfadesp.org.br\/?p=2262\"},\"author\":{\"name\":\"Raphael Pena\",\"@id\":\"https:\/\/portalfadesp.org.br\/#\/schema\/person\/dc2908bf250f3ccb8be775027b13735e\"},\"headline\":\"Economia Solid\u00e1ria na Amaz\u00f4nia Paraense: o Protagonismo das Mulheres, Jovens e Extrativistas\",\"datePublished\":\"2018-06-27T10:10:59+00:00\",\"dateModified\":\"2022-12-21T15:04:45+00:00\",\"mainEntityOfPage\":{\"@id\":\"https:\/\/portalfadesp.org.br\/?p=2262\"},\"wordCount\":192,\"commentCount\":0,\"publisher\":{\"@id\":\"https:\/\/portalfadesp.org.br\/#organization\"},\"articleSection\":[\"Geral\"],\"inLanguage\":\"pt-BR\"},{\"@type\":\"WebPage\",\"@id\":\"https:\/\/portalfadesp.org.br\/?p=2262\",\"url\":\"https:\/\/portalfadesp.org.br\/?p=2262\",\"name\":\"Economia Solid\u00e1ria na Amaz\u00f4nia Paraense: o Protagonismo das Mulheres, Jovens e Extrativistas - FADESP\",\"isPartOf\":{\"@id\":\"https:\/\/portalfadesp.org.br\/#website\"},\"datePublished\":\"2018-06-27T10:10:59+00:00\",\"dateModified\":\"2022-12-21T15:04:45+00:00\",\"breadcrumb\":{\"@id\":\"https:\/\/portalfadesp.org.br\/?p=2262#breadcrumb\"},\"inLanguage\":\"pt-BR\",\"potentialAction\":[{\"@type\":\"ReadAction\",\"target\":[\"https:\/\/portalfadesp.org.br\/?p=2262\"]}]},{\"@type\":\"BreadcrumbList\",\"@id\":\"https:\/\/portalfadesp.org.br\/?p=2262#breadcrumb\",\"itemListElement\":[{\"@type\":\"ListItem\",\"position\":1,\"name\":\"In\u00edcio\",\"item\":\"https:\/\/portalfadesp.org.br\/\"},{\"@type\":\"ListItem\",\"position\":2,\"name\":\"Economia Solid\u00e1ria na Amaz\u00f4nia Paraense: o Protagonismo das Mulheres, Jovens e Extrativistas\"}]},{\"@type\":\"WebSite\",\"@id\":\"https:\/\/portalfadesp.org.br\/#website\",\"url\":\"https:\/\/portalfadesp.org.br\/\",\"name\":\"FADESP\",\"description\":\"Funda\u00e7\u00e3o de Amparo e Desenvolvimento da Pesquisa\",\"publisher\":{\"@id\":\"https:\/\/portalfadesp.org.br\/#organization\"},\"potentialAction\":[{\"@type\":\"SearchAction\",\"target\":{\"@type\":\"EntryPoint\",\"urlTemplate\":\"https:\/\/portalfadesp.org.br\/?s={search_term_string}\"},\"query-input\":{\"@type\":\"PropertyValueSpecification\",\"valueRequired\":true,\"valueName\":\"search_term_string\"}}],\"inLanguage\":\"pt-BR\"},{\"@type\":\"Organization\",\"@id\":\"https:\/\/portalfadesp.org.br\/#organization\",\"name\":\"FADESP\",\"url\":\"https:\/\/portalfadesp.org.br\/\",\"logo\":{\"@type\":\"ImageObject\",\"inLanguage\":\"pt-BR\",\"@id\":\"https:\/\/portalfadesp.org.br\/#\/schema\/logo\/image\/\",\"url\":\"https:\/\/portalfadesp.org.br\/wp-content\/uploads\/2024\/01\/NOVOLOGOFADESPlaranjaH.png\",\"contentUrl\":\"https:\/\/portalfadesp.org.br\/wp-content\/uploads\/2024\/01\/NOVOLOGOFADESPlaranjaH.png\",\"width\":2742,\"height\":839,\"caption\":\"FADESP\"},\"image\":{\"@id\":\"https:\/\/portalfadesp.org.br\/#\/schema\/logo\/image\/\"},\"sameAs\":[\"https:\/\/www.facebook.com\/Fadesp-138351949524662\/\",\"https:\/\/x.com\/Fadesp\",\"https:\/\/www.instagram.com\/fadesp_ufpa\/\",\"https:\/\/www.youtube.com\/@fundacaodeamparoedesenvolv1903\",\"https:\/\/www.threads.net\/@fadesp_ufpa\"]},{\"@type\":\"Person\",\"@id\":\"https:\/\/portalfadesp.org.br\/#\/schema\/person\/dc2908bf250f3ccb8be775027b13735e\",\"name\":\"Raphael Pena\",\"image\":{\"@type\":\"ImageObject\",\"inLanguage\":\"pt-BR\",\"@id\":\"https:\/\/portalfadesp.org.br\/#\/schema\/person\/image\/\",\"url\":\"https:\/\/secure.gravatar.com\/avatar\/f6ed33c466a335cea1eeb716e9d8177b1ca19149f5fdbee566ad4873403cee8a?s=96&d=mm&r=g\",\"contentUrl\":\"https:\/\/secure.gravatar.com\/avatar\/f6ed33c466a335cea1eeb716e9d8177b1ca19149f5fdbee566ad4873403cee8a?s=96&d=mm&r=g\",\"caption\":\"Raphael Pena\"},\"url\":\"https:\/\/portalfadesp.org.br\/?author=9\"}]}<\/script>\n<!-- \/ Yoast SEO plugin. -->","yoast_head_json":{"title":"Economia Solid\u00e1ria na Amaz\u00f4nia Paraense: o Protagonismo das Mulheres, Jovens e Extrativistas - FADESP","robots":{"index":"index","follow":"follow","max-snippet":"max-snippet:-1","max-image-preview":"max-image-preview:large","max-video-preview":"max-video-preview:-1"},"canonical":"https:\/\/portalfadesp.org.br\/?p=2262","og_locale":"pt_BR","og_type":"article","og_title":"Economia Solid\u00e1ria na Amaz\u00f4nia Paraense: o Protagonismo das Mulheres, Jovens e Extrativistas - FADESP","og_description":"Economia Solid\u00e1ria na Amaz\u00f4nia Paraense: o Protagonismo das Mulheres, Jovens e Extrativistas Projeto O objetivo do projeto &#8220;Economia Solid\u00e1ria na Amaz\u00f4nia Paraense: o Protagonismo das Mulheres, Jovens e Extrativistas&#8221; \u00e9 desenvolver processos de forma\u00e7\u00e3o e assessoria t\u00e9cnica a mulheres, jovens e extrativistas, na Regi\u00e3o Metropolitana de Bel\u00e9m e no Maraj\u00f3 (PA), possibilitando o fortalecimento do [&hellip;]","og_url":"https:\/\/portalfadesp.org.br\/?p=2262","og_site_name":"FADESP","article_publisher":"https:\/\/www.facebook.com\/Fadesp-138351949524662\/","article_published_time":"2018-06-27T10:10:59+00:00","article_modified_time":"2022-12-21T15:04:45+00:00","author":"Raphael Pena","twitter_card":"summary_large_image","twitter_creator":"@Fadesp","twitter_site":"@Fadesp","twitter_misc":{"Escrito por":"Raphael Pena","Est. tempo de leitura":"1 minuto"},"schema":{"@context":"https:\/\/schema.org","@graph":[{"@type":"Article","@id":"https:\/\/portalfadesp.org.br\/?p=2262#article","isPartOf":{"@id":"https:\/\/portalfadesp.org.br\/?p=2262"},"author":{"name":"Raphael Pena","@id":"https:\/\/portalfadesp.org.br\/#\/schema\/person\/dc2908bf250f3ccb8be775027b13735e"},"headline":"Economia Solid\u00e1ria na Amaz\u00f4nia Paraense: o Protagonismo das Mulheres, Jovens e Extrativistas","datePublished":"2018-06-27T10:10:59+00:00","dateModified":"2022-12-21T15:04:45+00:00","mainEntityOfPage":{"@id":"https:\/\/portalfadesp.org.br\/?p=2262"},"wordCount":192,"commentCount":0,"publisher":{"@id":"https:\/\/portalfadesp.org.br\/#organization"},"articleSection":["Geral"],"inLanguage":"pt-BR"},{"@type":"WebPage","@id":"https:\/\/portalfadesp.org.br\/?p=2262","url":"https:\/\/portalfadesp.org.br\/?p=2262","name":"Economia Solid\u00e1ria na Amaz\u00f4nia Paraense: o Protagonismo das Mulheres, Jovens e Extrativistas - FADESP","isPartOf":{"@id":"https:\/\/portalfadesp.org.br\/#website"},"datePublished":"2018-06-27T10:10:59+00:00","dateModified":"2022-12-21T15:04:45+00:00","breadcrumb":{"@id":"https:\/\/portalfadesp.org.br\/?p=2262#breadcrumb"},"inLanguage":"pt-BR","potentialAction":[{"@type":"ReadAction","target":["https:\/\/portalfadesp.org.br\/?p=2262"]}]},{"@type":"BreadcrumbList","@id":"https:\/\/portalfadesp.org.br\/?p=2262#breadcrumb","itemListElement":[{"@type":"ListItem","position":1,"name":"In\u00edcio","item":"https:\/\/portalfadesp.org.br\/"},{"@type":"ListItem","position":2,"name":"Economia Solid\u00e1ria na Amaz\u00f4nia Paraense: o Protagonismo das Mulheres, Jovens e Extrativistas"}]},{"@type":"WebSite","@id":"https:\/\/portalfadesp.org.br\/#website","url":"https:\/\/portalfadesp.org.br\/","name":"FADESP","description":"Funda\u00e7\u00e3o de Amparo e Desenvolvimento da Pesquisa","publisher":{"@id":"https:\/\/portalfadesp.org.br\/#organization"},"potentialAction":[{"@type":"SearchAction","target":{"@type":"EntryPoint","urlTemplate":"https:\/\/portalfadesp.org.br\/?s={search_term_string}"},"query-input":{"@type":"PropertyValueSpecification","valueRequired":true,"valueName":"search_term_string"}}],"inLanguage":"pt-BR"},{"@type":"Organization","@id":"https:\/\/portalfadesp.org.br\/#organization","name":"FADESP","url":"https:\/\/portalfadesp.org.br\/","logo":{"@type":"ImageObject","inLanguage":"pt-BR","@id":"https:\/\/portalfadesp.org.br\/#\/schema\/logo\/image\/","url":"https:\/\/portalfadesp.org.br\/wp-content\/uploads\/2024\/01\/NOVOLOGOFADESPlaranjaH.png","contentUrl":"https:\/\/portalfadesp.org.br\/wp-content\/uploads\/2024\/01\/NOVOLOGOFADESPlaranjaH.png","width":2742,"height":839,"caption":"FADESP"},"image":{"@id":"https:\/\/portalfadesp.org.br\/#\/schema\/logo\/image\/"},"sameAs":["https:\/\/www.facebook.com\/Fadesp-138351949524662\/","https:\/\/x.com\/Fadesp","https:\/\/www.instagram.com\/fadesp_ufpa\/","https:\/\/www.youtube.com\/@fundacaodeamparoedesenvolv1903","https:\/\/www.threads.net\/@fadesp_ufpa"]},{"@type":"Person","@id":"https:\/\/portalfadesp.org.br\/#\/schema\/person\/dc2908bf250f3ccb8be775027b13735e","name":"Raphael Pena","image":{"@type":"ImageObject","inLanguage":"pt-BR","@id":"https:\/\/portalfadesp.org.br\/#\/schema\/person\/image\/","url":"https:\/\/secure.gravatar.com\/avatar\/f6ed33c466a335cea1eeb716e9d8177b1ca19149f5fdbee566ad4873403cee8a?s=96&d=mm&r=g","contentUrl":"https:\/\/secure.gravatar.com\/avatar\/f6ed33c466a335cea1eeb716e9d8177b1ca19149f5fdbee566ad4873403cee8a?s=96&d=mm&r=g","caption":"Raphael Pena"},"url":"https:\/\/portalfadesp.org.br\/?author=9"}]}},"_links":{"self":[{"href":"https:\/\/portalfadesp.org.br\/index.php?rest_route=\/wp\/v2\/posts\/2262","targetHints":{"allow":["GET"]}}],"collection":[{"href":"https:\/\/portalfadesp.org.br\/index.php?rest_route=\/wp\/v2\/posts"}],"about":[{"href":"https:\/\/portalfadesp.org.br\/index.php?rest_route=\/wp\/v2\/types\/post"}],"author":[{"embeddable":true,"href":"https:\/\/portalfadesp.org.br\/index.php?rest_route=\/wp\/v2\/users\/9"}],"replies":[{"embeddable":true,"href":"https:\/\/portalfadesp.org.br\/index.php?rest_route=%2Fwp%2Fv2%2Fcomments&post=2262"}],"version-history":[{"count":8,"href":"https:\/\/portalfadesp.org.br\/index.php?rest_route=\/wp\/v2\/posts\/2262\/revisions"}],"predecessor-version":[{"id":38251,"href":"https:\/\/portalfadesp.org.br\/index.php?rest_route=\/wp\/v2\/posts\/2262\/revisions\/38251"}],"wp:attachment":[{"href":"https:\/\/portalfadesp.org.br\/index.php?rest_route=%2Fwp%2Fv2%2Fmedia&parent=2262"}],"wp:term":[{"taxonomy":"category","embeddable":true,"href":"https:\/\/portalfadesp.org.br\/index.php?rest_route=%2Fwp%2Fv2%2Fcategories&post=2262"},{"taxonomy":"post_tag","embeddable":true,"href":"https:\/\/portalfadesp.org.br\/index.php?rest_route=%2Fwp%2Fv2%2Ftags&post=2262"}],"curies":[{"name":"wp","href":"https:\/\/api.w.org\/{rel}","templated":true}]}}