{"id":2173,"date":"2019-06-25T14:37:55","date_gmt":"2019-06-25T17:37:55","guid":{"rendered":"https:\/\/162.215.13.167?p=2173"},"modified":"2022-12-21T10:37:53","modified_gmt":"2022-12-21T13:37:53","slug":"campus-da-ufpa-em-altamira-inscreve-para-curso-livre-de-ingles-e-de-libras-sao-ofertadas-490-vagas","status":"publish","type":"post","link":"https:\/\/portalfadesp.org.br\/?p=2173","title":{"rendered":"Campus da UFPA em Altamira inscreve para curso livre de ingl\u00eas e de LIBRAS. S\u00e3o ofertadas 490 vagas."},"content":{"rendered":"<p><img fetchpriority=\"high\" decoding=\"async\" class=\"alignright wp-image-2174 size-medium\" src=\"..\/wp-content\/uploads\/2019\/06\/2018-agosto-rotativo-clle-altamira-300x233.png\" alt=\"\" width=\"300\" height=\"233\" srcset=\"https:\/\/portalfadesp.org.br\/wp-content\/uploads\/2019\/06\/2018-agosto-rotativo-clle-altamira-300x233.png 300w, https:\/\/portalfadesp.org.br\/wp-content\/uploads\/2019\/06\/2018-agosto-rotativo-clle-altamira-768x597.png 768w, https:\/\/portalfadesp.org.br\/wp-content\/uploads\/2019\/06\/2018-agosto-rotativo-clle-altamira.png 900w\" sizes=\"(max-width: 300px) 100vw, 300px\" \/>A Universidade Federal do Par\u00e1 (UFPA), campus Altamira, est\u00e1 com\u00a0<strong><a href=\"http:\/\/cursos.fadesp.org.br\/mostracurso.asp?curso=614\" target=\"_blank\" rel=\"noopener noreferrer\">inscri\u00e7\u00f5es\u00a0abertas\u00a0<\/a><\/strong>at\u00e9 dia 12 de julho para o Curso Livre de L\u00edngua Inglesa e L\u00edngua Brasileira de Sinais (LIBRAS). S\u00e3o ofertadas 490 vagas distribu\u00eddas em 14 turmas. As aulas come\u00e7ar\u00e3o em agosto. Os candidatos que desejam cursar a partir do segundo ou demais n\u00edveis subsequentes devem se inscrever para a prova de nivelamento at\u00e9 21 deste m\u00eas.<\/p>\n<p>A inscri\u00e7\u00e3o para o nivelamento custa R$ 20,00 e \u00e9 presencial, na coordena\u00e7\u00e3o do CLLIL, campus de Altamira, das 14h \u00e0s 18h. O candidato deve escolher a data da prova entre as op\u00e7\u00f5es 25 e 26 de junho. O resultado ser\u00e1 divulgado no dia 28, a partir das 16h, na p\u00e1gina do Curso Livre ou na coordena\u00e7\u00e3o.<\/p>\n<p>Para os que n\u00e3o far\u00e3o prova de nivelamento, a matr\u00edcula est\u00e1 sendo realizada\u00a0<strong><a href=\"http:\/\/cursos.fadesp.org.br\/mostracurso.asp?curso=614\" target=\"_blank\" rel=\"noopener noreferrer\">aqui no portal da FADESP, na \u00e1rea de cursos<\/a>.<\/strong> Para se matricular, \u00e9 necess\u00e1rio primeiro criar um cadastro no referido site e s\u00f3 ent\u00e3o escolher a turma. O investimento \u00e9 quatro parcelas de R$ 70,00, mais a matr\u00edcula de R$ 150.00. \u00c9 dado desconto de 5% para pagamento \u00e0 vista.<\/p>\n<p>Conforme o\u00a0<a href=\"http:\/\/cursos.fadesp.org.br\/ARQUIVOS\/3997ED2019.PDF\" target=\"_blank\" rel=\"noopener noreferrer\">edital<\/a>, caso as turmas n\u00e3o sejam preenchidas ou haja desist\u00eancias, a vagas ser\u00e3o reofertadas. A turma que tiver menos de vinte alunos ser\u00e1 cancelada e a taxa de matr\u00edcula devolvida integralmente.<\/p>\n<p>O aluno inadimplente n\u00e3o ter\u00e1 direito \u00e0 renova\u00e7\u00e3o de sua matr\u00edcula e n\u00e3o ser\u00e1 permitida a inscri\u00e7\u00e3o em mais de uma turma de uma mesma l\u00edngua. Tamb\u00e9m \u00e9 de responsabilidade do aluno certificar-se de que foi aprovado no n\u00edvel anterior antes de efetuar a sua inscri\u00e7\u00e3o.<\/p>\n<p>A mudan\u00e7a de turma e hor\u00e1rio ser\u00e1 poss\u00edvel somente em caso de vaga dispon\u00edvel, pagamento de taxa de transfer\u00eancia (por troca efetuada) e apresenta\u00e7\u00e3o de justificativa comprovada. N\u00e3o ser\u00e1 aceito pedido de transfer\u00eancia durante o per\u00edodo de matr\u00edcula e de reoferta.<\/p>\n<p>Das 14 turmas ofertadas, dez s\u00e3o para ingl\u00eas, com vagas para os n\u00edveis 1, 2, 3 e 4. As quatro demais s\u00e3o para LIBRAS, que no segundo semestre ter\u00e3o vagas para os n\u00edveis 1 e 2. Os dias e hor\u00e1rios de aula variam de segunda a s\u00e1bado do turno da manh\u00e3 ao turno da noite.<\/p>\n<p><strong>INGL\u00caS<\/strong>\u00a0&#8211; O curso \u00e9 presencial e composto por sete semestres que permitem aos alunos desenvolverem as quatro habilidades b\u00e1sicas (ouvir, compreender, falar e escrever) atrav\u00e9s do M\u00e9todo Comunicativo, que enfatiza a intera\u00e7\u00e3o como meio de ensino como tamb\u00e9m o seu objetivo final.<br \/>\n<strong>LIBRAS<\/strong>\u00a0&#8211; O curso \u00e9 presencial e composto por cinco semestres. Ele destina-se aos<br \/>\nouvintes e baseia-se na perspectiva da abordagem comunicativa, utilizando-se do m\u00e9todo de instru\u00e7\u00e3o, pr\u00e1tica e produ\u00e7\u00e3o em sinais pelos alunos (metodologia pr\u00f3pria). Como suporte did\u00e1tico de ensino, ser\u00e3o usados os livros &#8220;Aprendendo L\u00edngua Brasileira de Sinais como segunda l\u00edngua&#8221; e &#8220;Ensino de libras: aspectos hist\u00f3ricos e sociais para a forma\u00e7\u00e3o did\u00e1tica de professores&#8221;, al\u00e9m de materiais visuais (v\u00eddeos) produzidos pelos pr\u00f3prios<br \/>\nprofessores.<\/p>\n","protected":false},"excerpt":{"rendered":"<p>A Universidade Federal do Par\u00e1 (UFPA), campus Altamira, est\u00e1 com\u00a0inscri\u00e7\u00f5es\u00a0abertas\u00a0at\u00e9 dia 12 de julho para o Curso Livre de L\u00edngua Inglesa e L\u00edngua Brasileira de Sinais (LIBRAS). S\u00e3o ofertadas 490 vagas distribu\u00eddas em 14 turmas. As aulas come\u00e7ar\u00e3o em agosto. Os candidatos que desejam cursar a partir do segundo ou demais n\u00edveis subsequentes devem se [&hellip;]<\/p>\n","protected":false},"author":11,"featured_media":2174,"comment_status":"open","ping_status":"open","sticky":false,"template":"","format":"standard","meta":{"_monsterinsights_skip_tracking":false,"_monsterinsights_sitenote_active":false,"_monsterinsights_sitenote_note":"","_monsterinsights_sitenote_category":0,"footnotes":""},"categories":[11],"tags":[37,31,38,32,33],"class_list":["post-2173","post","type-post","status-publish","format-standard","has-post-thumbnail","hentry","category-cursos-livres","tag-campus-altamira","tag-cursos-livres","tag-interiorizacao","tag-linguas","tag-ufpa","entry","has-media"],"yoast_head":"<!-- This site is optimized with the Yoast SEO plugin v25.1 - https:\/\/yoast.com\/wordpress\/plugins\/seo\/ -->\n<title>Campus da UFPA em Altamira inscreve para curso livre de ingl\u00eas e de LIBRAS. S\u00e3o ofertadas 490 vagas. - FADESP<\/title>\n<meta name=\"robots\" content=\"index, follow, max-snippet:-1, max-image-preview:large, max-video-preview:-1\" \/>\n<link rel=\"canonical\" href=\"https:\/\/portalfadesp.org.br\/?p=2173\" \/>\n<meta property=\"og:locale\" content=\"pt_BR\" \/>\n<meta property=\"og:type\" content=\"article\" \/>\n<meta property=\"og:title\" content=\"Campus da UFPA em Altamira inscreve para curso livre de ingl\u00eas e de LIBRAS. S\u00e3o ofertadas 490 vagas. - FADESP\" \/>\n<meta property=\"og:description\" content=\"A Universidade Federal do Par\u00e1 (UFPA), campus Altamira, est\u00e1 com\u00a0inscri\u00e7\u00f5es\u00a0abertas\u00a0at\u00e9 dia 12 de julho para o Curso Livre de L\u00edngua Inglesa e L\u00edngua Brasileira de Sinais (LIBRAS). S\u00e3o ofertadas 490 vagas distribu\u00eddas em 14 turmas. As aulas come\u00e7ar\u00e3o em agosto. Os candidatos que desejam cursar a partir do segundo ou demais n\u00edveis subsequentes devem se [&hellip;]\" \/>\n<meta property=\"og:url\" content=\"https:\/\/portalfadesp.org.br\/?p=2173\" \/>\n<meta property=\"og:site_name\" content=\"FADESP\" \/>\n<meta property=\"article:publisher\" content=\"https:\/\/www.facebook.com\/Fadesp-138351949524662\/\" \/>\n<meta property=\"article:published_time\" content=\"2019-06-25T17:37:55+00:00\" \/>\n<meta property=\"article:modified_time\" content=\"2022-12-21T13:37:53+00:00\" \/>\n<meta property=\"og:image\" content=\"https:\/\/portalfadesp.org.br\/wp-content\/uploads\/2019\/06\/2018-agosto-rotativo-clle-altamira.png\" \/>\n\t<meta property=\"og:image:width\" content=\"900\" \/>\n\t<meta property=\"og:image:height\" content=\"700\" \/>\n\t<meta property=\"og:image:type\" content=\"image\/png\" \/>\n<meta name=\"author\" content=\"Lorena Filgueiras\" \/>\n<meta name=\"twitter:card\" content=\"summary_large_image\" \/>\n<meta name=\"twitter:creator\" content=\"@Fadesp\" \/>\n<meta name=\"twitter:site\" content=\"@Fadesp\" \/>\n<meta name=\"twitter:label1\" content=\"Escrito por\" \/>\n\t<meta name=\"twitter:data1\" content=\"Lorena Filgueiras\" \/>\n\t<meta name=\"twitter:label2\" content=\"Est. tempo de leitura\" \/>\n\t<meta name=\"twitter:data2\" content=\"3 minutos\" \/>\n<script type=\"application\/ld+json\" class=\"yoast-schema-graph\">{\"@context\":\"https:\/\/schema.org\",\"@graph\":[{\"@type\":\"Article\",\"@id\":\"https:\/\/portalfadesp.org.br\/?p=2173#article\",\"isPartOf\":{\"@id\":\"https:\/\/portalfadesp.org.br\/?p=2173\"},\"author\":{\"name\":\"Lorena Filgueiras\",\"@id\":\"https:\/\/portalfadesp.org.br\/#\/schema\/person\/c1fa9db0c87dc412d1568e0e5e27be9c\"},\"headline\":\"Campus da UFPA em Altamira inscreve para curso livre de ingl\u00eas e de LIBRAS. S\u00e3o ofertadas 490 vagas.\",\"datePublished\":\"2019-06-25T17:37:55+00:00\",\"dateModified\":\"2022-12-21T13:37:53+00:00\",\"mainEntityOfPage\":{\"@id\":\"https:\/\/portalfadesp.org.br\/?p=2173\"},\"wordCount\":546,\"commentCount\":0,\"publisher\":{\"@id\":\"https:\/\/portalfadesp.org.br\/#organization\"},\"image\":{\"@id\":\"https:\/\/portalfadesp.org.br\/?p=2173#primaryimage\"},\"thumbnailUrl\":\"https:\/\/portalfadesp.org.br\/wp-content\/uploads\/2019\/06\/2018-agosto-rotativo-clle-altamira.png\",\"keywords\":[\"campus altamira\",\"cursos livres\",\"interioriza\u00e7\u00e3o\",\"l\u00ednguas\",\"UFPA\"],\"articleSection\":[\"Cursos Livres\"],\"inLanguage\":\"pt-BR\"},{\"@type\":\"WebPage\",\"@id\":\"https:\/\/portalfadesp.org.br\/?p=2173\",\"url\":\"https:\/\/portalfadesp.org.br\/?p=2173\",\"name\":\"Campus da UFPA em Altamira inscreve para curso livre de ingl\u00eas e de LIBRAS. S\u00e3o ofertadas 490 vagas. - FADESP\",\"isPartOf\":{\"@id\":\"https:\/\/portalfadesp.org.br\/#website\"},\"primaryImageOfPage\":{\"@id\":\"https:\/\/portalfadesp.org.br\/?p=2173#primaryimage\"},\"image\":{\"@id\":\"https:\/\/portalfadesp.org.br\/?p=2173#primaryimage\"},\"thumbnailUrl\":\"https:\/\/portalfadesp.org.br\/wp-content\/uploads\/2019\/06\/2018-agosto-rotativo-clle-altamira.png\",\"datePublished\":\"2019-06-25T17:37:55+00:00\",\"dateModified\":\"2022-12-21T13:37:53+00:00\",\"breadcrumb\":{\"@id\":\"https:\/\/portalfadesp.org.br\/?p=2173#breadcrumb\"},\"inLanguage\":\"pt-BR\",\"potentialAction\":[{\"@type\":\"ReadAction\",\"target\":[\"https:\/\/portalfadesp.org.br\/?p=2173\"]}]},{\"@type\":\"ImageObject\",\"inLanguage\":\"pt-BR\",\"@id\":\"https:\/\/portalfadesp.org.br\/?p=2173#primaryimage\",\"url\":\"https:\/\/portalfadesp.org.br\/wp-content\/uploads\/2019\/06\/2018-agosto-rotativo-clle-altamira.png\",\"contentUrl\":\"https:\/\/portalfadesp.org.br\/wp-content\/uploads\/2019\/06\/2018-agosto-rotativo-clle-altamira.png\",\"width\":900,\"height\":700},{\"@type\":\"BreadcrumbList\",\"@id\":\"https:\/\/portalfadesp.org.br\/?p=2173#breadcrumb\",\"itemListElement\":[{\"@type\":\"ListItem\",\"position\":1,\"name\":\"In\u00edcio\",\"item\":\"https:\/\/portalfadesp.org.br\/\"},{\"@type\":\"ListItem\",\"position\":2,\"name\":\"Campus da UFPA em Altamira inscreve para curso livre de ingl\u00eas e de LIBRAS. S\u00e3o ofertadas 490 vagas.\"}]},{\"@type\":\"WebSite\",\"@id\":\"https:\/\/portalfadesp.org.br\/#website\",\"url\":\"https:\/\/portalfadesp.org.br\/\",\"name\":\"FADESP\",\"description\":\"Funda\u00e7\u00e3o de Amparo e Desenvolvimento da Pesquisa\",\"publisher\":{\"@id\":\"https:\/\/portalfadesp.org.br\/#organization\"},\"potentialAction\":[{\"@type\":\"SearchAction\",\"target\":{\"@type\":\"EntryPoint\",\"urlTemplate\":\"https:\/\/portalfadesp.org.br\/?s={search_term_string}\"},\"query-input\":{\"@type\":\"PropertyValueSpecification\",\"valueRequired\":true,\"valueName\":\"search_term_string\"}}],\"inLanguage\":\"pt-BR\"},{\"@type\":\"Organization\",\"@id\":\"https:\/\/portalfadesp.org.br\/#organization\",\"name\":\"FADESP\",\"url\":\"https:\/\/portalfadesp.org.br\/\",\"logo\":{\"@type\":\"ImageObject\",\"inLanguage\":\"pt-BR\",\"@id\":\"https:\/\/portalfadesp.org.br\/#\/schema\/logo\/image\/\",\"url\":\"https:\/\/portalfadesp.org.br\/wp-content\/uploads\/2024\/01\/NOVOLOGOFADESPlaranjaH.png\",\"contentUrl\":\"https:\/\/portalfadesp.org.br\/wp-content\/uploads\/2024\/01\/NOVOLOGOFADESPlaranjaH.png\",\"width\":2742,\"height\":839,\"caption\":\"FADESP\"},\"image\":{\"@id\":\"https:\/\/portalfadesp.org.br\/#\/schema\/logo\/image\/\"},\"sameAs\":[\"https:\/\/www.facebook.com\/Fadesp-138351949524662\/\",\"https:\/\/x.com\/Fadesp\",\"https:\/\/www.instagram.com\/fadesp_ufpa\/\",\"https:\/\/www.youtube.com\/@fundacaodeamparoedesenvolv1903\",\"https:\/\/www.threads.net\/@fadesp_ufpa\"]},{\"@type\":\"Person\",\"@id\":\"https:\/\/portalfadesp.org.br\/#\/schema\/person\/c1fa9db0c87dc412d1568e0e5e27be9c\",\"name\":\"Lorena Filgueiras\",\"image\":{\"@type\":\"ImageObject\",\"inLanguage\":\"pt-BR\",\"@id\":\"https:\/\/portalfadesp.org.br\/#\/schema\/person\/image\/\",\"url\":\"https:\/\/secure.gravatar.com\/avatar\/37390a2dfe1325c2917fc5f6df471abe8ab753cf23b2d14690f57bd61ab4b7cf?s=96&d=mm&r=g\",\"contentUrl\":\"https:\/\/secure.gravatar.com\/avatar\/37390a2dfe1325c2917fc5f6df471abe8ab753cf23b2d14690f57bd61ab4b7cf?s=96&d=mm&r=g\",\"caption\":\"Lorena Filgueiras\"},\"url\":\"https:\/\/portalfadesp.org.br\/?author=11\"}]}<\/script>\n<!-- \/ Yoast SEO plugin. -->","yoast_head_json":{"title":"Campus da UFPA em Altamira inscreve para curso livre de ingl\u00eas e de LIBRAS. S\u00e3o ofertadas 490 vagas. - FADESP","robots":{"index":"index","follow":"follow","max-snippet":"max-snippet:-1","max-image-preview":"max-image-preview:large","max-video-preview":"max-video-preview:-1"},"canonical":"https:\/\/portalfadesp.org.br\/?p=2173","og_locale":"pt_BR","og_type":"article","og_title":"Campus da UFPA em Altamira inscreve para curso livre de ingl\u00eas e de LIBRAS. S\u00e3o ofertadas 490 vagas. - FADESP","og_description":"A Universidade Federal do Par\u00e1 (UFPA), campus Altamira, est\u00e1 com\u00a0inscri\u00e7\u00f5es\u00a0abertas\u00a0at\u00e9 dia 12 de julho para o Curso Livre de L\u00edngua Inglesa e L\u00edngua Brasileira de Sinais (LIBRAS). S\u00e3o ofertadas 490 vagas distribu\u00eddas em 14 turmas. As aulas come\u00e7ar\u00e3o em agosto. Os candidatos que desejam cursar a partir do segundo ou demais n\u00edveis subsequentes devem se [&hellip;]","og_url":"https:\/\/portalfadesp.org.br\/?p=2173","og_site_name":"FADESP","article_publisher":"https:\/\/www.facebook.com\/Fadesp-138351949524662\/","article_published_time":"2019-06-25T17:37:55+00:00","article_modified_time":"2022-12-21T13:37:53+00:00","og_image":[{"width":900,"height":700,"url":"https:\/\/portalfadesp.org.br\/wp-content\/uploads\/2019\/06\/2018-agosto-rotativo-clle-altamira.png","type":"image\/png"}],"author":"Lorena Filgueiras","twitter_card":"summary_large_image","twitter_creator":"@Fadesp","twitter_site":"@Fadesp","twitter_misc":{"Escrito por":"Lorena Filgueiras","Est. tempo de leitura":"3 minutos"},"schema":{"@context":"https:\/\/schema.org","@graph":[{"@type":"Article","@id":"https:\/\/portalfadesp.org.br\/?p=2173#article","isPartOf":{"@id":"https:\/\/portalfadesp.org.br\/?p=2173"},"author":{"name":"Lorena Filgueiras","@id":"https:\/\/portalfadesp.org.br\/#\/schema\/person\/c1fa9db0c87dc412d1568e0e5e27be9c"},"headline":"Campus da UFPA em Altamira inscreve para curso livre de ingl\u00eas e de LIBRAS. S\u00e3o ofertadas 490 vagas.","datePublished":"2019-06-25T17:37:55+00:00","dateModified":"2022-12-21T13:37:53+00:00","mainEntityOfPage":{"@id":"https:\/\/portalfadesp.org.br\/?p=2173"},"wordCount":546,"commentCount":0,"publisher":{"@id":"https:\/\/portalfadesp.org.br\/#organization"},"image":{"@id":"https:\/\/portalfadesp.org.br\/?p=2173#primaryimage"},"thumbnailUrl":"https:\/\/portalfadesp.org.br\/wp-content\/uploads\/2019\/06\/2018-agosto-rotativo-clle-altamira.png","keywords":["campus altamira","cursos livres","interioriza\u00e7\u00e3o","l\u00ednguas","UFPA"],"articleSection":["Cursos Livres"],"inLanguage":"pt-BR"},{"@type":"WebPage","@id":"https:\/\/portalfadesp.org.br\/?p=2173","url":"https:\/\/portalfadesp.org.br\/?p=2173","name":"Campus da UFPA em Altamira inscreve para curso livre de ingl\u00eas e de LIBRAS. S\u00e3o ofertadas 490 vagas. - FADESP","isPartOf":{"@id":"https:\/\/portalfadesp.org.br\/#website"},"primaryImageOfPage":{"@id":"https:\/\/portalfadesp.org.br\/?p=2173#primaryimage"},"image":{"@id":"https:\/\/portalfadesp.org.br\/?p=2173#primaryimage"},"thumbnailUrl":"https:\/\/portalfadesp.org.br\/wp-content\/uploads\/2019\/06\/2018-agosto-rotativo-clle-altamira.png","datePublished":"2019-06-25T17:37:55+00:00","dateModified":"2022-12-21T13:37:53+00:00","breadcrumb":{"@id":"https:\/\/portalfadesp.org.br\/?p=2173#breadcrumb"},"inLanguage":"pt-BR","potentialAction":[{"@type":"ReadAction","target":["https:\/\/portalfadesp.org.br\/?p=2173"]}]},{"@type":"ImageObject","inLanguage":"pt-BR","@id":"https:\/\/portalfadesp.org.br\/?p=2173#primaryimage","url":"https:\/\/portalfadesp.org.br\/wp-content\/uploads\/2019\/06\/2018-agosto-rotativo-clle-altamira.png","contentUrl":"https:\/\/portalfadesp.org.br\/wp-content\/uploads\/2019\/06\/2018-agosto-rotativo-clle-altamira.png","width":900,"height":700},{"@type":"BreadcrumbList","@id":"https:\/\/portalfadesp.org.br\/?p=2173#breadcrumb","itemListElement":[{"@type":"ListItem","position":1,"name":"In\u00edcio","item":"https:\/\/portalfadesp.org.br\/"},{"@type":"ListItem","position":2,"name":"Campus da UFPA em Altamira inscreve para curso livre de ingl\u00eas e de LIBRAS. S\u00e3o ofertadas 490 vagas."}]},{"@type":"WebSite","@id":"https:\/\/portalfadesp.org.br\/#website","url":"https:\/\/portalfadesp.org.br\/","name":"FADESP","description":"Funda\u00e7\u00e3o de Amparo e Desenvolvimento da Pesquisa","publisher":{"@id":"https:\/\/portalfadesp.org.br\/#organization"},"potentialAction":[{"@type":"SearchAction","target":{"@type":"EntryPoint","urlTemplate":"https:\/\/portalfadesp.org.br\/?s={search_term_string}"},"query-input":{"@type":"PropertyValueSpecification","valueRequired":true,"valueName":"search_term_string"}}],"inLanguage":"pt-BR"},{"@type":"Organization","@id":"https:\/\/portalfadesp.org.br\/#organization","name":"FADESP","url":"https:\/\/portalfadesp.org.br\/","logo":{"@type":"ImageObject","inLanguage":"pt-BR","@id":"https:\/\/portalfadesp.org.br\/#\/schema\/logo\/image\/","url":"https:\/\/portalfadesp.org.br\/wp-content\/uploads\/2024\/01\/NOVOLOGOFADESPlaranjaH.png","contentUrl":"https:\/\/portalfadesp.org.br\/wp-content\/uploads\/2024\/01\/NOVOLOGOFADESPlaranjaH.png","width":2742,"height":839,"caption":"FADESP"},"image":{"@id":"https:\/\/portalfadesp.org.br\/#\/schema\/logo\/image\/"},"sameAs":["https:\/\/www.facebook.com\/Fadesp-138351949524662\/","https:\/\/x.com\/Fadesp","https:\/\/www.instagram.com\/fadesp_ufpa\/","https:\/\/www.youtube.com\/@fundacaodeamparoedesenvolv1903","https:\/\/www.threads.net\/@fadesp_ufpa"]},{"@type":"Person","@id":"https:\/\/portalfadesp.org.br\/#\/schema\/person\/c1fa9db0c87dc412d1568e0e5e27be9c","name":"Lorena Filgueiras","image":{"@type":"ImageObject","inLanguage":"pt-BR","@id":"https:\/\/portalfadesp.org.br\/#\/schema\/person\/image\/","url":"https:\/\/secure.gravatar.com\/avatar\/37390a2dfe1325c2917fc5f6df471abe8ab753cf23b2d14690f57bd61ab4b7cf?s=96&d=mm&r=g","contentUrl":"https:\/\/secure.gravatar.com\/avatar\/37390a2dfe1325c2917fc5f6df471abe8ab753cf23b2d14690f57bd61ab4b7cf?s=96&d=mm&r=g","caption":"Lorena Filgueiras"},"url":"https:\/\/portalfadesp.org.br\/?author=11"}]}},"_links":{"self":[{"href":"https:\/\/portalfadesp.org.br\/index.php?rest_route=\/wp\/v2\/posts\/2173","targetHints":{"allow":["GET"]}}],"collection":[{"href":"https:\/\/portalfadesp.org.br\/index.php?rest_route=\/wp\/v2\/posts"}],"about":[{"href":"https:\/\/portalfadesp.org.br\/index.php?rest_route=\/wp\/v2\/types\/post"}],"author":[{"embeddable":true,"href":"https:\/\/portalfadesp.org.br\/index.php?rest_route=\/wp\/v2\/users\/11"}],"replies":[{"embeddable":true,"href":"https:\/\/portalfadesp.org.br\/index.php?rest_route=%2Fwp%2Fv2%2Fcomments&post=2173"}],"version-history":[{"count":5,"href":"https:\/\/portalfadesp.org.br\/index.php?rest_route=\/wp\/v2\/posts\/2173\/revisions"}],"predecessor-version":[{"id":37957,"href":"https:\/\/portalfadesp.org.br\/index.php?rest_route=\/wp\/v2\/posts\/2173\/revisions\/37957"}],"wp:featuredmedia":[{"embeddable":true,"href":"https:\/\/portalfadesp.org.br\/index.php?rest_route=\/wp\/v2\/media\/2174"}],"wp:attachment":[{"href":"https:\/\/portalfadesp.org.br\/index.php?rest_route=%2Fwp%2Fv2%2Fmedia&parent=2173"}],"wp:term":[{"taxonomy":"category","embeddable":true,"href":"https:\/\/portalfadesp.org.br\/index.php?rest_route=%2Fwp%2Fv2%2Fcategories&post=2173"},{"taxonomy":"post_tag","embeddable":true,"href":"https:\/\/portalfadesp.org.br\/index.php?rest_route=%2Fwp%2Fv2%2Ftags&post=2173"}],"curies":[{"name":"wp","href":"https:\/\/api.w.org\/{rel}","templated":true}]}}