{"id":1954,"date":"2019-04-26T23:04:15","date_gmt":"2019-04-27T02:04:15","guid":{"rendered":"https:\/\/162.215.13.167?p=1954"},"modified":"2022-12-21T11:18:43","modified_gmt":"2022-12-21T14:18:43","slug":"fadesp-seleciona-profissional-da-area-de-desenvolvimento-de-sistemas-para-projeto-em-ti","status":"publish","type":"post","link":"https:\/\/portalfadesp.org.br\/?p=1954","title":{"rendered":"FADESP seleciona profissional da \u00e1rea de &#8220;Desenvolvimento de Sistemas&#8221; para projeto em TI."},"content":{"rendered":"\t\t<div data-elementor-type=\"wp-post\" data-elementor-id=\"1954\" class=\"elementor elementor-1954\" data-elementor-post-type=\"post\">\n\t\t\t\t\t\t<section class=\"elementor-section elementor-top-section elementor-element elementor-element-50d9b818 elementor-section-boxed elementor-section-height-default elementor-section-height-default\" data-id=\"50d9b818\" data-element_type=\"section\">\n\t\t\t\t\t\t<div class=\"elementor-container elementor-column-gap-default\">\n\t\t\t\t\t<div class=\"elementor-column elementor-col-100 elementor-top-column elementor-element elementor-element-6054df59\" data-id=\"6054df59\" data-element_type=\"column\">\n\t\t\t<div class=\"elementor-widget-wrap elementor-element-populated\">\n\t\t\t\t\t\t<div class=\"elementor-element elementor-element-4f59da52 elementor-widget elementor-widget-heading\" data-id=\"4f59da52\" data-element_type=\"widget\" data-widget_type=\"heading.default\">\n\t\t\t\t<div class=\"elementor-widget-container\">\n\t\t\t\t\t<h2 class=\"elementor-heading-title elementor-size-default\">FADESP seleciona profissional da \u00e1rea de \"Desenvolvimento de Sistemas\" para projeto em TI.<\/h2>\t\t\t\t<\/div>\n\t\t\t\t<\/div>\n\t\t\t\t<div class=\"elementor-element elementor-element-3ffccad elementor-widget elementor-widget-text-editor\" data-id=\"3ffccad\" data-element_type=\"widget\" data-widget_type=\"text-editor.default\">\n\t\t\t\t<div class=\"elementor-widget-container\">\n\t\t\t\t\t\t\t\t\t<p><img decoding=\"async\" class=\"size-full wp-image-1955 alignright\" src=\"..\/wp-content\/uploads\/2019\/06\/up_ag_29514_2016_-_julho_rotativo_selecao_para_projeto.jpg\" alt=\"\" width=\"250\" height=\"181\" \/>A Funda\u00e7\u00e3o de Amparo e Desenvolvimento da Pesquisa (FADESP) est\u00e1 selecionando profissional na \u00e1rea de &#8220;Desenvolvimento de Sistemas&#8221; para atuar em projeto de Tecnologia da Informa\u00e7\u00e3o. Ser\u00e3o aceitos curr\u00edculos at\u00e9 o dia 30\/04\/2019.<\/p><p>A sele\u00e7\u00e3o ter\u00e1 duas etapas. A primeira ser\u00e1 a de an\u00e1lise dos curr\u00edculos que devem ser enviados at\u00e9 as 18h do dia 30\/04\/2019 para o e-mail selecaoti@fadesp.org.br com o t\u00edtulo &#8220;ANALISTA DESENVOLVIMENTO&#8221;.<\/p><p>A segunda etapa ser\u00e1 a entrevista realizada com os candidatos que forem selecionados atrav\u00e9s da an\u00e1lise curricular. Os selecionados receber\u00e3o e-mail de notifica\u00e7\u00e3o, informando a hora e o local da entrevista.<\/p><p>Para se candidatar, deve-se atentar aos pr\u00e9-requisitos:<\/p><p>&#8211; Possuir dom\u00ednio e experi\u00eancia de desenvolvimento de sistemas em linguagem Java;<br \/>&#8211; Possuir experi\u00eancia em desenvolvimento de sistemas utilizando Banco de dados Oracle;<br \/>&#8211; Possuir conhecimento em pr\u00e1ticas\/metodologias \u00e1geis para desenvolvimento de projetos de sistemas;<br \/>&#8211; Possuir conhecimento em tecnologias relativas a front-end;<br \/>&#8211; Desej\u00e1vel cursos e ou certifica\u00e7\u00e3o em linguagem Java.<\/p><p>Em caso de d\u00favidas, o interessado deve entrar em contato pelo e-mail selecaoti@fadesp.org.br<\/p>\t\t\t\t\t\t\t\t<\/div>\n\t\t\t\t<\/div>\n\t\t\t\t\t<\/div>\n\t\t<\/div>\n\t\t\t\t\t<\/div>\n\t\t<\/section>\n\t\t\t\t<\/div>\n\t\t","protected":false},"excerpt":{"rendered":"<p>FADESP seleciona profissional da \u00e1rea de &#8220;Desenvolvimento de Sistemas&#8221; para projeto em TI. A Funda\u00e7\u00e3o de Amparo e Desenvolvimento da Pesquisa (FADESP) est\u00e1 selecionando profissional na \u00e1rea de &#8220;Desenvolvimento de Sistemas&#8221; para atuar em projeto de Tecnologia da Informa\u00e7\u00e3o. Ser\u00e3o aceitos curr\u00edculos at\u00e9 o dia 30\/04\/2019. A sele\u00e7\u00e3o ter\u00e1 duas etapas. A primeira ser\u00e1 a [&hellip;]<\/p>\n","protected":false},"author":9,"featured_media":1955,"comment_status":"open","ping_status":"open","sticky":false,"template":"","format":"standard","meta":{"_monsterinsights_skip_tracking":false,"_monsterinsights_sitenote_active":false,"_monsterinsights_sitenote_note":"","_monsterinsights_sitenote_category":0,"footnotes":""},"categories":[1],"tags":[],"class_list":["post-1954","post","type-post","status-publish","format-standard","has-post-thumbnail","hentry","category-geral","entry","has-media"],"yoast_head":"<!-- This site is optimized with the Yoast SEO plugin v25.1 - https:\/\/yoast.com\/wordpress\/plugins\/seo\/ -->\n<title>FADESP seleciona profissional da \u00e1rea de &quot;Desenvolvimento de Sistemas&quot; para projeto em TI. - FADESP<\/title>\n<meta name=\"robots\" content=\"index, follow, max-snippet:-1, max-image-preview:large, max-video-preview:-1\" \/>\n<link rel=\"canonical\" href=\"https:\/\/portalfadesp.org.br\/?p=1954\" \/>\n<meta property=\"og:locale\" content=\"pt_BR\" \/>\n<meta property=\"og:type\" content=\"article\" \/>\n<meta property=\"og:title\" content=\"FADESP seleciona profissional da \u00e1rea de &quot;Desenvolvimento de Sistemas&quot; para projeto em TI. - FADESP\" \/>\n<meta property=\"og:description\" content=\"FADESP seleciona profissional da \u00e1rea de &#8220;Desenvolvimento de Sistemas&#8221; para projeto em TI. A Funda\u00e7\u00e3o de Amparo e Desenvolvimento da Pesquisa (FADESP) est\u00e1 selecionando profissional na \u00e1rea de &#8220;Desenvolvimento de Sistemas&#8221; para atuar em projeto de Tecnologia da Informa\u00e7\u00e3o. Ser\u00e3o aceitos curr\u00edculos at\u00e9 o dia 30\/04\/2019. A sele\u00e7\u00e3o ter\u00e1 duas etapas. A primeira ser\u00e1 a [&hellip;]\" \/>\n<meta property=\"og:url\" content=\"https:\/\/portalfadesp.org.br\/?p=1954\" \/>\n<meta property=\"og:site_name\" content=\"FADESP\" \/>\n<meta property=\"article:publisher\" content=\"https:\/\/www.facebook.com\/Fadesp-138351949524662\/\" \/>\n<meta property=\"article:published_time\" content=\"2019-04-27T02:04:15+00:00\" \/>\n<meta property=\"article:modified_time\" content=\"2022-12-21T14:18:43+00:00\" \/>\n<meta property=\"og:image\" content=\"https:\/\/portalfadesp.org.br\/wp-content\/uploads\/2019\/06\/up_ag_29514_2016_-_julho_rotativo_selecao_para_projeto.jpg\" \/>\n\t<meta property=\"og:image:width\" content=\"250\" \/>\n\t<meta property=\"og:image:height\" content=\"181\" \/>\n\t<meta property=\"og:image:type\" content=\"image\/jpeg\" \/>\n<meta name=\"author\" content=\"Raphael Pena\" \/>\n<meta name=\"twitter:card\" content=\"summary_large_image\" \/>\n<meta name=\"twitter:creator\" content=\"@Fadesp\" \/>\n<meta name=\"twitter:site\" content=\"@Fadesp\" \/>\n<meta name=\"twitter:label1\" content=\"Escrito por\" \/>\n\t<meta name=\"twitter:data1\" content=\"Raphael Pena\" \/>\n\t<meta name=\"twitter:label2\" content=\"Est. tempo de leitura\" \/>\n\t<meta name=\"twitter:data2\" content=\"1 minuto\" \/>\n<script type=\"application\/ld+json\" class=\"yoast-schema-graph\">{\"@context\":\"https:\/\/schema.org\",\"@graph\":[{\"@type\":\"Article\",\"@id\":\"https:\/\/portalfadesp.org.br\/?p=1954#article\",\"isPartOf\":{\"@id\":\"https:\/\/portalfadesp.org.br\/?p=1954\"},\"author\":{\"name\":\"Raphael Pena\",\"@id\":\"https:\/\/portalfadesp.org.br\/#\/schema\/person\/dc2908bf250f3ccb8be775027b13735e\"},\"headline\":\"FADESP seleciona profissional da \u00e1rea de &#8220;Desenvolvimento de Sistemas&#8221; para projeto em TI.\",\"datePublished\":\"2019-04-27T02:04:15+00:00\",\"dateModified\":\"2022-12-21T14:18:43+00:00\",\"mainEntityOfPage\":{\"@id\":\"https:\/\/portalfadesp.org.br\/?p=1954\"},\"wordCount\":220,\"commentCount\":0,\"publisher\":{\"@id\":\"https:\/\/portalfadesp.org.br\/#organization\"},\"image\":{\"@id\":\"https:\/\/portalfadesp.org.br\/?p=1954#primaryimage\"},\"thumbnailUrl\":\"https:\/\/portalfadesp.org.br\/wp-content\/uploads\/2019\/06\/up_ag_29514_2016_-_julho_rotativo_selecao_para_projeto.jpg\",\"articleSection\":[\"Geral\"],\"inLanguage\":\"pt-BR\"},{\"@type\":\"WebPage\",\"@id\":\"https:\/\/portalfadesp.org.br\/?p=1954\",\"url\":\"https:\/\/portalfadesp.org.br\/?p=1954\",\"name\":\"FADESP seleciona profissional da \u00e1rea de \\\"Desenvolvimento de Sistemas\\\" para projeto em TI. - FADESP\",\"isPartOf\":{\"@id\":\"https:\/\/portalfadesp.org.br\/#website\"},\"primaryImageOfPage\":{\"@id\":\"https:\/\/portalfadesp.org.br\/?p=1954#primaryimage\"},\"image\":{\"@id\":\"https:\/\/portalfadesp.org.br\/?p=1954#primaryimage\"},\"thumbnailUrl\":\"https:\/\/portalfadesp.org.br\/wp-content\/uploads\/2019\/06\/up_ag_29514_2016_-_julho_rotativo_selecao_para_projeto.jpg\",\"datePublished\":\"2019-04-27T02:04:15+00:00\",\"dateModified\":\"2022-12-21T14:18:43+00:00\",\"breadcrumb\":{\"@id\":\"https:\/\/portalfadesp.org.br\/?p=1954#breadcrumb\"},\"inLanguage\":\"pt-BR\",\"potentialAction\":[{\"@type\":\"ReadAction\",\"target\":[\"https:\/\/portalfadesp.org.br\/?p=1954\"]}]},{\"@type\":\"ImageObject\",\"inLanguage\":\"pt-BR\",\"@id\":\"https:\/\/portalfadesp.org.br\/?p=1954#primaryimage\",\"url\":\"https:\/\/portalfadesp.org.br\/wp-content\/uploads\/2019\/06\/up_ag_29514_2016_-_julho_rotativo_selecao_para_projeto.jpg\",\"contentUrl\":\"https:\/\/portalfadesp.org.br\/wp-content\/uploads\/2019\/06\/up_ag_29514_2016_-_julho_rotativo_selecao_para_projeto.jpg\",\"width\":250,\"height\":181},{\"@type\":\"BreadcrumbList\",\"@id\":\"https:\/\/portalfadesp.org.br\/?p=1954#breadcrumb\",\"itemListElement\":[{\"@type\":\"ListItem\",\"position\":1,\"name\":\"In\u00edcio\",\"item\":\"https:\/\/portalfadesp.org.br\/\"},{\"@type\":\"ListItem\",\"position\":2,\"name\":\"FADESP seleciona profissional da \u00e1rea de &#8220;Desenvolvimento de Sistemas&#8221; para projeto em TI.\"}]},{\"@type\":\"WebSite\",\"@id\":\"https:\/\/portalfadesp.org.br\/#website\",\"url\":\"https:\/\/portalfadesp.org.br\/\",\"name\":\"FADESP\",\"description\":\"Funda\u00e7\u00e3o de Amparo e Desenvolvimento da Pesquisa\",\"publisher\":{\"@id\":\"https:\/\/portalfadesp.org.br\/#organization\"},\"potentialAction\":[{\"@type\":\"SearchAction\",\"target\":{\"@type\":\"EntryPoint\",\"urlTemplate\":\"https:\/\/portalfadesp.org.br\/?s={search_term_string}\"},\"query-input\":{\"@type\":\"PropertyValueSpecification\",\"valueRequired\":true,\"valueName\":\"search_term_string\"}}],\"inLanguage\":\"pt-BR\"},{\"@type\":\"Organization\",\"@id\":\"https:\/\/portalfadesp.org.br\/#organization\",\"name\":\"FADESP\",\"url\":\"https:\/\/portalfadesp.org.br\/\",\"logo\":{\"@type\":\"ImageObject\",\"inLanguage\":\"pt-BR\",\"@id\":\"https:\/\/portalfadesp.org.br\/#\/schema\/logo\/image\/\",\"url\":\"https:\/\/portalfadesp.org.br\/wp-content\/uploads\/2024\/01\/NOVOLOGOFADESPlaranjaH.png\",\"contentUrl\":\"https:\/\/portalfadesp.org.br\/wp-content\/uploads\/2024\/01\/NOVOLOGOFADESPlaranjaH.png\",\"width\":2742,\"height\":839,\"caption\":\"FADESP\"},\"image\":{\"@id\":\"https:\/\/portalfadesp.org.br\/#\/schema\/logo\/image\/\"},\"sameAs\":[\"https:\/\/www.facebook.com\/Fadesp-138351949524662\/\",\"https:\/\/x.com\/Fadesp\",\"https:\/\/www.instagram.com\/fadesp_ufpa\/\",\"https:\/\/www.youtube.com\/@fundacaodeamparoedesenvolv1903\",\"https:\/\/www.threads.net\/@fadesp_ufpa\"]},{\"@type\":\"Person\",\"@id\":\"https:\/\/portalfadesp.org.br\/#\/schema\/person\/dc2908bf250f3ccb8be775027b13735e\",\"name\":\"Raphael Pena\",\"image\":{\"@type\":\"ImageObject\",\"inLanguage\":\"pt-BR\",\"@id\":\"https:\/\/portalfadesp.org.br\/#\/schema\/person\/image\/\",\"url\":\"https:\/\/secure.gravatar.com\/avatar\/f6ed33c466a335cea1eeb716e9d8177b1ca19149f5fdbee566ad4873403cee8a?s=96&d=mm&r=g\",\"contentUrl\":\"https:\/\/secure.gravatar.com\/avatar\/f6ed33c466a335cea1eeb716e9d8177b1ca19149f5fdbee566ad4873403cee8a?s=96&d=mm&r=g\",\"caption\":\"Raphael Pena\"},\"url\":\"https:\/\/portalfadesp.org.br\/?author=9\"}]}<\/script>\n<!-- \/ Yoast SEO plugin. -->","yoast_head_json":{"title":"FADESP seleciona profissional da \u00e1rea de \"Desenvolvimento de Sistemas\" para projeto em TI. - FADESP","robots":{"index":"index","follow":"follow","max-snippet":"max-snippet:-1","max-image-preview":"max-image-preview:large","max-video-preview":"max-video-preview:-1"},"canonical":"https:\/\/portalfadesp.org.br\/?p=1954","og_locale":"pt_BR","og_type":"article","og_title":"FADESP seleciona profissional da \u00e1rea de \"Desenvolvimento de Sistemas\" para projeto em TI. - FADESP","og_description":"FADESP seleciona profissional da \u00e1rea de &#8220;Desenvolvimento de Sistemas&#8221; para projeto em TI. A Funda\u00e7\u00e3o de Amparo e Desenvolvimento da Pesquisa (FADESP) est\u00e1 selecionando profissional na \u00e1rea de &#8220;Desenvolvimento de Sistemas&#8221; para atuar em projeto de Tecnologia da Informa\u00e7\u00e3o. Ser\u00e3o aceitos curr\u00edculos at\u00e9 o dia 30\/04\/2019. A sele\u00e7\u00e3o ter\u00e1 duas etapas. A primeira ser\u00e1 a [&hellip;]","og_url":"https:\/\/portalfadesp.org.br\/?p=1954","og_site_name":"FADESP","article_publisher":"https:\/\/www.facebook.com\/Fadesp-138351949524662\/","article_published_time":"2019-04-27T02:04:15+00:00","article_modified_time":"2022-12-21T14:18:43+00:00","og_image":[{"width":250,"height":181,"url":"https:\/\/portalfadesp.org.br\/wp-content\/uploads\/2019\/06\/up_ag_29514_2016_-_julho_rotativo_selecao_para_projeto.jpg","type":"image\/jpeg"}],"author":"Raphael Pena","twitter_card":"summary_large_image","twitter_creator":"@Fadesp","twitter_site":"@Fadesp","twitter_misc":{"Escrito por":"Raphael Pena","Est. tempo de leitura":"1 minuto"},"schema":{"@context":"https:\/\/schema.org","@graph":[{"@type":"Article","@id":"https:\/\/portalfadesp.org.br\/?p=1954#article","isPartOf":{"@id":"https:\/\/portalfadesp.org.br\/?p=1954"},"author":{"name":"Raphael Pena","@id":"https:\/\/portalfadesp.org.br\/#\/schema\/person\/dc2908bf250f3ccb8be775027b13735e"},"headline":"FADESP seleciona profissional da \u00e1rea de &#8220;Desenvolvimento de Sistemas&#8221; para projeto em TI.","datePublished":"2019-04-27T02:04:15+00:00","dateModified":"2022-12-21T14:18:43+00:00","mainEntityOfPage":{"@id":"https:\/\/portalfadesp.org.br\/?p=1954"},"wordCount":220,"commentCount":0,"publisher":{"@id":"https:\/\/portalfadesp.org.br\/#organization"},"image":{"@id":"https:\/\/portalfadesp.org.br\/?p=1954#primaryimage"},"thumbnailUrl":"https:\/\/portalfadesp.org.br\/wp-content\/uploads\/2019\/06\/up_ag_29514_2016_-_julho_rotativo_selecao_para_projeto.jpg","articleSection":["Geral"],"inLanguage":"pt-BR"},{"@type":"WebPage","@id":"https:\/\/portalfadesp.org.br\/?p=1954","url":"https:\/\/portalfadesp.org.br\/?p=1954","name":"FADESP seleciona profissional da \u00e1rea de \"Desenvolvimento de Sistemas\" para projeto em TI. - FADESP","isPartOf":{"@id":"https:\/\/portalfadesp.org.br\/#website"},"primaryImageOfPage":{"@id":"https:\/\/portalfadesp.org.br\/?p=1954#primaryimage"},"image":{"@id":"https:\/\/portalfadesp.org.br\/?p=1954#primaryimage"},"thumbnailUrl":"https:\/\/portalfadesp.org.br\/wp-content\/uploads\/2019\/06\/up_ag_29514_2016_-_julho_rotativo_selecao_para_projeto.jpg","datePublished":"2019-04-27T02:04:15+00:00","dateModified":"2022-12-21T14:18:43+00:00","breadcrumb":{"@id":"https:\/\/portalfadesp.org.br\/?p=1954#breadcrumb"},"inLanguage":"pt-BR","potentialAction":[{"@type":"ReadAction","target":["https:\/\/portalfadesp.org.br\/?p=1954"]}]},{"@type":"ImageObject","inLanguage":"pt-BR","@id":"https:\/\/portalfadesp.org.br\/?p=1954#primaryimage","url":"https:\/\/portalfadesp.org.br\/wp-content\/uploads\/2019\/06\/up_ag_29514_2016_-_julho_rotativo_selecao_para_projeto.jpg","contentUrl":"https:\/\/portalfadesp.org.br\/wp-content\/uploads\/2019\/06\/up_ag_29514_2016_-_julho_rotativo_selecao_para_projeto.jpg","width":250,"height":181},{"@type":"BreadcrumbList","@id":"https:\/\/portalfadesp.org.br\/?p=1954#breadcrumb","itemListElement":[{"@type":"ListItem","position":1,"name":"In\u00edcio","item":"https:\/\/portalfadesp.org.br\/"},{"@type":"ListItem","position":2,"name":"FADESP seleciona profissional da \u00e1rea de &#8220;Desenvolvimento de Sistemas&#8221; para projeto em TI."}]},{"@type":"WebSite","@id":"https:\/\/portalfadesp.org.br\/#website","url":"https:\/\/portalfadesp.org.br\/","name":"FADESP","description":"Funda\u00e7\u00e3o de Amparo e Desenvolvimento da Pesquisa","publisher":{"@id":"https:\/\/portalfadesp.org.br\/#organization"},"potentialAction":[{"@type":"SearchAction","target":{"@type":"EntryPoint","urlTemplate":"https:\/\/portalfadesp.org.br\/?s={search_term_string}"},"query-input":{"@type":"PropertyValueSpecification","valueRequired":true,"valueName":"search_term_string"}}],"inLanguage":"pt-BR"},{"@type":"Organization","@id":"https:\/\/portalfadesp.org.br\/#organization","name":"FADESP","url":"https:\/\/portalfadesp.org.br\/","logo":{"@type":"ImageObject","inLanguage":"pt-BR","@id":"https:\/\/portalfadesp.org.br\/#\/schema\/logo\/image\/","url":"https:\/\/portalfadesp.org.br\/wp-content\/uploads\/2024\/01\/NOVOLOGOFADESPlaranjaH.png","contentUrl":"https:\/\/portalfadesp.org.br\/wp-content\/uploads\/2024\/01\/NOVOLOGOFADESPlaranjaH.png","width":2742,"height":839,"caption":"FADESP"},"image":{"@id":"https:\/\/portalfadesp.org.br\/#\/schema\/logo\/image\/"},"sameAs":["https:\/\/www.facebook.com\/Fadesp-138351949524662\/","https:\/\/x.com\/Fadesp","https:\/\/www.instagram.com\/fadesp_ufpa\/","https:\/\/www.youtube.com\/@fundacaodeamparoedesenvolv1903","https:\/\/www.threads.net\/@fadesp_ufpa"]},{"@type":"Person","@id":"https:\/\/portalfadesp.org.br\/#\/schema\/person\/dc2908bf250f3ccb8be775027b13735e","name":"Raphael Pena","image":{"@type":"ImageObject","inLanguage":"pt-BR","@id":"https:\/\/portalfadesp.org.br\/#\/schema\/person\/image\/","url":"https:\/\/secure.gravatar.com\/avatar\/f6ed33c466a335cea1eeb716e9d8177b1ca19149f5fdbee566ad4873403cee8a?s=96&d=mm&r=g","contentUrl":"https:\/\/secure.gravatar.com\/avatar\/f6ed33c466a335cea1eeb716e9d8177b1ca19149f5fdbee566ad4873403cee8a?s=96&d=mm&r=g","caption":"Raphael Pena"},"url":"https:\/\/portalfadesp.org.br\/?author=9"}]}},"_links":{"self":[{"href":"https:\/\/portalfadesp.org.br\/index.php?rest_route=\/wp\/v2\/posts\/1954","targetHints":{"allow":["GET"]}}],"collection":[{"href":"https:\/\/portalfadesp.org.br\/index.php?rest_route=\/wp\/v2\/posts"}],"about":[{"href":"https:\/\/portalfadesp.org.br\/index.php?rest_route=\/wp\/v2\/types\/post"}],"author":[{"embeddable":true,"href":"https:\/\/portalfadesp.org.br\/index.php?rest_route=\/wp\/v2\/users\/9"}],"replies":[{"embeddable":true,"href":"https:\/\/portalfadesp.org.br\/index.php?rest_route=%2Fwp%2Fv2%2Fcomments&post=1954"}],"version-history":[{"count":7,"href":"https:\/\/portalfadesp.org.br\/index.php?rest_route=\/wp\/v2\/posts\/1954\/revisions"}],"predecessor-version":[{"id":38061,"href":"https:\/\/portalfadesp.org.br\/index.php?rest_route=\/wp\/v2\/posts\/1954\/revisions\/38061"}],"wp:featuredmedia":[{"embeddable":true,"href":"https:\/\/portalfadesp.org.br\/index.php?rest_route=\/wp\/v2\/media\/1955"}],"wp:attachment":[{"href":"https:\/\/portalfadesp.org.br\/index.php?rest_route=%2Fwp%2Fv2%2Fmedia&parent=1954"}],"wp:term":[{"taxonomy":"category","embeddable":true,"href":"https:\/\/portalfadesp.org.br\/index.php?rest_route=%2Fwp%2Fv2%2Fcategories&post=1954"},{"taxonomy":"post_tag","embeddable":true,"href":"https:\/\/portalfadesp.org.br\/index.php?rest_route=%2Fwp%2Fv2%2Ftags&post=1954"}],"curies":[{"name":"wp","href":"https:\/\/api.w.org\/{rel}","templated":true}]}}