{"id":1947,"date":"2019-04-26T16:14:24","date_gmt":"2019-04-26T19:14:24","guid":{"rendered":"https:\/\/162.215.13.167?p=1947"},"modified":"2022-12-21T11:27:34","modified_gmt":"2022-12-21T14:27:34","slug":"prefeitura-de-ruropolis-lanca-edital-de-concurso-publico-com-415-vagas-inscricao-a-partir-do-dia-3","status":"publish","type":"post","link":"https:\/\/portalfadesp.org.br\/?p=1947","title":{"rendered":"Prefeitura de Rur\u00f3polis lan\u00e7a edital de concurso p\u00fablico com 415 vagas. Inscri\u00e7\u00e3o a partir do dia 3."},"content":{"rendered":"\t\t<div data-elementor-type=\"wp-post\" data-elementor-id=\"1947\" class=\"elementor elementor-1947\" data-elementor-post-type=\"post\">\n\t\t\t\t\t\t<section class=\"elementor-section elementor-top-section elementor-element elementor-element-7d7fb2bb elementor-section-boxed elementor-section-height-default elementor-section-height-default\" data-id=\"7d7fb2bb\" data-element_type=\"section\">\n\t\t\t\t\t\t<div class=\"elementor-container elementor-column-gap-default\">\n\t\t\t\t\t<div class=\"elementor-column elementor-col-100 elementor-top-column elementor-element elementor-element-2c1208d9\" data-id=\"2c1208d9\" data-element_type=\"column\">\n\t\t\t<div class=\"elementor-widget-wrap elementor-element-populated\">\n\t\t\t\t\t\t<div class=\"elementor-element elementor-element-67154950 elementor-widget elementor-widget-heading\" data-id=\"67154950\" data-element_type=\"widget\" data-widget_type=\"heading.default\">\n\t\t\t\t<div class=\"elementor-widget-container\">\n\t\t\t\t\t<h2 class=\"elementor-heading-title elementor-size-default\">Prefeitura de Rur\u00f3polis lan\u00e7a edital de concurso p\u00fablico com 415 vagas. Inscri\u00e7\u00e3o a partir do dia 3.<\/h2>\t\t\t\t<\/div>\n\t\t\t\t<\/div>\n\t\t\t\t<div class=\"elementor-element elementor-element-3024041b elementor-widget elementor-widget-text-editor\" data-id=\"3024041b\" data-element_type=\"widget\" data-widget_type=\"text-editor.default\">\n\t\t\t\t<div class=\"elementor-widget-container\">\n\t\t\t\t\t\t\t\t\t<p><img decoding=\"async\" class=\"size-full wp-image-1913 alignright\" src=\"..\/wp-content\/uploads\/2019\/06\/up_ag_29525_ruropolis.jpg\" alt=\"\" width=\"250\" height=\"188\" \/>A prefeitura de Rur\u00f3polis (PA) lan\u00e7ou edital de concurso p\u00fablico para o preenchimento de 415 vagas. Dessas, 217 s\u00e3o para a Secretaria Municipal de Educa\u00e7\u00e3o (SEMEC) e 198 para outras secretarias. Os cargos s\u00e3o de n\u00edveis Fundamental incompleto, M\u00e9dio e Superior. As inscri\u00e7\u00f5es ser\u00e3o realizadas no site da FADESP (<a href=\"https:\/\/portalfadesp.org.br\/pagConcursos.asp?id_pagina=581\" target=\"_blank\" rel=\"noopener\">www.portalfadesp.org.br\/concursos<\/a>) a partir do dia 03 de maio.<br \/>O concurso tem vagas para onze cargos de n\u00edvel Fundamental, vinte de M\u00e9dio e 50 de Superior, conforme a <a href=\"..\/midias\/anexos\/581_quadro_de_vagas.pdf\" target=\"_blank\" rel=\"noopener\">tabela de cargos<\/a>. O maior n\u00famero de vagas \u00e9 ofertado para o cargo de Professor de Educa\u00e7\u00e3o Infantil e S\u00e9ries\/Anos Iniciais do Ensino Fundamental, zona Rural (65).<br \/>A carga hor\u00e1ria, assim como os pr\u00e9-requisitos dos cargos e as atividades a serem desempenhadas por quem passar no concurso est\u00e3o descritas no <a href=\"..\/midias\/anexos\/581_edital_n_01_2019_pmr_-_edital_de_abertura.pdf\" target=\"_blank\" rel=\"noopener\">edital.<\/a> O vencimento base varia de R$ 998,00 a R$ 5.000,00.<br \/>A inscri\u00e7\u00e3o \u00e9 online e ser\u00e1 realizada no per\u00edodo de 03 de maio a 10 de junho. A taxa custa R$ 60,00 para cargos de n\u00edvel Fundamental incompleto, R$ 70,00 para os de n\u00edvel M\u00e9dio e R$ 90, 00 para os de n\u00edvel Superior.<br \/>Os candidatos \u00e0 reserva de vagas para Pessoa com Defici\u00eancia (PcD) podem solicitar a isen\u00e7\u00e3o \u00e0 taxa at\u00e9 o dia 17 de maio e enviar a documenta\u00e7\u00e3o que comprove a condi\u00e7\u00e3o at\u00e9 10 de junho. As regras est\u00e3o no edital.<br \/>O concurso ter\u00e1 duas etapas. A primeira ser\u00e1 a prova de conhecimentos a ser aplicada dia 11 de agosto para todos os cargos. A segunda ser\u00e1 a prova de t\u00edtulos aplicada somente para os cargos de professores classificados na etapa anterior.<br \/>Os candidatos poder\u00e3o pagar a inscri\u00e7\u00e3o at\u00e9 o dia 11 de junho e acessar\u00e3o o cart\u00e3o de confirma\u00e7\u00e3o a partir de 16 de julho. O documento confirmar\u00e1 o dia, hora e local da prova a ser aplicada em Rur\u00f3polis.<br \/>Os candidatos s\u00e3o orientados pela FADESP a lerem atentamente o edital e se manterem informados do concurso atrav\u00e9s da p\u00e1gina oficial de acompanhamento que est\u00e1 dispon\u00edvel no site da organizadora.<\/p><p><strong>Destaque<\/strong><br \/><strong>Inscri\u00e7\u00e3o<\/strong> \u2013 <a href=\"https:\/\/portalfadesp.org.br\/pagConcursos.asp?id_pagina=581\" target=\"_blank\" rel=\"noopener\">www.portalfadesp.org.br\/concursos<\/a><br \/><strong>Per\u00edodo de inscri\u00e7\u00e3o<\/strong> &#8211; de 03\/05\/19 a 10\/06\/19.<br \/><strong>Isen\u00e7\u00e3o para PcD:<\/strong> de 03 a 17\/05\/2019.<br \/><strong>Pagamento da taxa de inscri\u00e7\u00e3o<\/strong>: at\u00e9 11\/06\/19.<br \/><strong>Cart\u00e3o de Inscri\u00e7\u00e3o para impress\u00e3o:<\/strong> de 16 a 19\/07\/2019.<br \/><strong>Taxa<\/strong> &#8211; R$ 60,00 (n\u00edvel Fundamental incompleto)<br \/>R$ 70,00 (n\u00edvel M\u00e9dio)<br \/>R$ 90,00 (n\u00edvel Superior)<br \/><strong>Vagas &#8211;<\/strong> 415, sendo 217 para a SEMEC e 198 para outras secretarias.<br \/><strong>Cargos<\/strong> &#8211; n\u00edveis Fundamental incompleto, M\u00e9dio e Superior (confira a tabela ao lado).<br \/><strong>Remunera\u00e7\u00e3o<\/strong> &#8211; de R$ 998,00 a R$ 5.000,0.<br \/><strong>Provas objetivas:<\/strong> 11\/08\/19<br \/><strong>Local de provas:<\/strong> Rur\u00f3polis (PA).<\/p>\t\t\t\t\t\t\t\t<\/div>\n\t\t\t\t<\/div>\n\t\t\t\t\t<\/div>\n\t\t<\/div>\n\t\t\t\t\t<\/div>\n\t\t<\/section>\n\t\t\t\t<\/div>\n\t\t","protected":false},"excerpt":{"rendered":"<p>Prefeitura de Rur\u00f3polis lan\u00e7a edital de concurso p\u00fablico com 415 vagas. Inscri\u00e7\u00e3o a partir do dia 3. A prefeitura de Rur\u00f3polis (PA) lan\u00e7ou edital de concurso p\u00fablico para o preenchimento de 415 vagas. Dessas, 217 s\u00e3o para a Secretaria Municipal de Educa\u00e7\u00e3o (SEMEC) e 198 para outras secretarias. Os cargos s\u00e3o de n\u00edveis Fundamental incompleto, [&hellip;]<\/p>\n","protected":false},"author":9,"featured_media":1913,"comment_status":"open","ping_status":"open","sticky":false,"template":"","format":"standard","meta":{"_monsterinsights_skip_tracking":false,"_monsterinsights_sitenote_active":false,"_monsterinsights_sitenote_note":"","_monsterinsights_sitenote_category":0,"footnotes":""},"categories":[7],"tags":[],"class_list":["post-1947","post","type-post","status-publish","format-standard","has-post-thumbnail","hentry","category-concurso","entry","has-media"],"yoast_head":"<!-- This site is optimized with the Yoast SEO plugin v25.1 - https:\/\/yoast.com\/wordpress\/plugins\/seo\/ -->\n<title>Prefeitura de Rur\u00f3polis lan\u00e7a edital de concurso p\u00fablico com 415 vagas. Inscri\u00e7\u00e3o a partir do dia 3. - FADESP<\/title>\n<meta name=\"robots\" content=\"index, follow, max-snippet:-1, max-image-preview:large, max-video-preview:-1\" \/>\n<link rel=\"canonical\" href=\"https:\/\/portalfadesp.org.br\/?p=1947\" \/>\n<meta property=\"og:locale\" content=\"pt_BR\" \/>\n<meta property=\"og:type\" content=\"article\" \/>\n<meta property=\"og:title\" content=\"Prefeitura de Rur\u00f3polis lan\u00e7a edital de concurso p\u00fablico com 415 vagas. Inscri\u00e7\u00e3o a partir do dia 3. - FADESP\" \/>\n<meta property=\"og:description\" content=\"Prefeitura de Rur\u00f3polis lan\u00e7a edital de concurso p\u00fablico com 415 vagas. Inscri\u00e7\u00e3o a partir do dia 3. A prefeitura de Rur\u00f3polis (PA) lan\u00e7ou edital de concurso p\u00fablico para o preenchimento de 415 vagas. Dessas, 217 s\u00e3o para a Secretaria Municipal de Educa\u00e7\u00e3o (SEMEC) e 198 para outras secretarias. Os cargos s\u00e3o de n\u00edveis Fundamental incompleto, [&hellip;]\" \/>\n<meta property=\"og:url\" content=\"https:\/\/portalfadesp.org.br\/?p=1947\" \/>\n<meta property=\"og:site_name\" content=\"FADESP\" \/>\n<meta property=\"article:publisher\" content=\"https:\/\/www.facebook.com\/Fadesp-138351949524662\/\" \/>\n<meta property=\"article:published_time\" content=\"2019-04-26T19:14:24+00:00\" \/>\n<meta property=\"article:modified_time\" content=\"2022-12-21T14:27:34+00:00\" \/>\n<meta property=\"og:image\" content=\"https:\/\/portalfadesp.org.br\/wp-content\/uploads\/2019\/06\/up_ag_29525_ruropolis.jpg\" \/>\n\t<meta property=\"og:image:width\" content=\"250\" \/>\n\t<meta property=\"og:image:height\" content=\"188\" \/>\n\t<meta property=\"og:image:type\" content=\"image\/jpeg\" \/>\n<meta name=\"author\" content=\"Raphael Pena\" \/>\n<meta name=\"twitter:card\" content=\"summary_large_image\" \/>\n<meta name=\"twitter:creator\" content=\"@Fadesp\" \/>\n<meta name=\"twitter:site\" content=\"@Fadesp\" \/>\n<meta name=\"twitter:label1\" content=\"Escrito por\" \/>\n\t<meta name=\"twitter:data1\" content=\"Raphael Pena\" \/>\n\t<meta name=\"twitter:label2\" content=\"Est. tempo de leitura\" \/>\n\t<meta name=\"twitter:data2\" content=\"2 minutos\" \/>\n<script type=\"application\/ld+json\" class=\"yoast-schema-graph\">{\"@context\":\"https:\/\/schema.org\",\"@graph\":[{\"@type\":\"Article\",\"@id\":\"https:\/\/portalfadesp.org.br\/?p=1947#article\",\"isPartOf\":{\"@id\":\"https:\/\/portalfadesp.org.br\/?p=1947\"},\"author\":{\"name\":\"Raphael Pena\",\"@id\":\"https:\/\/portalfadesp.org.br\/#\/schema\/person\/dc2908bf250f3ccb8be775027b13735e\"},\"headline\":\"Prefeitura de Rur\u00f3polis lan\u00e7a edital de concurso p\u00fablico com 415 vagas. Inscri\u00e7\u00e3o a partir do dia 3.\",\"datePublished\":\"2019-04-26T19:14:24+00:00\",\"dateModified\":\"2022-12-21T14:27:34+00:00\",\"mainEntityOfPage\":{\"@id\":\"https:\/\/portalfadesp.org.br\/?p=1947\"},\"wordCount\":486,\"commentCount\":0,\"publisher\":{\"@id\":\"https:\/\/portalfadesp.org.br\/#organization\"},\"image\":{\"@id\":\"https:\/\/portalfadesp.org.br\/?p=1947#primaryimage\"},\"thumbnailUrl\":\"https:\/\/portalfadesp.org.br\/wp-content\/uploads\/2019\/06\/up_ag_29525_ruropolis.jpg\",\"articleSection\":[\"Concurso\"],\"inLanguage\":\"pt-BR\"},{\"@type\":\"WebPage\",\"@id\":\"https:\/\/portalfadesp.org.br\/?p=1947\",\"url\":\"https:\/\/portalfadesp.org.br\/?p=1947\",\"name\":\"Prefeitura de Rur\u00f3polis lan\u00e7a edital de concurso p\u00fablico com 415 vagas. Inscri\u00e7\u00e3o a partir do dia 3. - FADESP\",\"isPartOf\":{\"@id\":\"https:\/\/portalfadesp.org.br\/#website\"},\"primaryImageOfPage\":{\"@id\":\"https:\/\/portalfadesp.org.br\/?p=1947#primaryimage\"},\"image\":{\"@id\":\"https:\/\/portalfadesp.org.br\/?p=1947#primaryimage\"},\"thumbnailUrl\":\"https:\/\/portalfadesp.org.br\/wp-content\/uploads\/2019\/06\/up_ag_29525_ruropolis.jpg\",\"datePublished\":\"2019-04-26T19:14:24+00:00\",\"dateModified\":\"2022-12-21T14:27:34+00:00\",\"breadcrumb\":{\"@id\":\"https:\/\/portalfadesp.org.br\/?p=1947#breadcrumb\"},\"inLanguage\":\"pt-BR\",\"potentialAction\":[{\"@type\":\"ReadAction\",\"target\":[\"https:\/\/portalfadesp.org.br\/?p=1947\"]}]},{\"@type\":\"ImageObject\",\"inLanguage\":\"pt-BR\",\"@id\":\"https:\/\/portalfadesp.org.br\/?p=1947#primaryimage\",\"url\":\"https:\/\/portalfadesp.org.br\/wp-content\/uploads\/2019\/06\/up_ag_29525_ruropolis.jpg\",\"contentUrl\":\"https:\/\/portalfadesp.org.br\/wp-content\/uploads\/2019\/06\/up_ag_29525_ruropolis.jpg\",\"width\":250,\"height\":188},{\"@type\":\"BreadcrumbList\",\"@id\":\"https:\/\/portalfadesp.org.br\/?p=1947#breadcrumb\",\"itemListElement\":[{\"@type\":\"ListItem\",\"position\":1,\"name\":\"In\u00edcio\",\"item\":\"https:\/\/portalfadesp.org.br\/\"},{\"@type\":\"ListItem\",\"position\":2,\"name\":\"Prefeitura de Rur\u00f3polis lan\u00e7a edital de concurso p\u00fablico com 415 vagas. Inscri\u00e7\u00e3o a partir do dia 3.\"}]},{\"@type\":\"WebSite\",\"@id\":\"https:\/\/portalfadesp.org.br\/#website\",\"url\":\"https:\/\/portalfadesp.org.br\/\",\"name\":\"FADESP\",\"description\":\"Funda\u00e7\u00e3o de Amparo e Desenvolvimento da Pesquisa\",\"publisher\":{\"@id\":\"https:\/\/portalfadesp.org.br\/#organization\"},\"potentialAction\":[{\"@type\":\"SearchAction\",\"target\":{\"@type\":\"EntryPoint\",\"urlTemplate\":\"https:\/\/portalfadesp.org.br\/?s={search_term_string}\"},\"query-input\":{\"@type\":\"PropertyValueSpecification\",\"valueRequired\":true,\"valueName\":\"search_term_string\"}}],\"inLanguage\":\"pt-BR\"},{\"@type\":\"Organization\",\"@id\":\"https:\/\/portalfadesp.org.br\/#organization\",\"name\":\"FADESP\",\"url\":\"https:\/\/portalfadesp.org.br\/\",\"logo\":{\"@type\":\"ImageObject\",\"inLanguage\":\"pt-BR\",\"@id\":\"https:\/\/portalfadesp.org.br\/#\/schema\/logo\/image\/\",\"url\":\"https:\/\/portalfadesp.org.br\/wp-content\/uploads\/2024\/01\/NOVOLOGOFADESPlaranjaH.png\",\"contentUrl\":\"https:\/\/portalfadesp.org.br\/wp-content\/uploads\/2024\/01\/NOVOLOGOFADESPlaranjaH.png\",\"width\":2742,\"height\":839,\"caption\":\"FADESP\"},\"image\":{\"@id\":\"https:\/\/portalfadesp.org.br\/#\/schema\/logo\/image\/\"},\"sameAs\":[\"https:\/\/www.facebook.com\/Fadesp-138351949524662\/\",\"https:\/\/x.com\/Fadesp\",\"https:\/\/www.instagram.com\/fadesp_ufpa\/\",\"https:\/\/www.youtube.com\/@fundacaodeamparoedesenvolv1903\",\"https:\/\/www.threads.net\/@fadesp_ufpa\"]},{\"@type\":\"Person\",\"@id\":\"https:\/\/portalfadesp.org.br\/#\/schema\/person\/dc2908bf250f3ccb8be775027b13735e\",\"name\":\"Raphael Pena\",\"image\":{\"@type\":\"ImageObject\",\"inLanguage\":\"pt-BR\",\"@id\":\"https:\/\/portalfadesp.org.br\/#\/schema\/person\/image\/\",\"url\":\"https:\/\/secure.gravatar.com\/avatar\/f6ed33c466a335cea1eeb716e9d8177b1ca19149f5fdbee566ad4873403cee8a?s=96&d=mm&r=g\",\"contentUrl\":\"https:\/\/secure.gravatar.com\/avatar\/f6ed33c466a335cea1eeb716e9d8177b1ca19149f5fdbee566ad4873403cee8a?s=96&d=mm&r=g\",\"caption\":\"Raphael Pena\"},\"url\":\"https:\/\/portalfadesp.org.br\/?author=9\"}]}<\/script>\n<!-- \/ Yoast SEO plugin. -->","yoast_head_json":{"title":"Prefeitura de Rur\u00f3polis lan\u00e7a edital de concurso p\u00fablico com 415 vagas. Inscri\u00e7\u00e3o a partir do dia 3. - FADESP","robots":{"index":"index","follow":"follow","max-snippet":"max-snippet:-1","max-image-preview":"max-image-preview:large","max-video-preview":"max-video-preview:-1"},"canonical":"https:\/\/portalfadesp.org.br\/?p=1947","og_locale":"pt_BR","og_type":"article","og_title":"Prefeitura de Rur\u00f3polis lan\u00e7a edital de concurso p\u00fablico com 415 vagas. Inscri\u00e7\u00e3o a partir do dia 3. - FADESP","og_description":"Prefeitura de Rur\u00f3polis lan\u00e7a edital de concurso p\u00fablico com 415 vagas. Inscri\u00e7\u00e3o a partir do dia 3. A prefeitura de Rur\u00f3polis (PA) lan\u00e7ou edital de concurso p\u00fablico para o preenchimento de 415 vagas. Dessas, 217 s\u00e3o para a Secretaria Municipal de Educa\u00e7\u00e3o (SEMEC) e 198 para outras secretarias. Os cargos s\u00e3o de n\u00edveis Fundamental incompleto, [&hellip;]","og_url":"https:\/\/portalfadesp.org.br\/?p=1947","og_site_name":"FADESP","article_publisher":"https:\/\/www.facebook.com\/Fadesp-138351949524662\/","article_published_time":"2019-04-26T19:14:24+00:00","article_modified_time":"2022-12-21T14:27:34+00:00","og_image":[{"width":250,"height":188,"url":"https:\/\/portalfadesp.org.br\/wp-content\/uploads\/2019\/06\/up_ag_29525_ruropolis.jpg","type":"image\/jpeg"}],"author":"Raphael Pena","twitter_card":"summary_large_image","twitter_creator":"@Fadesp","twitter_site":"@Fadesp","twitter_misc":{"Escrito por":"Raphael Pena","Est. tempo de leitura":"2 minutos"},"schema":{"@context":"https:\/\/schema.org","@graph":[{"@type":"Article","@id":"https:\/\/portalfadesp.org.br\/?p=1947#article","isPartOf":{"@id":"https:\/\/portalfadesp.org.br\/?p=1947"},"author":{"name":"Raphael Pena","@id":"https:\/\/portalfadesp.org.br\/#\/schema\/person\/dc2908bf250f3ccb8be775027b13735e"},"headline":"Prefeitura de Rur\u00f3polis lan\u00e7a edital de concurso p\u00fablico com 415 vagas. Inscri\u00e7\u00e3o a partir do dia 3.","datePublished":"2019-04-26T19:14:24+00:00","dateModified":"2022-12-21T14:27:34+00:00","mainEntityOfPage":{"@id":"https:\/\/portalfadesp.org.br\/?p=1947"},"wordCount":486,"commentCount":0,"publisher":{"@id":"https:\/\/portalfadesp.org.br\/#organization"},"image":{"@id":"https:\/\/portalfadesp.org.br\/?p=1947#primaryimage"},"thumbnailUrl":"https:\/\/portalfadesp.org.br\/wp-content\/uploads\/2019\/06\/up_ag_29525_ruropolis.jpg","articleSection":["Concurso"],"inLanguage":"pt-BR"},{"@type":"WebPage","@id":"https:\/\/portalfadesp.org.br\/?p=1947","url":"https:\/\/portalfadesp.org.br\/?p=1947","name":"Prefeitura de Rur\u00f3polis lan\u00e7a edital de concurso p\u00fablico com 415 vagas. Inscri\u00e7\u00e3o a partir do dia 3. - FADESP","isPartOf":{"@id":"https:\/\/portalfadesp.org.br\/#website"},"primaryImageOfPage":{"@id":"https:\/\/portalfadesp.org.br\/?p=1947#primaryimage"},"image":{"@id":"https:\/\/portalfadesp.org.br\/?p=1947#primaryimage"},"thumbnailUrl":"https:\/\/portalfadesp.org.br\/wp-content\/uploads\/2019\/06\/up_ag_29525_ruropolis.jpg","datePublished":"2019-04-26T19:14:24+00:00","dateModified":"2022-12-21T14:27:34+00:00","breadcrumb":{"@id":"https:\/\/portalfadesp.org.br\/?p=1947#breadcrumb"},"inLanguage":"pt-BR","potentialAction":[{"@type":"ReadAction","target":["https:\/\/portalfadesp.org.br\/?p=1947"]}]},{"@type":"ImageObject","inLanguage":"pt-BR","@id":"https:\/\/portalfadesp.org.br\/?p=1947#primaryimage","url":"https:\/\/portalfadesp.org.br\/wp-content\/uploads\/2019\/06\/up_ag_29525_ruropolis.jpg","contentUrl":"https:\/\/portalfadesp.org.br\/wp-content\/uploads\/2019\/06\/up_ag_29525_ruropolis.jpg","width":250,"height":188},{"@type":"BreadcrumbList","@id":"https:\/\/portalfadesp.org.br\/?p=1947#breadcrumb","itemListElement":[{"@type":"ListItem","position":1,"name":"In\u00edcio","item":"https:\/\/portalfadesp.org.br\/"},{"@type":"ListItem","position":2,"name":"Prefeitura de Rur\u00f3polis lan\u00e7a edital de concurso p\u00fablico com 415 vagas. Inscri\u00e7\u00e3o a partir do dia 3."}]},{"@type":"WebSite","@id":"https:\/\/portalfadesp.org.br\/#website","url":"https:\/\/portalfadesp.org.br\/","name":"FADESP","description":"Funda\u00e7\u00e3o de Amparo e Desenvolvimento da Pesquisa","publisher":{"@id":"https:\/\/portalfadesp.org.br\/#organization"},"potentialAction":[{"@type":"SearchAction","target":{"@type":"EntryPoint","urlTemplate":"https:\/\/portalfadesp.org.br\/?s={search_term_string}"},"query-input":{"@type":"PropertyValueSpecification","valueRequired":true,"valueName":"search_term_string"}}],"inLanguage":"pt-BR"},{"@type":"Organization","@id":"https:\/\/portalfadesp.org.br\/#organization","name":"FADESP","url":"https:\/\/portalfadesp.org.br\/","logo":{"@type":"ImageObject","inLanguage":"pt-BR","@id":"https:\/\/portalfadesp.org.br\/#\/schema\/logo\/image\/","url":"https:\/\/portalfadesp.org.br\/wp-content\/uploads\/2024\/01\/NOVOLOGOFADESPlaranjaH.png","contentUrl":"https:\/\/portalfadesp.org.br\/wp-content\/uploads\/2024\/01\/NOVOLOGOFADESPlaranjaH.png","width":2742,"height":839,"caption":"FADESP"},"image":{"@id":"https:\/\/portalfadesp.org.br\/#\/schema\/logo\/image\/"},"sameAs":["https:\/\/www.facebook.com\/Fadesp-138351949524662\/","https:\/\/x.com\/Fadesp","https:\/\/www.instagram.com\/fadesp_ufpa\/","https:\/\/www.youtube.com\/@fundacaodeamparoedesenvolv1903","https:\/\/www.threads.net\/@fadesp_ufpa"]},{"@type":"Person","@id":"https:\/\/portalfadesp.org.br\/#\/schema\/person\/dc2908bf250f3ccb8be775027b13735e","name":"Raphael Pena","image":{"@type":"ImageObject","inLanguage":"pt-BR","@id":"https:\/\/portalfadesp.org.br\/#\/schema\/person\/image\/","url":"https:\/\/secure.gravatar.com\/avatar\/f6ed33c466a335cea1eeb716e9d8177b1ca19149f5fdbee566ad4873403cee8a?s=96&d=mm&r=g","contentUrl":"https:\/\/secure.gravatar.com\/avatar\/f6ed33c466a335cea1eeb716e9d8177b1ca19149f5fdbee566ad4873403cee8a?s=96&d=mm&r=g","caption":"Raphael Pena"},"url":"https:\/\/portalfadesp.org.br\/?author=9"}]}},"_links":{"self":[{"href":"https:\/\/portalfadesp.org.br\/index.php?rest_route=\/wp\/v2\/posts\/1947","targetHints":{"allow":["GET"]}}],"collection":[{"href":"https:\/\/portalfadesp.org.br\/index.php?rest_route=\/wp\/v2\/posts"}],"about":[{"href":"https:\/\/portalfadesp.org.br\/index.php?rest_route=\/wp\/v2\/types\/post"}],"author":[{"embeddable":true,"href":"https:\/\/portalfadesp.org.br\/index.php?rest_route=\/wp\/v2\/users\/9"}],"replies":[{"embeddable":true,"href":"https:\/\/portalfadesp.org.br\/index.php?rest_route=%2Fwp%2Fv2%2Fcomments&post=1947"}],"version-history":[{"count":11,"href":"https:\/\/portalfadesp.org.br\/index.php?rest_route=\/wp\/v2\/posts\/1947\/revisions"}],"predecessor-version":[{"id":38081,"href":"https:\/\/portalfadesp.org.br\/index.php?rest_route=\/wp\/v2\/posts\/1947\/revisions\/38081"}],"wp:featuredmedia":[{"embeddable":true,"href":"https:\/\/portalfadesp.org.br\/index.php?rest_route=\/wp\/v2\/media\/1913"}],"wp:attachment":[{"href":"https:\/\/portalfadesp.org.br\/index.php?rest_route=%2Fwp%2Fv2%2Fmedia&parent=1947"}],"wp:term":[{"taxonomy":"category","embeddable":true,"href":"https:\/\/portalfadesp.org.br\/index.php?rest_route=%2Fwp%2Fv2%2Fcategories&post=1947"},{"taxonomy":"post_tag","embeddable":true,"href":"https:\/\/portalfadesp.org.br\/index.php?rest_route=%2Fwp%2Fv2%2Ftags&post=1947"}],"curies":[{"name":"wp","href":"https:\/\/api.w.org\/{rel}","templated":true}]}}