{"id":1942,"date":"2019-04-26T01:51:26","date_gmt":"2019-04-26T04:51:26","guid":{"rendered":"https:\/\/162.215.13.167?p=1942"},"modified":"2022-12-21T11:28:11","modified_gmt":"2022-12-21T14:28:11","slug":"concurso-detran-candidatos-ao-cargo-de-agente-de-educacao-no-transito-fazem-prova-neste-domingo","status":"publish","type":"post","link":"https:\/\/portalfadesp.org.br\/?p=1942","title":{"rendered":"CONCURSO DETRAN: candidatos ao cargo de Agente de Educa\u00e7\u00e3o no Tr\u00e2nsito fazem prova neste domingo."},"content":{"rendered":"\t\t<div data-elementor-type=\"wp-post\" data-elementor-id=\"1942\" class=\"elementor elementor-1942\" data-elementor-post-type=\"post\">\n\t\t\t\t\t\t<section class=\"elementor-section elementor-top-section elementor-element elementor-element-117ae9b3 elementor-section-boxed elementor-section-height-default elementor-section-height-default\" data-id=\"117ae9b3\" data-element_type=\"section\">\n\t\t\t\t\t\t<div class=\"elementor-container elementor-column-gap-default\">\n\t\t\t\t\t<div class=\"elementor-column elementor-col-100 elementor-top-column elementor-element elementor-element-68481984\" data-id=\"68481984\" data-element_type=\"column\">\n\t\t\t<div class=\"elementor-widget-wrap elementor-element-populated\">\n\t\t\t\t\t\t<div class=\"elementor-element elementor-element-7a665de elementor-widget elementor-widget-heading\" data-id=\"7a665de\" data-element_type=\"widget\" data-widget_type=\"heading.default\">\n\t\t\t\t<div class=\"elementor-widget-container\">\n\t\t\t\t\t<h2 class=\"elementor-heading-title elementor-size-default\">CONCURSO DETRAN: candidatos ao cargo de Agente de Educa\u00e7\u00e3o no Tr\u00e2nsito fazem prova neste domingo.<\/h2>\t\t\t\t<\/div>\n\t\t\t\t<\/div>\n\t\t\t\t<div class=\"elementor-element elementor-element-16517ad1 elementor-widget elementor-widget-text-editor\" data-id=\"16517ad1\" data-element_type=\"widget\" data-widget_type=\"text-editor.default\">\n\t\t\t\t<div class=\"elementor-widget-container\">\n\t\t\t\t\t\t\t\t\t<p><img decoding=\"async\" class=\"alignright wp-image-1810 size-full\" src=\"..\/wp-content\/uploads\/2019\/06\/up_ag_29545_detran.jpg\" alt=\"\" width=\"250\" height=\"162\" \/><\/p><p>Os candidatos ao cargo de Agente de Educa\u00e7\u00e3o de Tr\u00e2nsito do Departamento de Tr\u00e2nsito do Estado do Par\u00e1 (DETRAN) far\u00e3o prova neste domingo, 28. Todos os inscritos poder\u00e3o participar e devem acessar seus cart\u00f5es de inscri\u00e7\u00e3o na <a href=\"https:\/\/portalfadesp.org.br\/pagConcursosp.asp?id_pagina=575\" target=\"_blank\" rel=\"noopener\">p\u00e1gina do concurso<\/a>. O documento traz o local da prova.<\/p><p>A prova de conhecimentos ser\u00e1 aplicada das 8h \u00e0s 12h para todos os candidatos inscritos neste cargo. Eles responder\u00e3o quest\u00f5es objetivas de m\u00faltipla escolha e elaborar\u00e3o uma reda\u00e7\u00e3o. S\u00f3 ter\u00e1 a reda\u00e7\u00e3o corrigida aquele que alcan\u00e7ar pelo menos 50% do total de pontos da prova objetiva e ficar dentro do limite de corre\u00e7\u00e3o estabelecido pelo edital.<\/p><p>Aqueles que ainda n\u00e3o verificaram os seus locais de prova devem faz\u00ea-lo logo para evitar imprevistos. O documento pode ser acessado pela p\u00e1gina de acompanhamento do concurso. Basta informar o CPF e a senha formada pelos quatro primeiros n\u00fameros do CPF mais os quatro do ano de nascimento (o ano de nascimento deve ser o mesmo informado na hora da inscri\u00e7\u00e3o).<\/p><p>Todas as informa\u00e7\u00f5es do concurso devem ser acompanhadas <a href=\"https:\/\/portalfadesp.org.br\/pagConcursosp.asp?id_pagina=575\" target=\"_blank\" rel=\"noopener\">na p\u00e1gina oficial<\/a>.<\/p>\t\t\t\t\t\t\t\t<\/div>\n\t\t\t\t<\/div>\n\t\t\t\t\t<\/div>\n\t\t<\/div>\n\t\t\t\t\t<\/div>\n\t\t<\/section>\n\t\t\t\t<\/div>\n\t\t","protected":false},"excerpt":{"rendered":"<p>CONCURSO DETRAN: candidatos ao cargo de Agente de Educa\u00e7\u00e3o no Tr\u00e2nsito fazem prova neste domingo. Os candidatos ao cargo de Agente de Educa\u00e7\u00e3o de Tr\u00e2nsito do Departamento de Tr\u00e2nsito do Estado do Par\u00e1 (DETRAN) far\u00e3o prova neste domingo, 28. Todos os inscritos poder\u00e3o participar e devem acessar seus cart\u00f5es de inscri\u00e7\u00e3o na p\u00e1gina do concurso. [&hellip;]<\/p>\n","protected":false},"author":9,"featured_media":1810,"comment_status":"open","ping_status":"open","sticky":false,"template":"","format":"standard","meta":{"_monsterinsights_skip_tracking":false,"_monsterinsights_sitenote_active":false,"_monsterinsights_sitenote_note":"","_monsterinsights_sitenote_category":0,"footnotes":""},"categories":[7],"tags":[],"class_list":["post-1942","post","type-post","status-publish","format-standard","has-post-thumbnail","hentry","category-concurso","entry","has-media"],"yoast_head":"<!-- This site is optimized with the Yoast SEO plugin v25.1 - https:\/\/yoast.com\/wordpress\/plugins\/seo\/ -->\n<title>CONCURSO DETRAN: candidatos ao cargo de Agente de Educa\u00e7\u00e3o no Tr\u00e2nsito fazem prova neste domingo. - FADESP<\/title>\n<meta name=\"robots\" content=\"index, follow, max-snippet:-1, max-image-preview:large, max-video-preview:-1\" \/>\n<link rel=\"canonical\" href=\"https:\/\/portalfadesp.org.br\/?p=1942\" \/>\n<meta property=\"og:locale\" content=\"pt_BR\" \/>\n<meta property=\"og:type\" content=\"article\" \/>\n<meta property=\"og:title\" content=\"CONCURSO DETRAN: candidatos ao cargo de Agente de Educa\u00e7\u00e3o no Tr\u00e2nsito fazem prova neste domingo. - FADESP\" \/>\n<meta property=\"og:description\" content=\"CONCURSO DETRAN: candidatos ao cargo de Agente de Educa\u00e7\u00e3o no Tr\u00e2nsito fazem prova neste domingo. Os candidatos ao cargo de Agente de Educa\u00e7\u00e3o de Tr\u00e2nsito do Departamento de Tr\u00e2nsito do Estado do Par\u00e1 (DETRAN) far\u00e3o prova neste domingo, 28. Todos os inscritos poder\u00e3o participar e devem acessar seus cart\u00f5es de inscri\u00e7\u00e3o na p\u00e1gina do concurso. [&hellip;]\" \/>\n<meta property=\"og:url\" content=\"https:\/\/portalfadesp.org.br\/?p=1942\" \/>\n<meta property=\"og:site_name\" content=\"FADESP\" \/>\n<meta property=\"article:publisher\" content=\"https:\/\/www.facebook.com\/Fadesp-138351949524662\/\" \/>\n<meta property=\"article:published_time\" content=\"2019-04-26T04:51:26+00:00\" \/>\n<meta property=\"article:modified_time\" content=\"2022-12-21T14:28:11+00:00\" \/>\n<meta property=\"og:image\" content=\"https:\/\/portalfadesp.org.br\/wp-content\/uploads\/2019\/06\/up_ag_29545_detran.jpg\" \/>\n\t<meta property=\"og:image:width\" content=\"250\" \/>\n\t<meta property=\"og:image:height\" content=\"162\" \/>\n\t<meta property=\"og:image:type\" content=\"image\/jpeg\" \/>\n<meta name=\"author\" content=\"Raphael Pena\" \/>\n<meta name=\"twitter:card\" content=\"summary_large_image\" \/>\n<meta name=\"twitter:creator\" content=\"@Fadesp\" \/>\n<meta name=\"twitter:site\" content=\"@Fadesp\" \/>\n<meta name=\"twitter:label1\" content=\"Escrito por\" \/>\n\t<meta name=\"twitter:data1\" content=\"Raphael Pena\" \/>\n\t<meta name=\"twitter:label2\" content=\"Est. tempo de leitura\" \/>\n\t<meta name=\"twitter:data2\" content=\"1 minuto\" \/>\n<script type=\"application\/ld+json\" class=\"yoast-schema-graph\">{\"@context\":\"https:\/\/schema.org\",\"@graph\":[{\"@type\":\"Article\",\"@id\":\"https:\/\/portalfadesp.org.br\/?p=1942#article\",\"isPartOf\":{\"@id\":\"https:\/\/portalfadesp.org.br\/?p=1942\"},\"author\":{\"name\":\"Raphael Pena\",\"@id\":\"https:\/\/portalfadesp.org.br\/#\/schema\/person\/dc2908bf250f3ccb8be775027b13735e\"},\"headline\":\"CONCURSO DETRAN: candidatos ao cargo de Agente de Educa\u00e7\u00e3o no Tr\u00e2nsito fazem prova neste domingo.\",\"datePublished\":\"2019-04-26T04:51:26+00:00\",\"dateModified\":\"2022-12-21T14:28:11+00:00\",\"mainEntityOfPage\":{\"@id\":\"https:\/\/portalfadesp.org.br\/?p=1942\"},\"wordCount\":230,\"commentCount\":0,\"publisher\":{\"@id\":\"https:\/\/portalfadesp.org.br\/#organization\"},\"image\":{\"@id\":\"https:\/\/portalfadesp.org.br\/?p=1942#primaryimage\"},\"thumbnailUrl\":\"https:\/\/portalfadesp.org.br\/wp-content\/uploads\/2019\/06\/up_ag_29545_detran.jpg\",\"articleSection\":[\"Concurso\"],\"inLanguage\":\"pt-BR\"},{\"@type\":\"WebPage\",\"@id\":\"https:\/\/portalfadesp.org.br\/?p=1942\",\"url\":\"https:\/\/portalfadesp.org.br\/?p=1942\",\"name\":\"CONCURSO DETRAN: candidatos ao cargo de Agente de Educa\u00e7\u00e3o no Tr\u00e2nsito fazem prova neste domingo. - FADESP\",\"isPartOf\":{\"@id\":\"https:\/\/portalfadesp.org.br\/#website\"},\"primaryImageOfPage\":{\"@id\":\"https:\/\/portalfadesp.org.br\/?p=1942#primaryimage\"},\"image\":{\"@id\":\"https:\/\/portalfadesp.org.br\/?p=1942#primaryimage\"},\"thumbnailUrl\":\"https:\/\/portalfadesp.org.br\/wp-content\/uploads\/2019\/06\/up_ag_29545_detran.jpg\",\"datePublished\":\"2019-04-26T04:51:26+00:00\",\"dateModified\":\"2022-12-21T14:28:11+00:00\",\"breadcrumb\":{\"@id\":\"https:\/\/portalfadesp.org.br\/?p=1942#breadcrumb\"},\"inLanguage\":\"pt-BR\",\"potentialAction\":[{\"@type\":\"ReadAction\",\"target\":[\"https:\/\/portalfadesp.org.br\/?p=1942\"]}]},{\"@type\":\"ImageObject\",\"inLanguage\":\"pt-BR\",\"@id\":\"https:\/\/portalfadesp.org.br\/?p=1942#primaryimage\",\"url\":\"https:\/\/portalfadesp.org.br\/wp-content\/uploads\/2019\/06\/up_ag_29545_detran.jpg\",\"contentUrl\":\"https:\/\/portalfadesp.org.br\/wp-content\/uploads\/2019\/06\/up_ag_29545_detran.jpg\",\"width\":250,\"height\":162,\"caption\":\"Concurso DETRAN\"},{\"@type\":\"BreadcrumbList\",\"@id\":\"https:\/\/portalfadesp.org.br\/?p=1942#breadcrumb\",\"itemListElement\":[{\"@type\":\"ListItem\",\"position\":1,\"name\":\"In\u00edcio\",\"item\":\"https:\/\/portalfadesp.org.br\/\"},{\"@type\":\"ListItem\",\"position\":2,\"name\":\"CONCURSO DETRAN: candidatos ao cargo de Agente de Educa\u00e7\u00e3o no Tr\u00e2nsito fazem prova neste domingo.\"}]},{\"@type\":\"WebSite\",\"@id\":\"https:\/\/portalfadesp.org.br\/#website\",\"url\":\"https:\/\/portalfadesp.org.br\/\",\"name\":\"FADESP\",\"description\":\"Funda\u00e7\u00e3o de Amparo e Desenvolvimento da Pesquisa\",\"publisher\":{\"@id\":\"https:\/\/portalfadesp.org.br\/#organization\"},\"potentialAction\":[{\"@type\":\"SearchAction\",\"target\":{\"@type\":\"EntryPoint\",\"urlTemplate\":\"https:\/\/portalfadesp.org.br\/?s={search_term_string}\"},\"query-input\":{\"@type\":\"PropertyValueSpecification\",\"valueRequired\":true,\"valueName\":\"search_term_string\"}}],\"inLanguage\":\"pt-BR\"},{\"@type\":\"Organization\",\"@id\":\"https:\/\/portalfadesp.org.br\/#organization\",\"name\":\"FADESP\",\"url\":\"https:\/\/portalfadesp.org.br\/\",\"logo\":{\"@type\":\"ImageObject\",\"inLanguage\":\"pt-BR\",\"@id\":\"https:\/\/portalfadesp.org.br\/#\/schema\/logo\/image\/\",\"url\":\"https:\/\/portalfadesp.org.br\/wp-content\/uploads\/2024\/01\/NOVOLOGOFADESPlaranjaH.png\",\"contentUrl\":\"https:\/\/portalfadesp.org.br\/wp-content\/uploads\/2024\/01\/NOVOLOGOFADESPlaranjaH.png\",\"width\":2742,\"height\":839,\"caption\":\"FADESP\"},\"image\":{\"@id\":\"https:\/\/portalfadesp.org.br\/#\/schema\/logo\/image\/\"},\"sameAs\":[\"https:\/\/www.facebook.com\/Fadesp-138351949524662\/\",\"https:\/\/x.com\/Fadesp\",\"https:\/\/www.instagram.com\/fadesp_ufpa\/\",\"https:\/\/www.youtube.com\/@fundacaodeamparoedesenvolv1903\",\"https:\/\/www.threads.net\/@fadesp_ufpa\"]},{\"@type\":\"Person\",\"@id\":\"https:\/\/portalfadesp.org.br\/#\/schema\/person\/dc2908bf250f3ccb8be775027b13735e\",\"name\":\"Raphael Pena\",\"image\":{\"@type\":\"ImageObject\",\"inLanguage\":\"pt-BR\",\"@id\":\"https:\/\/portalfadesp.org.br\/#\/schema\/person\/image\/\",\"url\":\"https:\/\/secure.gravatar.com\/avatar\/f6ed33c466a335cea1eeb716e9d8177b1ca19149f5fdbee566ad4873403cee8a?s=96&d=mm&r=g\",\"contentUrl\":\"https:\/\/secure.gravatar.com\/avatar\/f6ed33c466a335cea1eeb716e9d8177b1ca19149f5fdbee566ad4873403cee8a?s=96&d=mm&r=g\",\"caption\":\"Raphael Pena\"},\"url\":\"https:\/\/portalfadesp.org.br\/?author=9\"}]}<\/script>\n<!-- \/ Yoast SEO plugin. -->","yoast_head_json":{"title":"CONCURSO DETRAN: candidatos ao cargo de Agente de Educa\u00e7\u00e3o no Tr\u00e2nsito fazem prova neste domingo. - FADESP","robots":{"index":"index","follow":"follow","max-snippet":"max-snippet:-1","max-image-preview":"max-image-preview:large","max-video-preview":"max-video-preview:-1"},"canonical":"https:\/\/portalfadesp.org.br\/?p=1942","og_locale":"pt_BR","og_type":"article","og_title":"CONCURSO DETRAN: candidatos ao cargo de Agente de Educa\u00e7\u00e3o no Tr\u00e2nsito fazem prova neste domingo. - FADESP","og_description":"CONCURSO DETRAN: candidatos ao cargo de Agente de Educa\u00e7\u00e3o no Tr\u00e2nsito fazem prova neste domingo. Os candidatos ao cargo de Agente de Educa\u00e7\u00e3o de Tr\u00e2nsito do Departamento de Tr\u00e2nsito do Estado do Par\u00e1 (DETRAN) far\u00e3o prova neste domingo, 28. Todos os inscritos poder\u00e3o participar e devem acessar seus cart\u00f5es de inscri\u00e7\u00e3o na p\u00e1gina do concurso. [&hellip;]","og_url":"https:\/\/portalfadesp.org.br\/?p=1942","og_site_name":"FADESP","article_publisher":"https:\/\/www.facebook.com\/Fadesp-138351949524662\/","article_published_time":"2019-04-26T04:51:26+00:00","article_modified_time":"2022-12-21T14:28:11+00:00","og_image":[{"width":250,"height":162,"url":"https:\/\/portalfadesp.org.br\/wp-content\/uploads\/2019\/06\/up_ag_29545_detran.jpg","type":"image\/jpeg"}],"author":"Raphael Pena","twitter_card":"summary_large_image","twitter_creator":"@Fadesp","twitter_site":"@Fadesp","twitter_misc":{"Escrito por":"Raphael Pena","Est. tempo de leitura":"1 minuto"},"schema":{"@context":"https:\/\/schema.org","@graph":[{"@type":"Article","@id":"https:\/\/portalfadesp.org.br\/?p=1942#article","isPartOf":{"@id":"https:\/\/portalfadesp.org.br\/?p=1942"},"author":{"name":"Raphael Pena","@id":"https:\/\/portalfadesp.org.br\/#\/schema\/person\/dc2908bf250f3ccb8be775027b13735e"},"headline":"CONCURSO DETRAN: candidatos ao cargo de Agente de Educa\u00e7\u00e3o no Tr\u00e2nsito fazem prova neste domingo.","datePublished":"2019-04-26T04:51:26+00:00","dateModified":"2022-12-21T14:28:11+00:00","mainEntityOfPage":{"@id":"https:\/\/portalfadesp.org.br\/?p=1942"},"wordCount":230,"commentCount":0,"publisher":{"@id":"https:\/\/portalfadesp.org.br\/#organization"},"image":{"@id":"https:\/\/portalfadesp.org.br\/?p=1942#primaryimage"},"thumbnailUrl":"https:\/\/portalfadesp.org.br\/wp-content\/uploads\/2019\/06\/up_ag_29545_detran.jpg","articleSection":["Concurso"],"inLanguage":"pt-BR"},{"@type":"WebPage","@id":"https:\/\/portalfadesp.org.br\/?p=1942","url":"https:\/\/portalfadesp.org.br\/?p=1942","name":"CONCURSO DETRAN: candidatos ao cargo de Agente de Educa\u00e7\u00e3o no Tr\u00e2nsito fazem prova neste domingo. - FADESP","isPartOf":{"@id":"https:\/\/portalfadesp.org.br\/#website"},"primaryImageOfPage":{"@id":"https:\/\/portalfadesp.org.br\/?p=1942#primaryimage"},"image":{"@id":"https:\/\/portalfadesp.org.br\/?p=1942#primaryimage"},"thumbnailUrl":"https:\/\/portalfadesp.org.br\/wp-content\/uploads\/2019\/06\/up_ag_29545_detran.jpg","datePublished":"2019-04-26T04:51:26+00:00","dateModified":"2022-12-21T14:28:11+00:00","breadcrumb":{"@id":"https:\/\/portalfadesp.org.br\/?p=1942#breadcrumb"},"inLanguage":"pt-BR","potentialAction":[{"@type":"ReadAction","target":["https:\/\/portalfadesp.org.br\/?p=1942"]}]},{"@type":"ImageObject","inLanguage":"pt-BR","@id":"https:\/\/portalfadesp.org.br\/?p=1942#primaryimage","url":"https:\/\/portalfadesp.org.br\/wp-content\/uploads\/2019\/06\/up_ag_29545_detran.jpg","contentUrl":"https:\/\/portalfadesp.org.br\/wp-content\/uploads\/2019\/06\/up_ag_29545_detran.jpg","width":250,"height":162,"caption":"Concurso DETRAN"},{"@type":"BreadcrumbList","@id":"https:\/\/portalfadesp.org.br\/?p=1942#breadcrumb","itemListElement":[{"@type":"ListItem","position":1,"name":"In\u00edcio","item":"https:\/\/portalfadesp.org.br\/"},{"@type":"ListItem","position":2,"name":"CONCURSO DETRAN: candidatos ao cargo de Agente de Educa\u00e7\u00e3o no Tr\u00e2nsito fazem prova neste domingo."}]},{"@type":"WebSite","@id":"https:\/\/portalfadesp.org.br\/#website","url":"https:\/\/portalfadesp.org.br\/","name":"FADESP","description":"Funda\u00e7\u00e3o de Amparo e Desenvolvimento da Pesquisa","publisher":{"@id":"https:\/\/portalfadesp.org.br\/#organization"},"potentialAction":[{"@type":"SearchAction","target":{"@type":"EntryPoint","urlTemplate":"https:\/\/portalfadesp.org.br\/?s={search_term_string}"},"query-input":{"@type":"PropertyValueSpecification","valueRequired":true,"valueName":"search_term_string"}}],"inLanguage":"pt-BR"},{"@type":"Organization","@id":"https:\/\/portalfadesp.org.br\/#organization","name":"FADESP","url":"https:\/\/portalfadesp.org.br\/","logo":{"@type":"ImageObject","inLanguage":"pt-BR","@id":"https:\/\/portalfadesp.org.br\/#\/schema\/logo\/image\/","url":"https:\/\/portalfadesp.org.br\/wp-content\/uploads\/2024\/01\/NOVOLOGOFADESPlaranjaH.png","contentUrl":"https:\/\/portalfadesp.org.br\/wp-content\/uploads\/2024\/01\/NOVOLOGOFADESPlaranjaH.png","width":2742,"height":839,"caption":"FADESP"},"image":{"@id":"https:\/\/portalfadesp.org.br\/#\/schema\/logo\/image\/"},"sameAs":["https:\/\/www.facebook.com\/Fadesp-138351949524662\/","https:\/\/x.com\/Fadesp","https:\/\/www.instagram.com\/fadesp_ufpa\/","https:\/\/www.youtube.com\/@fundacaodeamparoedesenvolv1903","https:\/\/www.threads.net\/@fadesp_ufpa"]},{"@type":"Person","@id":"https:\/\/portalfadesp.org.br\/#\/schema\/person\/dc2908bf250f3ccb8be775027b13735e","name":"Raphael Pena","image":{"@type":"ImageObject","inLanguage":"pt-BR","@id":"https:\/\/portalfadesp.org.br\/#\/schema\/person\/image\/","url":"https:\/\/secure.gravatar.com\/avatar\/f6ed33c466a335cea1eeb716e9d8177b1ca19149f5fdbee566ad4873403cee8a?s=96&d=mm&r=g","contentUrl":"https:\/\/secure.gravatar.com\/avatar\/f6ed33c466a335cea1eeb716e9d8177b1ca19149f5fdbee566ad4873403cee8a?s=96&d=mm&r=g","caption":"Raphael Pena"},"url":"https:\/\/portalfadesp.org.br\/?author=9"}]}},"_links":{"self":[{"href":"https:\/\/portalfadesp.org.br\/index.php?rest_route=\/wp\/v2\/posts\/1942","targetHints":{"allow":["GET"]}}],"collection":[{"href":"https:\/\/portalfadesp.org.br\/index.php?rest_route=\/wp\/v2\/posts"}],"about":[{"href":"https:\/\/portalfadesp.org.br\/index.php?rest_route=\/wp\/v2\/types\/post"}],"author":[{"embeddable":true,"href":"https:\/\/portalfadesp.org.br\/index.php?rest_route=\/wp\/v2\/users\/9"}],"replies":[{"embeddable":true,"href":"https:\/\/portalfadesp.org.br\/index.php?rest_route=%2Fwp%2Fv2%2Fcomments&post=1942"}],"version-history":[{"count":11,"href":"https:\/\/portalfadesp.org.br\/index.php?rest_route=\/wp\/v2\/posts\/1942\/revisions"}],"predecessor-version":[{"id":38087,"href":"https:\/\/portalfadesp.org.br\/index.php?rest_route=\/wp\/v2\/posts\/1942\/revisions\/38087"}],"wp:featuredmedia":[{"embeddable":true,"href":"https:\/\/portalfadesp.org.br\/index.php?rest_route=\/wp\/v2\/media\/1810"}],"wp:attachment":[{"href":"https:\/\/portalfadesp.org.br\/index.php?rest_route=%2Fwp%2Fv2%2Fmedia&parent=1942"}],"wp:term":[{"taxonomy":"category","embeddable":true,"href":"https:\/\/portalfadesp.org.br\/index.php?rest_route=%2Fwp%2Fv2%2Fcategories&post=1942"},{"taxonomy":"post_tag","embeddable":true,"href":"https:\/\/portalfadesp.org.br\/index.php?rest_route=%2Fwp%2Fv2%2Ftags&post=1942"}],"curies":[{"name":"wp","href":"https:\/\/api.w.org\/{rel}","templated":true}]}}