{"id":1938,"date":"2019-04-29T12:20:28","date_gmt":"2019-04-29T15:20:28","guid":{"rendered":"https:\/\/162.215.13.167?p=1938"},"modified":"2022-12-21T11:17:41","modified_gmt":"2022-12-21T14:17:41","slug":"concurso-detran-provas-aplicadas-no-domingo-e-gabaritos-estao-disponiveis","status":"publish","type":"post","link":"https:\/\/portalfadesp.org.br\/?p=1938","title":{"rendered":"CONCURSO DETRAN: provas aplicadas no domingo e gabaritos est\u00e3o dispon\u00edveis."},"content":{"rendered":"\t\t<div data-elementor-type=\"wp-post\" data-elementor-id=\"1938\" class=\"elementor elementor-1938\" data-elementor-post-type=\"post\">\n\t\t\t\t\t\t<section class=\"elementor-section elementor-top-section elementor-element elementor-element-76ead712 elementor-section-boxed elementor-section-height-default elementor-section-height-default\" data-id=\"76ead712\" data-element_type=\"section\">\n\t\t\t\t\t\t<div class=\"elementor-container elementor-column-gap-default\">\n\t\t\t\t\t<div class=\"elementor-column elementor-col-100 elementor-top-column elementor-element elementor-element-4c8f11e1\" data-id=\"4c8f11e1\" data-element_type=\"column\">\n\t\t\t<div class=\"elementor-widget-wrap elementor-element-populated\">\n\t\t\t\t\t\t<div class=\"elementor-element elementor-element-5269b4fe elementor-widget elementor-widget-heading\" data-id=\"5269b4fe\" data-element_type=\"widget\" data-widget_type=\"heading.default\">\n\t\t\t\t<div class=\"elementor-widget-container\">\n\t\t\t\t\t<h2 class=\"elementor-heading-title elementor-size-default\">CONCURSO DETRAN: provas aplicadas no domingo e gabaritos est\u00e3o dispon\u00edveis.<\/h2>\t\t\t\t<\/div>\n\t\t\t\t<\/div>\n\t\t\t\t<div class=\"elementor-element elementor-element-5bd7d148 elementor-widget elementor-widget-text-editor\" data-id=\"5bd7d148\" data-element_type=\"widget\" data-widget_type=\"text-editor.default\">\n\t\t\t\t<div class=\"elementor-widget-container\">\n\t\t\t\t\t\t\t\t\t<p><img decoding=\"async\" class=\"alignright wp-image-1810 size-full\" src=\"..\/wp-content\/uploads\/2019\/06\/up_ag_29545_detran.jpg\" alt=\"\" width=\"250\" height=\"162\" \/><\/p><p>A prova aplicada no domingo, 28, para o cargo de Agente de Educa\u00e7\u00e3o no Tr\u00e2nsito do concurso do Departamento Estadual de Tr\u00e2nsito do Par\u00e1 (DETRAN\/PA) e o gabarito preliminar est\u00e3o dispon\u00edveis na <a href=\"https:\/\/portalfadesp.org.br\/pagConcursosp.asp?id_pagina=575\" target=\"_blank\" rel=\"noopener\">p\u00e1gina de acompanhamento<\/a>. Ser\u00e3o aceitos recursos online a partir das 10h de amanh\u00e3, 30.<\/p><p>A prova de conhecimentos foi aplicada das 8h \u00e0s 12h de domingo para todos os candidatos inscritos ao cargo. Os candidatos responderam quest\u00f5es objetivas de m\u00faltipla escolha e elaboraram uma reda\u00e7\u00e3o sobre o tema &#8220;As vantagens do uso da bicicleta como meio de transporte capaz de reduzir problemas no tr\u00e2nsito das cidades brasileiras&#8221;.<\/p><p>Conforme as regras do concurso, s\u00f3 ter\u00e1 a reda\u00e7\u00e3o corrigida aquele que alcan\u00e7ar pelo menos 50% do total de pontos da prova objetiva e ficar dentro do limite de corre\u00e7\u00e3o estabelecido pelo edital. A soma dos pontos das provas objetiva e discursiva ser\u00e1 a nota final para a classifica\u00e7\u00e3o dos candidatos.<\/p><p>O concurso para Agente de Educa\u00e7\u00e3o no Tr\u00e2nsito s\u00f3 ter\u00e1 essa etapa, enquanto o de Agente de Fiscaliza\u00e7\u00e3o de Tr\u00e2nsito segue com as demais etapas eliminat\u00f3rias. A \u00faltima ser\u00e1 o curso de forma\u00e7\u00e3o, sob a responsabilidade exclusiva do DETRAN-PA.<\/p><p>Todas as informa\u00e7\u00f5es do concurso devem ser acompanhadas na <a href=\"https:\/\/portalfadesp.org.br\/pagConcursosp.asp?id_pagina=575\" target=\"_blank\" rel=\"noopener\">p\u00e1gina oficial<\/a>.<\/p>\t\t\t\t\t\t\t\t<\/div>\n\t\t\t\t<\/div>\n\t\t\t\t\t<\/div>\n\t\t<\/div>\n\t\t\t\t\t<\/div>\n\t\t<\/section>\n\t\t\t\t<\/div>\n\t\t","protected":false},"excerpt":{"rendered":"<p>CONCURSO DETRAN: provas aplicadas no domingo e gabaritos est\u00e3o dispon\u00edveis. A prova aplicada no domingo, 28, para o cargo de Agente de Educa\u00e7\u00e3o no Tr\u00e2nsito do concurso do Departamento Estadual de Tr\u00e2nsito do Par\u00e1 (DETRAN\/PA) e o gabarito preliminar est\u00e3o dispon\u00edveis na p\u00e1gina de acompanhamento. Ser\u00e3o aceitos recursos online a partir das 10h de amanh\u00e3, [&hellip;]<\/p>\n","protected":false},"author":9,"featured_media":497,"comment_status":"open","ping_status":"open","sticky":false,"template":"","format":"standard","meta":{"_monsterinsights_skip_tracking":false,"_monsterinsights_sitenote_active":false,"_monsterinsights_sitenote_note":"","_monsterinsights_sitenote_category":0,"footnotes":""},"categories":[7],"tags":[],"class_list":["post-1938","post","type-post","status-publish","format-standard","has-post-thumbnail","hentry","category-concurso","entry","has-media"],"yoast_head":"<!-- This site is optimized with the Yoast SEO plugin v25.1 - https:\/\/yoast.com\/wordpress\/plugins\/seo\/ -->\n<title>CONCURSO DETRAN: provas aplicadas no domingo e gabaritos est\u00e3o dispon\u00edveis. - FADESP<\/title>\n<meta name=\"robots\" content=\"index, follow, max-snippet:-1, max-image-preview:large, max-video-preview:-1\" \/>\n<link rel=\"canonical\" href=\"https:\/\/portalfadesp.org.br\/?p=1938\" \/>\n<meta property=\"og:locale\" content=\"pt_BR\" \/>\n<meta property=\"og:type\" content=\"article\" \/>\n<meta property=\"og:title\" content=\"CONCURSO DETRAN: provas aplicadas no domingo e gabaritos est\u00e3o dispon\u00edveis. - FADESP\" \/>\n<meta property=\"og:description\" content=\"CONCURSO DETRAN: provas aplicadas no domingo e gabaritos est\u00e3o dispon\u00edveis. A prova aplicada no domingo, 28, para o cargo de Agente de Educa\u00e7\u00e3o no Tr\u00e2nsito do concurso do Departamento Estadual de Tr\u00e2nsito do Par\u00e1 (DETRAN\/PA) e o gabarito preliminar est\u00e3o dispon\u00edveis na p\u00e1gina de acompanhamento. Ser\u00e3o aceitos recursos online a partir das 10h de amanh\u00e3, [&hellip;]\" \/>\n<meta property=\"og:url\" content=\"https:\/\/portalfadesp.org.br\/?p=1938\" \/>\n<meta property=\"og:site_name\" content=\"FADESP\" \/>\n<meta property=\"article:publisher\" content=\"https:\/\/www.facebook.com\/Fadesp-138351949524662\/\" \/>\n<meta property=\"article:published_time\" content=\"2019-04-29T15:20:28+00:00\" \/>\n<meta property=\"article:modified_time\" content=\"2022-12-21T14:17:41+00:00\" \/>\n<meta property=\"og:image\" content=\"https:\/\/portalfadesp.org.br\/wp-content\/uploads\/2019\/01\/up_ag_29452_detran.jpg\" \/>\n\t<meta property=\"og:image:width\" content=\"600\" \/>\n\t<meta property=\"og:image:height\" content=\"389\" \/>\n\t<meta property=\"og:image:type\" content=\"image\/jpeg\" \/>\n<meta name=\"author\" content=\"Raphael Pena\" \/>\n<meta name=\"twitter:card\" content=\"summary_large_image\" \/>\n<meta name=\"twitter:creator\" content=\"@Fadesp\" \/>\n<meta name=\"twitter:site\" content=\"@Fadesp\" \/>\n<meta name=\"twitter:label1\" content=\"Escrito por\" \/>\n\t<meta name=\"twitter:data1\" content=\"Raphael Pena\" \/>\n\t<meta name=\"twitter:label2\" content=\"Est. tempo de leitura\" \/>\n\t<meta name=\"twitter:data2\" content=\"1 minuto\" \/>\n<script type=\"application\/ld+json\" class=\"yoast-schema-graph\">{\"@context\":\"https:\/\/schema.org\",\"@graph\":[{\"@type\":\"Article\",\"@id\":\"https:\/\/portalfadesp.org.br\/?p=1938#article\",\"isPartOf\":{\"@id\":\"https:\/\/portalfadesp.org.br\/?p=1938\"},\"author\":{\"name\":\"Raphael Pena\",\"@id\":\"https:\/\/portalfadesp.org.br\/#\/schema\/person\/dc2908bf250f3ccb8be775027b13735e\"},\"headline\":\"CONCURSO DETRAN: provas aplicadas no domingo e gabaritos est\u00e3o dispon\u00edveis.\",\"datePublished\":\"2019-04-29T15:20:28+00:00\",\"dateModified\":\"2022-12-21T14:17:41+00:00\",\"mainEntityOfPage\":{\"@id\":\"https:\/\/portalfadesp.org.br\/?p=1938\"},\"wordCount\":245,\"commentCount\":0,\"publisher\":{\"@id\":\"https:\/\/portalfadesp.org.br\/#organization\"},\"image\":{\"@id\":\"https:\/\/portalfadesp.org.br\/?p=1938#primaryimage\"},\"thumbnailUrl\":\"https:\/\/portalfadesp.org.br\/wp-content\/uploads\/2019\/01\/up_ag_29452_detran.jpg\",\"articleSection\":[\"Concurso\"],\"inLanguage\":\"pt-BR\"},{\"@type\":\"WebPage\",\"@id\":\"https:\/\/portalfadesp.org.br\/?p=1938\",\"url\":\"https:\/\/portalfadesp.org.br\/?p=1938\",\"name\":\"CONCURSO DETRAN: provas aplicadas no domingo e gabaritos est\u00e3o dispon\u00edveis. - FADESP\",\"isPartOf\":{\"@id\":\"https:\/\/portalfadesp.org.br\/#website\"},\"primaryImageOfPage\":{\"@id\":\"https:\/\/portalfadesp.org.br\/?p=1938#primaryimage\"},\"image\":{\"@id\":\"https:\/\/portalfadesp.org.br\/?p=1938#primaryimage\"},\"thumbnailUrl\":\"https:\/\/portalfadesp.org.br\/wp-content\/uploads\/2019\/01\/up_ag_29452_detran.jpg\",\"datePublished\":\"2019-04-29T15:20:28+00:00\",\"dateModified\":\"2022-12-21T14:17:41+00:00\",\"breadcrumb\":{\"@id\":\"https:\/\/portalfadesp.org.br\/?p=1938#breadcrumb\"},\"inLanguage\":\"pt-BR\",\"potentialAction\":[{\"@type\":\"ReadAction\",\"target\":[\"https:\/\/portalfadesp.org.br\/?p=1938\"]}]},{\"@type\":\"ImageObject\",\"inLanguage\":\"pt-BR\",\"@id\":\"https:\/\/portalfadesp.org.br\/?p=1938#primaryimage\",\"url\":\"https:\/\/portalfadesp.org.br\/wp-content\/uploads\/2019\/01\/up_ag_29452_detran.jpg\",\"contentUrl\":\"https:\/\/portalfadesp.org.br\/wp-content\/uploads\/2019\/01\/up_ag_29452_detran.jpg\",\"width\":600,\"height\":389},{\"@type\":\"BreadcrumbList\",\"@id\":\"https:\/\/portalfadesp.org.br\/?p=1938#breadcrumb\",\"itemListElement\":[{\"@type\":\"ListItem\",\"position\":1,\"name\":\"In\u00edcio\",\"item\":\"https:\/\/portalfadesp.org.br\/\"},{\"@type\":\"ListItem\",\"position\":2,\"name\":\"CONCURSO DETRAN: provas aplicadas no domingo e gabaritos est\u00e3o dispon\u00edveis.\"}]},{\"@type\":\"WebSite\",\"@id\":\"https:\/\/portalfadesp.org.br\/#website\",\"url\":\"https:\/\/portalfadesp.org.br\/\",\"name\":\"FADESP\",\"description\":\"Funda\u00e7\u00e3o de Amparo e Desenvolvimento da Pesquisa\",\"publisher\":{\"@id\":\"https:\/\/portalfadesp.org.br\/#organization\"},\"potentialAction\":[{\"@type\":\"SearchAction\",\"target\":{\"@type\":\"EntryPoint\",\"urlTemplate\":\"https:\/\/portalfadesp.org.br\/?s={search_term_string}\"},\"query-input\":{\"@type\":\"PropertyValueSpecification\",\"valueRequired\":true,\"valueName\":\"search_term_string\"}}],\"inLanguage\":\"pt-BR\"},{\"@type\":\"Organization\",\"@id\":\"https:\/\/portalfadesp.org.br\/#organization\",\"name\":\"FADESP\",\"url\":\"https:\/\/portalfadesp.org.br\/\",\"logo\":{\"@type\":\"ImageObject\",\"inLanguage\":\"pt-BR\",\"@id\":\"https:\/\/portalfadesp.org.br\/#\/schema\/logo\/image\/\",\"url\":\"https:\/\/portalfadesp.org.br\/wp-content\/uploads\/2024\/01\/NOVOLOGOFADESPlaranjaH.png\",\"contentUrl\":\"https:\/\/portalfadesp.org.br\/wp-content\/uploads\/2024\/01\/NOVOLOGOFADESPlaranjaH.png\",\"width\":2742,\"height\":839,\"caption\":\"FADESP\"},\"image\":{\"@id\":\"https:\/\/portalfadesp.org.br\/#\/schema\/logo\/image\/\"},\"sameAs\":[\"https:\/\/www.facebook.com\/Fadesp-138351949524662\/\",\"https:\/\/x.com\/Fadesp\",\"https:\/\/www.instagram.com\/fadesp_ufpa\/\",\"https:\/\/www.youtube.com\/@fundacaodeamparoedesenvolv1903\",\"https:\/\/www.threads.net\/@fadesp_ufpa\"]},{\"@type\":\"Person\",\"@id\":\"https:\/\/portalfadesp.org.br\/#\/schema\/person\/dc2908bf250f3ccb8be775027b13735e\",\"name\":\"Raphael Pena\",\"image\":{\"@type\":\"ImageObject\",\"inLanguage\":\"pt-BR\",\"@id\":\"https:\/\/portalfadesp.org.br\/#\/schema\/person\/image\/\",\"url\":\"https:\/\/secure.gravatar.com\/avatar\/f6ed33c466a335cea1eeb716e9d8177b1ca19149f5fdbee566ad4873403cee8a?s=96&d=mm&r=g\",\"contentUrl\":\"https:\/\/secure.gravatar.com\/avatar\/f6ed33c466a335cea1eeb716e9d8177b1ca19149f5fdbee566ad4873403cee8a?s=96&d=mm&r=g\",\"caption\":\"Raphael Pena\"},\"url\":\"https:\/\/portalfadesp.org.br\/?author=9\"}]}<\/script>\n<!-- \/ Yoast SEO plugin. -->","yoast_head_json":{"title":"CONCURSO DETRAN: provas aplicadas no domingo e gabaritos est\u00e3o dispon\u00edveis. - FADESP","robots":{"index":"index","follow":"follow","max-snippet":"max-snippet:-1","max-image-preview":"max-image-preview:large","max-video-preview":"max-video-preview:-1"},"canonical":"https:\/\/portalfadesp.org.br\/?p=1938","og_locale":"pt_BR","og_type":"article","og_title":"CONCURSO DETRAN: provas aplicadas no domingo e gabaritos est\u00e3o dispon\u00edveis. - FADESP","og_description":"CONCURSO DETRAN: provas aplicadas no domingo e gabaritos est\u00e3o dispon\u00edveis. A prova aplicada no domingo, 28, para o cargo de Agente de Educa\u00e7\u00e3o no Tr\u00e2nsito do concurso do Departamento Estadual de Tr\u00e2nsito do Par\u00e1 (DETRAN\/PA) e o gabarito preliminar est\u00e3o dispon\u00edveis na p\u00e1gina de acompanhamento. Ser\u00e3o aceitos recursos online a partir das 10h de amanh\u00e3, [&hellip;]","og_url":"https:\/\/portalfadesp.org.br\/?p=1938","og_site_name":"FADESP","article_publisher":"https:\/\/www.facebook.com\/Fadesp-138351949524662\/","article_published_time":"2019-04-29T15:20:28+00:00","article_modified_time":"2022-12-21T14:17:41+00:00","og_image":[{"width":600,"height":389,"url":"https:\/\/portalfadesp.org.br\/wp-content\/uploads\/2019\/01\/up_ag_29452_detran.jpg","type":"image\/jpeg"}],"author":"Raphael Pena","twitter_card":"summary_large_image","twitter_creator":"@Fadesp","twitter_site":"@Fadesp","twitter_misc":{"Escrito por":"Raphael Pena","Est. tempo de leitura":"1 minuto"},"schema":{"@context":"https:\/\/schema.org","@graph":[{"@type":"Article","@id":"https:\/\/portalfadesp.org.br\/?p=1938#article","isPartOf":{"@id":"https:\/\/portalfadesp.org.br\/?p=1938"},"author":{"name":"Raphael Pena","@id":"https:\/\/portalfadesp.org.br\/#\/schema\/person\/dc2908bf250f3ccb8be775027b13735e"},"headline":"CONCURSO DETRAN: provas aplicadas no domingo e gabaritos est\u00e3o dispon\u00edveis.","datePublished":"2019-04-29T15:20:28+00:00","dateModified":"2022-12-21T14:17:41+00:00","mainEntityOfPage":{"@id":"https:\/\/portalfadesp.org.br\/?p=1938"},"wordCount":245,"commentCount":0,"publisher":{"@id":"https:\/\/portalfadesp.org.br\/#organization"},"image":{"@id":"https:\/\/portalfadesp.org.br\/?p=1938#primaryimage"},"thumbnailUrl":"https:\/\/portalfadesp.org.br\/wp-content\/uploads\/2019\/01\/up_ag_29452_detran.jpg","articleSection":["Concurso"],"inLanguage":"pt-BR"},{"@type":"WebPage","@id":"https:\/\/portalfadesp.org.br\/?p=1938","url":"https:\/\/portalfadesp.org.br\/?p=1938","name":"CONCURSO DETRAN: provas aplicadas no domingo e gabaritos est\u00e3o dispon\u00edveis. - FADESP","isPartOf":{"@id":"https:\/\/portalfadesp.org.br\/#website"},"primaryImageOfPage":{"@id":"https:\/\/portalfadesp.org.br\/?p=1938#primaryimage"},"image":{"@id":"https:\/\/portalfadesp.org.br\/?p=1938#primaryimage"},"thumbnailUrl":"https:\/\/portalfadesp.org.br\/wp-content\/uploads\/2019\/01\/up_ag_29452_detran.jpg","datePublished":"2019-04-29T15:20:28+00:00","dateModified":"2022-12-21T14:17:41+00:00","breadcrumb":{"@id":"https:\/\/portalfadesp.org.br\/?p=1938#breadcrumb"},"inLanguage":"pt-BR","potentialAction":[{"@type":"ReadAction","target":["https:\/\/portalfadesp.org.br\/?p=1938"]}]},{"@type":"ImageObject","inLanguage":"pt-BR","@id":"https:\/\/portalfadesp.org.br\/?p=1938#primaryimage","url":"https:\/\/portalfadesp.org.br\/wp-content\/uploads\/2019\/01\/up_ag_29452_detran.jpg","contentUrl":"https:\/\/portalfadesp.org.br\/wp-content\/uploads\/2019\/01\/up_ag_29452_detran.jpg","width":600,"height":389},{"@type":"BreadcrumbList","@id":"https:\/\/portalfadesp.org.br\/?p=1938#breadcrumb","itemListElement":[{"@type":"ListItem","position":1,"name":"In\u00edcio","item":"https:\/\/portalfadesp.org.br\/"},{"@type":"ListItem","position":2,"name":"CONCURSO DETRAN: provas aplicadas no domingo e gabaritos est\u00e3o dispon\u00edveis."}]},{"@type":"WebSite","@id":"https:\/\/portalfadesp.org.br\/#website","url":"https:\/\/portalfadesp.org.br\/","name":"FADESP","description":"Funda\u00e7\u00e3o de Amparo e Desenvolvimento da Pesquisa","publisher":{"@id":"https:\/\/portalfadesp.org.br\/#organization"},"potentialAction":[{"@type":"SearchAction","target":{"@type":"EntryPoint","urlTemplate":"https:\/\/portalfadesp.org.br\/?s={search_term_string}"},"query-input":{"@type":"PropertyValueSpecification","valueRequired":true,"valueName":"search_term_string"}}],"inLanguage":"pt-BR"},{"@type":"Organization","@id":"https:\/\/portalfadesp.org.br\/#organization","name":"FADESP","url":"https:\/\/portalfadesp.org.br\/","logo":{"@type":"ImageObject","inLanguage":"pt-BR","@id":"https:\/\/portalfadesp.org.br\/#\/schema\/logo\/image\/","url":"https:\/\/portalfadesp.org.br\/wp-content\/uploads\/2024\/01\/NOVOLOGOFADESPlaranjaH.png","contentUrl":"https:\/\/portalfadesp.org.br\/wp-content\/uploads\/2024\/01\/NOVOLOGOFADESPlaranjaH.png","width":2742,"height":839,"caption":"FADESP"},"image":{"@id":"https:\/\/portalfadesp.org.br\/#\/schema\/logo\/image\/"},"sameAs":["https:\/\/www.facebook.com\/Fadesp-138351949524662\/","https:\/\/x.com\/Fadesp","https:\/\/www.instagram.com\/fadesp_ufpa\/","https:\/\/www.youtube.com\/@fundacaodeamparoedesenvolv1903","https:\/\/www.threads.net\/@fadesp_ufpa"]},{"@type":"Person","@id":"https:\/\/portalfadesp.org.br\/#\/schema\/person\/dc2908bf250f3ccb8be775027b13735e","name":"Raphael Pena","image":{"@type":"ImageObject","inLanguage":"pt-BR","@id":"https:\/\/portalfadesp.org.br\/#\/schema\/person\/image\/","url":"https:\/\/secure.gravatar.com\/avatar\/f6ed33c466a335cea1eeb716e9d8177b1ca19149f5fdbee566ad4873403cee8a?s=96&d=mm&r=g","contentUrl":"https:\/\/secure.gravatar.com\/avatar\/f6ed33c466a335cea1eeb716e9d8177b1ca19149f5fdbee566ad4873403cee8a?s=96&d=mm&r=g","caption":"Raphael Pena"},"url":"https:\/\/portalfadesp.org.br\/?author=9"}]}},"_links":{"self":[{"href":"https:\/\/portalfadesp.org.br\/index.php?rest_route=\/wp\/v2\/posts\/1938","targetHints":{"allow":["GET"]}}],"collection":[{"href":"https:\/\/portalfadesp.org.br\/index.php?rest_route=\/wp\/v2\/posts"}],"about":[{"href":"https:\/\/portalfadesp.org.br\/index.php?rest_route=\/wp\/v2\/types\/post"}],"author":[{"embeddable":true,"href":"https:\/\/portalfadesp.org.br\/index.php?rest_route=\/wp\/v2\/users\/9"}],"replies":[{"embeddable":true,"href":"https:\/\/portalfadesp.org.br\/index.php?rest_route=%2Fwp%2Fv2%2Fcomments&post=1938"}],"version-history":[{"count":7,"href":"https:\/\/portalfadesp.org.br\/index.php?rest_route=\/wp\/v2\/posts\/1938\/revisions"}],"predecessor-version":[{"id":38055,"href":"https:\/\/portalfadesp.org.br\/index.php?rest_route=\/wp\/v2\/posts\/1938\/revisions\/38055"}],"wp:featuredmedia":[{"embeddable":true,"href":"https:\/\/portalfadesp.org.br\/index.php?rest_route=\/wp\/v2\/media\/497"}],"wp:attachment":[{"href":"https:\/\/portalfadesp.org.br\/index.php?rest_route=%2Fwp%2Fv2%2Fmedia&parent=1938"}],"wp:term":[{"taxonomy":"category","embeddable":true,"href":"https:\/\/portalfadesp.org.br\/index.php?rest_route=%2Fwp%2Fv2%2Fcategories&post=1938"},{"taxonomy":"post_tag","embeddable":true,"href":"https:\/\/portalfadesp.org.br\/index.php?rest_route=%2Fwp%2Fv2%2Ftags&post=1938"}],"curies":[{"name":"wp","href":"https:\/\/api.w.org\/{rel}","templated":true}]}}