{"id":1927,"date":"2019-04-03T14:00:49","date_gmt":"2019-04-03T17:00:49","guid":{"rendered":"https:\/\/162.215.13.167?p=1927"},"modified":"2022-12-21T11:43:00","modified_gmt":"2022-12-21T14:43:00","slug":"sai-lista-de-inscricoes-homologadas-para-especializacao-em-treinamento-esportivo-entrevistas-dia-2","status":"publish","type":"post","link":"https:\/\/portalfadesp.org.br\/?p=1927","title":{"rendered":"Sai lista de inscri\u00e7\u00f5es homologadas para especializa\u00e7\u00e3o em Treinamento Esportivo. Entrevistas dia 2."},"content":{"rendered":"\t\t<div data-elementor-type=\"wp-post\" data-elementor-id=\"1927\" class=\"elementor elementor-1927\" data-elementor-post-type=\"post\">\n\t\t\t\t\t\t<section class=\"elementor-section elementor-top-section elementor-element elementor-element-35773d0d elementor-section-boxed elementor-section-height-default elementor-section-height-default\" data-id=\"35773d0d\" data-element_type=\"section\">\n\t\t\t\t\t\t<div class=\"elementor-container elementor-column-gap-default\">\n\t\t\t\t\t<div class=\"elementor-column elementor-col-100 elementor-top-column elementor-element elementor-element-6582b8a7\" data-id=\"6582b8a7\" data-element_type=\"column\">\n\t\t\t<div class=\"elementor-widget-wrap elementor-element-populated\">\n\t\t\t\t\t\t<div class=\"elementor-element elementor-element-4f4115aa elementor-widget elementor-widget-heading\" data-id=\"4f4115aa\" data-element_type=\"widget\" data-widget_type=\"heading.default\">\n\t\t\t\t<div class=\"elementor-widget-container\">\n\t\t\t\t\t<h2 class=\"elementor-heading-title elementor-size-default\">Sai lista de inscri\u00e7\u00f5es homologadas para especializa\u00e7\u00e3o em Treinamento Esportivo. Entrevistas dia 2.<\/h2>\t\t\t\t<\/div>\n\t\t\t\t<\/div>\n\t\t\t\t<div class=\"elementor-element elementor-element-571290dc elementor-widget elementor-widget-text-editor\" data-id=\"571290dc\" data-element_type=\"widget\" data-widget_type=\"text-editor.default\">\n\t\t\t\t<div class=\"elementor-widget-container\">\n\t\t\t\t\t\t\t\t\t<img decoding=\"async\" class=\"size-full wp-image-1928 alignright\" src=\"..\/wp-content\/uploads\/2019\/06\/up_ag_29521_campus_castanhal1.jpg\" alt=\"\" width=\"250\" height=\"163\" \/>O Campus Universit\u00e1rio de Castanhal da Universidade Federal do Par\u00e1 (UFPA) homologou a lista de inscritos na\u00a0sele\u00e7\u00e3o para a especializa\u00e7\u00e3o em Treinamento Esportivo.\u00a0Foram convocados para as entrevistas 69 pessoas, sendo que19 foram enquadrados na demanda sociial. Clique\u00a0<a id=\"c7i2X3aNEx\" title=\"Tamanho: -1KB\" href=\"https:\/\/portalfadesp.org.br\/midias\/anexos\/29521A_abril_-_ufpa_castanhal_especializacao_esportiva.pdf\" target=\"_blank\" rel=\"noopener\">AQUI<\/a>\u00a0para conferir os nomes dos pagantes e\u00a0<a id=\"c7i2X3aNEx\" title=\"Tamanho: -1KB\" href=\"https:\/\/portalfadesp.org.br\/midias\/anexos\/29521A_abril_-_ufpa_castanhal_especializacao_esportiva_cota.pdf\" target=\"_blank\" rel=\"noopener\">AQUI<\/a>\u00a0para os cotistas.\n\nAs entrevistas ser\u00e3o realizadas nesta quinta-feira, 02, na sala de reuni\u00f5es localizada no segundo piso do pr\u00e9dio administrativo do Campus de Castanhal. Os convocados foram divididos em grupos distribu\u00eddos entre as 8h30 e as 17h.\n\nOs pontos obtidos na entrevista ser\u00e3o somados aos alcan\u00e7ados na an\u00e1lise do curr\u00edculo lattes para a gera\u00e7\u00e3o da nota final de classifica\u00e7\u00e3o. O resultado ser\u00e1 divulgado \u00e0s 18h do dia 6 deste m\u00eas de maio e matr\u00edcula ser\u00e1 realizada no dia 11.\n\nO curso \u00e9 presencial e tem carga hor\u00e1ria total de 360 horas distribu\u00eddas entre disciplinas te\u00f3ricas e pr\u00e1ticas. As aulas ser\u00e3o ministradas aos s\u00e1bados, em hor\u00e1rio integral (das 8h \u00e0s 18h) e, eventualmente, aos domingos.\n\nA forma\u00e7\u00e3o \u00e9 destinada a graduados em Educa\u00e7\u00e3o F\u00edsica e Fisioterapia, mas profissionais de cursos de outras \u00e1reas da sa\u00fade, como Nutri\u00e7\u00e3o, Psicologia, Medicina, Bioqu\u00edmica, Terapia Ocupacional e afins tamb\u00e9m podem fazer.\n\nO objetivo \u00e9 formar profissionais para atua\u00e7\u00e3o no campo do treinamento, prescri\u00e7\u00e3o e aplica\u00e7\u00e3o do exerc\u00edcio para promover a melhoria do desempenho de atletas que realizam atividades competitivas.\n\nComo \u00e9 autofinanci\u00e1vel, o curso exige investimento de 18 parcelas de R$ 300,00. Servidores da UFPA e pessoas que comprovarem car\u00eancia financeira puderam se candidatar \u00e0 quota de 15 vagas. Todas as regras e calend\u00e1rio completo est\u00e3o no\u00a0<a id=\"c7i2X3aNEx\" title=\"Tamanho: -1KB\" href=\"https:\/\/portalfadesp.org.br\/midias\/anexos\/29521A_abril_-_ufpa_castanhal_especializacao_esportiva_edital.pdf\" target=\"_blank\" rel=\"noopener\">edital<\/a>.\t\t\t\t\t\t\t\t<\/div>\n\t\t\t\t<\/div>\n\t\t\t\t\t<\/div>\n\t\t<\/div>\n\t\t\t\t\t<\/div>\n\t\t<\/section>\n\t\t\t\t<\/div>\n\t\t","protected":false},"excerpt":{"rendered":"<p>Sai lista de inscri\u00e7\u00f5es homologadas para especializa\u00e7\u00e3o em Treinamento Esportivo. Entrevistas dia 2. O Campus Universit\u00e1rio de Castanhal da Universidade Federal do Par\u00e1 (UFPA) homologou a lista de inscritos na\u00a0sele\u00e7\u00e3o para a especializa\u00e7\u00e3o em Treinamento Esportivo.\u00a0Foram convocados para as entrevistas 69 pessoas, sendo que19 foram enquadrados na demanda sociial. Clique\u00a0AQUI\u00a0para conferir os nomes dos pagantes [&hellip;]<\/p>\n","protected":false},"author":9,"featured_media":1928,"comment_status":"open","ping_status":"open","sticky":false,"template":"","format":"standard","meta":{"_monsterinsights_skip_tracking":false,"_monsterinsights_sitenote_active":false,"_monsterinsights_sitenote_note":"","_monsterinsights_sitenote_category":0,"footnotes":""},"categories":[1],"tags":[],"class_list":["post-1927","post","type-post","status-publish","format-standard","has-post-thumbnail","hentry","category-geral","entry","has-media"],"yoast_head":"<!-- This site is optimized with the Yoast SEO plugin v25.1 - https:\/\/yoast.com\/wordpress\/plugins\/seo\/ -->\n<title>Sai lista de inscri\u00e7\u00f5es homologadas para especializa\u00e7\u00e3o em Treinamento Esportivo. Entrevistas dia 2. - FADESP<\/title>\n<meta name=\"robots\" content=\"index, follow, max-snippet:-1, max-image-preview:large, max-video-preview:-1\" \/>\n<link rel=\"canonical\" href=\"https:\/\/portalfadesp.org.br\/?p=1927\" \/>\n<meta property=\"og:locale\" content=\"pt_BR\" \/>\n<meta property=\"og:type\" content=\"article\" \/>\n<meta property=\"og:title\" content=\"Sai lista de inscri\u00e7\u00f5es homologadas para especializa\u00e7\u00e3o em Treinamento Esportivo. Entrevistas dia 2. - FADESP\" \/>\n<meta property=\"og:description\" content=\"Sai lista de inscri\u00e7\u00f5es homologadas para especializa\u00e7\u00e3o em Treinamento Esportivo. Entrevistas dia 2. O Campus Universit\u00e1rio de Castanhal da Universidade Federal do Par\u00e1 (UFPA) homologou a lista de inscritos na\u00a0sele\u00e7\u00e3o para a especializa\u00e7\u00e3o em Treinamento Esportivo.\u00a0Foram convocados para as entrevistas 69 pessoas, sendo que19 foram enquadrados na demanda sociial. Clique\u00a0AQUI\u00a0para conferir os nomes dos pagantes [&hellip;]\" \/>\n<meta property=\"og:url\" content=\"https:\/\/portalfadesp.org.br\/?p=1927\" \/>\n<meta property=\"og:site_name\" content=\"FADESP\" \/>\n<meta property=\"article:publisher\" content=\"https:\/\/www.facebook.com\/Fadesp-138351949524662\/\" \/>\n<meta property=\"article:published_time\" content=\"2019-04-03T17:00:49+00:00\" \/>\n<meta property=\"article:modified_time\" content=\"2022-12-21T14:43:00+00:00\" \/>\n<meta property=\"og:image\" content=\"https:\/\/portalfadesp.org.br\/wp-content\/uploads\/2019\/06\/up_ag_29521_campus_castanhal1.jpg\" \/>\n\t<meta property=\"og:image:width\" content=\"250\" \/>\n\t<meta property=\"og:image:height\" content=\"163\" \/>\n\t<meta property=\"og:image:type\" content=\"image\/jpeg\" \/>\n<meta name=\"author\" content=\"Raphael Pena\" \/>\n<meta name=\"twitter:card\" content=\"summary_large_image\" \/>\n<meta name=\"twitter:creator\" content=\"@Fadesp\" \/>\n<meta name=\"twitter:site\" content=\"@Fadesp\" \/>\n<meta name=\"twitter:label1\" content=\"Escrito por\" \/>\n\t<meta name=\"twitter:data1\" content=\"Raphael Pena\" \/>\n\t<meta name=\"twitter:label2\" content=\"Est. tempo de leitura\" \/>\n\t<meta name=\"twitter:data2\" content=\"2 minutos\" \/>\n<script type=\"application\/ld+json\" class=\"yoast-schema-graph\">{\"@context\":\"https:\/\/schema.org\",\"@graph\":[{\"@type\":\"Article\",\"@id\":\"https:\/\/portalfadesp.org.br\/?p=1927#article\",\"isPartOf\":{\"@id\":\"https:\/\/portalfadesp.org.br\/?p=1927\"},\"author\":{\"name\":\"Raphael Pena\",\"@id\":\"https:\/\/portalfadesp.org.br\/#\/schema\/person\/dc2908bf250f3ccb8be775027b13735e\"},\"headline\":\"Sai lista de inscri\u00e7\u00f5es homologadas para especializa\u00e7\u00e3o em Treinamento Esportivo. Entrevistas dia 2.\",\"datePublished\":\"2019-04-03T17:00:49+00:00\",\"dateModified\":\"2022-12-21T14:43:00+00:00\",\"mainEntityOfPage\":{\"@id\":\"https:\/\/portalfadesp.org.br\/?p=1927\"},\"wordCount\":314,\"commentCount\":0,\"publisher\":{\"@id\":\"https:\/\/portalfadesp.org.br\/#organization\"},\"image\":{\"@id\":\"https:\/\/portalfadesp.org.br\/?p=1927#primaryimage\"},\"thumbnailUrl\":\"https:\/\/portalfadesp.org.br\/wp-content\/uploads\/2019\/06\/up_ag_29521_campus_castanhal1.jpg\",\"articleSection\":[\"Geral\"],\"inLanguage\":\"pt-BR\"},{\"@type\":\"WebPage\",\"@id\":\"https:\/\/portalfadesp.org.br\/?p=1927\",\"url\":\"https:\/\/portalfadesp.org.br\/?p=1927\",\"name\":\"Sai lista de inscri\u00e7\u00f5es homologadas para especializa\u00e7\u00e3o em Treinamento Esportivo. Entrevistas dia 2. - FADESP\",\"isPartOf\":{\"@id\":\"https:\/\/portalfadesp.org.br\/#website\"},\"primaryImageOfPage\":{\"@id\":\"https:\/\/portalfadesp.org.br\/?p=1927#primaryimage\"},\"image\":{\"@id\":\"https:\/\/portalfadesp.org.br\/?p=1927#primaryimage\"},\"thumbnailUrl\":\"https:\/\/portalfadesp.org.br\/wp-content\/uploads\/2019\/06\/up_ag_29521_campus_castanhal1.jpg\",\"datePublished\":\"2019-04-03T17:00:49+00:00\",\"dateModified\":\"2022-12-21T14:43:00+00:00\",\"breadcrumb\":{\"@id\":\"https:\/\/portalfadesp.org.br\/?p=1927#breadcrumb\"},\"inLanguage\":\"pt-BR\",\"potentialAction\":[{\"@type\":\"ReadAction\",\"target\":[\"https:\/\/portalfadesp.org.br\/?p=1927\"]}]},{\"@type\":\"ImageObject\",\"inLanguage\":\"pt-BR\",\"@id\":\"https:\/\/portalfadesp.org.br\/?p=1927#primaryimage\",\"url\":\"https:\/\/portalfadesp.org.br\/wp-content\/uploads\/2019\/06\/up_ag_29521_campus_castanhal1.jpg\",\"contentUrl\":\"https:\/\/portalfadesp.org.br\/wp-content\/uploads\/2019\/06\/up_ag_29521_campus_castanhal1.jpg\",\"width\":250,\"height\":163},{\"@type\":\"BreadcrumbList\",\"@id\":\"https:\/\/portalfadesp.org.br\/?p=1927#breadcrumb\",\"itemListElement\":[{\"@type\":\"ListItem\",\"position\":1,\"name\":\"In\u00edcio\",\"item\":\"https:\/\/portalfadesp.org.br\/\"},{\"@type\":\"ListItem\",\"position\":2,\"name\":\"Sai lista de inscri\u00e7\u00f5es homologadas para especializa\u00e7\u00e3o em Treinamento Esportivo. Entrevistas dia 2.\"}]},{\"@type\":\"WebSite\",\"@id\":\"https:\/\/portalfadesp.org.br\/#website\",\"url\":\"https:\/\/portalfadesp.org.br\/\",\"name\":\"FADESP\",\"description\":\"Funda\u00e7\u00e3o de Amparo e Desenvolvimento da Pesquisa\",\"publisher\":{\"@id\":\"https:\/\/portalfadesp.org.br\/#organization\"},\"potentialAction\":[{\"@type\":\"SearchAction\",\"target\":{\"@type\":\"EntryPoint\",\"urlTemplate\":\"https:\/\/portalfadesp.org.br\/?s={search_term_string}\"},\"query-input\":{\"@type\":\"PropertyValueSpecification\",\"valueRequired\":true,\"valueName\":\"search_term_string\"}}],\"inLanguage\":\"pt-BR\"},{\"@type\":\"Organization\",\"@id\":\"https:\/\/portalfadesp.org.br\/#organization\",\"name\":\"FADESP\",\"url\":\"https:\/\/portalfadesp.org.br\/\",\"logo\":{\"@type\":\"ImageObject\",\"inLanguage\":\"pt-BR\",\"@id\":\"https:\/\/portalfadesp.org.br\/#\/schema\/logo\/image\/\",\"url\":\"https:\/\/portalfadesp.org.br\/wp-content\/uploads\/2024\/01\/NOVOLOGOFADESPlaranjaH.png\",\"contentUrl\":\"https:\/\/portalfadesp.org.br\/wp-content\/uploads\/2024\/01\/NOVOLOGOFADESPlaranjaH.png\",\"width\":2742,\"height\":839,\"caption\":\"FADESP\"},\"image\":{\"@id\":\"https:\/\/portalfadesp.org.br\/#\/schema\/logo\/image\/\"},\"sameAs\":[\"https:\/\/www.facebook.com\/Fadesp-138351949524662\/\",\"https:\/\/x.com\/Fadesp\",\"https:\/\/www.instagram.com\/fadesp_ufpa\/\",\"https:\/\/www.youtube.com\/@fundacaodeamparoedesenvolv1903\",\"https:\/\/www.threads.net\/@fadesp_ufpa\"]},{\"@type\":\"Person\",\"@id\":\"https:\/\/portalfadesp.org.br\/#\/schema\/person\/dc2908bf250f3ccb8be775027b13735e\",\"name\":\"Raphael Pena\",\"image\":{\"@type\":\"ImageObject\",\"inLanguage\":\"pt-BR\",\"@id\":\"https:\/\/portalfadesp.org.br\/#\/schema\/person\/image\/\",\"url\":\"https:\/\/secure.gravatar.com\/avatar\/f6ed33c466a335cea1eeb716e9d8177b1ca19149f5fdbee566ad4873403cee8a?s=96&d=mm&r=g\",\"contentUrl\":\"https:\/\/secure.gravatar.com\/avatar\/f6ed33c466a335cea1eeb716e9d8177b1ca19149f5fdbee566ad4873403cee8a?s=96&d=mm&r=g\",\"caption\":\"Raphael Pena\"},\"url\":\"https:\/\/portalfadesp.org.br\/?author=9\"}]}<\/script>\n<!-- \/ Yoast SEO plugin. -->","yoast_head_json":{"title":"Sai lista de inscri\u00e7\u00f5es homologadas para especializa\u00e7\u00e3o em Treinamento Esportivo. Entrevistas dia 2. - FADESP","robots":{"index":"index","follow":"follow","max-snippet":"max-snippet:-1","max-image-preview":"max-image-preview:large","max-video-preview":"max-video-preview:-1"},"canonical":"https:\/\/portalfadesp.org.br\/?p=1927","og_locale":"pt_BR","og_type":"article","og_title":"Sai lista de inscri\u00e7\u00f5es homologadas para especializa\u00e7\u00e3o em Treinamento Esportivo. Entrevistas dia 2. - FADESP","og_description":"Sai lista de inscri\u00e7\u00f5es homologadas para especializa\u00e7\u00e3o em Treinamento Esportivo. Entrevistas dia 2. O Campus Universit\u00e1rio de Castanhal da Universidade Federal do Par\u00e1 (UFPA) homologou a lista de inscritos na\u00a0sele\u00e7\u00e3o para a especializa\u00e7\u00e3o em Treinamento Esportivo.\u00a0Foram convocados para as entrevistas 69 pessoas, sendo que19 foram enquadrados na demanda sociial. Clique\u00a0AQUI\u00a0para conferir os nomes dos pagantes [&hellip;]","og_url":"https:\/\/portalfadesp.org.br\/?p=1927","og_site_name":"FADESP","article_publisher":"https:\/\/www.facebook.com\/Fadesp-138351949524662\/","article_published_time":"2019-04-03T17:00:49+00:00","article_modified_time":"2022-12-21T14:43:00+00:00","og_image":[{"width":250,"height":163,"url":"https:\/\/portalfadesp.org.br\/wp-content\/uploads\/2019\/06\/up_ag_29521_campus_castanhal1.jpg","type":"image\/jpeg"}],"author":"Raphael Pena","twitter_card":"summary_large_image","twitter_creator":"@Fadesp","twitter_site":"@Fadesp","twitter_misc":{"Escrito por":"Raphael Pena","Est. tempo de leitura":"2 minutos"},"schema":{"@context":"https:\/\/schema.org","@graph":[{"@type":"Article","@id":"https:\/\/portalfadesp.org.br\/?p=1927#article","isPartOf":{"@id":"https:\/\/portalfadesp.org.br\/?p=1927"},"author":{"name":"Raphael Pena","@id":"https:\/\/portalfadesp.org.br\/#\/schema\/person\/dc2908bf250f3ccb8be775027b13735e"},"headline":"Sai lista de inscri\u00e7\u00f5es homologadas para especializa\u00e7\u00e3o em Treinamento Esportivo. Entrevistas dia 2.","datePublished":"2019-04-03T17:00:49+00:00","dateModified":"2022-12-21T14:43:00+00:00","mainEntityOfPage":{"@id":"https:\/\/portalfadesp.org.br\/?p=1927"},"wordCount":314,"commentCount":0,"publisher":{"@id":"https:\/\/portalfadesp.org.br\/#organization"},"image":{"@id":"https:\/\/portalfadesp.org.br\/?p=1927#primaryimage"},"thumbnailUrl":"https:\/\/portalfadesp.org.br\/wp-content\/uploads\/2019\/06\/up_ag_29521_campus_castanhal1.jpg","articleSection":["Geral"],"inLanguage":"pt-BR"},{"@type":"WebPage","@id":"https:\/\/portalfadesp.org.br\/?p=1927","url":"https:\/\/portalfadesp.org.br\/?p=1927","name":"Sai lista de inscri\u00e7\u00f5es homologadas para especializa\u00e7\u00e3o em Treinamento Esportivo. Entrevistas dia 2. - FADESP","isPartOf":{"@id":"https:\/\/portalfadesp.org.br\/#website"},"primaryImageOfPage":{"@id":"https:\/\/portalfadesp.org.br\/?p=1927#primaryimage"},"image":{"@id":"https:\/\/portalfadesp.org.br\/?p=1927#primaryimage"},"thumbnailUrl":"https:\/\/portalfadesp.org.br\/wp-content\/uploads\/2019\/06\/up_ag_29521_campus_castanhal1.jpg","datePublished":"2019-04-03T17:00:49+00:00","dateModified":"2022-12-21T14:43:00+00:00","breadcrumb":{"@id":"https:\/\/portalfadesp.org.br\/?p=1927#breadcrumb"},"inLanguage":"pt-BR","potentialAction":[{"@type":"ReadAction","target":["https:\/\/portalfadesp.org.br\/?p=1927"]}]},{"@type":"ImageObject","inLanguage":"pt-BR","@id":"https:\/\/portalfadesp.org.br\/?p=1927#primaryimage","url":"https:\/\/portalfadesp.org.br\/wp-content\/uploads\/2019\/06\/up_ag_29521_campus_castanhal1.jpg","contentUrl":"https:\/\/portalfadesp.org.br\/wp-content\/uploads\/2019\/06\/up_ag_29521_campus_castanhal1.jpg","width":250,"height":163},{"@type":"BreadcrumbList","@id":"https:\/\/portalfadesp.org.br\/?p=1927#breadcrumb","itemListElement":[{"@type":"ListItem","position":1,"name":"In\u00edcio","item":"https:\/\/portalfadesp.org.br\/"},{"@type":"ListItem","position":2,"name":"Sai lista de inscri\u00e7\u00f5es homologadas para especializa\u00e7\u00e3o em Treinamento Esportivo. Entrevistas dia 2."}]},{"@type":"WebSite","@id":"https:\/\/portalfadesp.org.br\/#website","url":"https:\/\/portalfadesp.org.br\/","name":"FADESP","description":"Funda\u00e7\u00e3o de Amparo e Desenvolvimento da Pesquisa","publisher":{"@id":"https:\/\/portalfadesp.org.br\/#organization"},"potentialAction":[{"@type":"SearchAction","target":{"@type":"EntryPoint","urlTemplate":"https:\/\/portalfadesp.org.br\/?s={search_term_string}"},"query-input":{"@type":"PropertyValueSpecification","valueRequired":true,"valueName":"search_term_string"}}],"inLanguage":"pt-BR"},{"@type":"Organization","@id":"https:\/\/portalfadesp.org.br\/#organization","name":"FADESP","url":"https:\/\/portalfadesp.org.br\/","logo":{"@type":"ImageObject","inLanguage":"pt-BR","@id":"https:\/\/portalfadesp.org.br\/#\/schema\/logo\/image\/","url":"https:\/\/portalfadesp.org.br\/wp-content\/uploads\/2024\/01\/NOVOLOGOFADESPlaranjaH.png","contentUrl":"https:\/\/portalfadesp.org.br\/wp-content\/uploads\/2024\/01\/NOVOLOGOFADESPlaranjaH.png","width":2742,"height":839,"caption":"FADESP"},"image":{"@id":"https:\/\/portalfadesp.org.br\/#\/schema\/logo\/image\/"},"sameAs":["https:\/\/www.facebook.com\/Fadesp-138351949524662\/","https:\/\/x.com\/Fadesp","https:\/\/www.instagram.com\/fadesp_ufpa\/","https:\/\/www.youtube.com\/@fundacaodeamparoedesenvolv1903","https:\/\/www.threads.net\/@fadesp_ufpa"]},{"@type":"Person","@id":"https:\/\/portalfadesp.org.br\/#\/schema\/person\/dc2908bf250f3ccb8be775027b13735e","name":"Raphael Pena","image":{"@type":"ImageObject","inLanguage":"pt-BR","@id":"https:\/\/portalfadesp.org.br\/#\/schema\/person\/image\/","url":"https:\/\/secure.gravatar.com\/avatar\/f6ed33c466a335cea1eeb716e9d8177b1ca19149f5fdbee566ad4873403cee8a?s=96&d=mm&r=g","contentUrl":"https:\/\/secure.gravatar.com\/avatar\/f6ed33c466a335cea1eeb716e9d8177b1ca19149f5fdbee566ad4873403cee8a?s=96&d=mm&r=g","caption":"Raphael Pena"},"url":"https:\/\/portalfadesp.org.br\/?author=9"}]}},"_links":{"self":[{"href":"https:\/\/portalfadesp.org.br\/index.php?rest_route=\/wp\/v2\/posts\/1927","targetHints":{"allow":["GET"]}}],"collection":[{"href":"https:\/\/portalfadesp.org.br\/index.php?rest_route=\/wp\/v2\/posts"}],"about":[{"href":"https:\/\/portalfadesp.org.br\/index.php?rest_route=\/wp\/v2\/types\/post"}],"author":[{"embeddable":true,"href":"https:\/\/portalfadesp.org.br\/index.php?rest_route=\/wp\/v2\/users\/9"}],"replies":[{"embeddable":true,"href":"https:\/\/portalfadesp.org.br\/index.php?rest_route=%2Fwp%2Fv2%2Fcomments&post=1927"}],"version-history":[{"count":7,"href":"https:\/\/portalfadesp.org.br\/index.php?rest_route=\/wp\/v2\/posts\/1927\/revisions"}],"predecessor-version":[{"id":38102,"href":"https:\/\/portalfadesp.org.br\/index.php?rest_route=\/wp\/v2\/posts\/1927\/revisions\/38102"}],"wp:featuredmedia":[{"embeddable":true,"href":"https:\/\/portalfadesp.org.br\/index.php?rest_route=\/wp\/v2\/media\/1928"}],"wp:attachment":[{"href":"https:\/\/portalfadesp.org.br\/index.php?rest_route=%2Fwp%2Fv2%2Fmedia&parent=1927"}],"wp:term":[{"taxonomy":"category","embeddable":true,"href":"https:\/\/portalfadesp.org.br\/index.php?rest_route=%2Fwp%2Fv2%2Fcategories&post=1927"},{"taxonomy":"post_tag","embeddable":true,"href":"https:\/\/portalfadesp.org.br\/index.php?rest_route=%2Fwp%2Fv2%2Ftags&post=1927"}],"curies":[{"name":"wp","href":"https:\/\/api.w.org\/{rel}","templated":true}]}}