{"id":1902,"date":"2019-05-07T12:04:02","date_gmt":"2019-05-07T15:04:02","guid":{"rendered":"https:\/\/162.215.13.167?p=1902"},"modified":"2022-12-21T11:11:31","modified_gmt":"2022-12-21T14:11:31","slug":"instituto-de-ciencias-da-saude-da-ufpa-seleciona-para-a-especializacao-em-alimentacao-escolar","status":"publish","type":"post","link":"https:\/\/portalfadesp.org.br\/?p=1902","title":{"rendered":"Instituto de Ci\u00eancias da Sa\u00fade da UFPA seleciona para a especializa\u00e7\u00e3o em Alimenta\u00e7\u00e3o Escolar."},"content":{"rendered":"\t\t<div data-elementor-type=\"wp-post\" data-elementor-id=\"1902\" class=\"elementor elementor-1902\" data-elementor-post-type=\"post\">\n\t\t\t\t\t\t<section class=\"elementor-section elementor-top-section elementor-element elementor-element-658ee265 elementor-section-boxed elementor-section-height-default elementor-section-height-default\" data-id=\"658ee265\" data-element_type=\"section\">\n\t\t\t\t\t\t<div class=\"elementor-container elementor-column-gap-default\">\n\t\t\t\t\t<div class=\"elementor-column elementor-col-100 elementor-top-column elementor-element elementor-element-57f377f4\" data-id=\"57f377f4\" data-element_type=\"column\">\n\t\t\t<div class=\"elementor-widget-wrap elementor-element-populated\">\n\t\t\t\t\t\t<div class=\"elementor-element elementor-element-794c272 elementor-widget elementor-widget-heading\" data-id=\"794c272\" data-element_type=\"widget\" data-widget_type=\"heading.default\">\n\t\t\t\t<div class=\"elementor-widget-container\">\n\t\t\t\t\t<h2 class=\"elementor-heading-title elementor-size-default\">Instituto de Ci\u00eancias da Sa\u00fade da UFPA seleciona para a especializa\u00e7\u00e3o em Alimenta\u00e7\u00e3o Escolar.<\/h2>\t\t\t\t<\/div>\n\t\t\t\t<\/div>\n\t\t\t\t<div class=\"elementor-element elementor-element-49834149 elementor-widget elementor-widget-text-editor\" data-id=\"49834149\" data-element_type=\"widget\" data-widget_type=\"text-editor.default\">\n\t\t\t\t<div class=\"elementor-widget-container\">\n\t\t\t\t\t\t\t\t\t<p><img decoding=\"async\" class=\"size-full wp-image-1903 alignright\" src=\"..\/wp-content\/uploads\/2019\/06\/up_ag_29527_2019_-_maio_especializacao_alimentacao_escolar.jpg\" alt=\"\" width=\"250\" height=\"195\" \/>O Instituto de Ci\u00eancias da Sa\u00fade da Universidade Federal do Par\u00e1 (ICS\/UFPA) abriu sele\u00e7\u00e3o para a especializa\u00e7\u00e3o em Alimenta\u00e7\u00e3o Escolar. As 45 vagas s\u00e3o para graduados em Nutri\u00e7\u00e3o, sendo 30% delas destinadas \u00e0 demanda social. A inscri\u00e7\u00e3o \u00e9 realizada atrav\u00e9s da \u00e1rea de cursos aqui do <a href=\"http:\/\/cursos.fadesp.org.br\/mostraturma.asp?turma=749*0*1*1\/19\" target=\"_blank\" rel=\"noopener\">site da FADESP<\/a>.<\/p><p>O curso tem carga hor\u00e1ria de 430 horas e formar\u00e1 profissionais para atua\u00e7\u00e3o no planejamento, na gest\u00e3o e na execu\u00e7\u00e3o de a\u00e7\u00f5es do Programa Nacional de Alimenta\u00e7\u00e3o Escolar. A coordena\u00e7\u00e3o \u00e9 da professora da UFPA, Rosa Maria Dias, doutora em Doen\u00e7as Tropicais.<\/p><p>Podem se inscrever os graduados ou concluintes do \u00faltimo semestre de Nutri\u00e7\u00e3o. Servidores da UFPA e pessoas que comprovarem baixa renda poder\u00e3o se candidatar \u00e0 reserva de vagas para a demanda social. As regras est\u00e3o no <a href=\"http:\/\/cursos.fadesp.org.br\/ARQUIVOS\/ED4104.PDF\" target=\"_blank\" rel=\"noopener\">edital.<\/a><\/p><p><img fetchpriority=\"high\" decoding=\"async\" class=\"size-full wp-image-1904 alignright\" src=\"..\/wp-content\/uploads\/2019\/06\/up_ag_29527_2019_-_manual_de_inscricao_nos_cursos_de_pos.jpg\" alt=\"\" width=\"250\" height=\"200\" \/>As inscri\u00e7\u00f5es ser\u00e3o realizadas at\u00e9 o dia 30 de junho. O primeiro passo \u00e9 fazer o cadastro no site da FADESP, emitir e pagar o boleto da taxa de inscri\u00e7\u00e3o de R$ 150,00. Em seguida, deve-se entregar a documenta\u00e7\u00e3o exigida no <a href=\"http:\/\/cursos.fadesp.org.br\/ARQUIVOS\/ED4104.PDF\" target=\"_blank\" rel=\"noopener\">edital<\/a>, na secretaria do PPGLS do ICS\/UFPA, localizada na avenida General\u00edssimo Deodoro, em Bel\u00e9m.<\/p><p>A sele\u00e7\u00e3o ter\u00e1 tr\u00eas etapas (entrega de documentos, avalia\u00e7\u00e3o do hist\u00f3rico escolar e do curriculum vitae). As duas primeiras s\u00e3o eliminat\u00f3rias e a \u00faltima \u00e9 classificat\u00f3ria. As inscri\u00e7\u00f5es homologadas ser\u00e3o divulgadas no dia 3 de julho e o resultado final est\u00e1 previsto para 8 do mesmo m\u00eas. As aulas come\u00e7ar\u00e3o em julho.<\/p><p>Para tirar d\u00favidas, o candidato deve ligar para os telefones (91) 3201-6843\/3201-6810\/3201-6852, das 13h \u00e0s 17h. Tamb\u00e9m pode acessar o site <a href=\"http:\/\/www.cecane.ufpa.br\/\" target=\"_blank\" rel=\"noopener\">www.cecane.ufpa.br<\/a>.<\/p>\t\t\t\t\t\t\t\t<\/div>\n\t\t\t\t<\/div>\n\t\t\t\t\t<\/div>\n\t\t<\/div>\n\t\t\t\t\t<\/div>\n\t\t<\/section>\n\t\t\t\t<\/div>\n\t\t","protected":false},"excerpt":{"rendered":"<p>Instituto de Ci\u00eancias da Sa\u00fade da UFPA seleciona para a especializa\u00e7\u00e3o em Alimenta\u00e7\u00e3o Escolar. O Instituto de Ci\u00eancias da Sa\u00fade da Universidade Federal do Par\u00e1 (ICS\/UFPA) abriu sele\u00e7\u00e3o para a especializa\u00e7\u00e3o em Alimenta\u00e7\u00e3o Escolar. As 45 vagas s\u00e3o para graduados em Nutri\u00e7\u00e3o, sendo 30% delas destinadas \u00e0 demanda social. A inscri\u00e7\u00e3o \u00e9 realizada atrav\u00e9s da [&hellip;]<\/p>\n","protected":false},"author":9,"featured_media":1903,"comment_status":"open","ping_status":"open","sticky":false,"template":"","format":"standard","meta":{"_monsterinsights_skip_tracking":false,"_monsterinsights_sitenote_active":false,"_monsterinsights_sitenote_note":"","_monsterinsights_sitenote_category":0,"footnotes":""},"categories":[1],"tags":[],"class_list":["post-1902","post","type-post","status-publish","format-standard","has-post-thumbnail","hentry","category-geral","entry","has-media"],"yoast_head":"<!-- This site is optimized with the Yoast SEO plugin v25.1 - https:\/\/yoast.com\/wordpress\/plugins\/seo\/ -->\n<title>Instituto de Ci\u00eancias da Sa\u00fade da UFPA seleciona para a especializa\u00e7\u00e3o em Alimenta\u00e7\u00e3o Escolar. - FADESP<\/title>\n<meta name=\"robots\" content=\"index, follow, max-snippet:-1, max-image-preview:large, max-video-preview:-1\" \/>\n<link rel=\"canonical\" href=\"https:\/\/portalfadesp.org.br\/?p=1902\" \/>\n<meta property=\"og:locale\" content=\"pt_BR\" \/>\n<meta property=\"og:type\" content=\"article\" \/>\n<meta property=\"og:title\" content=\"Instituto de Ci\u00eancias da Sa\u00fade da UFPA seleciona para a especializa\u00e7\u00e3o em Alimenta\u00e7\u00e3o Escolar. - FADESP\" \/>\n<meta property=\"og:description\" content=\"Instituto de Ci\u00eancias da Sa\u00fade da UFPA seleciona para a especializa\u00e7\u00e3o em Alimenta\u00e7\u00e3o Escolar. O Instituto de Ci\u00eancias da Sa\u00fade da Universidade Federal do Par\u00e1 (ICS\/UFPA) abriu sele\u00e7\u00e3o para a especializa\u00e7\u00e3o em Alimenta\u00e7\u00e3o Escolar. As 45 vagas s\u00e3o para graduados em Nutri\u00e7\u00e3o, sendo 30% delas destinadas \u00e0 demanda social. A inscri\u00e7\u00e3o \u00e9 realizada atrav\u00e9s da [&hellip;]\" \/>\n<meta property=\"og:url\" content=\"https:\/\/portalfadesp.org.br\/?p=1902\" \/>\n<meta property=\"og:site_name\" content=\"FADESP\" \/>\n<meta property=\"article:publisher\" content=\"https:\/\/www.facebook.com\/Fadesp-138351949524662\/\" \/>\n<meta property=\"article:published_time\" content=\"2019-05-07T15:04:02+00:00\" \/>\n<meta property=\"article:modified_time\" content=\"2022-12-21T14:11:31+00:00\" \/>\n<meta property=\"og:image\" content=\"https:\/\/portalfadesp.org.br\/wp-content\/uploads\/2019\/06\/up_ag_29527_2019_-_maio_especializacao_alimentacao_escolar.jpg\" \/>\n\t<meta property=\"og:image:width\" content=\"250\" \/>\n\t<meta property=\"og:image:height\" content=\"195\" \/>\n\t<meta property=\"og:image:type\" content=\"image\/jpeg\" \/>\n<meta name=\"author\" content=\"Raphael Pena\" \/>\n<meta name=\"twitter:card\" content=\"summary_large_image\" \/>\n<meta name=\"twitter:creator\" content=\"@Fadesp\" \/>\n<meta name=\"twitter:site\" content=\"@Fadesp\" \/>\n<meta name=\"twitter:label1\" content=\"Escrito por\" \/>\n\t<meta name=\"twitter:data1\" content=\"Raphael Pena\" \/>\n\t<meta name=\"twitter:label2\" content=\"Est. tempo de leitura\" \/>\n\t<meta name=\"twitter:data2\" content=\"2 minutos\" \/>\n<script type=\"application\/ld+json\" class=\"yoast-schema-graph\">{\"@context\":\"https:\/\/schema.org\",\"@graph\":[{\"@type\":\"Article\",\"@id\":\"https:\/\/portalfadesp.org.br\/?p=1902#article\",\"isPartOf\":{\"@id\":\"https:\/\/portalfadesp.org.br\/?p=1902\"},\"author\":{\"name\":\"Raphael Pena\",\"@id\":\"https:\/\/portalfadesp.org.br\/#\/schema\/person\/dc2908bf250f3ccb8be775027b13735e\"},\"headline\":\"Instituto de Ci\u00eancias da Sa\u00fade da UFPA seleciona para a especializa\u00e7\u00e3o em Alimenta\u00e7\u00e3o Escolar.\",\"datePublished\":\"2019-05-07T15:04:02+00:00\",\"dateModified\":\"2022-12-21T14:11:31+00:00\",\"mainEntityOfPage\":{\"@id\":\"https:\/\/portalfadesp.org.br\/?p=1902\"},\"wordCount\":326,\"commentCount\":0,\"publisher\":{\"@id\":\"https:\/\/portalfadesp.org.br\/#organization\"},\"image\":{\"@id\":\"https:\/\/portalfadesp.org.br\/?p=1902#primaryimage\"},\"thumbnailUrl\":\"https:\/\/portalfadesp.org.br\/wp-content\/uploads\/2019\/06\/up_ag_29527_2019_-_maio_especializacao_alimentacao_escolar.jpg\",\"articleSection\":[\"Geral\"],\"inLanguage\":\"pt-BR\"},{\"@type\":\"WebPage\",\"@id\":\"https:\/\/portalfadesp.org.br\/?p=1902\",\"url\":\"https:\/\/portalfadesp.org.br\/?p=1902\",\"name\":\"Instituto de Ci\u00eancias da Sa\u00fade da UFPA seleciona para a especializa\u00e7\u00e3o em Alimenta\u00e7\u00e3o Escolar. - FADESP\",\"isPartOf\":{\"@id\":\"https:\/\/portalfadesp.org.br\/#website\"},\"primaryImageOfPage\":{\"@id\":\"https:\/\/portalfadesp.org.br\/?p=1902#primaryimage\"},\"image\":{\"@id\":\"https:\/\/portalfadesp.org.br\/?p=1902#primaryimage\"},\"thumbnailUrl\":\"https:\/\/portalfadesp.org.br\/wp-content\/uploads\/2019\/06\/up_ag_29527_2019_-_maio_especializacao_alimentacao_escolar.jpg\",\"datePublished\":\"2019-05-07T15:04:02+00:00\",\"dateModified\":\"2022-12-21T14:11:31+00:00\",\"breadcrumb\":{\"@id\":\"https:\/\/portalfadesp.org.br\/?p=1902#breadcrumb\"},\"inLanguage\":\"pt-BR\",\"potentialAction\":[{\"@type\":\"ReadAction\",\"target\":[\"https:\/\/portalfadesp.org.br\/?p=1902\"]}]},{\"@type\":\"ImageObject\",\"inLanguage\":\"pt-BR\",\"@id\":\"https:\/\/portalfadesp.org.br\/?p=1902#primaryimage\",\"url\":\"https:\/\/portalfadesp.org.br\/wp-content\/uploads\/2019\/06\/up_ag_29527_2019_-_maio_especializacao_alimentacao_escolar.jpg\",\"contentUrl\":\"https:\/\/portalfadesp.org.br\/wp-content\/uploads\/2019\/06\/up_ag_29527_2019_-_maio_especializacao_alimentacao_escolar.jpg\",\"width\":250,\"height\":195},{\"@type\":\"BreadcrumbList\",\"@id\":\"https:\/\/portalfadesp.org.br\/?p=1902#breadcrumb\",\"itemListElement\":[{\"@type\":\"ListItem\",\"position\":1,\"name\":\"In\u00edcio\",\"item\":\"https:\/\/portalfadesp.org.br\/\"},{\"@type\":\"ListItem\",\"position\":2,\"name\":\"Instituto de Ci\u00eancias da Sa\u00fade da UFPA seleciona para a especializa\u00e7\u00e3o em Alimenta\u00e7\u00e3o Escolar.\"}]},{\"@type\":\"WebSite\",\"@id\":\"https:\/\/portalfadesp.org.br\/#website\",\"url\":\"https:\/\/portalfadesp.org.br\/\",\"name\":\"FADESP\",\"description\":\"Funda\u00e7\u00e3o de Amparo e Desenvolvimento da Pesquisa\",\"publisher\":{\"@id\":\"https:\/\/portalfadesp.org.br\/#organization\"},\"potentialAction\":[{\"@type\":\"SearchAction\",\"target\":{\"@type\":\"EntryPoint\",\"urlTemplate\":\"https:\/\/portalfadesp.org.br\/?s={search_term_string}\"},\"query-input\":{\"@type\":\"PropertyValueSpecification\",\"valueRequired\":true,\"valueName\":\"search_term_string\"}}],\"inLanguage\":\"pt-BR\"},{\"@type\":\"Organization\",\"@id\":\"https:\/\/portalfadesp.org.br\/#organization\",\"name\":\"FADESP\",\"url\":\"https:\/\/portalfadesp.org.br\/\",\"logo\":{\"@type\":\"ImageObject\",\"inLanguage\":\"pt-BR\",\"@id\":\"https:\/\/portalfadesp.org.br\/#\/schema\/logo\/image\/\",\"url\":\"https:\/\/portalfadesp.org.br\/wp-content\/uploads\/2024\/01\/NOVOLOGOFADESPlaranjaH.png\",\"contentUrl\":\"https:\/\/portalfadesp.org.br\/wp-content\/uploads\/2024\/01\/NOVOLOGOFADESPlaranjaH.png\",\"width\":2742,\"height\":839,\"caption\":\"FADESP\"},\"image\":{\"@id\":\"https:\/\/portalfadesp.org.br\/#\/schema\/logo\/image\/\"},\"sameAs\":[\"https:\/\/www.facebook.com\/Fadesp-138351949524662\/\",\"https:\/\/x.com\/Fadesp\",\"https:\/\/www.instagram.com\/fadesp_ufpa\/\",\"https:\/\/www.youtube.com\/@fundacaodeamparoedesenvolv1903\",\"https:\/\/www.threads.net\/@fadesp_ufpa\"]},{\"@type\":\"Person\",\"@id\":\"https:\/\/portalfadesp.org.br\/#\/schema\/person\/dc2908bf250f3ccb8be775027b13735e\",\"name\":\"Raphael Pena\",\"image\":{\"@type\":\"ImageObject\",\"inLanguage\":\"pt-BR\",\"@id\":\"https:\/\/portalfadesp.org.br\/#\/schema\/person\/image\/\",\"url\":\"https:\/\/secure.gravatar.com\/avatar\/f6ed33c466a335cea1eeb716e9d8177b1ca19149f5fdbee566ad4873403cee8a?s=96&d=mm&r=g\",\"contentUrl\":\"https:\/\/secure.gravatar.com\/avatar\/f6ed33c466a335cea1eeb716e9d8177b1ca19149f5fdbee566ad4873403cee8a?s=96&d=mm&r=g\",\"caption\":\"Raphael Pena\"},\"url\":\"https:\/\/portalfadesp.org.br\/?author=9\"}]}<\/script>\n<!-- \/ Yoast SEO plugin. -->","yoast_head_json":{"title":"Instituto de Ci\u00eancias da Sa\u00fade da UFPA seleciona para a especializa\u00e7\u00e3o em Alimenta\u00e7\u00e3o Escolar. - FADESP","robots":{"index":"index","follow":"follow","max-snippet":"max-snippet:-1","max-image-preview":"max-image-preview:large","max-video-preview":"max-video-preview:-1"},"canonical":"https:\/\/portalfadesp.org.br\/?p=1902","og_locale":"pt_BR","og_type":"article","og_title":"Instituto de Ci\u00eancias da Sa\u00fade da UFPA seleciona para a especializa\u00e7\u00e3o em Alimenta\u00e7\u00e3o Escolar. - FADESP","og_description":"Instituto de Ci\u00eancias da Sa\u00fade da UFPA seleciona para a especializa\u00e7\u00e3o em Alimenta\u00e7\u00e3o Escolar. O Instituto de Ci\u00eancias da Sa\u00fade da Universidade Federal do Par\u00e1 (ICS\/UFPA) abriu sele\u00e7\u00e3o para a especializa\u00e7\u00e3o em Alimenta\u00e7\u00e3o Escolar. As 45 vagas s\u00e3o para graduados em Nutri\u00e7\u00e3o, sendo 30% delas destinadas \u00e0 demanda social. A inscri\u00e7\u00e3o \u00e9 realizada atrav\u00e9s da [&hellip;]","og_url":"https:\/\/portalfadesp.org.br\/?p=1902","og_site_name":"FADESP","article_publisher":"https:\/\/www.facebook.com\/Fadesp-138351949524662\/","article_published_time":"2019-05-07T15:04:02+00:00","article_modified_time":"2022-12-21T14:11:31+00:00","og_image":[{"width":250,"height":195,"url":"https:\/\/portalfadesp.org.br\/wp-content\/uploads\/2019\/06\/up_ag_29527_2019_-_maio_especializacao_alimentacao_escolar.jpg","type":"image\/jpeg"}],"author":"Raphael Pena","twitter_card":"summary_large_image","twitter_creator":"@Fadesp","twitter_site":"@Fadesp","twitter_misc":{"Escrito por":"Raphael Pena","Est. tempo de leitura":"2 minutos"},"schema":{"@context":"https:\/\/schema.org","@graph":[{"@type":"Article","@id":"https:\/\/portalfadesp.org.br\/?p=1902#article","isPartOf":{"@id":"https:\/\/portalfadesp.org.br\/?p=1902"},"author":{"name":"Raphael Pena","@id":"https:\/\/portalfadesp.org.br\/#\/schema\/person\/dc2908bf250f3ccb8be775027b13735e"},"headline":"Instituto de Ci\u00eancias da Sa\u00fade da UFPA seleciona para a especializa\u00e7\u00e3o em Alimenta\u00e7\u00e3o Escolar.","datePublished":"2019-05-07T15:04:02+00:00","dateModified":"2022-12-21T14:11:31+00:00","mainEntityOfPage":{"@id":"https:\/\/portalfadesp.org.br\/?p=1902"},"wordCount":326,"commentCount":0,"publisher":{"@id":"https:\/\/portalfadesp.org.br\/#organization"},"image":{"@id":"https:\/\/portalfadesp.org.br\/?p=1902#primaryimage"},"thumbnailUrl":"https:\/\/portalfadesp.org.br\/wp-content\/uploads\/2019\/06\/up_ag_29527_2019_-_maio_especializacao_alimentacao_escolar.jpg","articleSection":["Geral"],"inLanguage":"pt-BR"},{"@type":"WebPage","@id":"https:\/\/portalfadesp.org.br\/?p=1902","url":"https:\/\/portalfadesp.org.br\/?p=1902","name":"Instituto de Ci\u00eancias da Sa\u00fade da UFPA seleciona para a especializa\u00e7\u00e3o em Alimenta\u00e7\u00e3o Escolar. - FADESP","isPartOf":{"@id":"https:\/\/portalfadesp.org.br\/#website"},"primaryImageOfPage":{"@id":"https:\/\/portalfadesp.org.br\/?p=1902#primaryimage"},"image":{"@id":"https:\/\/portalfadesp.org.br\/?p=1902#primaryimage"},"thumbnailUrl":"https:\/\/portalfadesp.org.br\/wp-content\/uploads\/2019\/06\/up_ag_29527_2019_-_maio_especializacao_alimentacao_escolar.jpg","datePublished":"2019-05-07T15:04:02+00:00","dateModified":"2022-12-21T14:11:31+00:00","breadcrumb":{"@id":"https:\/\/portalfadesp.org.br\/?p=1902#breadcrumb"},"inLanguage":"pt-BR","potentialAction":[{"@type":"ReadAction","target":["https:\/\/portalfadesp.org.br\/?p=1902"]}]},{"@type":"ImageObject","inLanguage":"pt-BR","@id":"https:\/\/portalfadesp.org.br\/?p=1902#primaryimage","url":"https:\/\/portalfadesp.org.br\/wp-content\/uploads\/2019\/06\/up_ag_29527_2019_-_maio_especializacao_alimentacao_escolar.jpg","contentUrl":"https:\/\/portalfadesp.org.br\/wp-content\/uploads\/2019\/06\/up_ag_29527_2019_-_maio_especializacao_alimentacao_escolar.jpg","width":250,"height":195},{"@type":"BreadcrumbList","@id":"https:\/\/portalfadesp.org.br\/?p=1902#breadcrumb","itemListElement":[{"@type":"ListItem","position":1,"name":"In\u00edcio","item":"https:\/\/portalfadesp.org.br\/"},{"@type":"ListItem","position":2,"name":"Instituto de Ci\u00eancias da Sa\u00fade da UFPA seleciona para a especializa\u00e7\u00e3o em Alimenta\u00e7\u00e3o Escolar."}]},{"@type":"WebSite","@id":"https:\/\/portalfadesp.org.br\/#website","url":"https:\/\/portalfadesp.org.br\/","name":"FADESP","description":"Funda\u00e7\u00e3o de Amparo e Desenvolvimento da Pesquisa","publisher":{"@id":"https:\/\/portalfadesp.org.br\/#organization"},"potentialAction":[{"@type":"SearchAction","target":{"@type":"EntryPoint","urlTemplate":"https:\/\/portalfadesp.org.br\/?s={search_term_string}"},"query-input":{"@type":"PropertyValueSpecification","valueRequired":true,"valueName":"search_term_string"}}],"inLanguage":"pt-BR"},{"@type":"Organization","@id":"https:\/\/portalfadesp.org.br\/#organization","name":"FADESP","url":"https:\/\/portalfadesp.org.br\/","logo":{"@type":"ImageObject","inLanguage":"pt-BR","@id":"https:\/\/portalfadesp.org.br\/#\/schema\/logo\/image\/","url":"https:\/\/portalfadesp.org.br\/wp-content\/uploads\/2024\/01\/NOVOLOGOFADESPlaranjaH.png","contentUrl":"https:\/\/portalfadesp.org.br\/wp-content\/uploads\/2024\/01\/NOVOLOGOFADESPlaranjaH.png","width":2742,"height":839,"caption":"FADESP"},"image":{"@id":"https:\/\/portalfadesp.org.br\/#\/schema\/logo\/image\/"},"sameAs":["https:\/\/www.facebook.com\/Fadesp-138351949524662\/","https:\/\/x.com\/Fadesp","https:\/\/www.instagram.com\/fadesp_ufpa\/","https:\/\/www.youtube.com\/@fundacaodeamparoedesenvolv1903","https:\/\/www.threads.net\/@fadesp_ufpa"]},{"@type":"Person","@id":"https:\/\/portalfadesp.org.br\/#\/schema\/person\/dc2908bf250f3ccb8be775027b13735e","name":"Raphael Pena","image":{"@type":"ImageObject","inLanguage":"pt-BR","@id":"https:\/\/portalfadesp.org.br\/#\/schema\/person\/image\/","url":"https:\/\/secure.gravatar.com\/avatar\/f6ed33c466a335cea1eeb716e9d8177b1ca19149f5fdbee566ad4873403cee8a?s=96&d=mm&r=g","contentUrl":"https:\/\/secure.gravatar.com\/avatar\/f6ed33c466a335cea1eeb716e9d8177b1ca19149f5fdbee566ad4873403cee8a?s=96&d=mm&r=g","caption":"Raphael Pena"},"url":"https:\/\/portalfadesp.org.br\/?author=9"}]}},"_links":{"self":[{"href":"https:\/\/portalfadesp.org.br\/index.php?rest_route=\/wp\/v2\/posts\/1902","targetHints":{"allow":["GET"]}}],"collection":[{"href":"https:\/\/portalfadesp.org.br\/index.php?rest_route=\/wp\/v2\/posts"}],"about":[{"href":"https:\/\/portalfadesp.org.br\/index.php?rest_route=\/wp\/v2\/types\/post"}],"author":[{"embeddable":true,"href":"https:\/\/portalfadesp.org.br\/index.php?rest_route=\/wp\/v2\/users\/9"}],"replies":[{"embeddable":true,"href":"https:\/\/portalfadesp.org.br\/index.php?rest_route=%2Fwp%2Fv2%2Fcomments&post=1902"}],"version-history":[{"count":6,"href":"https:\/\/portalfadesp.org.br\/index.php?rest_route=\/wp\/v2\/posts\/1902\/revisions"}],"predecessor-version":[{"id":38034,"href":"https:\/\/portalfadesp.org.br\/index.php?rest_route=\/wp\/v2\/posts\/1902\/revisions\/38034"}],"wp:featuredmedia":[{"embeddable":true,"href":"https:\/\/portalfadesp.org.br\/index.php?rest_route=\/wp\/v2\/media\/1903"}],"wp:attachment":[{"href":"https:\/\/portalfadesp.org.br\/index.php?rest_route=%2Fwp%2Fv2%2Fmedia&parent=1902"}],"wp:term":[{"taxonomy":"category","embeddable":true,"href":"https:\/\/portalfadesp.org.br\/index.php?rest_route=%2Fwp%2Fv2%2Fcategories&post=1902"},{"taxonomy":"post_tag","embeddable":true,"href":"https:\/\/portalfadesp.org.br\/index.php?rest_route=%2Fwp%2Fv2%2Ftags&post=1902"}],"curies":[{"name":"wp","href":"https:\/\/api.w.org\/{rel}","templated":true}]}}