{"id":1889,"date":"2019-05-08T10:32:17","date_gmt":"2019-05-08T13:32:17","guid":{"rendered":"https:\/\/162.215.13.167?p=1889"},"modified":"2022-12-21T10:56:31","modified_gmt":"2022-12-21T13:56:31","slug":"segunda-etapa-do-concurso-do-detran-para-agente-de-fiscalizacao-de-transito-sera-nos-dias-18-e-19","status":"publish","type":"post","link":"https:\/\/portalfadesp.org.br\/?p=1889","title":{"rendered":"Segunda etapa do concurso do DETRAN para Agente de Fiscaliza\u00e7\u00e3o de Tr\u00e2nsito ser\u00e1 nos dias 18 e 19."},"content":{"rendered":"<h2>Segunda etapa do concurso do DETRAN para Agente de Fiscaliza\u00e7\u00e3o de Tr\u00e2nsito ser\u00e1 nos dias 18 e 19.<\/h2>\n<p><img decoding=\"async\" src=\"..\/wp-content\/uploads\/2019\/06\/up_ag_29545_detran.jpg\" alt=\"\" width=\"250\" height=\"162\" \/><\/p>\n<p>Candidatos ao cargo de Agente de Fiscaliza\u00e7\u00e3o de Tr\u00e2nsito classificados para a segunda etapa do concurso do Departamento de Tr\u00e2nsito do Estado do Par\u00e1 (DETRAN\/PA) devem ficar atentos \u00e0s <a href=\"..\/midias\/anexos\/575_edital_n_22_2019__sead-detran-pa_-_convocacao_a_2a_etapa_-_agente_de_fiscalizacao_de_transito.pdf\" target=\"_blank\" rel=\"noopener noreferrer\">datas das convoca\u00e7\u00f5es para os exames m\u00e9dicos.<\/a> Essa fase ser\u00e1 realizada nos dias 18 e 19 deste m\u00eas de maio.<\/p>\n<p>A lista de convoca\u00e7\u00e3o com os dias e hor\u00e1rios est\u00e1 dispon\u00edvel na <a href=\"https:\/\/portalfadesp.org.br\/pagConcursosp.asp?id_pagina=575\" target=\"_blank\" rel=\"noopener noreferrer\">p\u00e1gina oficial de acompanhamento do concurso<\/a>. Os convocados est\u00e3o divididos em grupos com dias e hor\u00e1rios diferentes para a apresenta\u00e7\u00e3o no\u00a0CENTRO CL\u00cdNICO PARICUI\u00c3,<br \/>\nlocalizado na travessa Bar\u00e3o do Triunfo, n\u00b0 3260.<\/p>\n<p>Os candidatos devem chegar ao logal com uma hora de anteced\u00eancia. Quem n\u00e3o comparecer no seu hor\u00e1rio e dia, ser\u00e1 eliminado do concurso. As regras para a apresenta\u00e7\u00e3o devem ser conferidas previamente no edital.<\/p>\n<p>Conforme o edital, a lista de classifica\u00e7\u00e3o foi organizada a partir da pontua\u00e7\u00e3o geral dos candidatos, considerando-se a soma dos pontos alcan\u00e7ados nas provas objetiva e discursiva. Somente os que alcan\u00e7aram pelo menos 60% da pontua\u00e7\u00e3o foram classificados para a etapa da\u00a0avalia\u00e7\u00e3o de sa\u00fade.<\/p>\n<p>Os classificados na etapa de avalia\u00e7\u00e3o de sa\u00fade ser\u00e3o convocados para a de aptid\u00e3o f\u00edsica a ser realizada dias 8 e 9 de junho.<\/p>\n","protected":false},"excerpt":{"rendered":"<p>Segunda etapa do concurso do DETRAN para Agente de Fiscaliza\u00e7\u00e3o de Tr\u00e2nsito ser\u00e1 nos dias 18 e 19. Candidatos ao cargo de Agente de Fiscaliza\u00e7\u00e3o de Tr\u00e2nsito classificados para a segunda etapa do concurso do Departamento de Tr\u00e2nsito do Estado do Par\u00e1 (DETRAN\/PA) devem ficar atentos \u00e0s datas das convoca\u00e7\u00f5es para os exames m\u00e9dicos. Essa [&hellip;]<\/p>\n","protected":false},"author":9,"featured_media":0,"comment_status":"open","ping_status":"open","sticky":false,"template":"","format":"standard","meta":{"_monsterinsights_skip_tracking":false,"_monsterinsights_sitenote_active":false,"_monsterinsights_sitenote_note":"","_monsterinsights_sitenote_category":0,"footnotes":""},"categories":[7],"tags":[],"class_list":["post-1889","post","type-post","status-publish","format-standard","hentry","category-concurso","entry"],"yoast_head":"<!-- This site is optimized with the Yoast SEO plugin v25.1 - https:\/\/yoast.com\/wordpress\/plugins\/seo\/ -->\n<title>Segunda etapa do concurso do DETRAN para Agente de Fiscaliza\u00e7\u00e3o de Tr\u00e2nsito ser\u00e1 nos dias 18 e 19. - FADESP<\/title>\n<meta name=\"robots\" content=\"index, follow, max-snippet:-1, max-image-preview:large, max-video-preview:-1\" \/>\n<link rel=\"canonical\" href=\"https:\/\/portalfadesp.org.br\/?p=1889\" \/>\n<meta property=\"og:locale\" content=\"pt_BR\" \/>\n<meta property=\"og:type\" content=\"article\" \/>\n<meta property=\"og:title\" content=\"Segunda etapa do concurso do DETRAN para Agente de Fiscaliza\u00e7\u00e3o de Tr\u00e2nsito ser\u00e1 nos dias 18 e 19. - FADESP\" \/>\n<meta property=\"og:description\" content=\"Segunda etapa do concurso do DETRAN para Agente de Fiscaliza\u00e7\u00e3o de Tr\u00e2nsito ser\u00e1 nos dias 18 e 19. Candidatos ao cargo de Agente de Fiscaliza\u00e7\u00e3o de Tr\u00e2nsito classificados para a segunda etapa do concurso do Departamento de Tr\u00e2nsito do Estado do Par\u00e1 (DETRAN\/PA) devem ficar atentos \u00e0s datas das convoca\u00e7\u00f5es para os exames m\u00e9dicos. Essa [&hellip;]\" \/>\n<meta property=\"og:url\" content=\"https:\/\/portalfadesp.org.br\/?p=1889\" \/>\n<meta property=\"og:site_name\" content=\"FADESP\" \/>\n<meta property=\"article:publisher\" content=\"https:\/\/www.facebook.com\/Fadesp-138351949524662\/\" \/>\n<meta property=\"article:published_time\" content=\"2019-05-08T13:32:17+00:00\" \/>\n<meta property=\"article:modified_time\" content=\"2022-12-21T13:56:31+00:00\" \/>\n<meta name=\"author\" content=\"Raphael Pena\" \/>\n<meta name=\"twitter:card\" content=\"summary_large_image\" \/>\n<meta name=\"twitter:creator\" content=\"@Fadesp\" \/>\n<meta name=\"twitter:site\" content=\"@Fadesp\" \/>\n<meta name=\"twitter:label1\" content=\"Escrito por\" \/>\n\t<meta name=\"twitter:data1\" content=\"Raphael Pena\" \/>\n\t<meta name=\"twitter:label2\" content=\"Est. tempo de leitura\" \/>\n\t<meta name=\"twitter:data2\" content=\"1 minuto\" \/>\n<script type=\"application\/ld+json\" class=\"yoast-schema-graph\">{\"@context\":\"https:\/\/schema.org\",\"@graph\":[{\"@type\":\"Article\",\"@id\":\"https:\/\/portalfadesp.org.br\/?p=1889#article\",\"isPartOf\":{\"@id\":\"https:\/\/portalfadesp.org.br\/?p=1889\"},\"author\":{\"name\":\"Raphael Pena\",\"@id\":\"https:\/\/portalfadesp.org.br\/#\/schema\/person\/dc2908bf250f3ccb8be775027b13735e\"},\"headline\":\"Segunda etapa do concurso do DETRAN para Agente de Fiscaliza\u00e7\u00e3o de Tr\u00e2nsito ser\u00e1 nos dias 18 e 19.\",\"datePublished\":\"2019-05-08T13:32:17+00:00\",\"dateModified\":\"2022-12-21T13:56:31+00:00\",\"mainEntityOfPage\":{\"@id\":\"https:\/\/portalfadesp.org.br\/?p=1889\"},\"wordCount\":258,\"commentCount\":0,\"publisher\":{\"@id\":\"https:\/\/portalfadesp.org.br\/#organization\"},\"articleSection\":[\"Concurso\"],\"inLanguage\":\"pt-BR\"},{\"@type\":\"WebPage\",\"@id\":\"https:\/\/portalfadesp.org.br\/?p=1889\",\"url\":\"https:\/\/portalfadesp.org.br\/?p=1889\",\"name\":\"Segunda etapa do concurso do DETRAN para Agente de Fiscaliza\u00e7\u00e3o de Tr\u00e2nsito ser\u00e1 nos dias 18 e 19. - FADESP\",\"isPartOf\":{\"@id\":\"https:\/\/portalfadesp.org.br\/#website\"},\"datePublished\":\"2019-05-08T13:32:17+00:00\",\"dateModified\":\"2022-12-21T13:56:31+00:00\",\"breadcrumb\":{\"@id\":\"https:\/\/portalfadesp.org.br\/?p=1889#breadcrumb\"},\"inLanguage\":\"pt-BR\",\"potentialAction\":[{\"@type\":\"ReadAction\",\"target\":[\"https:\/\/portalfadesp.org.br\/?p=1889\"]}]},{\"@type\":\"BreadcrumbList\",\"@id\":\"https:\/\/portalfadesp.org.br\/?p=1889#breadcrumb\",\"itemListElement\":[{\"@type\":\"ListItem\",\"position\":1,\"name\":\"In\u00edcio\",\"item\":\"https:\/\/portalfadesp.org.br\/\"},{\"@type\":\"ListItem\",\"position\":2,\"name\":\"Segunda etapa do concurso do DETRAN para Agente de Fiscaliza\u00e7\u00e3o de Tr\u00e2nsito ser\u00e1 nos dias 18 e 19.\"}]},{\"@type\":\"WebSite\",\"@id\":\"https:\/\/portalfadesp.org.br\/#website\",\"url\":\"https:\/\/portalfadesp.org.br\/\",\"name\":\"FADESP\",\"description\":\"Funda\u00e7\u00e3o de Amparo e Desenvolvimento da Pesquisa\",\"publisher\":{\"@id\":\"https:\/\/portalfadesp.org.br\/#organization\"},\"potentialAction\":[{\"@type\":\"SearchAction\",\"target\":{\"@type\":\"EntryPoint\",\"urlTemplate\":\"https:\/\/portalfadesp.org.br\/?s={search_term_string}\"},\"query-input\":{\"@type\":\"PropertyValueSpecification\",\"valueRequired\":true,\"valueName\":\"search_term_string\"}}],\"inLanguage\":\"pt-BR\"},{\"@type\":\"Organization\",\"@id\":\"https:\/\/portalfadesp.org.br\/#organization\",\"name\":\"FADESP\",\"url\":\"https:\/\/portalfadesp.org.br\/\",\"logo\":{\"@type\":\"ImageObject\",\"inLanguage\":\"pt-BR\",\"@id\":\"https:\/\/portalfadesp.org.br\/#\/schema\/logo\/image\/\",\"url\":\"https:\/\/portalfadesp.org.br\/wp-content\/uploads\/2024\/01\/NOVOLOGOFADESPlaranjaH.png\",\"contentUrl\":\"https:\/\/portalfadesp.org.br\/wp-content\/uploads\/2024\/01\/NOVOLOGOFADESPlaranjaH.png\",\"width\":2742,\"height\":839,\"caption\":\"FADESP\"},\"image\":{\"@id\":\"https:\/\/portalfadesp.org.br\/#\/schema\/logo\/image\/\"},\"sameAs\":[\"https:\/\/www.facebook.com\/Fadesp-138351949524662\/\",\"https:\/\/x.com\/Fadesp\",\"https:\/\/www.instagram.com\/fadesp_ufpa\/\",\"https:\/\/www.youtube.com\/@fundacaodeamparoedesenvolv1903\",\"https:\/\/www.threads.net\/@fadesp_ufpa\"]},{\"@type\":\"Person\",\"@id\":\"https:\/\/portalfadesp.org.br\/#\/schema\/person\/dc2908bf250f3ccb8be775027b13735e\",\"name\":\"Raphael Pena\",\"image\":{\"@type\":\"ImageObject\",\"inLanguage\":\"pt-BR\",\"@id\":\"https:\/\/portalfadesp.org.br\/#\/schema\/person\/image\/\",\"url\":\"https:\/\/secure.gravatar.com\/avatar\/f6ed33c466a335cea1eeb716e9d8177b1ca19149f5fdbee566ad4873403cee8a?s=96&d=mm&r=g\",\"contentUrl\":\"https:\/\/secure.gravatar.com\/avatar\/f6ed33c466a335cea1eeb716e9d8177b1ca19149f5fdbee566ad4873403cee8a?s=96&d=mm&r=g\",\"caption\":\"Raphael Pena\"},\"url\":\"https:\/\/portalfadesp.org.br\/?author=9\"}]}<\/script>\n<!-- \/ Yoast SEO plugin. -->","yoast_head_json":{"title":"Segunda etapa do concurso do DETRAN para Agente de Fiscaliza\u00e7\u00e3o de Tr\u00e2nsito ser\u00e1 nos dias 18 e 19. - FADESP","robots":{"index":"index","follow":"follow","max-snippet":"max-snippet:-1","max-image-preview":"max-image-preview:large","max-video-preview":"max-video-preview:-1"},"canonical":"https:\/\/portalfadesp.org.br\/?p=1889","og_locale":"pt_BR","og_type":"article","og_title":"Segunda etapa do concurso do DETRAN para Agente de Fiscaliza\u00e7\u00e3o de Tr\u00e2nsito ser\u00e1 nos dias 18 e 19. - FADESP","og_description":"Segunda etapa do concurso do DETRAN para Agente de Fiscaliza\u00e7\u00e3o de Tr\u00e2nsito ser\u00e1 nos dias 18 e 19. Candidatos ao cargo de Agente de Fiscaliza\u00e7\u00e3o de Tr\u00e2nsito classificados para a segunda etapa do concurso do Departamento de Tr\u00e2nsito do Estado do Par\u00e1 (DETRAN\/PA) devem ficar atentos \u00e0s datas das convoca\u00e7\u00f5es para os exames m\u00e9dicos. Essa [&hellip;]","og_url":"https:\/\/portalfadesp.org.br\/?p=1889","og_site_name":"FADESP","article_publisher":"https:\/\/www.facebook.com\/Fadesp-138351949524662\/","article_published_time":"2019-05-08T13:32:17+00:00","article_modified_time":"2022-12-21T13:56:31+00:00","author":"Raphael Pena","twitter_card":"summary_large_image","twitter_creator":"@Fadesp","twitter_site":"@Fadesp","twitter_misc":{"Escrito por":"Raphael Pena","Est. tempo de leitura":"1 minuto"},"schema":{"@context":"https:\/\/schema.org","@graph":[{"@type":"Article","@id":"https:\/\/portalfadesp.org.br\/?p=1889#article","isPartOf":{"@id":"https:\/\/portalfadesp.org.br\/?p=1889"},"author":{"name":"Raphael Pena","@id":"https:\/\/portalfadesp.org.br\/#\/schema\/person\/dc2908bf250f3ccb8be775027b13735e"},"headline":"Segunda etapa do concurso do DETRAN para Agente de Fiscaliza\u00e7\u00e3o de Tr\u00e2nsito ser\u00e1 nos dias 18 e 19.","datePublished":"2019-05-08T13:32:17+00:00","dateModified":"2022-12-21T13:56:31+00:00","mainEntityOfPage":{"@id":"https:\/\/portalfadesp.org.br\/?p=1889"},"wordCount":258,"commentCount":0,"publisher":{"@id":"https:\/\/portalfadesp.org.br\/#organization"},"articleSection":["Concurso"],"inLanguage":"pt-BR"},{"@type":"WebPage","@id":"https:\/\/portalfadesp.org.br\/?p=1889","url":"https:\/\/portalfadesp.org.br\/?p=1889","name":"Segunda etapa do concurso do DETRAN para Agente de Fiscaliza\u00e7\u00e3o de Tr\u00e2nsito ser\u00e1 nos dias 18 e 19. - FADESP","isPartOf":{"@id":"https:\/\/portalfadesp.org.br\/#website"},"datePublished":"2019-05-08T13:32:17+00:00","dateModified":"2022-12-21T13:56:31+00:00","breadcrumb":{"@id":"https:\/\/portalfadesp.org.br\/?p=1889#breadcrumb"},"inLanguage":"pt-BR","potentialAction":[{"@type":"ReadAction","target":["https:\/\/portalfadesp.org.br\/?p=1889"]}]},{"@type":"BreadcrumbList","@id":"https:\/\/portalfadesp.org.br\/?p=1889#breadcrumb","itemListElement":[{"@type":"ListItem","position":1,"name":"In\u00edcio","item":"https:\/\/portalfadesp.org.br\/"},{"@type":"ListItem","position":2,"name":"Segunda etapa do concurso do DETRAN para Agente de Fiscaliza\u00e7\u00e3o de Tr\u00e2nsito ser\u00e1 nos dias 18 e 19."}]},{"@type":"WebSite","@id":"https:\/\/portalfadesp.org.br\/#website","url":"https:\/\/portalfadesp.org.br\/","name":"FADESP","description":"Funda\u00e7\u00e3o de Amparo e Desenvolvimento da Pesquisa","publisher":{"@id":"https:\/\/portalfadesp.org.br\/#organization"},"potentialAction":[{"@type":"SearchAction","target":{"@type":"EntryPoint","urlTemplate":"https:\/\/portalfadesp.org.br\/?s={search_term_string}"},"query-input":{"@type":"PropertyValueSpecification","valueRequired":true,"valueName":"search_term_string"}}],"inLanguage":"pt-BR"},{"@type":"Organization","@id":"https:\/\/portalfadesp.org.br\/#organization","name":"FADESP","url":"https:\/\/portalfadesp.org.br\/","logo":{"@type":"ImageObject","inLanguage":"pt-BR","@id":"https:\/\/portalfadesp.org.br\/#\/schema\/logo\/image\/","url":"https:\/\/portalfadesp.org.br\/wp-content\/uploads\/2024\/01\/NOVOLOGOFADESPlaranjaH.png","contentUrl":"https:\/\/portalfadesp.org.br\/wp-content\/uploads\/2024\/01\/NOVOLOGOFADESPlaranjaH.png","width":2742,"height":839,"caption":"FADESP"},"image":{"@id":"https:\/\/portalfadesp.org.br\/#\/schema\/logo\/image\/"},"sameAs":["https:\/\/www.facebook.com\/Fadesp-138351949524662\/","https:\/\/x.com\/Fadesp","https:\/\/www.instagram.com\/fadesp_ufpa\/","https:\/\/www.youtube.com\/@fundacaodeamparoedesenvolv1903","https:\/\/www.threads.net\/@fadesp_ufpa"]},{"@type":"Person","@id":"https:\/\/portalfadesp.org.br\/#\/schema\/person\/dc2908bf250f3ccb8be775027b13735e","name":"Raphael Pena","image":{"@type":"ImageObject","inLanguage":"pt-BR","@id":"https:\/\/portalfadesp.org.br\/#\/schema\/person\/image\/","url":"https:\/\/secure.gravatar.com\/avatar\/f6ed33c466a335cea1eeb716e9d8177b1ca19149f5fdbee566ad4873403cee8a?s=96&d=mm&r=g","contentUrl":"https:\/\/secure.gravatar.com\/avatar\/f6ed33c466a335cea1eeb716e9d8177b1ca19149f5fdbee566ad4873403cee8a?s=96&d=mm&r=g","caption":"Raphael Pena"},"url":"https:\/\/portalfadesp.org.br\/?author=9"}]}},"_links":{"self":[{"href":"https:\/\/portalfadesp.org.br\/index.php?rest_route=\/wp\/v2\/posts\/1889","targetHints":{"allow":["GET"]}}],"collection":[{"href":"https:\/\/portalfadesp.org.br\/index.php?rest_route=\/wp\/v2\/posts"}],"about":[{"href":"https:\/\/portalfadesp.org.br\/index.php?rest_route=\/wp\/v2\/types\/post"}],"author":[{"embeddable":true,"href":"https:\/\/portalfadesp.org.br\/index.php?rest_route=\/wp\/v2\/users\/9"}],"replies":[{"embeddable":true,"href":"https:\/\/portalfadesp.org.br\/index.php?rest_route=%2Fwp%2Fv2%2Fcomments&post=1889"}],"version-history":[{"count":6,"href":"https:\/\/portalfadesp.org.br\/index.php?rest_route=\/wp\/v2\/posts\/1889\/revisions"}],"predecessor-version":[{"id":38016,"href":"https:\/\/portalfadesp.org.br\/index.php?rest_route=\/wp\/v2\/posts\/1889\/revisions\/38016"}],"wp:attachment":[{"href":"https:\/\/portalfadesp.org.br\/index.php?rest_route=%2Fwp%2Fv2%2Fmedia&parent=1889"}],"wp:term":[{"taxonomy":"category","embeddable":true,"href":"https:\/\/portalfadesp.org.br\/index.php?rest_route=%2Fwp%2Fv2%2Fcategories&post=1889"},{"taxonomy":"post_tag","embeddable":true,"href":"https:\/\/portalfadesp.org.br\/index.php?rest_route=%2Fwp%2Fv2%2Ftags&post=1889"}],"curies":[{"name":"wp","href":"https:\/\/api.w.org\/{rel}","templated":true}]}}