{"id":1870,"date":"2019-05-15T16:54:47","date_gmt":"2019-05-15T19:54:47","guid":{"rendered":"https:\/\/162.215.13.167?p=1870"},"modified":"2022-12-21T10:55:30","modified_gmt":"2022-12-21T13:55:30","slug":"faculdade-de-medicina-da-ufpa-seleciona-para-especializacao-em-atencao-basica-e-saude-da-familia","status":"publish","type":"post","link":"https:\/\/portalfadesp.org.br\/?p=1870","title":{"rendered":"Faculdade de Medicina da UFPA seleciona para especializa\u00e7\u00e3o em Aten\u00e7\u00e3o B\u00e1sica e Sa\u00fade da Fam\u00edlia."},"content":{"rendered":"<h2>Faculdade de Medicina da UFPA seleciona para especializa\u00e7\u00e3o em Aten\u00e7\u00e3o B\u00e1sica e Sa\u00fade da Fam\u00edlia.<\/h2>\n<p><img decoding=\"async\" src=\"..\/wp-content\/uploads\/2019\/06\/up_ag_29533_2019_-_abril_orientacao_inscricao_especializacoes.jpg\" alt=\"\" width=\"210\" height=\"148\" \/>A Faculdade de Medicina da Universidade Federal do Par\u00e1 (UFPA), campus de Altamira, abriu sele\u00e7\u00e3o para a especializa\u00e7\u00e3o multiprofissional em Aten\u00e7\u00e3o B\u00e1sica e Sa\u00fade da Fam\u00edlia. S\u00e3o ofertadas 50 vagas, sendo 30% reservada \u00e0 demanda social. As inscri\u00e7\u00f5es ser\u00e3o realizadas at\u00e9 o dia 24 de maio, na \u00e1rea de cursos aqui do <a href=\"http:\/\/cursos.fadesp.org.br\/mostraturma.asp?turma=751*0*1*1\/19\" target=\"_blank\" rel=\"noopener noreferrer\">site da FADESP<\/a>.<\/p>\n<p>O curso \u00e9 destinado a graduados na \u00e1rea de Ci\u00eancias da Sa\u00fade, com destaque para forma\u00e7\u00e3o em Medicina, Enfermagem, Biomedicina, Farm\u00e1cia, Educa\u00e7\u00e3o F\u00edsica, Odontologia, Nutri\u00e7\u00e3o, Assist\u00eancia Social e Psicologia. Conforme as regras do <a href=\"http:\/\/cursos.fadesp.org.br\/ARQUIVOS\/edital-cemabs-2019.pdf\" target=\"_blank\" rel=\"noopener noreferrer\">edital,<\/a> servidores da UFPA e pessoas com comprovada baixa renda podem se candidatar \u00e0 quota.<\/p>\n<p><img decoding=\"async\" class=\"alignnone\" src=\"..\/wp-content\/uploads\/2019\/06\/up_ag_29533_2019_-_maio_especializacao_saude_da_familia.jpg\" alt=\"\" width=\"250\" height=\"195\" \/>Para se inscrever, o candidato deve preencher o formul\u00e1rio online, gerar e pagar o boleto da taxa de R$ 50,00. O comprovante de pagamento dever\u00e1 ser entregue na secretaria da Faculdade de Medicina (das 8h \u00e0s 12h e das 14h30 \u00e0s 16h30), junto com a documenta\u00e7\u00e3o definida no <a href=\"http:\/\/cursos.fadesp.org.br\/ARQUIVOS\/edital-cemabs-2019.pdf\" target=\"_blank\" rel=\"noopener noreferrer\">edital<\/a>.<\/p>\n<p>A divulga\u00e7\u00e3o das inscri\u00e7\u00f5es homologadas est\u00e1 prevista para 25 de maio, no site do curso (<a href=\"http:\/\/www.cemabs.ufpa.br\/\" target=\"_blank\" rel=\"noopener noreferrer\">www.cemabs.ufpa.br<\/a>). Os inscritos ser\u00e3o submetidos \u00e0 an\u00e1lise de curr\u00edculo lattes e pesquisa. No caso dos bolsistas, tamb\u00e9m ter\u00e3o que apresentar carta de inten\u00e7\u00e3o.<\/p>\n<p>O resultado da sele\u00e7\u00e3o dever\u00e1 ocorrer no dia 31 de maio e o in\u00edcio das aulas est\u00e1 previsto para junho. Como \u00e9 autofinanci\u00e1vel, o curso de 500 horas, com aulas te\u00f3ricas e pr\u00e1ticas, exige investimento de quinze parcelas de R$ 500,00.<\/p>\n<p>O objetivo da forma\u00e7\u00e3o \u00e9 qualificar profissionais para atua\u00e7\u00e3o na Aten\u00e7\u00e3o Prim\u00e1ria em Sa\u00fade, valorizando a gest\u00e3o do Sistema \u00danico de Sa\u00fade (SUS), a epidemiologia, as tecnologias em sa\u00fade, os cuidados essenciais em sa\u00fade da mulher, do homem, do idoso e da crian\u00e7a, bem como as ferramentas necess\u00e1rias para seu desenvolvimento, com atendimento humano, solid\u00e1rio e de qualidade.<\/p>\n","protected":false},"excerpt":{"rendered":"<p>Faculdade de Medicina da UFPA seleciona para especializa\u00e7\u00e3o em Aten\u00e7\u00e3o B\u00e1sica e Sa\u00fade da Fam\u00edlia. A Faculdade de Medicina da Universidade Federal do Par\u00e1 (UFPA), campus de Altamira, abriu sele\u00e7\u00e3o para a especializa\u00e7\u00e3o multiprofissional em Aten\u00e7\u00e3o B\u00e1sica e Sa\u00fade da Fam\u00edlia. S\u00e3o ofertadas 50 vagas, sendo 30% reservada \u00e0 demanda social. As inscri\u00e7\u00f5es ser\u00e3o realizadas [&hellip;]<\/p>\n","protected":false},"author":9,"featured_media":1871,"comment_status":"open","ping_status":"open","sticky":false,"template":"","format":"standard","meta":{"_monsterinsights_skip_tracking":false,"_monsterinsights_sitenote_active":false,"_monsterinsights_sitenote_note":"","_monsterinsights_sitenote_category":0,"footnotes":""},"categories":[1],"tags":[],"class_list":["post-1870","post","type-post","status-publish","format-standard","has-post-thumbnail","hentry","category-geral","entry","has-media"],"yoast_head":"<!-- This site is optimized with the Yoast SEO plugin v25.1 - https:\/\/yoast.com\/wordpress\/plugins\/seo\/ -->\n<title>Faculdade de Medicina da UFPA seleciona para especializa\u00e7\u00e3o em Aten\u00e7\u00e3o B\u00e1sica e Sa\u00fade da Fam\u00edlia. - FADESP<\/title>\n<meta name=\"robots\" content=\"index, follow, max-snippet:-1, max-image-preview:large, max-video-preview:-1\" \/>\n<link rel=\"canonical\" href=\"https:\/\/portalfadesp.org.br\/?p=1870\" \/>\n<meta property=\"og:locale\" content=\"pt_BR\" \/>\n<meta property=\"og:type\" content=\"article\" \/>\n<meta property=\"og:title\" content=\"Faculdade de Medicina da UFPA seleciona para especializa\u00e7\u00e3o em Aten\u00e7\u00e3o B\u00e1sica e Sa\u00fade da Fam\u00edlia. - FADESP\" \/>\n<meta property=\"og:description\" content=\"Faculdade de Medicina da UFPA seleciona para especializa\u00e7\u00e3o em Aten\u00e7\u00e3o B\u00e1sica e Sa\u00fade da Fam\u00edlia. A Faculdade de Medicina da Universidade Federal do Par\u00e1 (UFPA), campus de Altamira, abriu sele\u00e7\u00e3o para a especializa\u00e7\u00e3o multiprofissional em Aten\u00e7\u00e3o B\u00e1sica e Sa\u00fade da Fam\u00edlia. S\u00e3o ofertadas 50 vagas, sendo 30% reservada \u00e0 demanda social. As inscri\u00e7\u00f5es ser\u00e3o realizadas [&hellip;]\" \/>\n<meta property=\"og:url\" content=\"https:\/\/portalfadesp.org.br\/?p=1870\" \/>\n<meta property=\"og:site_name\" content=\"FADESP\" \/>\n<meta property=\"article:publisher\" content=\"https:\/\/www.facebook.com\/Fadesp-138351949524662\/\" \/>\n<meta property=\"article:published_time\" content=\"2019-05-15T19:54:47+00:00\" \/>\n<meta property=\"article:modified_time\" content=\"2022-12-21T13:55:30+00:00\" \/>\n<meta property=\"og:image\" content=\"https:\/\/portalfadesp.org.br\/wp-content\/uploads\/2019\/06\/up_ag_29533_2019_-_maio_especializacao_saude_da_familia.jpg\" \/>\n\t<meta property=\"og:image:width\" content=\"250\" \/>\n\t<meta property=\"og:image:height\" content=\"195\" \/>\n\t<meta property=\"og:image:type\" content=\"image\/jpeg\" \/>\n<meta name=\"author\" content=\"Raphael Pena\" \/>\n<meta name=\"twitter:card\" content=\"summary_large_image\" \/>\n<meta name=\"twitter:creator\" content=\"@Fadesp\" \/>\n<meta name=\"twitter:site\" content=\"@Fadesp\" \/>\n<meta name=\"twitter:label1\" content=\"Escrito por\" \/>\n\t<meta name=\"twitter:data1\" content=\"Raphael Pena\" \/>\n\t<meta name=\"twitter:label2\" content=\"Est. tempo de leitura\" \/>\n\t<meta name=\"twitter:data2\" content=\"2 minutos\" \/>\n<script type=\"application\/ld+json\" class=\"yoast-schema-graph\">{\"@context\":\"https:\/\/schema.org\",\"@graph\":[{\"@type\":\"Article\",\"@id\":\"https:\/\/portalfadesp.org.br\/?p=1870#article\",\"isPartOf\":{\"@id\":\"https:\/\/portalfadesp.org.br\/?p=1870\"},\"author\":{\"name\":\"Raphael Pena\",\"@id\":\"https:\/\/portalfadesp.org.br\/#\/schema\/person\/dc2908bf250f3ccb8be775027b13735e\"},\"headline\":\"Faculdade de Medicina da UFPA seleciona para especializa\u00e7\u00e3o em Aten\u00e7\u00e3o B\u00e1sica e Sa\u00fade da Fam\u00edlia.\",\"datePublished\":\"2019-05-15T19:54:47+00:00\",\"dateModified\":\"2022-12-21T13:55:30+00:00\",\"mainEntityOfPage\":{\"@id\":\"https:\/\/portalfadesp.org.br\/?p=1870\"},\"wordCount\":362,\"commentCount\":0,\"publisher\":{\"@id\":\"https:\/\/portalfadesp.org.br\/#organization\"},\"image\":{\"@id\":\"https:\/\/portalfadesp.org.br\/?p=1870#primaryimage\"},\"thumbnailUrl\":\"https:\/\/portalfadesp.org.br\/wp-content\/uploads\/2019\/06\/up_ag_29533_2019_-_maio_especializacao_saude_da_familia.jpg\",\"articleSection\":[\"Geral\"],\"inLanguage\":\"pt-BR\"},{\"@type\":\"WebPage\",\"@id\":\"https:\/\/portalfadesp.org.br\/?p=1870\",\"url\":\"https:\/\/portalfadesp.org.br\/?p=1870\",\"name\":\"Faculdade de Medicina da UFPA seleciona para especializa\u00e7\u00e3o em Aten\u00e7\u00e3o B\u00e1sica e Sa\u00fade da Fam\u00edlia. - FADESP\",\"isPartOf\":{\"@id\":\"https:\/\/portalfadesp.org.br\/#website\"},\"primaryImageOfPage\":{\"@id\":\"https:\/\/portalfadesp.org.br\/?p=1870#primaryimage\"},\"image\":{\"@id\":\"https:\/\/portalfadesp.org.br\/?p=1870#primaryimage\"},\"thumbnailUrl\":\"https:\/\/portalfadesp.org.br\/wp-content\/uploads\/2019\/06\/up_ag_29533_2019_-_maio_especializacao_saude_da_familia.jpg\",\"datePublished\":\"2019-05-15T19:54:47+00:00\",\"dateModified\":\"2022-12-21T13:55:30+00:00\",\"breadcrumb\":{\"@id\":\"https:\/\/portalfadesp.org.br\/?p=1870#breadcrumb\"},\"inLanguage\":\"pt-BR\",\"potentialAction\":[{\"@type\":\"ReadAction\",\"target\":[\"https:\/\/portalfadesp.org.br\/?p=1870\"]}]},{\"@type\":\"ImageObject\",\"inLanguage\":\"pt-BR\",\"@id\":\"https:\/\/portalfadesp.org.br\/?p=1870#primaryimage\",\"url\":\"https:\/\/portalfadesp.org.br\/wp-content\/uploads\/2019\/06\/up_ag_29533_2019_-_maio_especializacao_saude_da_familia.jpg\",\"contentUrl\":\"https:\/\/portalfadesp.org.br\/wp-content\/uploads\/2019\/06\/up_ag_29533_2019_-_maio_especializacao_saude_da_familia.jpg\",\"width\":250,\"height\":195},{\"@type\":\"BreadcrumbList\",\"@id\":\"https:\/\/portalfadesp.org.br\/?p=1870#breadcrumb\",\"itemListElement\":[{\"@type\":\"ListItem\",\"position\":1,\"name\":\"In\u00edcio\",\"item\":\"https:\/\/portalfadesp.org.br\/\"},{\"@type\":\"ListItem\",\"position\":2,\"name\":\"Faculdade de Medicina da UFPA seleciona para especializa\u00e7\u00e3o em Aten\u00e7\u00e3o B\u00e1sica e Sa\u00fade da Fam\u00edlia.\"}]},{\"@type\":\"WebSite\",\"@id\":\"https:\/\/portalfadesp.org.br\/#website\",\"url\":\"https:\/\/portalfadesp.org.br\/\",\"name\":\"FADESP\",\"description\":\"Funda\u00e7\u00e3o de Amparo e Desenvolvimento da Pesquisa\",\"publisher\":{\"@id\":\"https:\/\/portalfadesp.org.br\/#organization\"},\"potentialAction\":[{\"@type\":\"SearchAction\",\"target\":{\"@type\":\"EntryPoint\",\"urlTemplate\":\"https:\/\/portalfadesp.org.br\/?s={search_term_string}\"},\"query-input\":{\"@type\":\"PropertyValueSpecification\",\"valueRequired\":true,\"valueName\":\"search_term_string\"}}],\"inLanguage\":\"pt-BR\"},{\"@type\":\"Organization\",\"@id\":\"https:\/\/portalfadesp.org.br\/#organization\",\"name\":\"FADESP\",\"url\":\"https:\/\/portalfadesp.org.br\/\",\"logo\":{\"@type\":\"ImageObject\",\"inLanguage\":\"pt-BR\",\"@id\":\"https:\/\/portalfadesp.org.br\/#\/schema\/logo\/image\/\",\"url\":\"https:\/\/portalfadesp.org.br\/wp-content\/uploads\/2024\/01\/NOVOLOGOFADESPlaranjaH.png\",\"contentUrl\":\"https:\/\/portalfadesp.org.br\/wp-content\/uploads\/2024\/01\/NOVOLOGOFADESPlaranjaH.png\",\"width\":2742,\"height\":839,\"caption\":\"FADESP\"},\"image\":{\"@id\":\"https:\/\/portalfadesp.org.br\/#\/schema\/logo\/image\/\"},\"sameAs\":[\"https:\/\/www.facebook.com\/Fadesp-138351949524662\/\",\"https:\/\/x.com\/Fadesp\",\"https:\/\/www.instagram.com\/fadesp_ufpa\/\",\"https:\/\/www.youtube.com\/@fundacaodeamparoedesenvolv1903\",\"https:\/\/www.threads.net\/@fadesp_ufpa\"]},{\"@type\":\"Person\",\"@id\":\"https:\/\/portalfadesp.org.br\/#\/schema\/person\/dc2908bf250f3ccb8be775027b13735e\",\"name\":\"Raphael Pena\",\"image\":{\"@type\":\"ImageObject\",\"inLanguage\":\"pt-BR\",\"@id\":\"https:\/\/portalfadesp.org.br\/#\/schema\/person\/image\/\",\"url\":\"https:\/\/secure.gravatar.com\/avatar\/f6ed33c466a335cea1eeb716e9d8177b1ca19149f5fdbee566ad4873403cee8a?s=96&d=mm&r=g\",\"contentUrl\":\"https:\/\/secure.gravatar.com\/avatar\/f6ed33c466a335cea1eeb716e9d8177b1ca19149f5fdbee566ad4873403cee8a?s=96&d=mm&r=g\",\"caption\":\"Raphael Pena\"},\"url\":\"https:\/\/portalfadesp.org.br\/?author=9\"}]}<\/script>\n<!-- \/ Yoast SEO plugin. -->","yoast_head_json":{"title":"Faculdade de Medicina da UFPA seleciona para especializa\u00e7\u00e3o em Aten\u00e7\u00e3o B\u00e1sica e Sa\u00fade da Fam\u00edlia. - FADESP","robots":{"index":"index","follow":"follow","max-snippet":"max-snippet:-1","max-image-preview":"max-image-preview:large","max-video-preview":"max-video-preview:-1"},"canonical":"https:\/\/portalfadesp.org.br\/?p=1870","og_locale":"pt_BR","og_type":"article","og_title":"Faculdade de Medicina da UFPA seleciona para especializa\u00e7\u00e3o em Aten\u00e7\u00e3o B\u00e1sica e Sa\u00fade da Fam\u00edlia. - FADESP","og_description":"Faculdade de Medicina da UFPA seleciona para especializa\u00e7\u00e3o em Aten\u00e7\u00e3o B\u00e1sica e Sa\u00fade da Fam\u00edlia. A Faculdade de Medicina da Universidade Federal do Par\u00e1 (UFPA), campus de Altamira, abriu sele\u00e7\u00e3o para a especializa\u00e7\u00e3o multiprofissional em Aten\u00e7\u00e3o B\u00e1sica e Sa\u00fade da Fam\u00edlia. S\u00e3o ofertadas 50 vagas, sendo 30% reservada \u00e0 demanda social. As inscri\u00e7\u00f5es ser\u00e3o realizadas [&hellip;]","og_url":"https:\/\/portalfadesp.org.br\/?p=1870","og_site_name":"FADESP","article_publisher":"https:\/\/www.facebook.com\/Fadesp-138351949524662\/","article_published_time":"2019-05-15T19:54:47+00:00","article_modified_time":"2022-12-21T13:55:30+00:00","og_image":[{"width":250,"height":195,"url":"https:\/\/portalfadesp.org.br\/wp-content\/uploads\/2019\/06\/up_ag_29533_2019_-_maio_especializacao_saude_da_familia.jpg","type":"image\/jpeg"}],"author":"Raphael Pena","twitter_card":"summary_large_image","twitter_creator":"@Fadesp","twitter_site":"@Fadesp","twitter_misc":{"Escrito por":"Raphael Pena","Est. tempo de leitura":"2 minutos"},"schema":{"@context":"https:\/\/schema.org","@graph":[{"@type":"Article","@id":"https:\/\/portalfadesp.org.br\/?p=1870#article","isPartOf":{"@id":"https:\/\/portalfadesp.org.br\/?p=1870"},"author":{"name":"Raphael Pena","@id":"https:\/\/portalfadesp.org.br\/#\/schema\/person\/dc2908bf250f3ccb8be775027b13735e"},"headline":"Faculdade de Medicina da UFPA seleciona para especializa\u00e7\u00e3o em Aten\u00e7\u00e3o B\u00e1sica e Sa\u00fade da Fam\u00edlia.","datePublished":"2019-05-15T19:54:47+00:00","dateModified":"2022-12-21T13:55:30+00:00","mainEntityOfPage":{"@id":"https:\/\/portalfadesp.org.br\/?p=1870"},"wordCount":362,"commentCount":0,"publisher":{"@id":"https:\/\/portalfadesp.org.br\/#organization"},"image":{"@id":"https:\/\/portalfadesp.org.br\/?p=1870#primaryimage"},"thumbnailUrl":"https:\/\/portalfadesp.org.br\/wp-content\/uploads\/2019\/06\/up_ag_29533_2019_-_maio_especializacao_saude_da_familia.jpg","articleSection":["Geral"],"inLanguage":"pt-BR"},{"@type":"WebPage","@id":"https:\/\/portalfadesp.org.br\/?p=1870","url":"https:\/\/portalfadesp.org.br\/?p=1870","name":"Faculdade de Medicina da UFPA seleciona para especializa\u00e7\u00e3o em Aten\u00e7\u00e3o B\u00e1sica e Sa\u00fade da Fam\u00edlia. - FADESP","isPartOf":{"@id":"https:\/\/portalfadesp.org.br\/#website"},"primaryImageOfPage":{"@id":"https:\/\/portalfadesp.org.br\/?p=1870#primaryimage"},"image":{"@id":"https:\/\/portalfadesp.org.br\/?p=1870#primaryimage"},"thumbnailUrl":"https:\/\/portalfadesp.org.br\/wp-content\/uploads\/2019\/06\/up_ag_29533_2019_-_maio_especializacao_saude_da_familia.jpg","datePublished":"2019-05-15T19:54:47+00:00","dateModified":"2022-12-21T13:55:30+00:00","breadcrumb":{"@id":"https:\/\/portalfadesp.org.br\/?p=1870#breadcrumb"},"inLanguage":"pt-BR","potentialAction":[{"@type":"ReadAction","target":["https:\/\/portalfadesp.org.br\/?p=1870"]}]},{"@type":"ImageObject","inLanguage":"pt-BR","@id":"https:\/\/portalfadesp.org.br\/?p=1870#primaryimage","url":"https:\/\/portalfadesp.org.br\/wp-content\/uploads\/2019\/06\/up_ag_29533_2019_-_maio_especializacao_saude_da_familia.jpg","contentUrl":"https:\/\/portalfadesp.org.br\/wp-content\/uploads\/2019\/06\/up_ag_29533_2019_-_maio_especializacao_saude_da_familia.jpg","width":250,"height":195},{"@type":"BreadcrumbList","@id":"https:\/\/portalfadesp.org.br\/?p=1870#breadcrumb","itemListElement":[{"@type":"ListItem","position":1,"name":"In\u00edcio","item":"https:\/\/portalfadesp.org.br\/"},{"@type":"ListItem","position":2,"name":"Faculdade de Medicina da UFPA seleciona para especializa\u00e7\u00e3o em Aten\u00e7\u00e3o B\u00e1sica e Sa\u00fade da Fam\u00edlia."}]},{"@type":"WebSite","@id":"https:\/\/portalfadesp.org.br\/#website","url":"https:\/\/portalfadesp.org.br\/","name":"FADESP","description":"Funda\u00e7\u00e3o de Amparo e Desenvolvimento da Pesquisa","publisher":{"@id":"https:\/\/portalfadesp.org.br\/#organization"},"potentialAction":[{"@type":"SearchAction","target":{"@type":"EntryPoint","urlTemplate":"https:\/\/portalfadesp.org.br\/?s={search_term_string}"},"query-input":{"@type":"PropertyValueSpecification","valueRequired":true,"valueName":"search_term_string"}}],"inLanguage":"pt-BR"},{"@type":"Organization","@id":"https:\/\/portalfadesp.org.br\/#organization","name":"FADESP","url":"https:\/\/portalfadesp.org.br\/","logo":{"@type":"ImageObject","inLanguage":"pt-BR","@id":"https:\/\/portalfadesp.org.br\/#\/schema\/logo\/image\/","url":"https:\/\/portalfadesp.org.br\/wp-content\/uploads\/2024\/01\/NOVOLOGOFADESPlaranjaH.png","contentUrl":"https:\/\/portalfadesp.org.br\/wp-content\/uploads\/2024\/01\/NOVOLOGOFADESPlaranjaH.png","width":2742,"height":839,"caption":"FADESP"},"image":{"@id":"https:\/\/portalfadesp.org.br\/#\/schema\/logo\/image\/"},"sameAs":["https:\/\/www.facebook.com\/Fadesp-138351949524662\/","https:\/\/x.com\/Fadesp","https:\/\/www.instagram.com\/fadesp_ufpa\/","https:\/\/www.youtube.com\/@fundacaodeamparoedesenvolv1903","https:\/\/www.threads.net\/@fadesp_ufpa"]},{"@type":"Person","@id":"https:\/\/portalfadesp.org.br\/#\/schema\/person\/dc2908bf250f3ccb8be775027b13735e","name":"Raphael Pena","image":{"@type":"ImageObject","inLanguage":"pt-BR","@id":"https:\/\/portalfadesp.org.br\/#\/schema\/person\/image\/","url":"https:\/\/secure.gravatar.com\/avatar\/f6ed33c466a335cea1eeb716e9d8177b1ca19149f5fdbee566ad4873403cee8a?s=96&d=mm&r=g","contentUrl":"https:\/\/secure.gravatar.com\/avatar\/f6ed33c466a335cea1eeb716e9d8177b1ca19149f5fdbee566ad4873403cee8a?s=96&d=mm&r=g","caption":"Raphael Pena"},"url":"https:\/\/portalfadesp.org.br\/?author=9"}]}},"_links":{"self":[{"href":"https:\/\/portalfadesp.org.br\/index.php?rest_route=\/wp\/v2\/posts\/1870","targetHints":{"allow":["GET"]}}],"collection":[{"href":"https:\/\/portalfadesp.org.br\/index.php?rest_route=\/wp\/v2\/posts"}],"about":[{"href":"https:\/\/portalfadesp.org.br\/index.php?rest_route=\/wp\/v2\/types\/post"}],"author":[{"embeddable":true,"href":"https:\/\/portalfadesp.org.br\/index.php?rest_route=\/wp\/v2\/users\/9"}],"replies":[{"embeddable":true,"href":"https:\/\/portalfadesp.org.br\/index.php?rest_route=%2Fwp%2Fv2%2Fcomments&post=1870"}],"version-history":[{"count":5,"href":"https:\/\/portalfadesp.org.br\/index.php?rest_route=\/wp\/v2\/posts\/1870\/revisions"}],"predecessor-version":[{"id":38007,"href":"https:\/\/portalfadesp.org.br\/index.php?rest_route=\/wp\/v2\/posts\/1870\/revisions\/38007"}],"wp:featuredmedia":[{"embeddable":true,"href":"https:\/\/portalfadesp.org.br\/index.php?rest_route=\/wp\/v2\/media\/1871"}],"wp:attachment":[{"href":"https:\/\/portalfadesp.org.br\/index.php?rest_route=%2Fwp%2Fv2%2Fmedia&parent=1870"}],"wp:term":[{"taxonomy":"category","embeddable":true,"href":"https:\/\/portalfadesp.org.br\/index.php?rest_route=%2Fwp%2Fv2%2Fcategories&post=1870"},{"taxonomy":"post_tag","embeddable":true,"href":"https:\/\/portalfadesp.org.br\/index.php?rest_route=%2Fwp%2Fv2%2Ftags&post=1870"}],"curies":[{"name":"wp","href":"https:\/\/api.w.org\/{rel}","templated":true}]}}