{"id":1855,"date":"2019-05-17T12:02:58","date_gmt":"2019-05-17T15:02:58","guid":{"rendered":"https:\/\/162.215.13.167?p=1855"},"modified":"2022-12-21T10:49:38","modified_gmt":"2022-12-21T13:49:38","slug":"apoio-fadesp-dia-19-ufpa-traz-a-belem-o-espetaculo-musical-inedito-no-brasil-carta-de-caminha","status":"publish","type":"post","link":"https:\/\/portalfadesp.org.br\/?p=1855","title":{"rendered":"APOIO FADESP: Dia 19, UFPA traz a Bel\u00e9m o espet\u00e1culo musical in\u00e9dito no Brasil \u201cCarta de Caminha\u201d."},"content":{"rendered":"\t\t<div data-elementor-type=\"wp-post\" data-elementor-id=\"1855\" class=\"elementor elementor-1855\" data-elementor-post-type=\"post\">\n\t\t\t\t\t\t<section class=\"elementor-section elementor-top-section elementor-element elementor-element-1568a61f elementor-section-boxed elementor-section-height-default elementor-section-height-default\" data-id=\"1568a61f\" data-element_type=\"section\">\n\t\t\t\t\t\t<div class=\"elementor-container elementor-column-gap-default\">\n\t\t\t\t\t<div class=\"elementor-column elementor-col-100 elementor-top-column elementor-element elementor-element-5523312c\" data-id=\"5523312c\" data-element_type=\"column\">\n\t\t\t<div class=\"elementor-widget-wrap elementor-element-populated\">\n\t\t\t\t\t\t<div class=\"elementor-element elementor-element-4765f6f1 elementor-widget elementor-widget-heading\" data-id=\"4765f6f1\" data-element_type=\"widget\" data-widget_type=\"heading.default\">\n\t\t\t\t<div class=\"elementor-widget-container\">\n\t\t\t\t\t<h2 class=\"elementor-heading-title elementor-size-default\">APOIO FADESP: Dia 19, UFPA traz a Bel\u00e9m o espet\u00e1culo musical in\u00e9dito no Brasil \u201cCarta de Caminha\u201d.<\/h2>\t\t\t\t<\/div>\n\t\t\t\t<\/div>\n\t\t\t\t<div class=\"elementor-element elementor-element-7f500bd8 elementor-widget elementor-widget-text-editor\" data-id=\"7f500bd8\" data-element_type=\"widget\" data-widget_type=\"text-editor.default\">\n\t\t\t\t<div class=\"elementor-widget-container\">\n\t\t\t\t\t\t\t\t\t<p><img fetchpriority=\"high\" decoding=\"async\" class=\"size-full wp-image-1856 alignright\" src=\"..\/wp-content\/uploads\/2019\/06\/up_ag_29536_foto_pro_site.jpg\" alt=\"\" width=\"250\" height=\"200\" \/>&#8220;Neste dia, a horas de v\u00e9spera, houvemos vista de terra!&#8221;. Com esta frase, Pero Vaz de<br \/>Caminha, escriv\u00e3o portugu\u00eas da frota de Pedro \u00c1lvares Cabral, narrou a primeira impress\u00e3o<br \/>sobre o territ\u00f3rio que viria a ser chamado, futuramente, de Brasil. Reconhecida como<br \/>Patrim\u00f4nio da Humanidade pela UNESCO (Organiza\u00e7\u00e3o das Na\u00e7\u00f5es Unidas para a<br \/>Educa\u00e7\u00e3o, a Ci\u00eancia e a Cultura), a Carta de Pero Vaz de Caminha foi o primeiro<br \/>documento escrito produzido em solo brasileiro.<\/p><p>Dada a import\u00e2ncia hist\u00f3rica e cultural, o documento inspirou a cria\u00e7\u00e3o do concerto musical &#8220;Carta de Caminha&#8221;, que ser\u00e1 apresentado pela primeira vez no Brasil, no pr\u00f3ximo dia 19 de maio (domingo), \u00e0s 19h, tendo como palco o Theatro da Paz, em Bel\u00e9m do Par\u00e1. O espet\u00e1culo, que ser\u00e1 aberto ao p\u00fablico, \u00e9 uma realiza\u00e7\u00e3o da Reitoria da Universidade\u00a0Federal do Par\u00e1 (UFPA) e da C\u00e1tedra do Instituto Cam\u00f5es &#8220;Jo\u00e3o L\u00facio de Azevedo&#8221; (I.P | UFPA). O concerto conta com o alto patroc\u00ednio da Presid\u00eancia da Rep\u00fablica de Portugal e tem o apoio do Arquivo Nacional da Torre do Tombo (Lisboa, Portugal), do Governo do Estado do Par\u00e1 \u2013 por meio da Secretaria de Estado de Cultura (SECULT) e do Theatro da Paz \u2013, da Funda\u00e7\u00e3o de Amparo e Desenvolvimento da Pesquisa (FADESP), do Hotel Princesa Lou\u00e7\u00e3 e das Empresas portuguesas Mister Man e B\u00c1 Studio.<\/p><p><strong>Hist\u00f3ria e Arte em cena<\/strong> &#8211;\u00a0 Com dura\u00e7\u00e3o de 1h45, o concerto musical se divide em 12<br \/>cenas e \u00e9 de autoria do m\u00fasico portugu\u00eas Rui Castilho de Luna, bar\u00edtono mozartiano, herdeiro da escola de canto l\u00edrico italiana, que j\u00e1 se apresentou em importantes salas de<br \/>concerto da Europa, Oriente, Estados Unidos e Brasil.<\/p><p>A obra musical ser\u00e1 executada no piano, por Rui de Luna, acompanhado na percuss\u00e3o pelo m\u00fasico portugu\u00eas Jo\u00e3o Ferreira, que trabalha com o maestro Ennio Morricone. Em paralelo \u00e0 apresenta\u00e7\u00e3o musical, haver\u00e1 a leitura interpretativa da Carta de Pero Vaz de Caminha, a ser feita pelo ator brasileiro Leopoldo Pacheco. Com vasta experi\u00eancia de atua\u00e7\u00e3o e dire\u00e7\u00e3o de teatro, Leopoldo tamb\u00e9m \u00e9 reconhecido por marcantes personagens em telenovelas de \u00e9poca. Seu \u00faltimo papel foi em &#8220;O S\u00e9timo Guardi\u00e3o&#8221;, atual telenovela da Rede Globo na faixa das 21 horas.<\/p><p>A cenografia \u00e9 composta por luz c\u00eanica e proje\u00e7\u00e3o de imagens hist\u00f3ricas relativas \u00e0 chegada dos portugueses no Brasil no ano de 1500, disponibilizadas pelo Arquivo Nacional da Torre do Tombo e selecionadas por Rui Catal\u00e3o. O espet\u00e1culo tem a dire\u00e7\u00e3o cient\u00edfica da professora Maria Adelina Amorim, da Universidade Nova de Lisboa, que tamb\u00e9m estar\u00e1 em Bel\u00e9m para a apresenta\u00e7\u00e3o in\u00e9dita do concerto.<\/p><p>A proposta \u00e9 que a partir de express\u00f5es art\u00edsticas do teatro e da m\u00fasica, o espet\u00e1culo &#8220;Carta de Caminha&#8221; permita ao p\u00fablico conhecer e refletir sobre a hist\u00f3ria do encontro entre Brasil e Portugal, processo marcado por trocas culturais, bem como por disputas e conflitos.<\/p><p>Desde o sucesso alcan\u00e7ado na apresenta\u00e7\u00e3o de estreia em 2013, o concerto musical &#8220;Carta de Caminha&#8221; j\u00e1 foi apresentado em importantes eventos em Portugal, como as Celebra\u00e7\u00f5es Antonianas na Igreja dos Capuchos, em Lisboa; o Festival da M\u00fasica da Casa de Bragan\u00e7a, no Pante\u00e3o dos Duques de Bragan\u00e7a; e no evento de encerramento da exposi\u00e7\u00e3o &#8220;400 Anos da Funda\u00e7\u00e3o de Bel\u00e9m do Par\u00e1&#8221;, no audit\u00f3rio da Biblioteca Nacional de Lisboa.<\/p><p><strong>Uma carta que inspira &#8211;\u00a0<\/strong>A Carta de Pero Vaz de Caminha original integra o acervo do Arquivo Nacional da Torre do Tombo, em Lisboa (Portugal), e \u00e9 um dos seus mais valiosos itens. O mesmo s\u00f3 pode ser visitado mediante autoriza\u00e7\u00e3o e em hor\u00e1rio restrito, sendo exposto ao p\u00fablico somente em ocasi\u00f5es especiais.<\/p><p>O documento que inspirou o espet\u00e1culo, depois de ter sido enviado ao Rei de Portugal por Caminha, ficou arquivado por mais de dois s\u00e9culos no Arquivo Nacional da Torre do Tombo, tendo seu valor hist\u00f3rico e liter\u00e1rio reconhecido somente em 1773 pelo estadista Jos\u00e9 Seabra da Silva e noticiado pelo historiador espanhol Juan Baptista Mu\u00f1oz. Em 1817, o documento foi publicado pelo padre e ge\u00f3grafo Manuel Aires do Casal, na Corografia Brazilica, primeiro livro editado no Brasil. A partir dessa publica\u00e7\u00e3o, a Carta despertou interesse e gerou grande repercuss\u00e3o, sendo tema de palestras, estudos, al\u00e9m de ter sido traduzida para diversos idiomas. Em 2005, a Carta foi reconhecida pelo programa Mem\u00f3ria do Mundo da UNESCO, como patrim\u00f4nio hist\u00f3rico em \u00e2mbito nacional e internacional.<\/p><p>A carta permite conhecer as primeiras representa\u00e7\u00f5es feitas pelos portugueses a respeito da fauna e da flora que avistaram em terras brasileiras, assim como dos povos que aqui viviam. Assim, al\u00e9m de um marco nas rela\u00e7\u00f5es de coopera\u00e7\u00e3o cultural e acad\u00eamica entre Brasil e Portugal, a vinda do espet\u00e1culo &#8220;Carta de Caminha&#8221; para Bel\u00e9m proporcionar\u00e1 um importante exerc\u00edcio de reflex\u00e3o sobre um acontecimento hist\u00f3rico que transformou para sempre a hist\u00f3ria dos dois pa\u00edses.<\/p><p><strong>SERVI\u00c7O<\/strong><br \/><strong>Concerto musical &#8220;Carta de Caminha&#8221;<\/strong><br \/><strong>Data:<\/strong> 19 de maio de 2019 (domingo)<br \/><strong>Hor\u00e1rio:<\/strong> 19h<br \/><strong>Local:<\/strong> Theatro da Paz (Pra\u00e7a da Rep\u00fablica, Rua da Paz s\/n, Bairro da Campina | Bel\u00e9m &#8211; Par\u00e1 &#8211; Brasil)<br \/><strong>A entrada \u00e9 franca.<\/strong> Maiores informa\u00e7\u00f5es sobre a distribui\u00e7\u00e3o de ingressos ser\u00e3o divulgadas em breve no Portal da UFPA.<\/p><p><strong>Texto, arte e fotos:<\/strong> Divulga\u00e7\u00e3o.<\/p>\t\t\t\t\t\t\t\t<\/div>\n\t\t\t\t<\/div>\n\t\t\t\t\t<\/div>\n\t\t<\/div>\n\t\t\t\t\t<\/div>\n\t\t<\/section>\n\t\t\t\t<\/div>\n\t\t","protected":false},"excerpt":{"rendered":"<p>APOIO FADESP: Dia 19, UFPA traz a Bel\u00e9m o espet\u00e1culo musical in\u00e9dito no Brasil \u201cCarta de Caminha\u201d. &#8220;Neste dia, a horas de v\u00e9spera, houvemos vista de terra!&#8221;. Com esta frase, Pero Vaz deCaminha, escriv\u00e3o portugu\u00eas da frota de Pedro \u00c1lvares Cabral, narrou a primeira impress\u00e3osobre o territ\u00f3rio que viria a ser chamado, futuramente, de Brasil. [&hellip;]<\/p>\n","protected":false},"author":9,"featured_media":1856,"comment_status":"open","ping_status":"open","sticky":false,"template":"","format":"standard","meta":{"_monsterinsights_skip_tracking":false,"_monsterinsights_sitenote_active":false,"_monsterinsights_sitenote_note":"","_monsterinsights_sitenote_category":0,"footnotes":""},"categories":[1],"tags":[],"class_list":["post-1855","post","type-post","status-publish","format-standard","has-post-thumbnail","hentry","category-geral","entry","has-media"],"yoast_head":"<!-- This site is optimized with the Yoast SEO plugin v25.1 - https:\/\/yoast.com\/wordpress\/plugins\/seo\/ -->\n<title>APOIO FADESP: Dia 19, UFPA traz a Bel\u00e9m o espet\u00e1culo musical in\u00e9dito no Brasil \u201cCarta de Caminha\u201d. - FADESP<\/title>\n<meta name=\"robots\" content=\"index, follow, max-snippet:-1, max-image-preview:large, max-video-preview:-1\" \/>\n<link rel=\"canonical\" href=\"https:\/\/portalfadesp.org.br\/?p=1855\" \/>\n<meta property=\"og:locale\" content=\"pt_BR\" \/>\n<meta property=\"og:type\" content=\"article\" \/>\n<meta property=\"og:title\" content=\"APOIO FADESP: Dia 19, UFPA traz a Bel\u00e9m o espet\u00e1culo musical in\u00e9dito no Brasil \u201cCarta de Caminha\u201d. - FADESP\" \/>\n<meta property=\"og:description\" content=\"APOIO FADESP: Dia 19, UFPA traz a Bel\u00e9m o espet\u00e1culo musical in\u00e9dito no Brasil \u201cCarta de Caminha\u201d. &#8220;Neste dia, a horas de v\u00e9spera, houvemos vista de terra!&#8221;. Com esta frase, Pero Vaz deCaminha, escriv\u00e3o portugu\u00eas da frota de Pedro \u00c1lvares Cabral, narrou a primeira impress\u00e3osobre o territ\u00f3rio que viria a ser chamado, futuramente, de Brasil. [&hellip;]\" \/>\n<meta property=\"og:url\" content=\"https:\/\/portalfadesp.org.br\/?p=1855\" \/>\n<meta property=\"og:site_name\" content=\"FADESP\" \/>\n<meta property=\"article:publisher\" content=\"https:\/\/www.facebook.com\/Fadesp-138351949524662\/\" \/>\n<meta property=\"article:published_time\" content=\"2019-05-17T15:02:58+00:00\" \/>\n<meta property=\"article:modified_time\" content=\"2022-12-21T13:49:38+00:00\" \/>\n<meta property=\"og:image\" content=\"https:\/\/portalfadesp.org.br\/wp-content\/uploads\/2019\/06\/up_ag_29536_foto_pro_site.jpg\" \/>\n\t<meta property=\"og:image:width\" content=\"250\" \/>\n\t<meta property=\"og:image:height\" content=\"200\" \/>\n\t<meta property=\"og:image:type\" content=\"image\/jpeg\" \/>\n<meta name=\"author\" content=\"Raphael Pena\" \/>\n<meta name=\"twitter:card\" content=\"summary_large_image\" \/>\n<meta name=\"twitter:creator\" content=\"@Fadesp\" \/>\n<meta name=\"twitter:site\" content=\"@Fadesp\" \/>\n<meta name=\"twitter:label1\" content=\"Escrito por\" \/>\n\t<meta name=\"twitter:data1\" content=\"Raphael Pena\" \/>\n\t<meta name=\"twitter:label2\" content=\"Est. tempo de leitura\" \/>\n\t<meta name=\"twitter:data2\" content=\"5 minutos\" \/>\n<script type=\"application\/ld+json\" class=\"yoast-schema-graph\">{\"@context\":\"https:\/\/schema.org\",\"@graph\":[{\"@type\":\"Article\",\"@id\":\"https:\/\/portalfadesp.org.br\/?p=1855#article\",\"isPartOf\":{\"@id\":\"https:\/\/portalfadesp.org.br\/?p=1855\"},\"author\":{\"name\":\"Raphael Pena\",\"@id\":\"https:\/\/portalfadesp.org.br\/#\/schema\/person\/dc2908bf250f3ccb8be775027b13735e\"},\"headline\":\"APOIO FADESP: Dia 19, UFPA traz a Bel\u00e9m o espet\u00e1culo musical in\u00e9dito no Brasil \u201cCarta de Caminha\u201d.\",\"datePublished\":\"2019-05-17T15:02:58+00:00\",\"dateModified\":\"2022-12-21T13:49:38+00:00\",\"mainEntityOfPage\":{\"@id\":\"https:\/\/portalfadesp.org.br\/?p=1855\"},\"wordCount\":968,\"commentCount\":0,\"publisher\":{\"@id\":\"https:\/\/portalfadesp.org.br\/#organization\"},\"image\":{\"@id\":\"https:\/\/portalfadesp.org.br\/?p=1855#primaryimage\"},\"thumbnailUrl\":\"https:\/\/portalfadesp.org.br\/wp-content\/uploads\/2019\/06\/up_ag_29536_foto_pro_site.jpg\",\"articleSection\":[\"Geral\"],\"inLanguage\":\"pt-BR\"},{\"@type\":\"WebPage\",\"@id\":\"https:\/\/portalfadesp.org.br\/?p=1855\",\"url\":\"https:\/\/portalfadesp.org.br\/?p=1855\",\"name\":\"APOIO FADESP: Dia 19, UFPA traz a Bel\u00e9m o espet\u00e1culo musical in\u00e9dito no Brasil \u201cCarta de Caminha\u201d. - FADESP\",\"isPartOf\":{\"@id\":\"https:\/\/portalfadesp.org.br\/#website\"},\"primaryImageOfPage\":{\"@id\":\"https:\/\/portalfadesp.org.br\/?p=1855#primaryimage\"},\"image\":{\"@id\":\"https:\/\/portalfadesp.org.br\/?p=1855#primaryimage\"},\"thumbnailUrl\":\"https:\/\/portalfadesp.org.br\/wp-content\/uploads\/2019\/06\/up_ag_29536_foto_pro_site.jpg\",\"datePublished\":\"2019-05-17T15:02:58+00:00\",\"dateModified\":\"2022-12-21T13:49:38+00:00\",\"breadcrumb\":{\"@id\":\"https:\/\/portalfadesp.org.br\/?p=1855#breadcrumb\"},\"inLanguage\":\"pt-BR\",\"potentialAction\":[{\"@type\":\"ReadAction\",\"target\":[\"https:\/\/portalfadesp.org.br\/?p=1855\"]}]},{\"@type\":\"ImageObject\",\"inLanguage\":\"pt-BR\",\"@id\":\"https:\/\/portalfadesp.org.br\/?p=1855#primaryimage\",\"url\":\"https:\/\/portalfadesp.org.br\/wp-content\/uploads\/2019\/06\/up_ag_29536_foto_pro_site.jpg\",\"contentUrl\":\"https:\/\/portalfadesp.org.br\/wp-content\/uploads\/2019\/06\/up_ag_29536_foto_pro_site.jpg\",\"width\":250,\"height\":200},{\"@type\":\"BreadcrumbList\",\"@id\":\"https:\/\/portalfadesp.org.br\/?p=1855#breadcrumb\",\"itemListElement\":[{\"@type\":\"ListItem\",\"position\":1,\"name\":\"In\u00edcio\",\"item\":\"https:\/\/portalfadesp.org.br\/\"},{\"@type\":\"ListItem\",\"position\":2,\"name\":\"APOIO FADESP: Dia 19, UFPA traz a Bel\u00e9m o espet\u00e1culo musical in\u00e9dito no Brasil \u201cCarta de Caminha\u201d.\"}]},{\"@type\":\"WebSite\",\"@id\":\"https:\/\/portalfadesp.org.br\/#website\",\"url\":\"https:\/\/portalfadesp.org.br\/\",\"name\":\"FADESP\",\"description\":\"Funda\u00e7\u00e3o de Amparo e Desenvolvimento da Pesquisa\",\"publisher\":{\"@id\":\"https:\/\/portalfadesp.org.br\/#organization\"},\"potentialAction\":[{\"@type\":\"SearchAction\",\"target\":{\"@type\":\"EntryPoint\",\"urlTemplate\":\"https:\/\/portalfadesp.org.br\/?s={search_term_string}\"},\"query-input\":{\"@type\":\"PropertyValueSpecification\",\"valueRequired\":true,\"valueName\":\"search_term_string\"}}],\"inLanguage\":\"pt-BR\"},{\"@type\":\"Organization\",\"@id\":\"https:\/\/portalfadesp.org.br\/#organization\",\"name\":\"FADESP\",\"url\":\"https:\/\/portalfadesp.org.br\/\",\"logo\":{\"@type\":\"ImageObject\",\"inLanguage\":\"pt-BR\",\"@id\":\"https:\/\/portalfadesp.org.br\/#\/schema\/logo\/image\/\",\"url\":\"https:\/\/portalfadesp.org.br\/wp-content\/uploads\/2024\/01\/NOVOLOGOFADESPlaranjaH.png\",\"contentUrl\":\"https:\/\/portalfadesp.org.br\/wp-content\/uploads\/2024\/01\/NOVOLOGOFADESPlaranjaH.png\",\"width\":2742,\"height\":839,\"caption\":\"FADESP\"},\"image\":{\"@id\":\"https:\/\/portalfadesp.org.br\/#\/schema\/logo\/image\/\"},\"sameAs\":[\"https:\/\/www.facebook.com\/Fadesp-138351949524662\/\",\"https:\/\/x.com\/Fadesp\",\"https:\/\/www.instagram.com\/fadesp_ufpa\/\",\"https:\/\/www.youtube.com\/@fundacaodeamparoedesenvolv1903\",\"https:\/\/www.threads.net\/@fadesp_ufpa\"]},{\"@type\":\"Person\",\"@id\":\"https:\/\/portalfadesp.org.br\/#\/schema\/person\/dc2908bf250f3ccb8be775027b13735e\",\"name\":\"Raphael Pena\",\"image\":{\"@type\":\"ImageObject\",\"inLanguage\":\"pt-BR\",\"@id\":\"https:\/\/portalfadesp.org.br\/#\/schema\/person\/image\/\",\"url\":\"https:\/\/secure.gravatar.com\/avatar\/f6ed33c466a335cea1eeb716e9d8177b1ca19149f5fdbee566ad4873403cee8a?s=96&d=mm&r=g\",\"contentUrl\":\"https:\/\/secure.gravatar.com\/avatar\/f6ed33c466a335cea1eeb716e9d8177b1ca19149f5fdbee566ad4873403cee8a?s=96&d=mm&r=g\",\"caption\":\"Raphael Pena\"},\"url\":\"https:\/\/portalfadesp.org.br\/?author=9\"}]}<\/script>\n<!-- \/ Yoast SEO plugin. -->","yoast_head_json":{"title":"APOIO FADESP: Dia 19, UFPA traz a Bel\u00e9m o espet\u00e1culo musical in\u00e9dito no Brasil \u201cCarta de Caminha\u201d. - FADESP","robots":{"index":"index","follow":"follow","max-snippet":"max-snippet:-1","max-image-preview":"max-image-preview:large","max-video-preview":"max-video-preview:-1"},"canonical":"https:\/\/portalfadesp.org.br\/?p=1855","og_locale":"pt_BR","og_type":"article","og_title":"APOIO FADESP: Dia 19, UFPA traz a Bel\u00e9m o espet\u00e1culo musical in\u00e9dito no Brasil \u201cCarta de Caminha\u201d. - FADESP","og_description":"APOIO FADESP: Dia 19, UFPA traz a Bel\u00e9m o espet\u00e1culo musical in\u00e9dito no Brasil \u201cCarta de Caminha\u201d. &#8220;Neste dia, a horas de v\u00e9spera, houvemos vista de terra!&#8221;. Com esta frase, Pero Vaz deCaminha, escriv\u00e3o portugu\u00eas da frota de Pedro \u00c1lvares Cabral, narrou a primeira impress\u00e3osobre o territ\u00f3rio que viria a ser chamado, futuramente, de Brasil. [&hellip;]","og_url":"https:\/\/portalfadesp.org.br\/?p=1855","og_site_name":"FADESP","article_publisher":"https:\/\/www.facebook.com\/Fadesp-138351949524662\/","article_published_time":"2019-05-17T15:02:58+00:00","article_modified_time":"2022-12-21T13:49:38+00:00","og_image":[{"width":250,"height":200,"url":"https:\/\/portalfadesp.org.br\/wp-content\/uploads\/2019\/06\/up_ag_29536_foto_pro_site.jpg","type":"image\/jpeg"}],"author":"Raphael Pena","twitter_card":"summary_large_image","twitter_creator":"@Fadesp","twitter_site":"@Fadesp","twitter_misc":{"Escrito por":"Raphael Pena","Est. tempo de leitura":"5 minutos"},"schema":{"@context":"https:\/\/schema.org","@graph":[{"@type":"Article","@id":"https:\/\/portalfadesp.org.br\/?p=1855#article","isPartOf":{"@id":"https:\/\/portalfadesp.org.br\/?p=1855"},"author":{"name":"Raphael Pena","@id":"https:\/\/portalfadesp.org.br\/#\/schema\/person\/dc2908bf250f3ccb8be775027b13735e"},"headline":"APOIO FADESP: Dia 19, UFPA traz a Bel\u00e9m o espet\u00e1culo musical in\u00e9dito no Brasil \u201cCarta de Caminha\u201d.","datePublished":"2019-05-17T15:02:58+00:00","dateModified":"2022-12-21T13:49:38+00:00","mainEntityOfPage":{"@id":"https:\/\/portalfadesp.org.br\/?p=1855"},"wordCount":968,"commentCount":0,"publisher":{"@id":"https:\/\/portalfadesp.org.br\/#organization"},"image":{"@id":"https:\/\/portalfadesp.org.br\/?p=1855#primaryimage"},"thumbnailUrl":"https:\/\/portalfadesp.org.br\/wp-content\/uploads\/2019\/06\/up_ag_29536_foto_pro_site.jpg","articleSection":["Geral"],"inLanguage":"pt-BR"},{"@type":"WebPage","@id":"https:\/\/portalfadesp.org.br\/?p=1855","url":"https:\/\/portalfadesp.org.br\/?p=1855","name":"APOIO FADESP: Dia 19, UFPA traz a Bel\u00e9m o espet\u00e1culo musical in\u00e9dito no Brasil \u201cCarta de Caminha\u201d. - FADESP","isPartOf":{"@id":"https:\/\/portalfadesp.org.br\/#website"},"primaryImageOfPage":{"@id":"https:\/\/portalfadesp.org.br\/?p=1855#primaryimage"},"image":{"@id":"https:\/\/portalfadesp.org.br\/?p=1855#primaryimage"},"thumbnailUrl":"https:\/\/portalfadesp.org.br\/wp-content\/uploads\/2019\/06\/up_ag_29536_foto_pro_site.jpg","datePublished":"2019-05-17T15:02:58+00:00","dateModified":"2022-12-21T13:49:38+00:00","breadcrumb":{"@id":"https:\/\/portalfadesp.org.br\/?p=1855#breadcrumb"},"inLanguage":"pt-BR","potentialAction":[{"@type":"ReadAction","target":["https:\/\/portalfadesp.org.br\/?p=1855"]}]},{"@type":"ImageObject","inLanguage":"pt-BR","@id":"https:\/\/portalfadesp.org.br\/?p=1855#primaryimage","url":"https:\/\/portalfadesp.org.br\/wp-content\/uploads\/2019\/06\/up_ag_29536_foto_pro_site.jpg","contentUrl":"https:\/\/portalfadesp.org.br\/wp-content\/uploads\/2019\/06\/up_ag_29536_foto_pro_site.jpg","width":250,"height":200},{"@type":"BreadcrumbList","@id":"https:\/\/portalfadesp.org.br\/?p=1855#breadcrumb","itemListElement":[{"@type":"ListItem","position":1,"name":"In\u00edcio","item":"https:\/\/portalfadesp.org.br\/"},{"@type":"ListItem","position":2,"name":"APOIO FADESP: Dia 19, UFPA traz a Bel\u00e9m o espet\u00e1culo musical in\u00e9dito no Brasil \u201cCarta de Caminha\u201d."}]},{"@type":"WebSite","@id":"https:\/\/portalfadesp.org.br\/#website","url":"https:\/\/portalfadesp.org.br\/","name":"FADESP","description":"Funda\u00e7\u00e3o de Amparo e Desenvolvimento da Pesquisa","publisher":{"@id":"https:\/\/portalfadesp.org.br\/#organization"},"potentialAction":[{"@type":"SearchAction","target":{"@type":"EntryPoint","urlTemplate":"https:\/\/portalfadesp.org.br\/?s={search_term_string}"},"query-input":{"@type":"PropertyValueSpecification","valueRequired":true,"valueName":"search_term_string"}}],"inLanguage":"pt-BR"},{"@type":"Organization","@id":"https:\/\/portalfadesp.org.br\/#organization","name":"FADESP","url":"https:\/\/portalfadesp.org.br\/","logo":{"@type":"ImageObject","inLanguage":"pt-BR","@id":"https:\/\/portalfadesp.org.br\/#\/schema\/logo\/image\/","url":"https:\/\/portalfadesp.org.br\/wp-content\/uploads\/2024\/01\/NOVOLOGOFADESPlaranjaH.png","contentUrl":"https:\/\/portalfadesp.org.br\/wp-content\/uploads\/2024\/01\/NOVOLOGOFADESPlaranjaH.png","width":2742,"height":839,"caption":"FADESP"},"image":{"@id":"https:\/\/portalfadesp.org.br\/#\/schema\/logo\/image\/"},"sameAs":["https:\/\/www.facebook.com\/Fadesp-138351949524662\/","https:\/\/x.com\/Fadesp","https:\/\/www.instagram.com\/fadesp_ufpa\/","https:\/\/www.youtube.com\/@fundacaodeamparoedesenvolv1903","https:\/\/www.threads.net\/@fadesp_ufpa"]},{"@type":"Person","@id":"https:\/\/portalfadesp.org.br\/#\/schema\/person\/dc2908bf250f3ccb8be775027b13735e","name":"Raphael Pena","image":{"@type":"ImageObject","inLanguage":"pt-BR","@id":"https:\/\/portalfadesp.org.br\/#\/schema\/person\/image\/","url":"https:\/\/secure.gravatar.com\/avatar\/f6ed33c466a335cea1eeb716e9d8177b1ca19149f5fdbee566ad4873403cee8a?s=96&d=mm&r=g","contentUrl":"https:\/\/secure.gravatar.com\/avatar\/f6ed33c466a335cea1eeb716e9d8177b1ca19149f5fdbee566ad4873403cee8a?s=96&d=mm&r=g","caption":"Raphael Pena"},"url":"https:\/\/portalfadesp.org.br\/?author=9"}]}},"_links":{"self":[{"href":"https:\/\/portalfadesp.org.br\/index.php?rest_route=\/wp\/v2\/posts\/1855","targetHints":{"allow":["GET"]}}],"collection":[{"href":"https:\/\/portalfadesp.org.br\/index.php?rest_route=\/wp\/v2\/posts"}],"about":[{"href":"https:\/\/portalfadesp.org.br\/index.php?rest_route=\/wp\/v2\/types\/post"}],"author":[{"embeddable":true,"href":"https:\/\/portalfadesp.org.br\/index.php?rest_route=\/wp\/v2\/users\/9"}],"replies":[{"embeddable":true,"href":"https:\/\/portalfadesp.org.br\/index.php?rest_route=%2Fwp%2Fv2%2Fcomments&post=1855"}],"version-history":[{"count":7,"href":"https:\/\/portalfadesp.org.br\/index.php?rest_route=\/wp\/v2\/posts\/1855\/revisions"}],"predecessor-version":[{"id":37987,"href":"https:\/\/portalfadesp.org.br\/index.php?rest_route=\/wp\/v2\/posts\/1855\/revisions\/37987"}],"wp:featuredmedia":[{"embeddable":true,"href":"https:\/\/portalfadesp.org.br\/index.php?rest_route=\/wp\/v2\/media\/1856"}],"wp:attachment":[{"href":"https:\/\/portalfadesp.org.br\/index.php?rest_route=%2Fwp%2Fv2%2Fmedia&parent=1855"}],"wp:term":[{"taxonomy":"category","embeddable":true,"href":"https:\/\/portalfadesp.org.br\/index.php?rest_route=%2Fwp%2Fv2%2Fcategories&post=1855"},{"taxonomy":"post_tag","embeddable":true,"href":"https:\/\/portalfadesp.org.br\/index.php?rest_route=%2Fwp%2Fv2%2Ftags&post=1855"}],"curies":[{"name":"wp","href":"https:\/\/api.w.org\/{rel}","templated":true}]}}