{"id":1842,"date":"2019-05-27T11:06:27","date_gmt":"2019-05-27T14:06:27","guid":{"rendered":"https:\/\/162.215.13.167?p=1842"},"modified":"2022-12-21T10:55:35","modified_gmt":"2022-12-21T13:55:35","slug":"concurso-prefeitura-maraba-atencao-para-cronograma-prova-de-titulos-aptidao-fisica-e-desempates","status":"publish","type":"post","link":"https:\/\/portalfadesp.org.br\/?p=1842","title":{"rendered":"CONCURSO PREFEITURA MARAB\u00c1: aten\u00e7\u00e3o para cronograma, prova de t\u00edtulos, aptid\u00e3o f\u00edsica e desempates."},"content":{"rendered":"<h2>CONCURSO PREFEITURA MARAB\u00c1: aten\u00e7\u00e3o para cronograma, prova de t\u00edtulos, aptid\u00e3o f\u00edsica e desempates.<\/h2>\n<p><img decoding=\"async\" class=\"alignright\" src=\"..\/wp-content\/uploads\/2019\/06\/up_ag_29540_maraba.jpg\" alt=\"\" width=\"250\" height=\"161\" \/><\/p>\n<p>O <a href=\"..\/midias\/anexos\/576_cronograma_-_atualizado.pdf\" target=\"_blank\" rel=\"noopener noreferrer\">cronograma<\/a> de realiza\u00e7\u00e3o do\u00a0concurso para a prefeitura de Marab\u00e1 (PA) foi atualizado e est\u00e1 dispon\u00edvel na <a href=\"https:\/\/portalfadesp.org.br\/pagConcursosp.asp?id_pagina=576\" target=\"_blank\" rel=\"noopener noreferrer\">p\u00e1gina oficial de acompanhamento<\/a>.\u00a0Os candidatos devem ficar atentos aos prazos das convoca\u00e7\u00f5es. Os classificados para cargos de n\u00edvel superior t\u00eam at\u00e9 o dia 7 para enviar a documenta\u00e7\u00e3o comprovante dos t\u00edtulos e os classificados ao cargo de guarda municipal far\u00e3o prova de aptid\u00e3o f\u00edsica, no dia 09. Tamb\u00e9m os aprovados e empatados na prova objetiva para os cargos dos n\u00edveis Fundamental e M\u00e9dio t\u00eam entre 11 e 14 de junho para apresentar comprovante de tempo de servi\u00e7o p\u00fablico.<\/p>\n<p>Conforme o <a href=\"http:\/\/concursos.fadesp.org.br\/pmm2018\/arquivos\/N%C3%ADvel%20Superior%20-%20Edital%20n%C2%B0%2005_2019_Convoca%C3%A7%C3%A3o%20a%20Prova%20de%20T%C3%ADtulos.pdf\" target=\"_blank\" rel=\"noopener noreferrer\">edital de convoca\u00e7\u00e3o para a prova de t\u00edtulos<\/a>, os candidatos devem imprimir, preencher e assinar o formul\u00e1rio dispon\u00edvel na p\u00e1gina oficial do concurso para envi\u00e1-lo, por carta registrada simples, juntamente com os documentos comprobat\u00f3rios exigidos no edital, \u00e0 Comiss\u00e3o Executora do Concurso \u2013 FADESP, localizada na\u00a0Rua Augusto Corr\u00eaa, s\/n, Campus Universit\u00e1rio da UFPA, Bairro do Guam\u00e1, Bel\u00e9m-Par\u00e1, CEP 66075-110. A correspond\u00eancia deve ter o t\u00edtulo &#8220;Documentos da Prova T\u00edtulos do Concurso da PMM&#8221;.<\/p>\n<p>J\u00e1 os c<a href=\"http:\/\/concursos.fadesp.org.br\/pmm2018\/arquivos\/N%C3%ADvel%20M%C3%A9dio%20-%20Guarda%20Municipal%20-%20Edital%20n%C2%B0%2006_2019_PMM%20-%20Convoca%C3%A7%C3%A3o%20a%20Prova%20de%20Aptid%C3%A3o%20F%C3%ADsica.pdf\" target=\"_blank\" rel=\"noopener noreferrer\">onvocados \u00e0 prova de aptid\u00e3o f\u00edsica<\/a> devem comparecer com uma hora de anteced\u00eancia (7h), na ESTA\u00c7\u00c3O CONHECIMENTO, situada na avenida Vale, s\/n, no bairro Novo Progresso &#8211; N\u00facleo S\u00e3o Felix, em\u00a0Marab\u00e1 \/PA. O exame come\u00e7ar\u00e1 \u00e0s 8h e s\u00f3 poder\u00e3o realiz\u00e1-lo os que apresentarem Atestado M\u00e9dico com o parecer &#8220;Apto para realizar a Prova de Esfor\u00e7o F\u00edsico&#8221;, expedido por m\u00e9dico devidamente registrado no CRM.<\/p>\n<p>De acordo com o edital de convoca\u00e7\u00e3o, gr\u00e1vidas tamb\u00e9m devem ter atestado m\u00e9dico com autoriza\u00e7\u00e3o para a participa\u00e7\u00e3o em atividade f\u00edsica intensa, emitido at\u00e9 48 horas antes da realiza\u00e7\u00e3o do TAF. O laudo deve ser assinado por m\u00e9dico credenciado pelo respectivo Conselho e habilitado para emit\u00ed-lo.<\/p>\n<p><strong>Desempate<\/strong> &#8211;\u00a0Os candidatos aos cargos dos n\u00edveis <a href=\"http:\/\/concursos.fadesp.org.br\/pmm2018\/arquivos\/Edital%20Fundamental%20-%20Edital%20n%C2%B0%2007_2019_PMM%20-%20Convoca%C3%A7%C3%A3o%20ao%20Desempate%20de%20Pontua%C3%A7%C3%A3o.pdf\" target=\"_blank\" rel=\"noopener noreferrer\">Fundamental\u00a0<\/a> e <a href=\"http:\/\/concursos.fadesp.org.br\/pmm2018\/arquivos\/Edital%20M%C3%A9dio%20%20-%20Edital%20n%C2%B0%2008_2019_PMM%20-%20Convoca%C3%A7%C3%A3o%20ao%20Desempate%20de%20Pontua%C3%A7%C3%A3o.pdf\" target=\"_blank\" rel=\"noopener noreferrer\">M\u00e9dio<\/a> n\u00e3o eliminados na prova objetiva, mas empatados nas pontua\u00e7\u00f5es, foram convocados ao processo de desempate. Os editais de convoca\u00e7\u00e3o est\u00e3o na p\u00e1gina oficial do concurso.<\/p>\n<p>Esses candidatos t\u00eam o prazo de 11 a 14 de junho para\u00a0postar, em link que ser\u00e1 disponibilizado na p\u00e1gina do concurso, a\u00a0documenta\u00e7\u00e3o que comprova o tempo de servi\u00e7o p\u00fablico.<\/p>\n<p><strong>Vagas<\/strong> &#8211; O concurso oferta 843 vagas, sendo 274 para cargos de n\u00edvel escolar Fundamental, 266 para o M\u00e9dio e 303 para o Superior. Os sal\u00e1rios variam de R$ 954,00 a R$ 3.565,13. Alguns cargos oferecem gratifica\u00e7\u00e3o por escolaridade.<\/p>\n","protected":false},"excerpt":{"rendered":"<p>CONCURSO PREFEITURA MARAB\u00c1: aten\u00e7\u00e3o para cronograma, prova de t\u00edtulos, aptid\u00e3o f\u00edsica e desempates. O cronograma de realiza\u00e7\u00e3o do\u00a0concurso para a prefeitura de Marab\u00e1 (PA) foi atualizado e est\u00e1 dispon\u00edvel na p\u00e1gina oficial de acompanhamento.\u00a0Os candidatos devem ficar atentos aos prazos das convoca\u00e7\u00f5es. Os classificados para cargos de n\u00edvel superior t\u00eam at\u00e9 o dia 7 para [&hellip;]<\/p>\n","protected":false},"author":9,"featured_media":0,"comment_status":"open","ping_status":"open","sticky":false,"template":"","format":"standard","meta":{"_monsterinsights_skip_tracking":false,"_monsterinsights_sitenote_active":false,"_monsterinsights_sitenote_note":"","_monsterinsights_sitenote_category":0,"footnotes":""},"categories":[7],"tags":[],"class_list":["post-1842","post","type-post","status-publish","format-standard","hentry","category-concurso","entry"],"yoast_head":"<!-- This site is optimized with the Yoast SEO plugin v25.1 - https:\/\/yoast.com\/wordpress\/plugins\/seo\/ -->\n<title>CONCURSO PREFEITURA MARAB\u00c1: aten\u00e7\u00e3o para cronograma, prova de t\u00edtulos, aptid\u00e3o f\u00edsica e desempates. - FADESP<\/title>\n<meta name=\"robots\" content=\"index, follow, max-snippet:-1, max-image-preview:large, max-video-preview:-1\" \/>\n<link rel=\"canonical\" href=\"https:\/\/portalfadesp.org.br\/?p=1842\" \/>\n<meta property=\"og:locale\" content=\"pt_BR\" \/>\n<meta property=\"og:type\" content=\"article\" \/>\n<meta property=\"og:title\" content=\"CONCURSO PREFEITURA MARAB\u00c1: aten\u00e7\u00e3o para cronograma, prova de t\u00edtulos, aptid\u00e3o f\u00edsica e desempates. - FADESP\" \/>\n<meta property=\"og:description\" content=\"CONCURSO PREFEITURA MARAB\u00c1: aten\u00e7\u00e3o para cronograma, prova de t\u00edtulos, aptid\u00e3o f\u00edsica e desempates. O cronograma de realiza\u00e7\u00e3o do\u00a0concurso para a prefeitura de Marab\u00e1 (PA) foi atualizado e est\u00e1 dispon\u00edvel na p\u00e1gina oficial de acompanhamento.\u00a0Os candidatos devem ficar atentos aos prazos das convoca\u00e7\u00f5es. Os classificados para cargos de n\u00edvel superior t\u00eam at\u00e9 o dia 7 para [&hellip;]\" \/>\n<meta property=\"og:url\" content=\"https:\/\/portalfadesp.org.br\/?p=1842\" \/>\n<meta property=\"og:site_name\" content=\"FADESP\" \/>\n<meta property=\"article:publisher\" content=\"https:\/\/www.facebook.com\/Fadesp-138351949524662\/\" \/>\n<meta property=\"article:published_time\" content=\"2019-05-27T14:06:27+00:00\" \/>\n<meta property=\"article:modified_time\" content=\"2022-12-21T13:55:35+00:00\" \/>\n<meta name=\"author\" content=\"Raphael Pena\" \/>\n<meta name=\"twitter:card\" content=\"summary_large_image\" \/>\n<meta name=\"twitter:creator\" content=\"@Fadesp\" \/>\n<meta name=\"twitter:site\" content=\"@Fadesp\" \/>\n<meta name=\"twitter:label1\" content=\"Escrito por\" \/>\n\t<meta name=\"twitter:data1\" content=\"Raphael Pena\" \/>\n\t<meta name=\"twitter:label2\" content=\"Est. tempo de leitura\" \/>\n\t<meta name=\"twitter:data2\" content=\"2 minutos\" \/>\n<script type=\"application\/ld+json\" class=\"yoast-schema-graph\">{\"@context\":\"https:\/\/schema.org\",\"@graph\":[{\"@type\":\"Article\",\"@id\":\"https:\/\/portalfadesp.org.br\/?p=1842#article\",\"isPartOf\":{\"@id\":\"https:\/\/portalfadesp.org.br\/?p=1842\"},\"author\":{\"name\":\"Raphael Pena\",\"@id\":\"https:\/\/portalfadesp.org.br\/#\/schema\/person\/dc2908bf250f3ccb8be775027b13735e\"},\"headline\":\"CONCURSO PREFEITURA MARAB\u00c1: aten\u00e7\u00e3o para cronograma, prova de t\u00edtulos, aptid\u00e3o f\u00edsica e desempates.\",\"datePublished\":\"2019-05-27T14:06:27+00:00\",\"dateModified\":\"2022-12-21T13:55:35+00:00\",\"mainEntityOfPage\":{\"@id\":\"https:\/\/portalfadesp.org.br\/?p=1842\"},\"wordCount\":482,\"commentCount\":0,\"publisher\":{\"@id\":\"https:\/\/portalfadesp.org.br\/#organization\"},\"articleSection\":[\"Concurso\"],\"inLanguage\":\"pt-BR\"},{\"@type\":\"WebPage\",\"@id\":\"https:\/\/portalfadesp.org.br\/?p=1842\",\"url\":\"https:\/\/portalfadesp.org.br\/?p=1842\",\"name\":\"CONCURSO PREFEITURA MARAB\u00c1: aten\u00e7\u00e3o para cronograma, prova de t\u00edtulos, aptid\u00e3o f\u00edsica e desempates. - FADESP\",\"isPartOf\":{\"@id\":\"https:\/\/portalfadesp.org.br\/#website\"},\"datePublished\":\"2019-05-27T14:06:27+00:00\",\"dateModified\":\"2022-12-21T13:55:35+00:00\",\"breadcrumb\":{\"@id\":\"https:\/\/portalfadesp.org.br\/?p=1842#breadcrumb\"},\"inLanguage\":\"pt-BR\",\"potentialAction\":[{\"@type\":\"ReadAction\",\"target\":[\"https:\/\/portalfadesp.org.br\/?p=1842\"]}]},{\"@type\":\"BreadcrumbList\",\"@id\":\"https:\/\/portalfadesp.org.br\/?p=1842#breadcrumb\",\"itemListElement\":[{\"@type\":\"ListItem\",\"position\":1,\"name\":\"In\u00edcio\",\"item\":\"https:\/\/portalfadesp.org.br\/\"},{\"@type\":\"ListItem\",\"position\":2,\"name\":\"CONCURSO PREFEITURA MARAB\u00c1: aten\u00e7\u00e3o para cronograma, prova de t\u00edtulos, aptid\u00e3o f\u00edsica e desempates.\"}]},{\"@type\":\"WebSite\",\"@id\":\"https:\/\/portalfadesp.org.br\/#website\",\"url\":\"https:\/\/portalfadesp.org.br\/\",\"name\":\"FADESP\",\"description\":\"Funda\u00e7\u00e3o de Amparo e Desenvolvimento da Pesquisa\",\"publisher\":{\"@id\":\"https:\/\/portalfadesp.org.br\/#organization\"},\"potentialAction\":[{\"@type\":\"SearchAction\",\"target\":{\"@type\":\"EntryPoint\",\"urlTemplate\":\"https:\/\/portalfadesp.org.br\/?s={search_term_string}\"},\"query-input\":{\"@type\":\"PropertyValueSpecification\",\"valueRequired\":true,\"valueName\":\"search_term_string\"}}],\"inLanguage\":\"pt-BR\"},{\"@type\":\"Organization\",\"@id\":\"https:\/\/portalfadesp.org.br\/#organization\",\"name\":\"FADESP\",\"url\":\"https:\/\/portalfadesp.org.br\/\",\"logo\":{\"@type\":\"ImageObject\",\"inLanguage\":\"pt-BR\",\"@id\":\"https:\/\/portalfadesp.org.br\/#\/schema\/logo\/image\/\",\"url\":\"https:\/\/portalfadesp.org.br\/wp-content\/uploads\/2024\/01\/NOVOLOGOFADESPlaranjaH.png\",\"contentUrl\":\"https:\/\/portalfadesp.org.br\/wp-content\/uploads\/2024\/01\/NOVOLOGOFADESPlaranjaH.png\",\"width\":2742,\"height\":839,\"caption\":\"FADESP\"},\"image\":{\"@id\":\"https:\/\/portalfadesp.org.br\/#\/schema\/logo\/image\/\"},\"sameAs\":[\"https:\/\/www.facebook.com\/Fadesp-138351949524662\/\",\"https:\/\/x.com\/Fadesp\",\"https:\/\/www.instagram.com\/fadesp_ufpa\/\",\"https:\/\/www.youtube.com\/@fundacaodeamparoedesenvolv1903\",\"https:\/\/www.threads.net\/@fadesp_ufpa\"]},{\"@type\":\"Person\",\"@id\":\"https:\/\/portalfadesp.org.br\/#\/schema\/person\/dc2908bf250f3ccb8be775027b13735e\",\"name\":\"Raphael Pena\",\"image\":{\"@type\":\"ImageObject\",\"inLanguage\":\"pt-BR\",\"@id\":\"https:\/\/portalfadesp.org.br\/#\/schema\/person\/image\/\",\"url\":\"https:\/\/secure.gravatar.com\/avatar\/f6ed33c466a335cea1eeb716e9d8177b1ca19149f5fdbee566ad4873403cee8a?s=96&d=mm&r=g\",\"contentUrl\":\"https:\/\/secure.gravatar.com\/avatar\/f6ed33c466a335cea1eeb716e9d8177b1ca19149f5fdbee566ad4873403cee8a?s=96&d=mm&r=g\",\"caption\":\"Raphael Pena\"},\"url\":\"https:\/\/portalfadesp.org.br\/?author=9\"}]}<\/script>\n<!-- \/ Yoast SEO plugin. -->","yoast_head_json":{"title":"CONCURSO PREFEITURA MARAB\u00c1: aten\u00e7\u00e3o para cronograma, prova de t\u00edtulos, aptid\u00e3o f\u00edsica e desempates. - FADESP","robots":{"index":"index","follow":"follow","max-snippet":"max-snippet:-1","max-image-preview":"max-image-preview:large","max-video-preview":"max-video-preview:-1"},"canonical":"https:\/\/portalfadesp.org.br\/?p=1842","og_locale":"pt_BR","og_type":"article","og_title":"CONCURSO PREFEITURA MARAB\u00c1: aten\u00e7\u00e3o para cronograma, prova de t\u00edtulos, aptid\u00e3o f\u00edsica e desempates. - FADESP","og_description":"CONCURSO PREFEITURA MARAB\u00c1: aten\u00e7\u00e3o para cronograma, prova de t\u00edtulos, aptid\u00e3o f\u00edsica e desempates. O cronograma de realiza\u00e7\u00e3o do\u00a0concurso para a prefeitura de Marab\u00e1 (PA) foi atualizado e est\u00e1 dispon\u00edvel na p\u00e1gina oficial de acompanhamento.\u00a0Os candidatos devem ficar atentos aos prazos das convoca\u00e7\u00f5es. Os classificados para cargos de n\u00edvel superior t\u00eam at\u00e9 o dia 7 para [&hellip;]","og_url":"https:\/\/portalfadesp.org.br\/?p=1842","og_site_name":"FADESP","article_publisher":"https:\/\/www.facebook.com\/Fadesp-138351949524662\/","article_published_time":"2019-05-27T14:06:27+00:00","article_modified_time":"2022-12-21T13:55:35+00:00","author":"Raphael Pena","twitter_card":"summary_large_image","twitter_creator":"@Fadesp","twitter_site":"@Fadesp","twitter_misc":{"Escrito por":"Raphael Pena","Est. tempo de leitura":"2 minutos"},"schema":{"@context":"https:\/\/schema.org","@graph":[{"@type":"Article","@id":"https:\/\/portalfadesp.org.br\/?p=1842#article","isPartOf":{"@id":"https:\/\/portalfadesp.org.br\/?p=1842"},"author":{"name":"Raphael Pena","@id":"https:\/\/portalfadesp.org.br\/#\/schema\/person\/dc2908bf250f3ccb8be775027b13735e"},"headline":"CONCURSO PREFEITURA MARAB\u00c1: aten\u00e7\u00e3o para cronograma, prova de t\u00edtulos, aptid\u00e3o f\u00edsica e desempates.","datePublished":"2019-05-27T14:06:27+00:00","dateModified":"2022-12-21T13:55:35+00:00","mainEntityOfPage":{"@id":"https:\/\/portalfadesp.org.br\/?p=1842"},"wordCount":482,"commentCount":0,"publisher":{"@id":"https:\/\/portalfadesp.org.br\/#organization"},"articleSection":["Concurso"],"inLanguage":"pt-BR"},{"@type":"WebPage","@id":"https:\/\/portalfadesp.org.br\/?p=1842","url":"https:\/\/portalfadesp.org.br\/?p=1842","name":"CONCURSO PREFEITURA MARAB\u00c1: aten\u00e7\u00e3o para cronograma, prova de t\u00edtulos, aptid\u00e3o f\u00edsica e desempates. - FADESP","isPartOf":{"@id":"https:\/\/portalfadesp.org.br\/#website"},"datePublished":"2019-05-27T14:06:27+00:00","dateModified":"2022-12-21T13:55:35+00:00","breadcrumb":{"@id":"https:\/\/portalfadesp.org.br\/?p=1842#breadcrumb"},"inLanguage":"pt-BR","potentialAction":[{"@type":"ReadAction","target":["https:\/\/portalfadesp.org.br\/?p=1842"]}]},{"@type":"BreadcrumbList","@id":"https:\/\/portalfadesp.org.br\/?p=1842#breadcrumb","itemListElement":[{"@type":"ListItem","position":1,"name":"In\u00edcio","item":"https:\/\/portalfadesp.org.br\/"},{"@type":"ListItem","position":2,"name":"CONCURSO PREFEITURA MARAB\u00c1: aten\u00e7\u00e3o para cronograma, prova de t\u00edtulos, aptid\u00e3o f\u00edsica e desempates."}]},{"@type":"WebSite","@id":"https:\/\/portalfadesp.org.br\/#website","url":"https:\/\/portalfadesp.org.br\/","name":"FADESP","description":"Funda\u00e7\u00e3o de Amparo e Desenvolvimento da Pesquisa","publisher":{"@id":"https:\/\/portalfadesp.org.br\/#organization"},"potentialAction":[{"@type":"SearchAction","target":{"@type":"EntryPoint","urlTemplate":"https:\/\/portalfadesp.org.br\/?s={search_term_string}"},"query-input":{"@type":"PropertyValueSpecification","valueRequired":true,"valueName":"search_term_string"}}],"inLanguage":"pt-BR"},{"@type":"Organization","@id":"https:\/\/portalfadesp.org.br\/#organization","name":"FADESP","url":"https:\/\/portalfadesp.org.br\/","logo":{"@type":"ImageObject","inLanguage":"pt-BR","@id":"https:\/\/portalfadesp.org.br\/#\/schema\/logo\/image\/","url":"https:\/\/portalfadesp.org.br\/wp-content\/uploads\/2024\/01\/NOVOLOGOFADESPlaranjaH.png","contentUrl":"https:\/\/portalfadesp.org.br\/wp-content\/uploads\/2024\/01\/NOVOLOGOFADESPlaranjaH.png","width":2742,"height":839,"caption":"FADESP"},"image":{"@id":"https:\/\/portalfadesp.org.br\/#\/schema\/logo\/image\/"},"sameAs":["https:\/\/www.facebook.com\/Fadesp-138351949524662\/","https:\/\/x.com\/Fadesp","https:\/\/www.instagram.com\/fadesp_ufpa\/","https:\/\/www.youtube.com\/@fundacaodeamparoedesenvolv1903","https:\/\/www.threads.net\/@fadesp_ufpa"]},{"@type":"Person","@id":"https:\/\/portalfadesp.org.br\/#\/schema\/person\/dc2908bf250f3ccb8be775027b13735e","name":"Raphael Pena","image":{"@type":"ImageObject","inLanguage":"pt-BR","@id":"https:\/\/portalfadesp.org.br\/#\/schema\/person\/image\/","url":"https:\/\/secure.gravatar.com\/avatar\/f6ed33c466a335cea1eeb716e9d8177b1ca19149f5fdbee566ad4873403cee8a?s=96&d=mm&r=g","contentUrl":"https:\/\/secure.gravatar.com\/avatar\/f6ed33c466a335cea1eeb716e9d8177b1ca19149f5fdbee566ad4873403cee8a?s=96&d=mm&r=g","caption":"Raphael Pena"},"url":"https:\/\/portalfadesp.org.br\/?author=9"}]}},"_links":{"self":[{"href":"https:\/\/portalfadesp.org.br\/index.php?rest_route=\/wp\/v2\/posts\/1842","targetHints":{"allow":["GET"]}}],"collection":[{"href":"https:\/\/portalfadesp.org.br\/index.php?rest_route=\/wp\/v2\/posts"}],"about":[{"href":"https:\/\/portalfadesp.org.br\/index.php?rest_route=\/wp\/v2\/types\/post"}],"author":[{"embeddable":true,"href":"https:\/\/portalfadesp.org.br\/index.php?rest_route=\/wp\/v2\/users\/9"}],"replies":[{"embeddable":true,"href":"https:\/\/portalfadesp.org.br\/index.php?rest_route=%2Fwp%2Fv2%2Fcomments&post=1842"}],"version-history":[{"count":8,"href":"https:\/\/portalfadesp.org.br\/index.php?rest_route=\/wp\/v2\/posts\/1842\/revisions"}],"predecessor-version":[{"id":38008,"href":"https:\/\/portalfadesp.org.br\/index.php?rest_route=\/wp\/v2\/posts\/1842\/revisions\/38008"}],"wp:attachment":[{"href":"https:\/\/portalfadesp.org.br\/index.php?rest_route=%2Fwp%2Fv2%2Fmedia&parent=1842"}],"wp:term":[{"taxonomy":"category","embeddable":true,"href":"https:\/\/portalfadesp.org.br\/index.php?rest_route=%2Fwp%2Fv2%2Fcategories&post=1842"},{"taxonomy":"post_tag","embeddable":true,"href":"https:\/\/portalfadesp.org.br\/index.php?rest_route=%2Fwp%2Fv2%2Ftags&post=1842"}],"curies":[{"name":"wp","href":"https:\/\/api.w.org\/{rel}","templated":true}]}}