{"id":1834,"date":"2019-05-27T12:02:30","date_gmt":"2019-05-27T15:02:30","guid":{"rendered":"https:\/\/162.215.13.167?p=1834"},"modified":"2022-12-21T10:58:53","modified_gmt":"2022-12-21T13:58:53","slug":"instituto-de-tecnologia-da-ufpa-oferta-novas-vagas-para-especializacao-em-tecnologia-cervejeira","status":"publish","type":"post","link":"https:\/\/portalfadesp.org.br\/?p=1834","title":{"rendered":"Instituto de Tecnologia da UFPA oferta novas vagas para especializa\u00e7\u00e3o em Tecnologia Cervejeira."},"content":{"rendered":"\t\t<div data-elementor-type=\"wp-post\" data-elementor-id=\"1834\" class=\"elementor elementor-1834\" data-elementor-post-type=\"post\">\n\t\t\t\t\t\t<section class=\"elementor-section elementor-top-section elementor-element elementor-element-286e2f88 elementor-section-boxed elementor-section-height-default elementor-section-height-default\" data-id=\"286e2f88\" data-element_type=\"section\">\n\t\t\t\t\t\t<div class=\"elementor-container elementor-column-gap-default\">\n\t\t\t\t\t<div class=\"elementor-column elementor-col-100 elementor-top-column elementor-element elementor-element-202b8a1d\" data-id=\"202b8a1d\" data-element_type=\"column\">\n\t\t\t<div class=\"elementor-widget-wrap elementor-element-populated\">\n\t\t\t\t\t\t<div class=\"elementor-element elementor-element-131f429d elementor-widget elementor-widget-heading\" data-id=\"131f429d\" data-element_type=\"widget\" data-widget_type=\"heading.default\">\n\t\t\t\t<div class=\"elementor-widget-container\">\n\t\t\t\t\t<h2 class=\"elementor-heading-title elementor-size-default\">Instituto de Tecnologia da UFPA oferta novas vagas para especializa\u00e7\u00e3o em Tecnologia Cervejeira.<\/h2>\t\t\t\t<\/div>\n\t\t\t\t<\/div>\n\t\t\t\t<div class=\"elementor-element elementor-element-5f3cad30 elementor-widget elementor-widget-text-editor\" data-id=\"5f3cad30\" data-element_type=\"widget\" data-widget_type=\"text-editor.default\">\n\t\t\t\t<div class=\"elementor-widget-container\">\n\t\t\t\t\t\t\t\t\t<p><img decoding=\"async\" class=\"size-full wp-image-1835 alignright\" src=\"..\/wp-content\/uploads\/2019\/06\/up_ag_29541_2018_-_agosto_rotativo_especializacao_cervejeira.jpg\" alt=\"\" width=\"250\" height=\"195\" \/>O Programa de P\u00f3s-Gradua\u00e7\u00e3o em Engenharia de Processos do Instituto de Tecnologia da Universidade Federal do Par\u00e1 (ITEC\/UFPA) abriu novas 25 vagas para a turma de especializa\u00e7\u00e3o em Tecnologia Cervejeira. As inscri\u00e7\u00f5es seguem at\u00e9 15 de junho, na \u00e1rea de cursos aqui do <a href=\"http:\/\/cursos.fadesp.org.br\/mostraturma.asp?turma=599*0*1*1\/19\" target=\"_blank\" rel=\"noopener\">site da FADESP<\/a>.<\/p><p>O curso \u00e9 indicado para graduados em Qu\u00edmica, F\u00edsica, Tecnologia de Alimentos, Engenharias (Qu\u00edmica, de Produ\u00e7\u00e3o, de Alimentos, de Bioprocessos, Mec\u00e2nica, Civil e outras), Biologia, Biotecnologia, Gastronomia, Nutri\u00e7\u00e3o, Administra\u00e7\u00e3o, Economia e \u00e1reas afins. Mas as gradua\u00e7\u00f5es em outras \u00e1reas tamb\u00e9m permitem a inscri\u00e7\u00e3o.<\/p><p>Para se inscrever, o candidato deve se cadastrar na\u00a0<a href=\"http:\/\/cursos.fadesp.org.br\/mostraturma.asp?turma=599*0*1*1\/19\" target=\"_blank\" rel=\"noopener\">\u00e1rea de cursos aqui do site<\/a>\u00a0e gerar o boleto da taxa de R$ 100,00 a ser pago em qualquer banco ou casa lot\u00e9rica. Como \u00e9 autofinanci\u00e1vel, a especializa\u00e7\u00e3o exige investimento de dezoito parcelas de R$ 750,00, valor a ser pago tamb\u00e9m atrav\u00e9s dos boletos emitidos a partir do site da Funda\u00e7\u00e3o.<\/p><p>O comprovante de pagamento da inscri\u00e7\u00e3o e os documentos exigidos no <a href=\"http:\/\/cursos.fadesp.org.br\/ARQUIVOS\/195EDITAL_Reoferta_2_TECNOCERVA.pdf\" target=\"_blank\" rel=\"noopener\">edital <\/a>(ficha de inscri\u00e7\u00e3o preenchida com letra de forma,\u00a0uma foto 3X4, c\u00f3pia do diploma de gradua\u00e7\u00e3o ou<br \/>certid\u00e3o original de conclus\u00e3o de curso de gradua\u00e7\u00e3o, com as datas de conclus\u00e3o e<br \/>cola\u00e7\u00e3o de grau, c\u00f3pias do RG, do CPF e do\u00a0curriculum vitae) devem ser entregues na UFPA,\u00a0pr\u00e9dio anexo ao laborat\u00f3rio de Engenharia Qu\u00edmica, no setor Profissional, das 14h \u00e0s 18h.<\/p><p>O curso tem carga hor\u00e1ria de 660 horas e ser\u00e1 realizado at\u00e9 julho de 2020. As disciplinas j\u00e1 cursadas desde janeiro deste ano ser\u00e3o\u00a0reofertadas para os matriculados nesta fase de reabertura das matr\u00edculas. A aula inaugural est\u00e1 programada para o dia 20 de junho.<\/p><p>Sob a coordena\u00e7\u00e3o do professor da UFPA, Emanuel Negr\u00e3o Mac\u00eado, doutor em Engenharia Mec\u00e2nica pela Universidade Federal do Rio de Janeiro (UFRJ), o curso tem como objetivo formar profissionais para unirem conhecimentos t\u00e9cnicos e cient\u00edficos com a arte de fabricar cerveja artesanal, usando mat\u00e9rias-primas dispon\u00edveis na regi\u00e3o de modo a agregar novas sensa\u00e7\u00f5es de aroma, gosto e textura ao produto final.<\/p><p>A forma\u00e7\u00e3o tamb\u00e9m permitir\u00e1 que o aluno tenha dom\u00ednio de todo o processo produtivo da cerveja, mantendo padr\u00f5es de qualidade para a otimiza\u00e7\u00e3o e inova\u00e7\u00e3o da fabrica\u00e7\u00e3o artesanal. Confira os m\u00f3dulos:<\/p><p>MODULO I \u2013 FUNDAMENTOS (240 h)<br \/>1.Introdu\u00e7\u00e3o ao mundo da cerveja<br \/>2.Introdu\u00e7\u00e3o ao processo de fabrica\u00e7\u00e3o.<br \/>3.Qu\u00edmica b\u00e1sica<br \/>4.Processos bioqu\u00edmicos<br \/>5.Estat\u00edstica b\u00e1sica<br \/>6.Metodologia cient\u00edfica<br \/>7.Sele\u00e7\u00e3o e especifica\u00e7\u00e3o de materiais para ind\u00fastria de bioprocessos<br \/>8.Fen\u00f4menos de transporte<br \/>M\u00d3DULO II \u2013 SOMMELIER (120 h)<br \/>1.Estilos de cervejas<br \/>2.An\u00e1lise sensorial e off flavors<br \/>3.T\u00e9cnicas de harmoniza\u00e7\u00e3o e servi\u00e7o<br \/>4.Sommelier de cerveja<br \/>M\u00d3DULO III \u2013 FUNDAMENTOS DE PRODU\u00c7\u00c3O DE CERVEJA(150 h)<br \/>1.Insumos e ingredientes para cervejas<br \/>2.Microbiologia cervejeira I<br \/>3.Microbiologia cervejeira II<br \/>4.Tecnologia cervejeira I<br \/>5.Tecnologia cervejeira II<br \/>M\u00d3DULO IV \u2013 GEST\u00c3O NA IND\u00daSTRIA CERVEJEIRA(90 h)<br \/>1.Empreendedorismo cervejeiro<br \/>2.Planejamento estrat\u00e9gico em cervejarias<br \/>3.Controle e gest\u00e3o da qualidade<br \/>M\u00d3DULO V \u2013 TRABALHO DE CONCLUS\u00c3O DE CURSO (60 h) 1.TCC<\/p>\t\t\t\t\t\t\t\t<\/div>\n\t\t\t\t<\/div>\n\t\t\t\t\t<\/div>\n\t\t<\/div>\n\t\t\t\t\t<\/div>\n\t\t<\/section>\n\t\t\t\t<\/div>\n\t\t","protected":false},"excerpt":{"rendered":"<p>Instituto de Tecnologia da UFPA oferta novas vagas para especializa\u00e7\u00e3o em Tecnologia Cervejeira. O Programa de P\u00f3s-Gradua\u00e7\u00e3o em Engenharia de Processos do Instituto de Tecnologia da Universidade Federal do Par\u00e1 (ITEC\/UFPA) abriu novas 25 vagas para a turma de especializa\u00e7\u00e3o em Tecnologia Cervejeira. As inscri\u00e7\u00f5es seguem at\u00e9 15 de junho, na \u00e1rea de cursos aqui [&hellip;]<\/p>\n","protected":false},"author":9,"featured_media":1835,"comment_status":"open","ping_status":"open","sticky":false,"template":"","format":"standard","meta":{"_monsterinsights_skip_tracking":false,"_monsterinsights_sitenote_active":false,"_monsterinsights_sitenote_note":"","_monsterinsights_sitenote_category":0,"footnotes":""},"categories":[1],"tags":[],"class_list":["post-1834","post","type-post","status-publish","format-standard","has-post-thumbnail","hentry","category-geral","entry","has-media"],"yoast_head":"<!-- This site is optimized with the Yoast SEO plugin v25.1 - https:\/\/yoast.com\/wordpress\/plugins\/seo\/ -->\n<title>Instituto de Tecnologia da UFPA oferta novas vagas para especializa\u00e7\u00e3o em Tecnologia Cervejeira. - FADESP<\/title>\n<meta name=\"robots\" content=\"index, follow, max-snippet:-1, max-image-preview:large, max-video-preview:-1\" \/>\n<link rel=\"canonical\" href=\"https:\/\/portalfadesp.org.br\/?p=1834\" \/>\n<meta property=\"og:locale\" content=\"pt_BR\" \/>\n<meta property=\"og:type\" content=\"article\" \/>\n<meta property=\"og:title\" content=\"Instituto de Tecnologia da UFPA oferta novas vagas para especializa\u00e7\u00e3o em Tecnologia Cervejeira. - FADESP\" \/>\n<meta property=\"og:description\" content=\"Instituto de Tecnologia da UFPA oferta novas vagas para especializa\u00e7\u00e3o em Tecnologia Cervejeira. O Programa de P\u00f3s-Gradua\u00e7\u00e3o em Engenharia de Processos do Instituto de Tecnologia da Universidade Federal do Par\u00e1 (ITEC\/UFPA) abriu novas 25 vagas para a turma de especializa\u00e7\u00e3o em Tecnologia Cervejeira. As inscri\u00e7\u00f5es seguem at\u00e9 15 de junho, na \u00e1rea de cursos aqui [&hellip;]\" \/>\n<meta property=\"og:url\" content=\"https:\/\/portalfadesp.org.br\/?p=1834\" \/>\n<meta property=\"og:site_name\" content=\"FADESP\" \/>\n<meta property=\"article:publisher\" content=\"https:\/\/www.facebook.com\/Fadesp-138351949524662\/\" \/>\n<meta property=\"article:published_time\" content=\"2019-05-27T15:02:30+00:00\" \/>\n<meta property=\"article:modified_time\" content=\"2022-12-21T13:58:53+00:00\" \/>\n<meta property=\"og:image\" content=\"https:\/\/portalfadesp.org.br\/wp-content\/uploads\/2019\/06\/up_ag_29541_2018_-_agosto_rotativo_especializacao_cervejeira.jpg\" \/>\n\t<meta property=\"og:image:width\" content=\"250\" \/>\n\t<meta property=\"og:image:height\" content=\"195\" \/>\n\t<meta property=\"og:image:type\" content=\"image\/jpeg\" \/>\n<meta name=\"author\" content=\"Raphael Pena\" \/>\n<meta name=\"twitter:card\" content=\"summary_large_image\" \/>\n<meta name=\"twitter:creator\" content=\"@Fadesp\" \/>\n<meta name=\"twitter:site\" content=\"@Fadesp\" \/>\n<meta name=\"twitter:label1\" content=\"Escrito por\" \/>\n\t<meta name=\"twitter:data1\" content=\"Raphael Pena\" \/>\n\t<meta name=\"twitter:label2\" content=\"Est. tempo de leitura\" \/>\n\t<meta name=\"twitter:data2\" content=\"3 minutos\" \/>\n<script type=\"application\/ld+json\" class=\"yoast-schema-graph\">{\"@context\":\"https:\/\/schema.org\",\"@graph\":[{\"@type\":\"Article\",\"@id\":\"https:\/\/portalfadesp.org.br\/?p=1834#article\",\"isPartOf\":{\"@id\":\"https:\/\/portalfadesp.org.br\/?p=1834\"},\"author\":{\"name\":\"Raphael Pena\",\"@id\":\"https:\/\/portalfadesp.org.br\/#\/schema\/person\/dc2908bf250f3ccb8be775027b13735e\"},\"headline\":\"Instituto de Tecnologia da UFPA oferta novas vagas para especializa\u00e7\u00e3o em Tecnologia Cervejeira.\",\"datePublished\":\"2019-05-27T15:02:30+00:00\",\"dateModified\":\"2022-12-21T13:58:53+00:00\",\"mainEntityOfPage\":{\"@id\":\"https:\/\/portalfadesp.org.br\/?p=1834\"},\"wordCount\":562,\"commentCount\":0,\"publisher\":{\"@id\":\"https:\/\/portalfadesp.org.br\/#organization\"},\"image\":{\"@id\":\"https:\/\/portalfadesp.org.br\/?p=1834#primaryimage\"},\"thumbnailUrl\":\"https:\/\/portalfadesp.org.br\/wp-content\/uploads\/2019\/06\/up_ag_29541_2018_-_agosto_rotativo_especializacao_cervejeira.jpg\",\"articleSection\":[\"Geral\"],\"inLanguage\":\"pt-BR\"},{\"@type\":\"WebPage\",\"@id\":\"https:\/\/portalfadesp.org.br\/?p=1834\",\"url\":\"https:\/\/portalfadesp.org.br\/?p=1834\",\"name\":\"Instituto de Tecnologia da UFPA oferta novas vagas para especializa\u00e7\u00e3o em Tecnologia Cervejeira. - FADESP\",\"isPartOf\":{\"@id\":\"https:\/\/portalfadesp.org.br\/#website\"},\"primaryImageOfPage\":{\"@id\":\"https:\/\/portalfadesp.org.br\/?p=1834#primaryimage\"},\"image\":{\"@id\":\"https:\/\/portalfadesp.org.br\/?p=1834#primaryimage\"},\"thumbnailUrl\":\"https:\/\/portalfadesp.org.br\/wp-content\/uploads\/2019\/06\/up_ag_29541_2018_-_agosto_rotativo_especializacao_cervejeira.jpg\",\"datePublished\":\"2019-05-27T15:02:30+00:00\",\"dateModified\":\"2022-12-21T13:58:53+00:00\",\"breadcrumb\":{\"@id\":\"https:\/\/portalfadesp.org.br\/?p=1834#breadcrumb\"},\"inLanguage\":\"pt-BR\",\"potentialAction\":[{\"@type\":\"ReadAction\",\"target\":[\"https:\/\/portalfadesp.org.br\/?p=1834\"]}]},{\"@type\":\"ImageObject\",\"inLanguage\":\"pt-BR\",\"@id\":\"https:\/\/portalfadesp.org.br\/?p=1834#primaryimage\",\"url\":\"https:\/\/portalfadesp.org.br\/wp-content\/uploads\/2019\/06\/up_ag_29541_2018_-_agosto_rotativo_especializacao_cervejeira.jpg\",\"contentUrl\":\"https:\/\/portalfadesp.org.br\/wp-content\/uploads\/2019\/06\/up_ag_29541_2018_-_agosto_rotativo_especializacao_cervejeira.jpg\",\"width\":250,\"height\":195},{\"@type\":\"BreadcrumbList\",\"@id\":\"https:\/\/portalfadesp.org.br\/?p=1834#breadcrumb\",\"itemListElement\":[{\"@type\":\"ListItem\",\"position\":1,\"name\":\"In\u00edcio\",\"item\":\"https:\/\/portalfadesp.org.br\/\"},{\"@type\":\"ListItem\",\"position\":2,\"name\":\"Instituto de Tecnologia da UFPA oferta novas vagas para especializa\u00e7\u00e3o em Tecnologia Cervejeira.\"}]},{\"@type\":\"WebSite\",\"@id\":\"https:\/\/portalfadesp.org.br\/#website\",\"url\":\"https:\/\/portalfadesp.org.br\/\",\"name\":\"FADESP\",\"description\":\"Funda\u00e7\u00e3o de Amparo e Desenvolvimento da Pesquisa\",\"publisher\":{\"@id\":\"https:\/\/portalfadesp.org.br\/#organization\"},\"potentialAction\":[{\"@type\":\"SearchAction\",\"target\":{\"@type\":\"EntryPoint\",\"urlTemplate\":\"https:\/\/portalfadesp.org.br\/?s={search_term_string}\"},\"query-input\":{\"@type\":\"PropertyValueSpecification\",\"valueRequired\":true,\"valueName\":\"search_term_string\"}}],\"inLanguage\":\"pt-BR\"},{\"@type\":\"Organization\",\"@id\":\"https:\/\/portalfadesp.org.br\/#organization\",\"name\":\"FADESP\",\"url\":\"https:\/\/portalfadesp.org.br\/\",\"logo\":{\"@type\":\"ImageObject\",\"inLanguage\":\"pt-BR\",\"@id\":\"https:\/\/portalfadesp.org.br\/#\/schema\/logo\/image\/\",\"url\":\"https:\/\/portalfadesp.org.br\/wp-content\/uploads\/2024\/01\/NOVOLOGOFADESPlaranjaH.png\",\"contentUrl\":\"https:\/\/portalfadesp.org.br\/wp-content\/uploads\/2024\/01\/NOVOLOGOFADESPlaranjaH.png\",\"width\":2742,\"height\":839,\"caption\":\"FADESP\"},\"image\":{\"@id\":\"https:\/\/portalfadesp.org.br\/#\/schema\/logo\/image\/\"},\"sameAs\":[\"https:\/\/www.facebook.com\/Fadesp-138351949524662\/\",\"https:\/\/x.com\/Fadesp\",\"https:\/\/www.instagram.com\/fadesp_ufpa\/\",\"https:\/\/www.youtube.com\/@fundacaodeamparoedesenvolv1903\",\"https:\/\/www.threads.net\/@fadesp_ufpa\"]},{\"@type\":\"Person\",\"@id\":\"https:\/\/portalfadesp.org.br\/#\/schema\/person\/dc2908bf250f3ccb8be775027b13735e\",\"name\":\"Raphael Pena\",\"image\":{\"@type\":\"ImageObject\",\"inLanguage\":\"pt-BR\",\"@id\":\"https:\/\/portalfadesp.org.br\/#\/schema\/person\/image\/\",\"url\":\"https:\/\/secure.gravatar.com\/avatar\/f6ed33c466a335cea1eeb716e9d8177b1ca19149f5fdbee566ad4873403cee8a?s=96&d=mm&r=g\",\"contentUrl\":\"https:\/\/secure.gravatar.com\/avatar\/f6ed33c466a335cea1eeb716e9d8177b1ca19149f5fdbee566ad4873403cee8a?s=96&d=mm&r=g\",\"caption\":\"Raphael Pena\"},\"url\":\"https:\/\/portalfadesp.org.br\/?author=9\"}]}<\/script>\n<!-- \/ Yoast SEO plugin. -->","yoast_head_json":{"title":"Instituto de Tecnologia da UFPA oferta novas vagas para especializa\u00e7\u00e3o em Tecnologia Cervejeira. - FADESP","robots":{"index":"index","follow":"follow","max-snippet":"max-snippet:-1","max-image-preview":"max-image-preview:large","max-video-preview":"max-video-preview:-1"},"canonical":"https:\/\/portalfadesp.org.br\/?p=1834","og_locale":"pt_BR","og_type":"article","og_title":"Instituto de Tecnologia da UFPA oferta novas vagas para especializa\u00e7\u00e3o em Tecnologia Cervejeira. - FADESP","og_description":"Instituto de Tecnologia da UFPA oferta novas vagas para especializa\u00e7\u00e3o em Tecnologia Cervejeira. O Programa de P\u00f3s-Gradua\u00e7\u00e3o em Engenharia de Processos do Instituto de Tecnologia da Universidade Federal do Par\u00e1 (ITEC\/UFPA) abriu novas 25 vagas para a turma de especializa\u00e7\u00e3o em Tecnologia Cervejeira. As inscri\u00e7\u00f5es seguem at\u00e9 15 de junho, na \u00e1rea de cursos aqui [&hellip;]","og_url":"https:\/\/portalfadesp.org.br\/?p=1834","og_site_name":"FADESP","article_publisher":"https:\/\/www.facebook.com\/Fadesp-138351949524662\/","article_published_time":"2019-05-27T15:02:30+00:00","article_modified_time":"2022-12-21T13:58:53+00:00","og_image":[{"width":250,"height":195,"url":"https:\/\/portalfadesp.org.br\/wp-content\/uploads\/2019\/06\/up_ag_29541_2018_-_agosto_rotativo_especializacao_cervejeira.jpg","type":"image\/jpeg"}],"author":"Raphael Pena","twitter_card":"summary_large_image","twitter_creator":"@Fadesp","twitter_site":"@Fadesp","twitter_misc":{"Escrito por":"Raphael Pena","Est. tempo de leitura":"3 minutos"},"schema":{"@context":"https:\/\/schema.org","@graph":[{"@type":"Article","@id":"https:\/\/portalfadesp.org.br\/?p=1834#article","isPartOf":{"@id":"https:\/\/portalfadesp.org.br\/?p=1834"},"author":{"name":"Raphael Pena","@id":"https:\/\/portalfadesp.org.br\/#\/schema\/person\/dc2908bf250f3ccb8be775027b13735e"},"headline":"Instituto de Tecnologia da UFPA oferta novas vagas para especializa\u00e7\u00e3o em Tecnologia Cervejeira.","datePublished":"2019-05-27T15:02:30+00:00","dateModified":"2022-12-21T13:58:53+00:00","mainEntityOfPage":{"@id":"https:\/\/portalfadesp.org.br\/?p=1834"},"wordCount":562,"commentCount":0,"publisher":{"@id":"https:\/\/portalfadesp.org.br\/#organization"},"image":{"@id":"https:\/\/portalfadesp.org.br\/?p=1834#primaryimage"},"thumbnailUrl":"https:\/\/portalfadesp.org.br\/wp-content\/uploads\/2019\/06\/up_ag_29541_2018_-_agosto_rotativo_especializacao_cervejeira.jpg","articleSection":["Geral"],"inLanguage":"pt-BR"},{"@type":"WebPage","@id":"https:\/\/portalfadesp.org.br\/?p=1834","url":"https:\/\/portalfadesp.org.br\/?p=1834","name":"Instituto de Tecnologia da UFPA oferta novas vagas para especializa\u00e7\u00e3o em Tecnologia Cervejeira. - FADESP","isPartOf":{"@id":"https:\/\/portalfadesp.org.br\/#website"},"primaryImageOfPage":{"@id":"https:\/\/portalfadesp.org.br\/?p=1834#primaryimage"},"image":{"@id":"https:\/\/portalfadesp.org.br\/?p=1834#primaryimage"},"thumbnailUrl":"https:\/\/portalfadesp.org.br\/wp-content\/uploads\/2019\/06\/up_ag_29541_2018_-_agosto_rotativo_especializacao_cervejeira.jpg","datePublished":"2019-05-27T15:02:30+00:00","dateModified":"2022-12-21T13:58:53+00:00","breadcrumb":{"@id":"https:\/\/portalfadesp.org.br\/?p=1834#breadcrumb"},"inLanguage":"pt-BR","potentialAction":[{"@type":"ReadAction","target":["https:\/\/portalfadesp.org.br\/?p=1834"]}]},{"@type":"ImageObject","inLanguage":"pt-BR","@id":"https:\/\/portalfadesp.org.br\/?p=1834#primaryimage","url":"https:\/\/portalfadesp.org.br\/wp-content\/uploads\/2019\/06\/up_ag_29541_2018_-_agosto_rotativo_especializacao_cervejeira.jpg","contentUrl":"https:\/\/portalfadesp.org.br\/wp-content\/uploads\/2019\/06\/up_ag_29541_2018_-_agosto_rotativo_especializacao_cervejeira.jpg","width":250,"height":195},{"@type":"BreadcrumbList","@id":"https:\/\/portalfadesp.org.br\/?p=1834#breadcrumb","itemListElement":[{"@type":"ListItem","position":1,"name":"In\u00edcio","item":"https:\/\/portalfadesp.org.br\/"},{"@type":"ListItem","position":2,"name":"Instituto de Tecnologia da UFPA oferta novas vagas para especializa\u00e7\u00e3o em Tecnologia Cervejeira."}]},{"@type":"WebSite","@id":"https:\/\/portalfadesp.org.br\/#website","url":"https:\/\/portalfadesp.org.br\/","name":"FADESP","description":"Funda\u00e7\u00e3o de Amparo e Desenvolvimento da Pesquisa","publisher":{"@id":"https:\/\/portalfadesp.org.br\/#organization"},"potentialAction":[{"@type":"SearchAction","target":{"@type":"EntryPoint","urlTemplate":"https:\/\/portalfadesp.org.br\/?s={search_term_string}"},"query-input":{"@type":"PropertyValueSpecification","valueRequired":true,"valueName":"search_term_string"}}],"inLanguage":"pt-BR"},{"@type":"Organization","@id":"https:\/\/portalfadesp.org.br\/#organization","name":"FADESP","url":"https:\/\/portalfadesp.org.br\/","logo":{"@type":"ImageObject","inLanguage":"pt-BR","@id":"https:\/\/portalfadesp.org.br\/#\/schema\/logo\/image\/","url":"https:\/\/portalfadesp.org.br\/wp-content\/uploads\/2024\/01\/NOVOLOGOFADESPlaranjaH.png","contentUrl":"https:\/\/portalfadesp.org.br\/wp-content\/uploads\/2024\/01\/NOVOLOGOFADESPlaranjaH.png","width":2742,"height":839,"caption":"FADESP"},"image":{"@id":"https:\/\/portalfadesp.org.br\/#\/schema\/logo\/image\/"},"sameAs":["https:\/\/www.facebook.com\/Fadesp-138351949524662\/","https:\/\/x.com\/Fadesp","https:\/\/www.instagram.com\/fadesp_ufpa\/","https:\/\/www.youtube.com\/@fundacaodeamparoedesenvolv1903","https:\/\/www.threads.net\/@fadesp_ufpa"]},{"@type":"Person","@id":"https:\/\/portalfadesp.org.br\/#\/schema\/person\/dc2908bf250f3ccb8be775027b13735e","name":"Raphael Pena","image":{"@type":"ImageObject","inLanguage":"pt-BR","@id":"https:\/\/portalfadesp.org.br\/#\/schema\/person\/image\/","url":"https:\/\/secure.gravatar.com\/avatar\/f6ed33c466a335cea1eeb716e9d8177b1ca19149f5fdbee566ad4873403cee8a?s=96&d=mm&r=g","contentUrl":"https:\/\/secure.gravatar.com\/avatar\/f6ed33c466a335cea1eeb716e9d8177b1ca19149f5fdbee566ad4873403cee8a?s=96&d=mm&r=g","caption":"Raphael Pena"},"url":"https:\/\/portalfadesp.org.br\/?author=9"}]}},"_links":{"self":[{"href":"https:\/\/portalfadesp.org.br\/index.php?rest_route=\/wp\/v2\/posts\/1834","targetHints":{"allow":["GET"]}}],"collection":[{"href":"https:\/\/portalfadesp.org.br\/index.php?rest_route=\/wp\/v2\/posts"}],"about":[{"href":"https:\/\/portalfadesp.org.br\/index.php?rest_route=\/wp\/v2\/types\/post"}],"author":[{"embeddable":true,"href":"https:\/\/portalfadesp.org.br\/index.php?rest_route=\/wp\/v2\/users\/9"}],"replies":[{"embeddable":true,"href":"https:\/\/portalfadesp.org.br\/index.php?rest_route=%2Fwp%2Fv2%2Fcomments&post=1834"}],"version-history":[{"count":9,"href":"https:\/\/portalfadesp.org.br\/index.php?rest_route=\/wp\/v2\/posts\/1834\/revisions"}],"predecessor-version":[{"id":38028,"href":"https:\/\/portalfadesp.org.br\/index.php?rest_route=\/wp\/v2\/posts\/1834\/revisions\/38028"}],"wp:featuredmedia":[{"embeddable":true,"href":"https:\/\/portalfadesp.org.br\/index.php?rest_route=\/wp\/v2\/media\/1835"}],"wp:attachment":[{"href":"https:\/\/portalfadesp.org.br\/index.php?rest_route=%2Fwp%2Fv2%2Fmedia&parent=1834"}],"wp:term":[{"taxonomy":"category","embeddable":true,"href":"https:\/\/portalfadesp.org.br\/index.php?rest_route=%2Fwp%2Fv2%2Fcategories&post=1834"},{"taxonomy":"post_tag","embeddable":true,"href":"https:\/\/portalfadesp.org.br\/index.php?rest_route=%2Fwp%2Fv2%2Ftags&post=1834"}],"curies":[{"name":"wp","href":"https:\/\/api.w.org\/{rel}","templated":true}]}}