{"id":1830,"date":"2019-05-28T14:47:18","date_gmt":"2019-05-28T17:47:18","guid":{"rendered":"https:\/\/162.215.13.167?p=1830"},"modified":"2022-12-21T10:42:15","modified_gmt":"2022-12-21T13:42:15","slug":"matricula-para-especializacao-em-implantodontia-ofertada-pela-ufpa-sera-realizada-ate-dia-10","status":"publish","type":"post","link":"https:\/\/portalfadesp.org.br\/?p=1830","title":{"rendered":"Matr\u00edcula para especializa\u00e7\u00e3o em Implantodontia ofertada pela UFPA ser\u00e1 realizada at\u00e9 dia 10."},"content":{"rendered":"\t\t<div data-elementor-type=\"wp-post\" data-elementor-id=\"1830\" class=\"elementor elementor-1830\" data-elementor-post-type=\"post\">\n\t\t\t\t\t\t<section class=\"elementor-section elementor-top-section elementor-element elementor-element-284cd033 elementor-section-boxed elementor-section-height-default elementor-section-height-default\" data-id=\"284cd033\" data-element_type=\"section\">\n\t\t\t\t\t\t<div class=\"elementor-container elementor-column-gap-default\">\n\t\t\t\t\t<div class=\"elementor-column elementor-col-100 elementor-top-column elementor-element elementor-element-15876d5a\" data-id=\"15876d5a\" data-element_type=\"column\">\n\t\t\t<div class=\"elementor-widget-wrap elementor-element-populated\">\n\t\t\t\t\t\t<div class=\"elementor-element elementor-element-5ef0c3a0 elementor-widget elementor-widget-heading\" data-id=\"5ef0c3a0\" data-element_type=\"widget\" data-widget_type=\"heading.default\">\n\t\t\t\t<div class=\"elementor-widget-container\">\n\t\t\t\t\t<h2 class=\"elementor-heading-title elementor-size-default\">Matr\u00edcula para especializa\u00e7\u00e3o em Implantodontia ofertada pela UFPA ser\u00e1 realizada at\u00e9 dia 10.<\/h2>\t\t\t\t<\/div>\n\t\t\t\t<\/div>\n\t\t\t\t<div class=\"elementor-element elementor-element-3dfd6084 elementor-widget elementor-widget-text-editor\" data-id=\"3dfd6084\" data-element_type=\"widget\" data-widget_type=\"text-editor.default\">\n\t\t\t\t<div class=\"elementor-widget-container\">\n\t\t\t\t\t\t\t\t\t<img decoding=\"async\" class=\"size-full wp-image-1831 alignright\" src=\"..\/wp-content\/uploads\/2019\/06\/up_ag_29542_ics_ufpa.jpg\" alt=\"\" width=\"250\" height=\"165\" \/>Os inscritos na especializa\u00e7\u00e3o em Implantodontia ofertada pela Faculdade de Odontologia da Universidade Federal do Par\u00e1 (UFPA) t\u00eam at\u00e9 o pr\u00f3ximo dia 9 de junho para se matricular. O cadastro \u00e9 online e deve ser feito no site da FADESP (<a href=\"http:\/\/cursos.fadesp.org.br\/mostraturma.asp?turma=619*12*1*1\/19\" target=\"_blank\" rel=\"noopener\">www.portalfadesp.org.br<\/a>). As aulas come\u00e7ar\u00e3o no dia 10.\n\nPara se matricular, o aluno deve preencher o cadastro ou acessar o que j\u00e1 possui e gerar o boleto da primeira parcela a ser paga em qualquer banco ou casa lot\u00e9rica, at\u00e9 a data de vencimento do documento. O comprovante de pagamento deve ser entregue na secretaria da Faculdade de Odontologia junto com o registro no Conselho Regional de Odontologia, Curriculum Vitae ou Lattes e c\u00f3pias do RG e do CPF.\n\nA especializa\u00e7\u00e3o ter\u00e1 1.105 horas de carga hor\u00e1ria e ser\u00e1 realizada na modalidade presencial, no campus da UFPA, em Bel\u00e9m. Sob a coordena\u00e7\u00e3o do professor Aladim Gomes Lameira, doutor em Patologia Bucal, o curso tem o objetivo n\u00e3o s\u00f3 de aperfei\u00e7oar os profissionais, mas tamb\u00e9m de\u00a0desenvolver p\u00f3lo de pesquisa para desenvolvimento de novas t\u00e9cnicas de reabilita\u00e7\u00e3o oral.\t\t\t\t\t\t\t\t<\/div>\n\t\t\t\t<\/div>\n\t\t\t\t\t<\/div>\n\t\t<\/div>\n\t\t\t\t\t<\/div>\n\t\t<\/section>\n\t\t\t\t<\/div>\n\t\t","protected":false},"excerpt":{"rendered":"<p>Matr\u00edcula para especializa\u00e7\u00e3o em Implantodontia ofertada pela UFPA ser\u00e1 realizada at\u00e9 dia 10. Os inscritos na especializa\u00e7\u00e3o em Implantodontia ofertada pela Faculdade de Odontologia da Universidade Federal do Par\u00e1 (UFPA) t\u00eam at\u00e9 o pr\u00f3ximo dia 9 de junho para se matricular. O cadastro \u00e9 online e deve ser feito no site da FADESP (www.portalfadesp.org.br). As [&hellip;]<\/p>\n","protected":false},"author":9,"featured_media":1831,"comment_status":"open","ping_status":"open","sticky":false,"template":"","format":"standard","meta":{"_monsterinsights_skip_tracking":false,"_monsterinsights_sitenote_active":false,"_monsterinsights_sitenote_note":"","_monsterinsights_sitenote_category":0,"footnotes":""},"categories":[1],"tags":[],"class_list":["post-1830","post","type-post","status-publish","format-standard","has-post-thumbnail","hentry","category-geral","entry","has-media"],"yoast_head":"<!-- This site is optimized with the Yoast SEO plugin v25.1 - https:\/\/yoast.com\/wordpress\/plugins\/seo\/ -->\n<title>Matr\u00edcula para especializa\u00e7\u00e3o em Implantodontia ofertada pela UFPA ser\u00e1 realizada at\u00e9 dia 10. - FADESP<\/title>\n<meta name=\"robots\" content=\"index, follow, max-snippet:-1, max-image-preview:large, max-video-preview:-1\" \/>\n<link rel=\"canonical\" href=\"https:\/\/portalfadesp.org.br\/?p=1830\" \/>\n<meta property=\"og:locale\" content=\"pt_BR\" \/>\n<meta property=\"og:type\" content=\"article\" \/>\n<meta property=\"og:title\" content=\"Matr\u00edcula para especializa\u00e7\u00e3o em Implantodontia ofertada pela UFPA ser\u00e1 realizada at\u00e9 dia 10. - FADESP\" \/>\n<meta property=\"og:description\" content=\"Matr\u00edcula para especializa\u00e7\u00e3o em Implantodontia ofertada pela UFPA ser\u00e1 realizada at\u00e9 dia 10. Os inscritos na especializa\u00e7\u00e3o em Implantodontia ofertada pela Faculdade de Odontologia da Universidade Federal do Par\u00e1 (UFPA) t\u00eam at\u00e9 o pr\u00f3ximo dia 9 de junho para se matricular. O cadastro \u00e9 online e deve ser feito no site da FADESP (www.portalfadesp.org.br). As [&hellip;]\" \/>\n<meta property=\"og:url\" content=\"https:\/\/portalfadesp.org.br\/?p=1830\" \/>\n<meta property=\"og:site_name\" content=\"FADESP\" \/>\n<meta property=\"article:publisher\" content=\"https:\/\/www.facebook.com\/Fadesp-138351949524662\/\" \/>\n<meta property=\"article:published_time\" content=\"2019-05-28T17:47:18+00:00\" \/>\n<meta property=\"article:modified_time\" content=\"2022-12-21T13:42:15+00:00\" \/>\n<meta property=\"og:image\" content=\"https:\/\/portalfadesp.org.br\/wp-content\/uploads\/2019\/06\/up_ag_29542_ics_ufpa.jpg\" \/>\n\t<meta property=\"og:image:width\" content=\"250\" \/>\n\t<meta property=\"og:image:height\" content=\"165\" \/>\n\t<meta property=\"og:image:type\" content=\"image\/jpeg\" \/>\n<meta name=\"author\" content=\"Raphael Pena\" \/>\n<meta name=\"twitter:card\" content=\"summary_large_image\" \/>\n<meta name=\"twitter:creator\" content=\"@Fadesp\" \/>\n<meta name=\"twitter:site\" content=\"@Fadesp\" \/>\n<meta name=\"twitter:label1\" content=\"Escrito por\" \/>\n\t<meta name=\"twitter:data1\" content=\"Raphael Pena\" \/>\n\t<meta name=\"twitter:label2\" content=\"Est. tempo de leitura\" \/>\n\t<meta name=\"twitter:data2\" content=\"1 minuto\" \/>\n<script type=\"application\/ld+json\" class=\"yoast-schema-graph\">{\"@context\":\"https:\/\/schema.org\",\"@graph\":[{\"@type\":\"Article\",\"@id\":\"https:\/\/portalfadesp.org.br\/?p=1830#article\",\"isPartOf\":{\"@id\":\"https:\/\/portalfadesp.org.br\/?p=1830\"},\"author\":{\"name\":\"Raphael Pena\",\"@id\":\"https:\/\/portalfadesp.org.br\/#\/schema\/person\/dc2908bf250f3ccb8be775027b13735e\"},\"headline\":\"Matr\u00edcula para especializa\u00e7\u00e3o em Implantodontia ofertada pela UFPA ser\u00e1 realizada at\u00e9 dia 10.\",\"datePublished\":\"2019-05-28T17:47:18+00:00\",\"dateModified\":\"2022-12-21T13:42:15+00:00\",\"mainEntityOfPage\":{\"@id\":\"https:\/\/portalfadesp.org.br\/?p=1830\"},\"wordCount\":220,\"commentCount\":0,\"publisher\":{\"@id\":\"https:\/\/portalfadesp.org.br\/#organization\"},\"image\":{\"@id\":\"https:\/\/portalfadesp.org.br\/?p=1830#primaryimage\"},\"thumbnailUrl\":\"https:\/\/portalfadesp.org.br\/wp-content\/uploads\/2019\/06\/up_ag_29542_ics_ufpa.jpg\",\"articleSection\":[\"Geral\"],\"inLanguage\":\"pt-BR\"},{\"@type\":\"WebPage\",\"@id\":\"https:\/\/portalfadesp.org.br\/?p=1830\",\"url\":\"https:\/\/portalfadesp.org.br\/?p=1830\",\"name\":\"Matr\u00edcula para especializa\u00e7\u00e3o em Implantodontia ofertada pela UFPA ser\u00e1 realizada at\u00e9 dia 10. - FADESP\",\"isPartOf\":{\"@id\":\"https:\/\/portalfadesp.org.br\/#website\"},\"primaryImageOfPage\":{\"@id\":\"https:\/\/portalfadesp.org.br\/?p=1830#primaryimage\"},\"image\":{\"@id\":\"https:\/\/portalfadesp.org.br\/?p=1830#primaryimage\"},\"thumbnailUrl\":\"https:\/\/portalfadesp.org.br\/wp-content\/uploads\/2019\/06\/up_ag_29542_ics_ufpa.jpg\",\"datePublished\":\"2019-05-28T17:47:18+00:00\",\"dateModified\":\"2022-12-21T13:42:15+00:00\",\"breadcrumb\":{\"@id\":\"https:\/\/portalfadesp.org.br\/?p=1830#breadcrumb\"},\"inLanguage\":\"pt-BR\",\"potentialAction\":[{\"@type\":\"ReadAction\",\"target\":[\"https:\/\/portalfadesp.org.br\/?p=1830\"]}]},{\"@type\":\"ImageObject\",\"inLanguage\":\"pt-BR\",\"@id\":\"https:\/\/portalfadesp.org.br\/?p=1830#primaryimage\",\"url\":\"https:\/\/portalfadesp.org.br\/wp-content\/uploads\/2019\/06\/up_ag_29542_ics_ufpa.jpg\",\"contentUrl\":\"https:\/\/portalfadesp.org.br\/wp-content\/uploads\/2019\/06\/up_ag_29542_ics_ufpa.jpg\",\"width\":250,\"height\":165},{\"@type\":\"BreadcrumbList\",\"@id\":\"https:\/\/portalfadesp.org.br\/?p=1830#breadcrumb\",\"itemListElement\":[{\"@type\":\"ListItem\",\"position\":1,\"name\":\"In\u00edcio\",\"item\":\"https:\/\/portalfadesp.org.br\/\"},{\"@type\":\"ListItem\",\"position\":2,\"name\":\"Matr\u00edcula para especializa\u00e7\u00e3o em Implantodontia ofertada pela UFPA ser\u00e1 realizada at\u00e9 dia 10.\"}]},{\"@type\":\"WebSite\",\"@id\":\"https:\/\/portalfadesp.org.br\/#website\",\"url\":\"https:\/\/portalfadesp.org.br\/\",\"name\":\"FADESP\",\"description\":\"Funda\u00e7\u00e3o de Amparo e Desenvolvimento da Pesquisa\",\"publisher\":{\"@id\":\"https:\/\/portalfadesp.org.br\/#organization\"},\"potentialAction\":[{\"@type\":\"SearchAction\",\"target\":{\"@type\":\"EntryPoint\",\"urlTemplate\":\"https:\/\/portalfadesp.org.br\/?s={search_term_string}\"},\"query-input\":{\"@type\":\"PropertyValueSpecification\",\"valueRequired\":true,\"valueName\":\"search_term_string\"}}],\"inLanguage\":\"pt-BR\"},{\"@type\":\"Organization\",\"@id\":\"https:\/\/portalfadesp.org.br\/#organization\",\"name\":\"FADESP\",\"url\":\"https:\/\/portalfadesp.org.br\/\",\"logo\":{\"@type\":\"ImageObject\",\"inLanguage\":\"pt-BR\",\"@id\":\"https:\/\/portalfadesp.org.br\/#\/schema\/logo\/image\/\",\"url\":\"https:\/\/portalfadesp.org.br\/wp-content\/uploads\/2024\/01\/NOVOLOGOFADESPlaranjaH.png\",\"contentUrl\":\"https:\/\/portalfadesp.org.br\/wp-content\/uploads\/2024\/01\/NOVOLOGOFADESPlaranjaH.png\",\"width\":2742,\"height\":839,\"caption\":\"FADESP\"},\"image\":{\"@id\":\"https:\/\/portalfadesp.org.br\/#\/schema\/logo\/image\/\"},\"sameAs\":[\"https:\/\/www.facebook.com\/Fadesp-138351949524662\/\",\"https:\/\/x.com\/Fadesp\",\"https:\/\/www.instagram.com\/fadesp_ufpa\/\",\"https:\/\/www.youtube.com\/@fundacaodeamparoedesenvolv1903\",\"https:\/\/www.threads.net\/@fadesp_ufpa\"]},{\"@type\":\"Person\",\"@id\":\"https:\/\/portalfadesp.org.br\/#\/schema\/person\/dc2908bf250f3ccb8be775027b13735e\",\"name\":\"Raphael Pena\",\"image\":{\"@type\":\"ImageObject\",\"inLanguage\":\"pt-BR\",\"@id\":\"https:\/\/portalfadesp.org.br\/#\/schema\/person\/image\/\",\"url\":\"https:\/\/secure.gravatar.com\/avatar\/f6ed33c466a335cea1eeb716e9d8177b1ca19149f5fdbee566ad4873403cee8a?s=96&d=mm&r=g\",\"contentUrl\":\"https:\/\/secure.gravatar.com\/avatar\/f6ed33c466a335cea1eeb716e9d8177b1ca19149f5fdbee566ad4873403cee8a?s=96&d=mm&r=g\",\"caption\":\"Raphael Pena\"},\"url\":\"https:\/\/portalfadesp.org.br\/?author=9\"}]}<\/script>\n<!-- \/ Yoast SEO plugin. -->","yoast_head_json":{"title":"Matr\u00edcula para especializa\u00e7\u00e3o em Implantodontia ofertada pela UFPA ser\u00e1 realizada at\u00e9 dia 10. - FADESP","robots":{"index":"index","follow":"follow","max-snippet":"max-snippet:-1","max-image-preview":"max-image-preview:large","max-video-preview":"max-video-preview:-1"},"canonical":"https:\/\/portalfadesp.org.br\/?p=1830","og_locale":"pt_BR","og_type":"article","og_title":"Matr\u00edcula para especializa\u00e7\u00e3o em Implantodontia ofertada pela UFPA ser\u00e1 realizada at\u00e9 dia 10. - FADESP","og_description":"Matr\u00edcula para especializa\u00e7\u00e3o em Implantodontia ofertada pela UFPA ser\u00e1 realizada at\u00e9 dia 10. Os inscritos na especializa\u00e7\u00e3o em Implantodontia ofertada pela Faculdade de Odontologia da Universidade Federal do Par\u00e1 (UFPA) t\u00eam at\u00e9 o pr\u00f3ximo dia 9 de junho para se matricular. O cadastro \u00e9 online e deve ser feito no site da FADESP (www.portalfadesp.org.br). As [&hellip;]","og_url":"https:\/\/portalfadesp.org.br\/?p=1830","og_site_name":"FADESP","article_publisher":"https:\/\/www.facebook.com\/Fadesp-138351949524662\/","article_published_time":"2019-05-28T17:47:18+00:00","article_modified_time":"2022-12-21T13:42:15+00:00","og_image":[{"width":250,"height":165,"url":"https:\/\/portalfadesp.org.br\/wp-content\/uploads\/2019\/06\/up_ag_29542_ics_ufpa.jpg","type":"image\/jpeg"}],"author":"Raphael Pena","twitter_card":"summary_large_image","twitter_creator":"@Fadesp","twitter_site":"@Fadesp","twitter_misc":{"Escrito por":"Raphael Pena","Est. tempo de leitura":"1 minuto"},"schema":{"@context":"https:\/\/schema.org","@graph":[{"@type":"Article","@id":"https:\/\/portalfadesp.org.br\/?p=1830#article","isPartOf":{"@id":"https:\/\/portalfadesp.org.br\/?p=1830"},"author":{"name":"Raphael Pena","@id":"https:\/\/portalfadesp.org.br\/#\/schema\/person\/dc2908bf250f3ccb8be775027b13735e"},"headline":"Matr\u00edcula para especializa\u00e7\u00e3o em Implantodontia ofertada pela UFPA ser\u00e1 realizada at\u00e9 dia 10.","datePublished":"2019-05-28T17:47:18+00:00","dateModified":"2022-12-21T13:42:15+00:00","mainEntityOfPage":{"@id":"https:\/\/portalfadesp.org.br\/?p=1830"},"wordCount":220,"commentCount":0,"publisher":{"@id":"https:\/\/portalfadesp.org.br\/#organization"},"image":{"@id":"https:\/\/portalfadesp.org.br\/?p=1830#primaryimage"},"thumbnailUrl":"https:\/\/portalfadesp.org.br\/wp-content\/uploads\/2019\/06\/up_ag_29542_ics_ufpa.jpg","articleSection":["Geral"],"inLanguage":"pt-BR"},{"@type":"WebPage","@id":"https:\/\/portalfadesp.org.br\/?p=1830","url":"https:\/\/portalfadesp.org.br\/?p=1830","name":"Matr\u00edcula para especializa\u00e7\u00e3o em Implantodontia ofertada pela UFPA ser\u00e1 realizada at\u00e9 dia 10. - FADESP","isPartOf":{"@id":"https:\/\/portalfadesp.org.br\/#website"},"primaryImageOfPage":{"@id":"https:\/\/portalfadesp.org.br\/?p=1830#primaryimage"},"image":{"@id":"https:\/\/portalfadesp.org.br\/?p=1830#primaryimage"},"thumbnailUrl":"https:\/\/portalfadesp.org.br\/wp-content\/uploads\/2019\/06\/up_ag_29542_ics_ufpa.jpg","datePublished":"2019-05-28T17:47:18+00:00","dateModified":"2022-12-21T13:42:15+00:00","breadcrumb":{"@id":"https:\/\/portalfadesp.org.br\/?p=1830#breadcrumb"},"inLanguage":"pt-BR","potentialAction":[{"@type":"ReadAction","target":["https:\/\/portalfadesp.org.br\/?p=1830"]}]},{"@type":"ImageObject","inLanguage":"pt-BR","@id":"https:\/\/portalfadesp.org.br\/?p=1830#primaryimage","url":"https:\/\/portalfadesp.org.br\/wp-content\/uploads\/2019\/06\/up_ag_29542_ics_ufpa.jpg","contentUrl":"https:\/\/portalfadesp.org.br\/wp-content\/uploads\/2019\/06\/up_ag_29542_ics_ufpa.jpg","width":250,"height":165},{"@type":"BreadcrumbList","@id":"https:\/\/portalfadesp.org.br\/?p=1830#breadcrumb","itemListElement":[{"@type":"ListItem","position":1,"name":"In\u00edcio","item":"https:\/\/portalfadesp.org.br\/"},{"@type":"ListItem","position":2,"name":"Matr\u00edcula para especializa\u00e7\u00e3o em Implantodontia ofertada pela UFPA ser\u00e1 realizada at\u00e9 dia 10."}]},{"@type":"WebSite","@id":"https:\/\/portalfadesp.org.br\/#website","url":"https:\/\/portalfadesp.org.br\/","name":"FADESP","description":"Funda\u00e7\u00e3o de Amparo e Desenvolvimento da Pesquisa","publisher":{"@id":"https:\/\/portalfadesp.org.br\/#organization"},"potentialAction":[{"@type":"SearchAction","target":{"@type":"EntryPoint","urlTemplate":"https:\/\/portalfadesp.org.br\/?s={search_term_string}"},"query-input":{"@type":"PropertyValueSpecification","valueRequired":true,"valueName":"search_term_string"}}],"inLanguage":"pt-BR"},{"@type":"Organization","@id":"https:\/\/portalfadesp.org.br\/#organization","name":"FADESP","url":"https:\/\/portalfadesp.org.br\/","logo":{"@type":"ImageObject","inLanguage":"pt-BR","@id":"https:\/\/portalfadesp.org.br\/#\/schema\/logo\/image\/","url":"https:\/\/portalfadesp.org.br\/wp-content\/uploads\/2024\/01\/NOVOLOGOFADESPlaranjaH.png","contentUrl":"https:\/\/portalfadesp.org.br\/wp-content\/uploads\/2024\/01\/NOVOLOGOFADESPlaranjaH.png","width":2742,"height":839,"caption":"FADESP"},"image":{"@id":"https:\/\/portalfadesp.org.br\/#\/schema\/logo\/image\/"},"sameAs":["https:\/\/www.facebook.com\/Fadesp-138351949524662\/","https:\/\/x.com\/Fadesp","https:\/\/www.instagram.com\/fadesp_ufpa\/","https:\/\/www.youtube.com\/@fundacaodeamparoedesenvolv1903","https:\/\/www.threads.net\/@fadesp_ufpa"]},{"@type":"Person","@id":"https:\/\/portalfadesp.org.br\/#\/schema\/person\/dc2908bf250f3ccb8be775027b13735e","name":"Raphael Pena","image":{"@type":"ImageObject","inLanguage":"pt-BR","@id":"https:\/\/portalfadesp.org.br\/#\/schema\/person\/image\/","url":"https:\/\/secure.gravatar.com\/avatar\/f6ed33c466a335cea1eeb716e9d8177b1ca19149f5fdbee566ad4873403cee8a?s=96&d=mm&r=g","contentUrl":"https:\/\/secure.gravatar.com\/avatar\/f6ed33c466a335cea1eeb716e9d8177b1ca19149f5fdbee566ad4873403cee8a?s=96&d=mm&r=g","caption":"Raphael Pena"},"url":"https:\/\/portalfadesp.org.br\/?author=9"}]}},"_links":{"self":[{"href":"https:\/\/portalfadesp.org.br\/index.php?rest_route=\/wp\/v2\/posts\/1830","targetHints":{"allow":["GET"]}}],"collection":[{"href":"https:\/\/portalfadesp.org.br\/index.php?rest_route=\/wp\/v2\/posts"}],"about":[{"href":"https:\/\/portalfadesp.org.br\/index.php?rest_route=\/wp\/v2\/types\/post"}],"author":[{"embeddable":true,"href":"https:\/\/portalfadesp.org.br\/index.php?rest_route=\/wp\/v2\/users\/9"}],"replies":[{"embeddable":true,"href":"https:\/\/portalfadesp.org.br\/index.php?rest_route=%2Fwp%2Fv2%2Fcomments&post=1830"}],"version-history":[{"count":6,"href":"https:\/\/portalfadesp.org.br\/index.php?rest_route=\/wp\/v2\/posts\/1830\/revisions"}],"predecessor-version":[{"id":37963,"href":"https:\/\/portalfadesp.org.br\/index.php?rest_route=\/wp\/v2\/posts\/1830\/revisions\/37963"}],"wp:featuredmedia":[{"embeddable":true,"href":"https:\/\/portalfadesp.org.br\/index.php?rest_route=\/wp\/v2\/media\/1831"}],"wp:attachment":[{"href":"https:\/\/portalfadesp.org.br\/index.php?rest_route=%2Fwp%2Fv2%2Fmedia&parent=1830"}],"wp:term":[{"taxonomy":"category","embeddable":true,"href":"https:\/\/portalfadesp.org.br\/index.php?rest_route=%2Fwp%2Fv2%2Fcategories&post=1830"},{"taxonomy":"post_tag","embeddable":true,"href":"https:\/\/portalfadesp.org.br\/index.php?rest_route=%2Fwp%2Fv2%2Ftags&post=1830"}],"curies":[{"name":"wp","href":"https:\/\/api.w.org\/{rel}","templated":true}]}}