{"id":1822,"date":"2019-05-29T11:57:19","date_gmt":"2019-05-29T14:57:19","guid":{"rendered":"https:\/\/162.215.13.167?p=1822"},"modified":"2022-12-21T10:34:31","modified_gmt":"2022-12-21T13:34:31","slug":"ufpa-abaetetuba-prorroga-ate-dia-3-a-inscricao-para-a-prova-de-proficiencia-em-lingua-estrangeira","status":"publish","type":"post","link":"https:\/\/portalfadesp.org.br\/?p=1822","title":{"rendered":"UFPA Abaetetuba prorroga at\u00e9 dia 3 a inscri\u00e7\u00e3o para a prova de profici\u00eancia em l\u00edngua estrangeira."},"content":{"rendered":"\t\t<div data-elementor-type=\"wp-post\" data-elementor-id=\"1822\" class=\"elementor elementor-1822\" data-elementor-post-type=\"post\">\n\t\t\t\t\t\t<section class=\"elementor-section elementor-top-section elementor-element elementor-element-7e098f19 elementor-section-boxed elementor-section-height-default elementor-section-height-default\" data-id=\"7e098f19\" data-element_type=\"section\">\n\t\t\t\t\t\t<div class=\"elementor-container elementor-column-gap-default\">\n\t\t\t\t\t<div class=\"elementor-column elementor-col-100 elementor-top-column elementor-element elementor-element-628c0635\" data-id=\"628c0635\" data-element_type=\"column\">\n\t\t\t<div class=\"elementor-widget-wrap elementor-element-populated\">\n\t\t\t\t\t\t<div class=\"elementor-element elementor-element-35ce5d7f elementor-widget elementor-widget-heading\" data-id=\"35ce5d7f\" data-element_type=\"widget\" data-widget_type=\"heading.default\">\n\t\t\t\t<div class=\"elementor-widget-container\">\n\t\t\t\t\t<h2 class=\"elementor-heading-title elementor-size-default\">UFPA Abaetetuba prorroga at\u00e9 dia 3 a inscri\u00e7\u00e3o para a prova de profici\u00eancia em l\u00edngua estrangeira.<\/h2>\t\t\t\t<\/div>\n\t\t\t\t<\/div>\n\t\t\t\t<div class=\"elementor-element elementor-element-495c0c93 elementor-widget elementor-widget-text-editor\" data-id=\"495c0c93\" data-element_type=\"widget\" data-widget_type=\"text-editor.default\">\n\t\t\t\t<div class=\"elementor-widget-container\">\n\t\t\t\t\t\t\t\t\t<img decoding=\"async\" class=\"size-full wp-image-1824 alignright\" src=\"..\/wp-content\/uploads\/2019\/06\/up_ag_29543_2019_-_abril_orientacao_inscricao_plle.jpg\" alt=\"\" width=\"250\" height=\"177\" \/>\u00a0A Universidade Federal do Par\u00e1 (UFPA), campus de Abaetetuba, prorrogou at\u00e9 o dia 3 de junho a inscri\u00e7\u00e3o para a prova do Programa de Profici\u00eancia em L\u00edngua Estrangeira (PLLE). O teste para as l\u00ednguas inglesa e espanhola \u00e9 exigido pela UFPA e outras institui\u00e7\u00f5es de ensino superior de quem pretende cursar a p\u00f3s-gradua\u00e7\u00e3o strictu sensu (Mestrado e Doutorado).\u00a0Confira o passo a passo da inscri\u00e7\u00e3o na figura ao lado.\n\n<img decoding=\"async\" class=\"size-medium wp-image-1825 alignright\" src=\"..\/wp-content\/uploads\/2019\/06\/up_ag_29543_ufpa_abetetuba.jpg\" alt=\"\" width=\"250\" height=\"142\" \/>\n\nA inscri\u00e7\u00e3o ser\u00e1 realizada na \u00e1rea de cursos do aqui do\u00a0<a href=\"http:\/\/cursos.fadesp.org.br\/mostracurso.asp?curso=587\">site da FADESP<\/a>. O interessado deve fazer o cadastro (caso ainda n\u00e3o tenha), gerar o boleto e pagar a taxa de R$ 60,00 at\u00e9 o dia 3. O comprovante de pagamento deve ser enviado para o email ppgciti@gmail.com.\n\nTamb\u00e9m \u00e9 necess\u00e1rio imprimir o comprovante de cadastramento, pois, o documento ser\u00e1 exigido no dia da prova, junto com a documenta\u00e7\u00e3o pessoal. O exame ser\u00e1 aplicado em 23 de junho, das 13h \u00e0s 17h, no campus da UFPA, em Abaetetuba (Rua Manoel de Abreu, sem n\u00famero, bairro Mutir\u00e3o).\n\nO resultado ser\u00e1 divulgado 24 de julho, enquanto a entrega do certificado ser\u00e1 feita at\u00e9 15 de agosto (por email). Conforme o <a href=\"http:\/\/cursos.fadesp.org.br\/ARQUIVOS\/5872019.PDF\" target=\"_blank\" rel=\"noopener\">edital,<\/a> a prova ter\u00e1 um texto em ingl\u00eas ou espanhol, conforme a escolha do candidato. As perguntas e as respostas s\u00e3o em portugu\u00eas, tendo como finalidade medir a compet\u00eancia de leitura e compreens\u00e3o de texto.\n\nReceber\u00e1 o certificado o candidato que alcan\u00e7ar pelo menos 50% dos dez pontos totais. O <a href=\"http:\/\/cursos.fadesp.org.br\/ARQUIVOS\/5872019.PDF\" target=\"_blank\" rel=\"noopener\">cronograma, o edital e mais detalhes<\/a> est\u00e3o nos sites da FADESP e do Programa de P\u00f3s-Gradua\u00e7\u00e3o em Cidades, Territ\u00f3rios e Identidades (PPGCITI), www.ppgciti.propesp.ufpa.br. As d\u00favidas podem ser tiradas pelo telefone (91) 3201-7083, no hor\u00e1rio de 9h \u00e0s 17h, de segunda a sexta-feira, exceto feriados.\t\t\t\t\t\t\t\t<\/div>\n\t\t\t\t<\/div>\n\t\t\t\t\t<\/div>\n\t\t<\/div>\n\t\t\t\t\t<\/div>\n\t\t<\/section>\n\t\t\t\t<\/div>\n\t\t","protected":false},"excerpt":{"rendered":"<p>UFPA Abaetetuba prorroga at\u00e9 dia 3 a inscri\u00e7\u00e3o para a prova de profici\u00eancia em l\u00edngua estrangeira. \u00a0A Universidade Federal do Par\u00e1 (UFPA), campus de Abaetetuba, prorrogou at\u00e9 o dia 3 de junho a inscri\u00e7\u00e3o para a prova do Programa de Profici\u00eancia em L\u00edngua Estrangeira (PLLE). O teste para as l\u00ednguas inglesa e espanhola \u00e9 exigido [&hellip;]<\/p>\n","protected":false},"author":9,"featured_media":1825,"comment_status":"open","ping_status":"open","sticky":false,"template":"","format":"standard","meta":{"_monsterinsights_skip_tracking":false,"_monsterinsights_sitenote_active":false,"_monsterinsights_sitenote_note":"","_monsterinsights_sitenote_category":0,"footnotes":""},"categories":[7],"tags":[],"class_list":["post-1822","post","type-post","status-publish","format-standard","has-post-thumbnail","hentry","category-concurso","entry","has-media"],"yoast_head":"<!-- This site is optimized with the Yoast SEO plugin v25.1 - https:\/\/yoast.com\/wordpress\/plugins\/seo\/ -->\n<title>UFPA Abaetetuba prorroga at\u00e9 dia 3 a inscri\u00e7\u00e3o para a prova de profici\u00eancia em l\u00edngua estrangeira. - FADESP<\/title>\n<meta name=\"robots\" content=\"index, follow, max-snippet:-1, max-image-preview:large, max-video-preview:-1\" \/>\n<link rel=\"canonical\" href=\"https:\/\/portalfadesp.org.br\/?p=1822\" \/>\n<meta property=\"og:locale\" content=\"pt_BR\" \/>\n<meta property=\"og:type\" content=\"article\" \/>\n<meta property=\"og:title\" content=\"UFPA Abaetetuba prorroga at\u00e9 dia 3 a inscri\u00e7\u00e3o para a prova de profici\u00eancia em l\u00edngua estrangeira. - FADESP\" \/>\n<meta property=\"og:description\" content=\"UFPA Abaetetuba prorroga at\u00e9 dia 3 a inscri\u00e7\u00e3o para a prova de profici\u00eancia em l\u00edngua estrangeira. \u00a0A Universidade Federal do Par\u00e1 (UFPA), campus de Abaetetuba, prorrogou at\u00e9 o dia 3 de junho a inscri\u00e7\u00e3o para a prova do Programa de Profici\u00eancia em L\u00edngua Estrangeira (PLLE). O teste para as l\u00ednguas inglesa e espanhola \u00e9 exigido [&hellip;]\" \/>\n<meta property=\"og:url\" content=\"https:\/\/portalfadesp.org.br\/?p=1822\" \/>\n<meta property=\"og:site_name\" content=\"FADESP\" \/>\n<meta property=\"article:publisher\" content=\"https:\/\/www.facebook.com\/Fadesp-138351949524662\/\" \/>\n<meta property=\"article:published_time\" content=\"2019-05-29T14:57:19+00:00\" \/>\n<meta property=\"article:modified_time\" content=\"2022-12-21T13:34:31+00:00\" \/>\n<meta property=\"og:image\" content=\"https:\/\/portalfadesp.org.br\/wp-content\/uploads\/2019\/06\/up_ag_29543_ufpa_abetetuba.jpg\" \/>\n\t<meta property=\"og:image:width\" content=\"250\" \/>\n\t<meta property=\"og:image:height\" content=\"142\" \/>\n\t<meta property=\"og:image:type\" content=\"image\/jpeg\" \/>\n<meta name=\"author\" content=\"Raphael Pena\" \/>\n<meta name=\"twitter:card\" content=\"summary_large_image\" \/>\n<meta name=\"twitter:creator\" content=\"@Fadesp\" \/>\n<meta name=\"twitter:site\" content=\"@Fadesp\" \/>\n<meta name=\"twitter:label1\" content=\"Escrito por\" \/>\n\t<meta name=\"twitter:data1\" content=\"Raphael Pena\" \/>\n\t<meta name=\"twitter:label2\" content=\"Est. tempo de leitura\" \/>\n\t<meta name=\"twitter:data2\" content=\"2 minutos\" \/>\n<script type=\"application\/ld+json\" class=\"yoast-schema-graph\">{\"@context\":\"https:\/\/schema.org\",\"@graph\":[{\"@type\":\"Article\",\"@id\":\"https:\/\/portalfadesp.org.br\/?p=1822#article\",\"isPartOf\":{\"@id\":\"https:\/\/portalfadesp.org.br\/?p=1822\"},\"author\":{\"name\":\"Raphael Pena\",\"@id\":\"https:\/\/portalfadesp.org.br\/#\/schema\/person\/dc2908bf250f3ccb8be775027b13735e\"},\"headline\":\"UFPA Abaetetuba prorroga at\u00e9 dia 3 a inscri\u00e7\u00e3o para a prova de profici\u00eancia em l\u00edngua estrangeira.\",\"datePublished\":\"2019-05-29T14:57:19+00:00\",\"dateModified\":\"2022-12-21T13:34:31+00:00\",\"mainEntityOfPage\":{\"@id\":\"https:\/\/portalfadesp.org.br\/?p=1822\"},\"wordCount\":341,\"commentCount\":0,\"publisher\":{\"@id\":\"https:\/\/portalfadesp.org.br\/#organization\"},\"image\":{\"@id\":\"https:\/\/portalfadesp.org.br\/?p=1822#primaryimage\"},\"thumbnailUrl\":\"https:\/\/portalfadesp.org.br\/wp-content\/uploads\/2019\/06\/up_ag_29543_ufpa_abetetuba.jpg\",\"articleSection\":[\"Concurso\"],\"inLanguage\":\"pt-BR\"},{\"@type\":\"WebPage\",\"@id\":\"https:\/\/portalfadesp.org.br\/?p=1822\",\"url\":\"https:\/\/portalfadesp.org.br\/?p=1822\",\"name\":\"UFPA Abaetetuba prorroga at\u00e9 dia 3 a inscri\u00e7\u00e3o para a prova de profici\u00eancia em l\u00edngua estrangeira. - FADESP\",\"isPartOf\":{\"@id\":\"https:\/\/portalfadesp.org.br\/#website\"},\"primaryImageOfPage\":{\"@id\":\"https:\/\/portalfadesp.org.br\/?p=1822#primaryimage\"},\"image\":{\"@id\":\"https:\/\/portalfadesp.org.br\/?p=1822#primaryimage\"},\"thumbnailUrl\":\"https:\/\/portalfadesp.org.br\/wp-content\/uploads\/2019\/06\/up_ag_29543_ufpa_abetetuba.jpg\",\"datePublished\":\"2019-05-29T14:57:19+00:00\",\"dateModified\":\"2022-12-21T13:34:31+00:00\",\"breadcrumb\":{\"@id\":\"https:\/\/portalfadesp.org.br\/?p=1822#breadcrumb\"},\"inLanguage\":\"pt-BR\",\"potentialAction\":[{\"@type\":\"ReadAction\",\"target\":[\"https:\/\/portalfadesp.org.br\/?p=1822\"]}]},{\"@type\":\"ImageObject\",\"inLanguage\":\"pt-BR\",\"@id\":\"https:\/\/portalfadesp.org.br\/?p=1822#primaryimage\",\"url\":\"https:\/\/portalfadesp.org.br\/wp-content\/uploads\/2019\/06\/up_ag_29543_ufpa_abetetuba.jpg\",\"contentUrl\":\"https:\/\/portalfadesp.org.br\/wp-content\/uploads\/2019\/06\/up_ag_29543_ufpa_abetetuba.jpg\",\"width\":250,\"height\":142},{\"@type\":\"BreadcrumbList\",\"@id\":\"https:\/\/portalfadesp.org.br\/?p=1822#breadcrumb\",\"itemListElement\":[{\"@type\":\"ListItem\",\"position\":1,\"name\":\"In\u00edcio\",\"item\":\"https:\/\/portalfadesp.org.br\/\"},{\"@type\":\"ListItem\",\"position\":2,\"name\":\"UFPA Abaetetuba prorroga at\u00e9 dia 3 a inscri\u00e7\u00e3o para a prova de profici\u00eancia em l\u00edngua estrangeira.\"}]},{\"@type\":\"WebSite\",\"@id\":\"https:\/\/portalfadesp.org.br\/#website\",\"url\":\"https:\/\/portalfadesp.org.br\/\",\"name\":\"FADESP\",\"description\":\"Funda\u00e7\u00e3o de Amparo e Desenvolvimento da Pesquisa\",\"publisher\":{\"@id\":\"https:\/\/portalfadesp.org.br\/#organization\"},\"potentialAction\":[{\"@type\":\"SearchAction\",\"target\":{\"@type\":\"EntryPoint\",\"urlTemplate\":\"https:\/\/portalfadesp.org.br\/?s={search_term_string}\"},\"query-input\":{\"@type\":\"PropertyValueSpecification\",\"valueRequired\":true,\"valueName\":\"search_term_string\"}}],\"inLanguage\":\"pt-BR\"},{\"@type\":\"Organization\",\"@id\":\"https:\/\/portalfadesp.org.br\/#organization\",\"name\":\"FADESP\",\"url\":\"https:\/\/portalfadesp.org.br\/\",\"logo\":{\"@type\":\"ImageObject\",\"inLanguage\":\"pt-BR\",\"@id\":\"https:\/\/portalfadesp.org.br\/#\/schema\/logo\/image\/\",\"url\":\"https:\/\/portalfadesp.org.br\/wp-content\/uploads\/2024\/01\/NOVOLOGOFADESPlaranjaH.png\",\"contentUrl\":\"https:\/\/portalfadesp.org.br\/wp-content\/uploads\/2024\/01\/NOVOLOGOFADESPlaranjaH.png\",\"width\":2742,\"height\":839,\"caption\":\"FADESP\"},\"image\":{\"@id\":\"https:\/\/portalfadesp.org.br\/#\/schema\/logo\/image\/\"},\"sameAs\":[\"https:\/\/www.facebook.com\/Fadesp-138351949524662\/\",\"https:\/\/x.com\/Fadesp\",\"https:\/\/www.instagram.com\/fadesp_ufpa\/\",\"https:\/\/www.youtube.com\/@fundacaodeamparoedesenvolv1903\",\"https:\/\/www.threads.net\/@fadesp_ufpa\"]},{\"@type\":\"Person\",\"@id\":\"https:\/\/portalfadesp.org.br\/#\/schema\/person\/dc2908bf250f3ccb8be775027b13735e\",\"name\":\"Raphael Pena\",\"image\":{\"@type\":\"ImageObject\",\"inLanguage\":\"pt-BR\",\"@id\":\"https:\/\/portalfadesp.org.br\/#\/schema\/person\/image\/\",\"url\":\"https:\/\/secure.gravatar.com\/avatar\/f6ed33c466a335cea1eeb716e9d8177b1ca19149f5fdbee566ad4873403cee8a?s=96&d=mm&r=g\",\"contentUrl\":\"https:\/\/secure.gravatar.com\/avatar\/f6ed33c466a335cea1eeb716e9d8177b1ca19149f5fdbee566ad4873403cee8a?s=96&d=mm&r=g\",\"caption\":\"Raphael Pena\"},\"url\":\"https:\/\/portalfadesp.org.br\/?author=9\"}]}<\/script>\n<!-- \/ Yoast SEO plugin. -->","yoast_head_json":{"title":"UFPA Abaetetuba prorroga at\u00e9 dia 3 a inscri\u00e7\u00e3o para a prova de profici\u00eancia em l\u00edngua estrangeira. - FADESP","robots":{"index":"index","follow":"follow","max-snippet":"max-snippet:-1","max-image-preview":"max-image-preview:large","max-video-preview":"max-video-preview:-1"},"canonical":"https:\/\/portalfadesp.org.br\/?p=1822","og_locale":"pt_BR","og_type":"article","og_title":"UFPA Abaetetuba prorroga at\u00e9 dia 3 a inscri\u00e7\u00e3o para a prova de profici\u00eancia em l\u00edngua estrangeira. - FADESP","og_description":"UFPA Abaetetuba prorroga at\u00e9 dia 3 a inscri\u00e7\u00e3o para a prova de profici\u00eancia em l\u00edngua estrangeira. \u00a0A Universidade Federal do Par\u00e1 (UFPA), campus de Abaetetuba, prorrogou at\u00e9 o dia 3 de junho a inscri\u00e7\u00e3o para a prova do Programa de Profici\u00eancia em L\u00edngua Estrangeira (PLLE). O teste para as l\u00ednguas inglesa e espanhola \u00e9 exigido [&hellip;]","og_url":"https:\/\/portalfadesp.org.br\/?p=1822","og_site_name":"FADESP","article_publisher":"https:\/\/www.facebook.com\/Fadesp-138351949524662\/","article_published_time":"2019-05-29T14:57:19+00:00","article_modified_time":"2022-12-21T13:34:31+00:00","og_image":[{"width":250,"height":142,"url":"https:\/\/portalfadesp.org.br\/wp-content\/uploads\/2019\/06\/up_ag_29543_ufpa_abetetuba.jpg","type":"image\/jpeg"}],"author":"Raphael Pena","twitter_card":"summary_large_image","twitter_creator":"@Fadesp","twitter_site":"@Fadesp","twitter_misc":{"Escrito por":"Raphael Pena","Est. tempo de leitura":"2 minutos"},"schema":{"@context":"https:\/\/schema.org","@graph":[{"@type":"Article","@id":"https:\/\/portalfadesp.org.br\/?p=1822#article","isPartOf":{"@id":"https:\/\/portalfadesp.org.br\/?p=1822"},"author":{"name":"Raphael Pena","@id":"https:\/\/portalfadesp.org.br\/#\/schema\/person\/dc2908bf250f3ccb8be775027b13735e"},"headline":"UFPA Abaetetuba prorroga at\u00e9 dia 3 a inscri\u00e7\u00e3o para a prova de profici\u00eancia em l\u00edngua estrangeira.","datePublished":"2019-05-29T14:57:19+00:00","dateModified":"2022-12-21T13:34:31+00:00","mainEntityOfPage":{"@id":"https:\/\/portalfadesp.org.br\/?p=1822"},"wordCount":341,"commentCount":0,"publisher":{"@id":"https:\/\/portalfadesp.org.br\/#organization"},"image":{"@id":"https:\/\/portalfadesp.org.br\/?p=1822#primaryimage"},"thumbnailUrl":"https:\/\/portalfadesp.org.br\/wp-content\/uploads\/2019\/06\/up_ag_29543_ufpa_abetetuba.jpg","articleSection":["Concurso"],"inLanguage":"pt-BR"},{"@type":"WebPage","@id":"https:\/\/portalfadesp.org.br\/?p=1822","url":"https:\/\/portalfadesp.org.br\/?p=1822","name":"UFPA Abaetetuba prorroga at\u00e9 dia 3 a inscri\u00e7\u00e3o para a prova de profici\u00eancia em l\u00edngua estrangeira. - FADESP","isPartOf":{"@id":"https:\/\/portalfadesp.org.br\/#website"},"primaryImageOfPage":{"@id":"https:\/\/portalfadesp.org.br\/?p=1822#primaryimage"},"image":{"@id":"https:\/\/portalfadesp.org.br\/?p=1822#primaryimage"},"thumbnailUrl":"https:\/\/portalfadesp.org.br\/wp-content\/uploads\/2019\/06\/up_ag_29543_ufpa_abetetuba.jpg","datePublished":"2019-05-29T14:57:19+00:00","dateModified":"2022-12-21T13:34:31+00:00","breadcrumb":{"@id":"https:\/\/portalfadesp.org.br\/?p=1822#breadcrumb"},"inLanguage":"pt-BR","potentialAction":[{"@type":"ReadAction","target":["https:\/\/portalfadesp.org.br\/?p=1822"]}]},{"@type":"ImageObject","inLanguage":"pt-BR","@id":"https:\/\/portalfadesp.org.br\/?p=1822#primaryimage","url":"https:\/\/portalfadesp.org.br\/wp-content\/uploads\/2019\/06\/up_ag_29543_ufpa_abetetuba.jpg","contentUrl":"https:\/\/portalfadesp.org.br\/wp-content\/uploads\/2019\/06\/up_ag_29543_ufpa_abetetuba.jpg","width":250,"height":142},{"@type":"BreadcrumbList","@id":"https:\/\/portalfadesp.org.br\/?p=1822#breadcrumb","itemListElement":[{"@type":"ListItem","position":1,"name":"In\u00edcio","item":"https:\/\/portalfadesp.org.br\/"},{"@type":"ListItem","position":2,"name":"UFPA Abaetetuba prorroga at\u00e9 dia 3 a inscri\u00e7\u00e3o para a prova de profici\u00eancia em l\u00edngua estrangeira."}]},{"@type":"WebSite","@id":"https:\/\/portalfadesp.org.br\/#website","url":"https:\/\/portalfadesp.org.br\/","name":"FADESP","description":"Funda\u00e7\u00e3o de Amparo e Desenvolvimento da Pesquisa","publisher":{"@id":"https:\/\/portalfadesp.org.br\/#organization"},"potentialAction":[{"@type":"SearchAction","target":{"@type":"EntryPoint","urlTemplate":"https:\/\/portalfadesp.org.br\/?s={search_term_string}"},"query-input":{"@type":"PropertyValueSpecification","valueRequired":true,"valueName":"search_term_string"}}],"inLanguage":"pt-BR"},{"@type":"Organization","@id":"https:\/\/portalfadesp.org.br\/#organization","name":"FADESP","url":"https:\/\/portalfadesp.org.br\/","logo":{"@type":"ImageObject","inLanguage":"pt-BR","@id":"https:\/\/portalfadesp.org.br\/#\/schema\/logo\/image\/","url":"https:\/\/portalfadesp.org.br\/wp-content\/uploads\/2024\/01\/NOVOLOGOFADESPlaranjaH.png","contentUrl":"https:\/\/portalfadesp.org.br\/wp-content\/uploads\/2024\/01\/NOVOLOGOFADESPlaranjaH.png","width":2742,"height":839,"caption":"FADESP"},"image":{"@id":"https:\/\/portalfadesp.org.br\/#\/schema\/logo\/image\/"},"sameAs":["https:\/\/www.facebook.com\/Fadesp-138351949524662\/","https:\/\/x.com\/Fadesp","https:\/\/www.instagram.com\/fadesp_ufpa\/","https:\/\/www.youtube.com\/@fundacaodeamparoedesenvolv1903","https:\/\/www.threads.net\/@fadesp_ufpa"]},{"@type":"Person","@id":"https:\/\/portalfadesp.org.br\/#\/schema\/person\/dc2908bf250f3ccb8be775027b13735e","name":"Raphael Pena","image":{"@type":"ImageObject","inLanguage":"pt-BR","@id":"https:\/\/portalfadesp.org.br\/#\/schema\/person\/image\/","url":"https:\/\/secure.gravatar.com\/avatar\/f6ed33c466a335cea1eeb716e9d8177b1ca19149f5fdbee566ad4873403cee8a?s=96&d=mm&r=g","contentUrl":"https:\/\/secure.gravatar.com\/avatar\/f6ed33c466a335cea1eeb716e9d8177b1ca19149f5fdbee566ad4873403cee8a?s=96&d=mm&r=g","caption":"Raphael Pena"},"url":"https:\/\/portalfadesp.org.br\/?author=9"}]}},"_links":{"self":[{"href":"https:\/\/portalfadesp.org.br\/index.php?rest_route=\/wp\/v2\/posts\/1822","targetHints":{"allow":["GET"]}}],"collection":[{"href":"https:\/\/portalfadesp.org.br\/index.php?rest_route=\/wp\/v2\/posts"}],"about":[{"href":"https:\/\/portalfadesp.org.br\/index.php?rest_route=\/wp\/v2\/types\/post"}],"author":[{"embeddable":true,"href":"https:\/\/portalfadesp.org.br\/index.php?rest_route=\/wp\/v2\/users\/9"}],"replies":[{"embeddable":true,"href":"https:\/\/portalfadesp.org.br\/index.php?rest_route=%2Fwp%2Fv2%2Fcomments&post=1822"}],"version-history":[{"count":8,"href":"https:\/\/portalfadesp.org.br\/index.php?rest_route=\/wp\/v2\/posts\/1822\/revisions"}],"predecessor-version":[{"id":37946,"href":"https:\/\/portalfadesp.org.br\/index.php?rest_route=\/wp\/v2\/posts\/1822\/revisions\/37946"}],"wp:featuredmedia":[{"embeddable":true,"href":"https:\/\/portalfadesp.org.br\/index.php?rest_route=\/wp\/v2\/media\/1825"}],"wp:attachment":[{"href":"https:\/\/portalfadesp.org.br\/index.php?rest_route=%2Fwp%2Fv2%2Fmedia&parent=1822"}],"wp:term":[{"taxonomy":"category","embeddable":true,"href":"https:\/\/portalfadesp.org.br\/index.php?rest_route=%2Fwp%2Fv2%2Fcategories&post=1822"},{"taxonomy":"post_tag","embeddable":true,"href":"https:\/\/portalfadesp.org.br\/index.php?rest_route=%2Fwp%2Fv2%2Ftags&post=1822"}],"curies":[{"name":"wp","href":"https:\/\/api.w.org\/{rel}","templated":true}]}}