{"id":1816,"date":"2019-06-04T14:33:19","date_gmt":"2019-06-04T17:33:19","guid":{"rendered":"https:\/\/162.215.13.167?p=1816"},"modified":"2022-12-21T10:33:32","modified_gmt":"2022-12-21T13:33:32","slug":"concurso-renato-chaves-sai-o-resultado-definitivo-da-primeira-fase-e-convocacao-para-a-segunda","status":"publish","type":"post","link":"https:\/\/portalfadesp.org.br\/?p=1816","title":{"rendered":"CONCURSO RENATO CHAVES: sai o resultado definitivo da primeira fase e convoca\u00e7\u00e3o para a segunda."},"content":{"rendered":"\t\t<div data-elementor-type=\"wp-post\" data-elementor-id=\"1816\" class=\"elementor elementor-1816\" data-elementor-post-type=\"post\">\n\t\t\t\t\t\t<section class=\"elementor-section elementor-top-section elementor-element elementor-element-59eb1a6c elementor-section-boxed elementor-section-height-default elementor-section-height-default\" data-id=\"59eb1a6c\" data-element_type=\"section\">\n\t\t\t\t\t\t<div class=\"elementor-container elementor-column-gap-default\">\n\t\t\t\t\t<div class=\"elementor-column elementor-col-100 elementor-top-column elementor-element elementor-element-73e184e7\" data-id=\"73e184e7\" data-element_type=\"column\">\n\t\t\t<div class=\"elementor-widget-wrap elementor-element-populated\">\n\t\t\t\t\t\t<div class=\"elementor-element elementor-element-895fd43 elementor-widget elementor-widget-heading\" data-id=\"895fd43\" data-element_type=\"widget\" data-widget_type=\"heading.default\">\n\t\t\t\t<div class=\"elementor-widget-container\">\n\t\t\t\t\t<h2 class=\"elementor-heading-title elementor-size-default\">CONCURSO RENATO CHAVES: sai o resultado definitivo da primeira fase e convoca\u00e7\u00e3o para a segunda.<\/h2>\t\t\t\t<\/div>\n\t\t\t\t<\/div>\n\t\t\t\t<div class=\"elementor-element elementor-element-333d51e4 elementor-widget elementor-widget-text-editor\" data-id=\"333d51e4\" data-element_type=\"widget\" data-widget_type=\"text-editor.default\">\n\t\t\t\t<div class=\"elementor-widget-container\">\n\t\t\t\t\t\t\t\t\t<img decoding=\"async\" class=\"alignright wp-image-1817 size-full\" src=\"..\/wp-content\/uploads\/2019\/06\/up_ag_29544_renato_chave_-_agencia_para_cristino_martins.jpg\" alt=\"\" width=\"250\" height=\"167\" \/>\n\nO <a href=\"https:\/\/162.215.13.167midias\/anexos\/577_edital_n_19_2019_sead-cpcrc-pa_-_resultado_definitivo_da_1a_fase_-_avaliacao_de_conhecimentos.pdf\" target=\"_blank\" rel=\"noopener\">resultado definitivo<\/a> da prova de Conhecimentos, do concurso para o Centro de Per\u00edcias Cient\u00edficas Renato Chaves, est\u00e1 dispon\u00edvel na\u00a0<a href=\"https:\/\/162.215.13.167pagConcursosp.asp?id_pagina=577\" target=\"_blank\" rel=\"noopener\">p\u00e1gina oficial de acompanhamento<\/a>. Os candidatos classificados para a segunda fase, de exames m\u00e9dicos, foram <a href=\"https:\/\/162.215.13.167midias\/anexos\/577_edital_n_20_2019_sead-cpcrc-pa_-_convocacao_a_2a_fase_-_exames_medicos.pdf\" target=\"_blank\" rel=\"noopener\">convocados<\/a> a se apresentar no per\u00edodo de 29 de junho a 4 de julho deste ano.\n\nA lista de classifica\u00e7\u00e3o est\u00e1 organizada em ordem alfab\u00e9tica e traz a pontua\u00e7\u00e3o total alcan\u00e7ada na prova de Conhecimentos, a nota da prova discursiva e a da objetiva ap\u00f3s o per\u00edodo de recursos. Traz tamb\u00e9m a situa\u00e7\u00e3o do candidato como apto \u00e0 segunda etapa ou eliminado.\n\nNo edital de convoca\u00e7\u00e3o para a segunda fase, os candidatos s\u00e3o informados do per\u00edodo de apresenta\u00e7\u00e3o, mas a data individual para o comparecimento ainda ser\u00e1 divulgada no dia 13 deste m\u00eas de junho, tamb\u00e9m na p\u00e1gina oficial do concurso. As regras para a participa\u00e7\u00e3o est\u00e3o no edital de abertura.\n\n<span style=\"letter-spacing: -0.02em;\">Essa primeira etapa tamb\u00e9m \u00e9 composta\u00a0 de prova de capacita\u00e7\u00e3o f\u00edsica, exame psicol\u00f3gico, investiga\u00e7\u00e3o criminal e social e prova de t\u00edtulos (esta \u00faltima ser\u00e1 aplicada somente aos cargos de n\u00edvel superior). A segunda etapa ser\u00e1 o curso t\u00e9cnico-profissional, de responsabilidade do CPCRC.<\/span>\n\nTodas as fases da primeira etapa ser\u00e3o realizadas em Bel\u00e9m, Altamira, Castanhal, Marab\u00e1, Santar\u00e9m e Itaituba, no Par\u00e1.\u00a0<span style=\"letter-spacing: -0.02em;\">Conforme o edital, os candidatos aprovados para os cargos de n\u00edvel M\u00e9dio ter\u00e3o sal\u00e1rio de R$ 5.210,05 e os de Superior, R$ 8.482,04. Todos cumprir\u00e3o jornada de 40 horas semanais<\/span>\n\n<span style=\"letter-spacing: -0.02em;\">Os candidatos devem acessar regularmente a <a href=\"https:\/\/162.215.13.167pagConcursosp.asp?id_pagina=577\" target=\"_blank\" rel=\"noopener\">p\u00e1gina oficial do concurso <\/a>para se manter informados.<\/span>\t\t\t\t\t\t\t\t<\/div>\n\t\t\t\t<\/div>\n\t\t\t\t\t<\/div>\n\t\t<\/div>\n\t\t\t\t\t<\/div>\n\t\t<\/section>\n\t\t\t\t<\/div>\n\t\t","protected":false},"excerpt":{"rendered":"<p>CONCURSO RENATO CHAVES: sai o resultado definitivo da primeira fase e convoca\u00e7\u00e3o para a segunda. O resultado definitivo da prova de Conhecimentos, do concurso para o Centro de Per\u00edcias Cient\u00edficas Renato Chaves, est\u00e1 dispon\u00edvel na\u00a0p\u00e1gina oficial de acompanhamento. Os candidatos classificados para a segunda fase, de exames m\u00e9dicos, foram convocados a se apresentar no per\u00edodo [&hellip;]<\/p>\n","protected":false},"author":9,"featured_media":1817,"comment_status":"open","ping_status":"open","sticky":false,"template":"","format":"standard","meta":{"_monsterinsights_skip_tracking":false,"_monsterinsights_sitenote_active":false,"_monsterinsights_sitenote_note":"","_monsterinsights_sitenote_category":0,"footnotes":""},"categories":[7],"tags":[],"class_list":["post-1816","post","type-post","status-publish","format-standard","has-post-thumbnail","hentry","category-concurso","entry","has-media"],"yoast_head":"<!-- This site is optimized with the Yoast SEO plugin v25.1 - https:\/\/yoast.com\/wordpress\/plugins\/seo\/ -->\n<title>CONCURSO RENATO CHAVES: sai o resultado definitivo da primeira fase e convoca\u00e7\u00e3o para a segunda. - FADESP<\/title>\n<meta name=\"robots\" content=\"index, follow, max-snippet:-1, max-image-preview:large, max-video-preview:-1\" \/>\n<link rel=\"canonical\" href=\"https:\/\/portalfadesp.org.br\/?p=1816\" \/>\n<meta property=\"og:locale\" content=\"pt_BR\" \/>\n<meta property=\"og:type\" content=\"article\" \/>\n<meta property=\"og:title\" content=\"CONCURSO RENATO CHAVES: sai o resultado definitivo da primeira fase e convoca\u00e7\u00e3o para a segunda. - FADESP\" \/>\n<meta property=\"og:description\" content=\"CONCURSO RENATO CHAVES: sai o resultado definitivo da primeira fase e convoca\u00e7\u00e3o para a segunda. O resultado definitivo da prova de Conhecimentos, do concurso para o Centro de Per\u00edcias Cient\u00edficas Renato Chaves, est\u00e1 dispon\u00edvel na\u00a0p\u00e1gina oficial de acompanhamento. Os candidatos classificados para a segunda fase, de exames m\u00e9dicos, foram convocados a se apresentar no per\u00edodo [&hellip;]\" \/>\n<meta property=\"og:url\" content=\"https:\/\/portalfadesp.org.br\/?p=1816\" \/>\n<meta property=\"og:site_name\" content=\"FADESP\" \/>\n<meta property=\"article:publisher\" content=\"https:\/\/www.facebook.com\/Fadesp-138351949524662\/\" \/>\n<meta property=\"article:published_time\" content=\"2019-06-04T17:33:19+00:00\" \/>\n<meta property=\"article:modified_time\" content=\"2022-12-21T13:33:32+00:00\" \/>\n<meta property=\"og:image\" content=\"https:\/\/portalfadesp.org.br\/wp-content\/uploads\/2019\/06\/up_ag_29544_renato_chave_-_agencia_para_cristino_martins.jpg\" \/>\n\t<meta property=\"og:image:width\" content=\"250\" \/>\n\t<meta property=\"og:image:height\" content=\"167\" \/>\n\t<meta property=\"og:image:type\" content=\"image\/jpeg\" \/>\n<meta name=\"author\" content=\"Raphael Pena\" \/>\n<meta name=\"twitter:card\" content=\"summary_large_image\" \/>\n<meta name=\"twitter:creator\" content=\"@Fadesp\" \/>\n<meta name=\"twitter:site\" content=\"@Fadesp\" \/>\n<meta name=\"twitter:label1\" content=\"Escrito por\" \/>\n\t<meta name=\"twitter:data1\" content=\"Raphael Pena\" \/>\n\t<meta name=\"twitter:label2\" content=\"Est. tempo de leitura\" \/>\n\t<meta name=\"twitter:data2\" content=\"1 minuto\" \/>\n<script type=\"application\/ld+json\" class=\"yoast-schema-graph\">{\"@context\":\"https:\/\/schema.org\",\"@graph\":[{\"@type\":\"Article\",\"@id\":\"https:\/\/portalfadesp.org.br\/?p=1816#article\",\"isPartOf\":{\"@id\":\"https:\/\/portalfadesp.org.br\/?p=1816\"},\"author\":{\"name\":\"Raphael Pena\",\"@id\":\"https:\/\/portalfadesp.org.br\/#\/schema\/person\/dc2908bf250f3ccb8be775027b13735e\"},\"headline\":\"CONCURSO RENATO CHAVES: sai o resultado definitivo da primeira fase e convoca\u00e7\u00e3o para a segunda.\",\"datePublished\":\"2019-06-04T17:33:19+00:00\",\"dateModified\":\"2022-12-21T13:33:32+00:00\",\"mainEntityOfPage\":{\"@id\":\"https:\/\/portalfadesp.org.br\/?p=1816\"},\"wordCount\":314,\"commentCount\":0,\"publisher\":{\"@id\":\"https:\/\/portalfadesp.org.br\/#organization\"},\"image\":{\"@id\":\"https:\/\/portalfadesp.org.br\/?p=1816#primaryimage\"},\"thumbnailUrl\":\"https:\/\/portalfadesp.org.br\/wp-content\/uploads\/2019\/06\/up_ag_29544_renato_chave_-_agencia_para_cristino_martins.jpg\",\"articleSection\":[\"Concurso\"],\"inLanguage\":\"pt-BR\"},{\"@type\":\"WebPage\",\"@id\":\"https:\/\/portalfadesp.org.br\/?p=1816\",\"url\":\"https:\/\/portalfadesp.org.br\/?p=1816\",\"name\":\"CONCURSO RENATO CHAVES: sai o resultado definitivo da primeira fase e convoca\u00e7\u00e3o para a segunda. - FADESP\",\"isPartOf\":{\"@id\":\"https:\/\/portalfadesp.org.br\/#website\"},\"primaryImageOfPage\":{\"@id\":\"https:\/\/portalfadesp.org.br\/?p=1816#primaryimage\"},\"image\":{\"@id\":\"https:\/\/portalfadesp.org.br\/?p=1816#primaryimage\"},\"thumbnailUrl\":\"https:\/\/portalfadesp.org.br\/wp-content\/uploads\/2019\/06\/up_ag_29544_renato_chave_-_agencia_para_cristino_martins.jpg\",\"datePublished\":\"2019-06-04T17:33:19+00:00\",\"dateModified\":\"2022-12-21T13:33:32+00:00\",\"breadcrumb\":{\"@id\":\"https:\/\/portalfadesp.org.br\/?p=1816#breadcrumb\"},\"inLanguage\":\"pt-BR\",\"potentialAction\":[{\"@type\":\"ReadAction\",\"target\":[\"https:\/\/portalfadesp.org.br\/?p=1816\"]}]},{\"@type\":\"ImageObject\",\"inLanguage\":\"pt-BR\",\"@id\":\"https:\/\/portalfadesp.org.br\/?p=1816#primaryimage\",\"url\":\"https:\/\/portalfadesp.org.br\/wp-content\/uploads\/2019\/06\/up_ag_29544_renato_chave_-_agencia_para_cristino_martins.jpg\",\"contentUrl\":\"https:\/\/portalfadesp.org.br\/wp-content\/uploads\/2019\/06\/up_ag_29544_renato_chave_-_agencia_para_cristino_martins.jpg\",\"width\":250,\"height\":167},{\"@type\":\"BreadcrumbList\",\"@id\":\"https:\/\/portalfadesp.org.br\/?p=1816#breadcrumb\",\"itemListElement\":[{\"@type\":\"ListItem\",\"position\":1,\"name\":\"In\u00edcio\",\"item\":\"https:\/\/portalfadesp.org.br\/\"},{\"@type\":\"ListItem\",\"position\":2,\"name\":\"CONCURSO RENATO CHAVES: sai o resultado definitivo da primeira fase e convoca\u00e7\u00e3o para a segunda.\"}]},{\"@type\":\"WebSite\",\"@id\":\"https:\/\/portalfadesp.org.br\/#website\",\"url\":\"https:\/\/portalfadesp.org.br\/\",\"name\":\"FADESP\",\"description\":\"Funda\u00e7\u00e3o de Amparo e Desenvolvimento da Pesquisa\",\"publisher\":{\"@id\":\"https:\/\/portalfadesp.org.br\/#organization\"},\"potentialAction\":[{\"@type\":\"SearchAction\",\"target\":{\"@type\":\"EntryPoint\",\"urlTemplate\":\"https:\/\/portalfadesp.org.br\/?s={search_term_string}\"},\"query-input\":{\"@type\":\"PropertyValueSpecification\",\"valueRequired\":true,\"valueName\":\"search_term_string\"}}],\"inLanguage\":\"pt-BR\"},{\"@type\":\"Organization\",\"@id\":\"https:\/\/portalfadesp.org.br\/#organization\",\"name\":\"FADESP\",\"url\":\"https:\/\/portalfadesp.org.br\/\",\"logo\":{\"@type\":\"ImageObject\",\"inLanguage\":\"pt-BR\",\"@id\":\"https:\/\/portalfadesp.org.br\/#\/schema\/logo\/image\/\",\"url\":\"https:\/\/portalfadesp.org.br\/wp-content\/uploads\/2024\/01\/NOVOLOGOFADESPlaranjaH.png\",\"contentUrl\":\"https:\/\/portalfadesp.org.br\/wp-content\/uploads\/2024\/01\/NOVOLOGOFADESPlaranjaH.png\",\"width\":2742,\"height\":839,\"caption\":\"FADESP\"},\"image\":{\"@id\":\"https:\/\/portalfadesp.org.br\/#\/schema\/logo\/image\/\"},\"sameAs\":[\"https:\/\/www.facebook.com\/Fadesp-138351949524662\/\",\"https:\/\/x.com\/Fadesp\",\"https:\/\/www.instagram.com\/fadesp_ufpa\/\",\"https:\/\/www.youtube.com\/@fundacaodeamparoedesenvolv1903\",\"https:\/\/www.threads.net\/@fadesp_ufpa\"]},{\"@type\":\"Person\",\"@id\":\"https:\/\/portalfadesp.org.br\/#\/schema\/person\/dc2908bf250f3ccb8be775027b13735e\",\"name\":\"Raphael Pena\",\"image\":{\"@type\":\"ImageObject\",\"inLanguage\":\"pt-BR\",\"@id\":\"https:\/\/portalfadesp.org.br\/#\/schema\/person\/image\/\",\"url\":\"https:\/\/secure.gravatar.com\/avatar\/f6ed33c466a335cea1eeb716e9d8177b1ca19149f5fdbee566ad4873403cee8a?s=96&d=mm&r=g\",\"contentUrl\":\"https:\/\/secure.gravatar.com\/avatar\/f6ed33c466a335cea1eeb716e9d8177b1ca19149f5fdbee566ad4873403cee8a?s=96&d=mm&r=g\",\"caption\":\"Raphael Pena\"},\"url\":\"https:\/\/portalfadesp.org.br\/?author=9\"}]}<\/script>\n<!-- \/ Yoast SEO plugin. -->","yoast_head_json":{"title":"CONCURSO RENATO CHAVES: sai o resultado definitivo da primeira fase e convoca\u00e7\u00e3o para a segunda. - FADESP","robots":{"index":"index","follow":"follow","max-snippet":"max-snippet:-1","max-image-preview":"max-image-preview:large","max-video-preview":"max-video-preview:-1"},"canonical":"https:\/\/portalfadesp.org.br\/?p=1816","og_locale":"pt_BR","og_type":"article","og_title":"CONCURSO RENATO CHAVES: sai o resultado definitivo da primeira fase e convoca\u00e7\u00e3o para a segunda. - FADESP","og_description":"CONCURSO RENATO CHAVES: sai o resultado definitivo da primeira fase e convoca\u00e7\u00e3o para a segunda. O resultado definitivo da prova de Conhecimentos, do concurso para o Centro de Per\u00edcias Cient\u00edficas Renato Chaves, est\u00e1 dispon\u00edvel na\u00a0p\u00e1gina oficial de acompanhamento. Os candidatos classificados para a segunda fase, de exames m\u00e9dicos, foram convocados a se apresentar no per\u00edodo [&hellip;]","og_url":"https:\/\/portalfadesp.org.br\/?p=1816","og_site_name":"FADESP","article_publisher":"https:\/\/www.facebook.com\/Fadesp-138351949524662\/","article_published_time":"2019-06-04T17:33:19+00:00","article_modified_time":"2022-12-21T13:33:32+00:00","og_image":[{"width":250,"height":167,"url":"https:\/\/portalfadesp.org.br\/wp-content\/uploads\/2019\/06\/up_ag_29544_renato_chave_-_agencia_para_cristino_martins.jpg","type":"image\/jpeg"}],"author":"Raphael Pena","twitter_card":"summary_large_image","twitter_creator":"@Fadesp","twitter_site":"@Fadesp","twitter_misc":{"Escrito por":"Raphael Pena","Est. tempo de leitura":"1 minuto"},"schema":{"@context":"https:\/\/schema.org","@graph":[{"@type":"Article","@id":"https:\/\/portalfadesp.org.br\/?p=1816#article","isPartOf":{"@id":"https:\/\/portalfadesp.org.br\/?p=1816"},"author":{"name":"Raphael Pena","@id":"https:\/\/portalfadesp.org.br\/#\/schema\/person\/dc2908bf250f3ccb8be775027b13735e"},"headline":"CONCURSO RENATO CHAVES: sai o resultado definitivo da primeira fase e convoca\u00e7\u00e3o para a segunda.","datePublished":"2019-06-04T17:33:19+00:00","dateModified":"2022-12-21T13:33:32+00:00","mainEntityOfPage":{"@id":"https:\/\/portalfadesp.org.br\/?p=1816"},"wordCount":314,"commentCount":0,"publisher":{"@id":"https:\/\/portalfadesp.org.br\/#organization"},"image":{"@id":"https:\/\/portalfadesp.org.br\/?p=1816#primaryimage"},"thumbnailUrl":"https:\/\/portalfadesp.org.br\/wp-content\/uploads\/2019\/06\/up_ag_29544_renato_chave_-_agencia_para_cristino_martins.jpg","articleSection":["Concurso"],"inLanguage":"pt-BR"},{"@type":"WebPage","@id":"https:\/\/portalfadesp.org.br\/?p=1816","url":"https:\/\/portalfadesp.org.br\/?p=1816","name":"CONCURSO RENATO CHAVES: sai o resultado definitivo da primeira fase e convoca\u00e7\u00e3o para a segunda. - FADESP","isPartOf":{"@id":"https:\/\/portalfadesp.org.br\/#website"},"primaryImageOfPage":{"@id":"https:\/\/portalfadesp.org.br\/?p=1816#primaryimage"},"image":{"@id":"https:\/\/portalfadesp.org.br\/?p=1816#primaryimage"},"thumbnailUrl":"https:\/\/portalfadesp.org.br\/wp-content\/uploads\/2019\/06\/up_ag_29544_renato_chave_-_agencia_para_cristino_martins.jpg","datePublished":"2019-06-04T17:33:19+00:00","dateModified":"2022-12-21T13:33:32+00:00","breadcrumb":{"@id":"https:\/\/portalfadesp.org.br\/?p=1816#breadcrumb"},"inLanguage":"pt-BR","potentialAction":[{"@type":"ReadAction","target":["https:\/\/portalfadesp.org.br\/?p=1816"]}]},{"@type":"ImageObject","inLanguage":"pt-BR","@id":"https:\/\/portalfadesp.org.br\/?p=1816#primaryimage","url":"https:\/\/portalfadesp.org.br\/wp-content\/uploads\/2019\/06\/up_ag_29544_renato_chave_-_agencia_para_cristino_martins.jpg","contentUrl":"https:\/\/portalfadesp.org.br\/wp-content\/uploads\/2019\/06\/up_ag_29544_renato_chave_-_agencia_para_cristino_martins.jpg","width":250,"height":167},{"@type":"BreadcrumbList","@id":"https:\/\/portalfadesp.org.br\/?p=1816#breadcrumb","itemListElement":[{"@type":"ListItem","position":1,"name":"In\u00edcio","item":"https:\/\/portalfadesp.org.br\/"},{"@type":"ListItem","position":2,"name":"CONCURSO RENATO CHAVES: sai o resultado definitivo da primeira fase e convoca\u00e7\u00e3o para a segunda."}]},{"@type":"WebSite","@id":"https:\/\/portalfadesp.org.br\/#website","url":"https:\/\/portalfadesp.org.br\/","name":"FADESP","description":"Funda\u00e7\u00e3o de Amparo e Desenvolvimento da Pesquisa","publisher":{"@id":"https:\/\/portalfadesp.org.br\/#organization"},"potentialAction":[{"@type":"SearchAction","target":{"@type":"EntryPoint","urlTemplate":"https:\/\/portalfadesp.org.br\/?s={search_term_string}"},"query-input":{"@type":"PropertyValueSpecification","valueRequired":true,"valueName":"search_term_string"}}],"inLanguage":"pt-BR"},{"@type":"Organization","@id":"https:\/\/portalfadesp.org.br\/#organization","name":"FADESP","url":"https:\/\/portalfadesp.org.br\/","logo":{"@type":"ImageObject","inLanguage":"pt-BR","@id":"https:\/\/portalfadesp.org.br\/#\/schema\/logo\/image\/","url":"https:\/\/portalfadesp.org.br\/wp-content\/uploads\/2024\/01\/NOVOLOGOFADESPlaranjaH.png","contentUrl":"https:\/\/portalfadesp.org.br\/wp-content\/uploads\/2024\/01\/NOVOLOGOFADESPlaranjaH.png","width":2742,"height":839,"caption":"FADESP"},"image":{"@id":"https:\/\/portalfadesp.org.br\/#\/schema\/logo\/image\/"},"sameAs":["https:\/\/www.facebook.com\/Fadesp-138351949524662\/","https:\/\/x.com\/Fadesp","https:\/\/www.instagram.com\/fadesp_ufpa\/","https:\/\/www.youtube.com\/@fundacaodeamparoedesenvolv1903","https:\/\/www.threads.net\/@fadesp_ufpa"]},{"@type":"Person","@id":"https:\/\/portalfadesp.org.br\/#\/schema\/person\/dc2908bf250f3ccb8be775027b13735e","name":"Raphael Pena","image":{"@type":"ImageObject","inLanguage":"pt-BR","@id":"https:\/\/portalfadesp.org.br\/#\/schema\/person\/image\/","url":"https:\/\/secure.gravatar.com\/avatar\/f6ed33c466a335cea1eeb716e9d8177b1ca19149f5fdbee566ad4873403cee8a?s=96&d=mm&r=g","contentUrl":"https:\/\/secure.gravatar.com\/avatar\/f6ed33c466a335cea1eeb716e9d8177b1ca19149f5fdbee566ad4873403cee8a?s=96&d=mm&r=g","caption":"Raphael Pena"},"url":"https:\/\/portalfadesp.org.br\/?author=9"}]}},"_links":{"self":[{"href":"https:\/\/portalfadesp.org.br\/index.php?rest_route=\/wp\/v2\/posts\/1816","targetHints":{"allow":["GET"]}}],"collection":[{"href":"https:\/\/portalfadesp.org.br\/index.php?rest_route=\/wp\/v2\/posts"}],"about":[{"href":"https:\/\/portalfadesp.org.br\/index.php?rest_route=\/wp\/v2\/types\/post"}],"author":[{"embeddable":true,"href":"https:\/\/portalfadesp.org.br\/index.php?rest_route=\/wp\/v2\/users\/9"}],"replies":[{"embeddable":true,"href":"https:\/\/portalfadesp.org.br\/index.php?rest_route=%2Fwp%2Fv2%2Fcomments&post=1816"}],"version-history":[{"count":9,"href":"https:\/\/portalfadesp.org.br\/index.php?rest_route=\/wp\/v2\/posts\/1816\/revisions"}],"predecessor-version":[{"id":37939,"href":"https:\/\/portalfadesp.org.br\/index.php?rest_route=\/wp\/v2\/posts\/1816\/revisions\/37939"}],"wp:featuredmedia":[{"embeddable":true,"href":"https:\/\/portalfadesp.org.br\/index.php?rest_route=\/wp\/v2\/media\/1817"}],"wp:attachment":[{"href":"https:\/\/portalfadesp.org.br\/index.php?rest_route=%2Fwp%2Fv2%2Fmedia&parent=1816"}],"wp:term":[{"taxonomy":"category","embeddable":true,"href":"https:\/\/portalfadesp.org.br\/index.php?rest_route=%2Fwp%2Fv2%2Fcategories&post=1816"},{"taxonomy":"post_tag","embeddable":true,"href":"https:\/\/portalfadesp.org.br\/index.php?rest_route=%2Fwp%2Fv2%2Ftags&post=1816"}],"curies":[{"name":"wp","href":"https:\/\/api.w.org\/{rel}","templated":true}]}}