{"id":1780,"date":"2019-05-28T16:49:24","date_gmt":"2019-05-28T19:49:24","guid":{"rendered":"https:\/\/162.215.13.167?p=1780"},"modified":"2021-01-05T13:50:07","modified_gmt":"2021-01-05T16:50:07","slug":"hoje-ultimo-dia-de-inscricao-para-primeiro-nivel-dos-cursos-livres","status":"publish","type":"post","link":"https:\/\/portalfadesp.org.br\/?p=1780","title":{"rendered":"Hoje \u00faltimo dia de inscri\u00e7\u00e3o para primeiro n\u00edvel dos Cursos Livres"},"content":{"rendered":"\t\t<div data-elementor-type=\"wp-post\" data-elementor-id=\"1780\" class=\"elementor elementor-1780 elementor-bc-flex-widget\" data-elementor-post-type=\"post\">\n\t\t\t\t\t\t<section class=\"elementor-section elementor-top-section elementor-element elementor-element-63d8b462 elementor-section-boxed elementor-section-height-default elementor-section-height-default\" data-id=\"63d8b462\" data-element_type=\"section\">\n\t\t\t\t\t\t<div class=\"elementor-container elementor-column-gap-default\">\n\t\t\t\t\t<div class=\"elementor-column elementor-col-100 elementor-top-column elementor-element elementor-element-3f04f52b\" data-id=\"3f04f52b\" data-element_type=\"column\">\n\t\t\t<div class=\"elementor-widget-wrap elementor-element-populated\">\n\t\t\t\t\t\t<div class=\"elementor-element elementor-element-17ddfef9 elementor-widget elementor-widget-heading\" data-id=\"17ddfef9\" data-element_type=\"widget\" data-widget_type=\"heading.default\">\n\t\t\t\t<div class=\"elementor-widget-container\">\n\t\t\t\t\t<h2 class=\"elementor-heading-title elementor-size-default\">P\u00e1gina de Sele\u00e7\u00e3o de Fiscais do Banpar\u00e1<\/h2>\t\t\t\t<\/div>\n\t\t\t\t<\/div>\n\t\t\t\t\t<\/div>\n\t\t<\/div>\n\t\t\t\t\t<\/div>\n\t\t<\/section>\n\t\t\t\t<section class=\"elementor-section elementor-top-section elementor-element elementor-element-4cca0dd0 elementor-section-boxed elementor-section-height-default elementor-section-height-default\" data-id=\"4cca0dd0\" data-element_type=\"section\">\n\t\t\t\t\t\t<div class=\"elementor-container elementor-column-gap-default\">\n\t\t\t\t\t<div class=\"elementor-column elementor-col-50 elementor-top-column elementor-element elementor-element-368aa472\" data-id=\"368aa472\" data-element_type=\"column\">\n\t\t\t<div class=\"elementor-widget-wrap elementor-element-populated\">\n\t\t\t\t\t\t<div class=\"elementor-element elementor-element-76a29d35 elementor-widget elementor-widget-text-editor\" data-id=\"76a29d35\" data-element_type=\"widget\" data-widget_type=\"text-editor.default\">\n\t\t\t\t<div class=\"elementor-widget-container\">\n\t\t\t\t\t\t\t\t\t<p><span style=\"color: #000000;\"><strong>Fiscal no concurso do Banpar\u00e1\u00a0<br \/>(provas em Bel\u00e9m)<\/strong><\/span><\/p><p><span style=\"color: #000000;\"><strong>P\u00fablico alvo:\u00a0<\/strong>somente professores, alunos da gradua\u00e7\u00e3o e t\u00e9cnico-administrativos da UFPA que estejam lotados em Bel\u00e9m ou Ananindeua e que n\u00e3o estejam inscritos no concurso.<\/span><\/p><p><span style=\"color: #000000;\"><strong>Per\u00edodo de inscri\u00e7\u00e3o:<\/strong>\u00a0das 14h do dia 19\/04\u00a0\u00e0s 14h do dia 25\/04.<\/span><\/p><p><span style=\"color: #000000;\"><strong>Quando trabalhar\u00e3o:<\/strong>\u00a0dia 6\/05, das 9h \u00e0s 13h.<\/span><\/p><p><span style=\"color: #000000;\"><strong>Preenchimento das vagas:\u00a0<\/strong>por sorteio eletr\u00f4nico.<\/span><\/p><p><span style=\"color: #000000;\"><strong>Lista de selecionados e local da reuni\u00e3o<\/strong>:\u00a0\u00a0dia 03\/05 ser\u00e1 feito novo sorteio para preenchimento\u00a0das vagas dos que foram sorteados dia 25\/04, mas n\u00e3o compareceram na reuni\u00e3o de orienta\u00e7\u00e3o.<\/span><\/p><p><span style=\"color: #000000;\"><strong>Pagamento<\/strong>: R$ 150,00.<\/span><\/p>\t\t\t\t\t\t\t\t<\/div>\n\t\t\t\t<\/div>\n\t\t\t\t\t<\/div>\n\t\t<\/div>\n\t\t\t\t<div class=\"elementor-column elementor-col-50 elementor-top-column elementor-element elementor-element-1927bd25\" data-id=\"1927bd25\" data-element_type=\"column\">\n\t\t\t<div class=\"elementor-widget-wrap elementor-element-populated\">\n\t\t\t\t\t\t<div class=\"elementor-element elementor-element-734fb27c elementor-widget elementor-widget-text-editor\" data-id=\"734fb27c\" data-element_type=\"widget\" data-widget_type=\"text-editor.default\">\n\t\t\t\t<div class=\"elementor-widget-container\">\n\t\t\t\t\t\t\t\t\t<p style=\"text-align: center;\"><a href=\"https:\/\/www2.ceps.ufpa.br\/fiscal_fadesp\/avisos\/2018\/concurso_banpara\/sorteadosConcursoBanpara2018Fadesp_repescagem1_divulgacao_2.pdf\" target=\"_blank\" rel=\"noopener\"><span style=\"color: #ff0000;\">Nomes dos sorteados na repescagem<\/span><br \/><span style=\"color: #ff0000;\">com respectivos locais,<\/span><br \/><span style=\"color: #ff0000;\">dias e hora da reuni\u00e3o<\/span><br \/><span style=\"color: #ff0000;\">de orienta\u00e7\u00e3o\u00a0.<\/span><\/a><\/p>\t\t\t\t\t\t\t\t<\/div>\n\t\t\t\t<\/div>\n\t\t\t\t\t<\/div>\n\t\t<\/div>\n\t\t\t\t\t<\/div>\n\t\t<\/section>\n\t\t\t\t<\/div>\n\t\t","protected":false},"excerpt":{"rendered":"<p>P\u00e1gina de Sele\u00e7\u00e3o de Fiscais do Banpar\u00e1 Fiscal no concurso do Banpar\u00e1&nbsp; (provas em Bel\u00e9m) P\u00fablico alvo:&nbsp;somente professores, alunos da gradua\u00e7\u00e3o e t\u00e9cnico-administrativos da UFPA que estejam lotados em Bel\u00e9m ou Ananindeua e que n\u00e3o estejam inscritos no concurso. Per\u00edodo de inscri\u00e7\u00e3o:&nbsp;das 14h do dia 19\/04&nbsp;\u00e0s 14h do dia 25\/04. Quando trabalhar\u00e3o:&nbsp;dia 6\/05, das 9h [&hellip;]<\/p>\n","protected":false},"author":9,"featured_media":0,"comment_status":"open","ping_status":"open","sticky":false,"template":"","format":"standard","meta":{"_monsterinsights_skip_tracking":false,"_monsterinsights_sitenote_active":false,"_monsterinsights_sitenote_note":"","_monsterinsights_sitenote_category":0,"footnotes":""},"categories":[1],"tags":[],"class_list":["post-1780","post","type-post","status-publish","format-standard","hentry","category-geral","entry"],"yoast_head":"<!-- This site is optimized with the Yoast SEO plugin v25.1 - https:\/\/yoast.com\/wordpress\/plugins\/seo\/ -->\n<title>Hoje \u00faltimo dia de inscri\u00e7\u00e3o para primeiro n\u00edvel dos Cursos Livres - FADESP<\/title>\n<meta name=\"robots\" content=\"index, follow, max-snippet:-1, max-image-preview:large, max-video-preview:-1\" \/>\n<link rel=\"canonical\" href=\"https:\/\/portalfadesp.org.br\/?p=1780\" \/>\n<meta property=\"og:locale\" content=\"pt_BR\" \/>\n<meta property=\"og:type\" content=\"article\" \/>\n<meta property=\"og:title\" content=\"Hoje \u00faltimo dia de inscri\u00e7\u00e3o para primeiro n\u00edvel dos Cursos Livres - FADESP\" \/>\n<meta property=\"og:description\" content=\"P\u00e1gina de Sele\u00e7\u00e3o de Fiscais do Banpar\u00e1 Fiscal no concurso do Banpar\u00e1&nbsp; (provas em Bel\u00e9m) P\u00fablico alvo:&nbsp;somente professores, alunos da gradua\u00e7\u00e3o e t\u00e9cnico-administrativos da UFPA que estejam lotados em Bel\u00e9m ou Ananindeua e que n\u00e3o estejam inscritos no concurso. Per\u00edodo de inscri\u00e7\u00e3o:&nbsp;das 14h do dia 19\/04&nbsp;\u00e0s 14h do dia 25\/04. Quando trabalhar\u00e3o:&nbsp;dia 6\/05, das 9h [&hellip;]\" \/>\n<meta property=\"og:url\" content=\"https:\/\/portalfadesp.org.br\/?p=1780\" \/>\n<meta property=\"og:site_name\" content=\"FADESP\" \/>\n<meta property=\"article:publisher\" content=\"https:\/\/www.facebook.com\/Fadesp-138351949524662\/\" \/>\n<meta property=\"article:published_time\" content=\"2019-05-28T19:49:24+00:00\" \/>\n<meta property=\"article:modified_time\" content=\"2021-01-05T16:50:07+00:00\" \/>\n<meta name=\"author\" content=\"Raphael Pena\" \/>\n<meta name=\"twitter:card\" content=\"summary_large_image\" \/>\n<meta name=\"twitter:creator\" content=\"@Fadesp\" \/>\n<meta name=\"twitter:site\" content=\"@Fadesp\" \/>\n<meta name=\"twitter:label1\" content=\"Escrito por\" \/>\n\t<meta name=\"twitter:data1\" content=\"Raphael Pena\" \/>\n\t<meta name=\"twitter:label2\" content=\"Est. tempo de leitura\" \/>\n\t<meta name=\"twitter:data2\" content=\"1 minuto\" \/>\n<script type=\"application\/ld+json\" class=\"yoast-schema-graph\">{\"@context\":\"https:\/\/schema.org\",\"@graph\":[{\"@type\":\"Article\",\"@id\":\"https:\/\/portalfadesp.org.br\/?p=1780#article\",\"isPartOf\":{\"@id\":\"https:\/\/portalfadesp.org.br\/?p=1780\"},\"author\":{\"name\":\"Raphael Pena\",\"@id\":\"https:\/\/portalfadesp.org.br\/#\/schema\/person\/dc2908bf250f3ccb8be775027b13735e\"},\"headline\":\"Hoje \u00faltimo dia de inscri\u00e7\u00e3o para primeiro n\u00edvel dos Cursos Livres\",\"datePublished\":\"2019-05-28T19:49:24+00:00\",\"dateModified\":\"2021-01-05T16:50:07+00:00\",\"mainEntityOfPage\":{\"@id\":\"https:\/\/portalfadesp.org.br\/?p=1780\"},\"wordCount\":150,\"commentCount\":0,\"publisher\":{\"@id\":\"https:\/\/portalfadesp.org.br\/#organization\"},\"articleSection\":[\"Geral\"],\"inLanguage\":\"pt-BR\"},{\"@type\":\"WebPage\",\"@id\":\"https:\/\/portalfadesp.org.br\/?p=1780\",\"url\":\"https:\/\/portalfadesp.org.br\/?p=1780\",\"name\":\"Hoje \u00faltimo dia de inscri\u00e7\u00e3o para primeiro n\u00edvel dos Cursos Livres - FADESP\",\"isPartOf\":{\"@id\":\"https:\/\/portalfadesp.org.br\/#website\"},\"datePublished\":\"2019-05-28T19:49:24+00:00\",\"dateModified\":\"2021-01-05T16:50:07+00:00\",\"breadcrumb\":{\"@id\":\"https:\/\/portalfadesp.org.br\/?p=1780#breadcrumb\"},\"inLanguage\":\"pt-BR\",\"potentialAction\":[{\"@type\":\"ReadAction\",\"target\":[\"https:\/\/portalfadesp.org.br\/?p=1780\"]}]},{\"@type\":\"BreadcrumbList\",\"@id\":\"https:\/\/portalfadesp.org.br\/?p=1780#breadcrumb\",\"itemListElement\":[{\"@type\":\"ListItem\",\"position\":1,\"name\":\"In\u00edcio\",\"item\":\"https:\/\/portalfadesp.org.br\/\"},{\"@type\":\"ListItem\",\"position\":2,\"name\":\"Hoje \u00faltimo dia de inscri\u00e7\u00e3o para primeiro n\u00edvel dos Cursos Livres\"}]},{\"@type\":\"WebSite\",\"@id\":\"https:\/\/portalfadesp.org.br\/#website\",\"url\":\"https:\/\/portalfadesp.org.br\/\",\"name\":\"FADESP\",\"description\":\"Funda\u00e7\u00e3o de Amparo e Desenvolvimento da Pesquisa\",\"publisher\":{\"@id\":\"https:\/\/portalfadesp.org.br\/#organization\"},\"potentialAction\":[{\"@type\":\"SearchAction\",\"target\":{\"@type\":\"EntryPoint\",\"urlTemplate\":\"https:\/\/portalfadesp.org.br\/?s={search_term_string}\"},\"query-input\":{\"@type\":\"PropertyValueSpecification\",\"valueRequired\":true,\"valueName\":\"search_term_string\"}}],\"inLanguage\":\"pt-BR\"},{\"@type\":\"Organization\",\"@id\":\"https:\/\/portalfadesp.org.br\/#organization\",\"name\":\"FADESP\",\"url\":\"https:\/\/portalfadesp.org.br\/\",\"logo\":{\"@type\":\"ImageObject\",\"inLanguage\":\"pt-BR\",\"@id\":\"https:\/\/portalfadesp.org.br\/#\/schema\/logo\/image\/\",\"url\":\"https:\/\/portalfadesp.org.br\/wp-content\/uploads\/2024\/01\/NOVOLOGOFADESPlaranjaH.png\",\"contentUrl\":\"https:\/\/portalfadesp.org.br\/wp-content\/uploads\/2024\/01\/NOVOLOGOFADESPlaranjaH.png\",\"width\":2742,\"height\":839,\"caption\":\"FADESP\"},\"image\":{\"@id\":\"https:\/\/portalfadesp.org.br\/#\/schema\/logo\/image\/\"},\"sameAs\":[\"https:\/\/www.facebook.com\/Fadesp-138351949524662\/\",\"https:\/\/x.com\/Fadesp\",\"https:\/\/www.instagram.com\/fadesp_ufpa\/\",\"https:\/\/www.youtube.com\/@fundacaodeamparoedesenvolv1903\",\"https:\/\/www.threads.net\/@fadesp_ufpa\"]},{\"@type\":\"Person\",\"@id\":\"https:\/\/portalfadesp.org.br\/#\/schema\/person\/dc2908bf250f3ccb8be775027b13735e\",\"name\":\"Raphael Pena\",\"image\":{\"@type\":\"ImageObject\",\"inLanguage\":\"pt-BR\",\"@id\":\"https:\/\/portalfadesp.org.br\/#\/schema\/person\/image\/\",\"url\":\"https:\/\/secure.gravatar.com\/avatar\/f6ed33c466a335cea1eeb716e9d8177b1ca19149f5fdbee566ad4873403cee8a?s=96&d=mm&r=g\",\"contentUrl\":\"https:\/\/secure.gravatar.com\/avatar\/f6ed33c466a335cea1eeb716e9d8177b1ca19149f5fdbee566ad4873403cee8a?s=96&d=mm&r=g\",\"caption\":\"Raphael Pena\"},\"url\":\"https:\/\/portalfadesp.org.br\/?author=9\"}]}<\/script>\n<!-- \/ Yoast SEO plugin. -->","yoast_head_json":{"title":"Hoje \u00faltimo dia de inscri\u00e7\u00e3o para primeiro n\u00edvel dos Cursos Livres - FADESP","robots":{"index":"index","follow":"follow","max-snippet":"max-snippet:-1","max-image-preview":"max-image-preview:large","max-video-preview":"max-video-preview:-1"},"canonical":"https:\/\/portalfadesp.org.br\/?p=1780","og_locale":"pt_BR","og_type":"article","og_title":"Hoje \u00faltimo dia de inscri\u00e7\u00e3o para primeiro n\u00edvel dos Cursos Livres - FADESP","og_description":"P\u00e1gina de Sele\u00e7\u00e3o de Fiscais do Banpar\u00e1 Fiscal no concurso do Banpar\u00e1&nbsp; (provas em Bel\u00e9m) P\u00fablico alvo:&nbsp;somente professores, alunos da gradua\u00e7\u00e3o e t\u00e9cnico-administrativos da UFPA que estejam lotados em Bel\u00e9m ou Ananindeua e que n\u00e3o estejam inscritos no concurso. Per\u00edodo de inscri\u00e7\u00e3o:&nbsp;das 14h do dia 19\/04&nbsp;\u00e0s 14h do dia 25\/04. Quando trabalhar\u00e3o:&nbsp;dia 6\/05, das 9h [&hellip;]","og_url":"https:\/\/portalfadesp.org.br\/?p=1780","og_site_name":"FADESP","article_publisher":"https:\/\/www.facebook.com\/Fadesp-138351949524662\/","article_published_time":"2019-05-28T19:49:24+00:00","article_modified_time":"2021-01-05T16:50:07+00:00","author":"Raphael Pena","twitter_card":"summary_large_image","twitter_creator":"@Fadesp","twitter_site":"@Fadesp","twitter_misc":{"Escrito por":"Raphael Pena","Est. tempo de leitura":"1 minuto"},"schema":{"@context":"https:\/\/schema.org","@graph":[{"@type":"Article","@id":"https:\/\/portalfadesp.org.br\/?p=1780#article","isPartOf":{"@id":"https:\/\/portalfadesp.org.br\/?p=1780"},"author":{"name":"Raphael Pena","@id":"https:\/\/portalfadesp.org.br\/#\/schema\/person\/dc2908bf250f3ccb8be775027b13735e"},"headline":"Hoje \u00faltimo dia de inscri\u00e7\u00e3o para primeiro n\u00edvel dos Cursos Livres","datePublished":"2019-05-28T19:49:24+00:00","dateModified":"2021-01-05T16:50:07+00:00","mainEntityOfPage":{"@id":"https:\/\/portalfadesp.org.br\/?p=1780"},"wordCount":150,"commentCount":0,"publisher":{"@id":"https:\/\/portalfadesp.org.br\/#organization"},"articleSection":["Geral"],"inLanguage":"pt-BR"},{"@type":"WebPage","@id":"https:\/\/portalfadesp.org.br\/?p=1780","url":"https:\/\/portalfadesp.org.br\/?p=1780","name":"Hoje \u00faltimo dia de inscri\u00e7\u00e3o para primeiro n\u00edvel dos Cursos Livres - FADESP","isPartOf":{"@id":"https:\/\/portalfadesp.org.br\/#website"},"datePublished":"2019-05-28T19:49:24+00:00","dateModified":"2021-01-05T16:50:07+00:00","breadcrumb":{"@id":"https:\/\/portalfadesp.org.br\/?p=1780#breadcrumb"},"inLanguage":"pt-BR","potentialAction":[{"@type":"ReadAction","target":["https:\/\/portalfadesp.org.br\/?p=1780"]}]},{"@type":"BreadcrumbList","@id":"https:\/\/portalfadesp.org.br\/?p=1780#breadcrumb","itemListElement":[{"@type":"ListItem","position":1,"name":"In\u00edcio","item":"https:\/\/portalfadesp.org.br\/"},{"@type":"ListItem","position":2,"name":"Hoje \u00faltimo dia de inscri\u00e7\u00e3o para primeiro n\u00edvel dos Cursos Livres"}]},{"@type":"WebSite","@id":"https:\/\/portalfadesp.org.br\/#website","url":"https:\/\/portalfadesp.org.br\/","name":"FADESP","description":"Funda\u00e7\u00e3o de Amparo e Desenvolvimento da Pesquisa","publisher":{"@id":"https:\/\/portalfadesp.org.br\/#organization"},"potentialAction":[{"@type":"SearchAction","target":{"@type":"EntryPoint","urlTemplate":"https:\/\/portalfadesp.org.br\/?s={search_term_string}"},"query-input":{"@type":"PropertyValueSpecification","valueRequired":true,"valueName":"search_term_string"}}],"inLanguage":"pt-BR"},{"@type":"Organization","@id":"https:\/\/portalfadesp.org.br\/#organization","name":"FADESP","url":"https:\/\/portalfadesp.org.br\/","logo":{"@type":"ImageObject","inLanguage":"pt-BR","@id":"https:\/\/portalfadesp.org.br\/#\/schema\/logo\/image\/","url":"https:\/\/portalfadesp.org.br\/wp-content\/uploads\/2024\/01\/NOVOLOGOFADESPlaranjaH.png","contentUrl":"https:\/\/portalfadesp.org.br\/wp-content\/uploads\/2024\/01\/NOVOLOGOFADESPlaranjaH.png","width":2742,"height":839,"caption":"FADESP"},"image":{"@id":"https:\/\/portalfadesp.org.br\/#\/schema\/logo\/image\/"},"sameAs":["https:\/\/www.facebook.com\/Fadesp-138351949524662\/","https:\/\/x.com\/Fadesp","https:\/\/www.instagram.com\/fadesp_ufpa\/","https:\/\/www.youtube.com\/@fundacaodeamparoedesenvolv1903","https:\/\/www.threads.net\/@fadesp_ufpa"]},{"@type":"Person","@id":"https:\/\/portalfadesp.org.br\/#\/schema\/person\/dc2908bf250f3ccb8be775027b13735e","name":"Raphael Pena","image":{"@type":"ImageObject","inLanguage":"pt-BR","@id":"https:\/\/portalfadesp.org.br\/#\/schema\/person\/image\/","url":"https:\/\/secure.gravatar.com\/avatar\/f6ed33c466a335cea1eeb716e9d8177b1ca19149f5fdbee566ad4873403cee8a?s=96&d=mm&r=g","contentUrl":"https:\/\/secure.gravatar.com\/avatar\/f6ed33c466a335cea1eeb716e9d8177b1ca19149f5fdbee566ad4873403cee8a?s=96&d=mm&r=g","caption":"Raphael Pena"},"url":"https:\/\/portalfadesp.org.br\/?author=9"}]}},"_links":{"self":[{"href":"https:\/\/portalfadesp.org.br\/index.php?rest_route=\/wp\/v2\/posts\/1780","targetHints":{"allow":["GET"]}}],"collection":[{"href":"https:\/\/portalfadesp.org.br\/index.php?rest_route=\/wp\/v2\/posts"}],"about":[{"href":"https:\/\/portalfadesp.org.br\/index.php?rest_route=\/wp\/v2\/types\/post"}],"author":[{"embeddable":true,"href":"https:\/\/portalfadesp.org.br\/index.php?rest_route=\/wp\/v2\/users\/9"}],"replies":[{"embeddable":true,"href":"https:\/\/portalfadesp.org.br\/index.php?rest_route=%2Fwp%2Fv2%2Fcomments&post=1780"}],"version-history":[{"count":2,"href":"https:\/\/portalfadesp.org.br\/index.php?rest_route=\/wp\/v2\/posts\/1780\/revisions"}],"predecessor-version":[{"id":12700,"href":"https:\/\/portalfadesp.org.br\/index.php?rest_route=\/wp\/v2\/posts\/1780\/revisions\/12700"}],"wp:attachment":[{"href":"https:\/\/portalfadesp.org.br\/index.php?rest_route=%2Fwp%2Fv2%2Fmedia&parent=1780"}],"wp:term":[{"taxonomy":"category","embeddable":true,"href":"https:\/\/portalfadesp.org.br\/index.php?rest_route=%2Fwp%2Fv2%2Fcategories&post=1780"},{"taxonomy":"post_tag","embeddable":true,"href":"https:\/\/portalfadesp.org.br\/index.php?rest_route=%2Fwp%2Fv2%2Ftags&post=1780"}],"curies":[{"name":"wp","href":"https:\/\/api.w.org\/{rel}","templated":true}]}}