{"id":1737,"date":"2019-05-28T14:48:47","date_gmt":"2019-05-28T17:48:47","guid":{"rendered":"https:\/\/162.215.13.167?p=1737"},"modified":"2021-01-05T13:53:52","modified_gmt":"2021-01-05T16:53:52","slug":"ifpa-abrira-inscricao-ao-seletivo-para-352-vagas","status":"publish","type":"post","link":"https:\/\/portalfadesp.org.br\/?p=1737","title":{"rendered":"IFPA abrir\u00e1 inscri\u00e7\u00e3o ao seletivo para 352 vagas"},"content":{"rendered":"\t\t<div data-elementor-type=\"wp-post\" data-elementor-id=\"1737\" class=\"elementor elementor-1737 elementor-bc-flex-widget\" data-elementor-post-type=\"post\">\n\t\t\t\t\t\t<section class=\"elementor-section elementor-top-section elementor-element elementor-element-677ae9dd elementor-section-boxed elementor-section-height-default elementor-section-height-default\" data-id=\"677ae9dd\" data-element_type=\"section\">\n\t\t\t\t\t\t<div class=\"elementor-container elementor-column-gap-default\">\n\t\t\t\t\t<div class=\"elementor-column elementor-col-100 elementor-top-column elementor-element elementor-element-33f843a4\" data-id=\"33f843a4\" data-element_type=\"column\">\n\t\t\t<div class=\"elementor-widget-wrap elementor-element-populated\">\n\t\t\t\t\t\t<div class=\"elementor-element elementor-element-6ebb784b elementor-widget elementor-widget-heading\" data-id=\"6ebb784b\" data-element_type=\"widget\" data-widget_type=\"heading.default\">\n\t\t\t\t<div class=\"elementor-widget-container\">\n\t\t\t\t\t<h2 class=\"elementor-heading-title elementor-size-default\">IFPA abrir\u00e1 inscri\u00e7\u00e3o ao seletivo para 352 vagas<\/h2>\t\t\t\t<\/div>\n\t\t\t\t<\/div>\n\t\t\t\t\t<\/div>\n\t\t<\/div>\n\t\t\t\t\t<\/div>\n\t\t<\/section>\n\t\t\t\t<section class=\"elementor-section elementor-top-section elementor-element elementor-element-3f80a8b1 elementor-section-boxed elementor-section-height-default elementor-section-height-default\" data-id=\"3f80a8b1\" data-element_type=\"section\">\n\t\t\t\t\t\t<div class=\"elementor-container elementor-column-gap-default\">\n\t\t\t\t\t<div class=\"elementor-column elementor-col-100 elementor-top-column elementor-element elementor-element-6dad8cc4\" data-id=\"6dad8cc4\" data-element_type=\"column\">\n\t\t\t<div class=\"elementor-widget-wrap elementor-element-populated\">\n\t\t\t\t\t\t<div class=\"elementor-element elementor-element-627d62a8 elementor-widget elementor-widget-text-editor\" data-id=\"627d62a8\" data-element_type=\"widget\" data-widget_type=\"text-editor.default\">\n\t\t\t\t<div class=\"elementor-widget-container\">\n\t\t\t\t\t\t\t\t\t<p><span style=\"color: #000000;\">Come\u00e7am amanh\u00e3, 9, as\u00a0<a style=\"color: #000000;\" href=\"http:\/\/concursos.fadesp.org.br\/index.php?option=com_content&amp;view=article&amp;id=175:ifpa2013\" target=\"_blank\" rel=\"noopener\">inscri\u00e7\u00f5es<\/a>\u00a0para o Processo Seletivo 2014, primeiro semestre, do Instituto Federal do Par\u00e1 (IFPA), destinado a quem quer cursar o ensino M\u00e9dio integrado ao T\u00e9cnico. S\u00e3o ofertadas 385 vagas, sendo 35 para cada um dos onze cursos. Os pedidos de isen\u00e7\u00e3o \u00e0 taxa de inscri\u00e7\u00e3o devem ser feitos at\u00e9 o dia 17. A prova ser\u00e1 dia 16 de fevereiro.<\/span><br \/><span style=\"color: #000000;\">As vagas ofertadas de Educa\u00e7\u00e3o Profissional T\u00e9cnico Integrado ao Ensino M\u00e9dio 2014\/1 s\u00e3o para os cursos de Agrimensura, Design de Interiores, Edifica\u00e7\u00f5es, Eletr\u00f4nica, Eletrot\u00e9cnica, Estradas, Eventos, Inform\u00e1tica, Minera\u00e7\u00e3o, Qu\u00edmica e Telecomunica\u00e7\u00e3o. Todos possuem tr\u00eas anos de dura\u00e7\u00e3o e s\u00e3o voltados a quem possui Ensino Fundamental completo.<\/span><br \/><span style=\"color: #000000;\">As inscri\u00e7\u00f5es e o pagamento da taxa de R$ 30,00 ser\u00e3o realizadas at\u00e9 o dia 3 de fevereiro. S\u00f3 ser\u00e1 realizada inscri\u00e7\u00e3o pelo endere\u00e7o www.fadesp.org.br, site da Funda\u00e7\u00e3o de Amparo e Desenvolvimento da Pesquisa (FADESP), organizadora da sele\u00e7\u00e3o.<\/span><br \/><span style=\"color: #000000;\">Ser\u00e3o aceitos pedidos de isen\u00e7\u00e3o a partir de amanh\u00e3, 9, at\u00e9 o dia 17 de janeiro. H\u00e1 duas modalidades, uma delas destinar\u00e1 20% do total de vagas ofertadas aos candidatos de baixa renda, que deve preencher os requisitos do decreto 6.593\/2008 (os detalhes devem ser conferidos no\u00a0<a style=\"color: #000000;\" href=\"http:\/\/concursos.fadesp.org.br\/ifpa2013\/arquivos\/Edital%20de%20Abertura.pdf\" target=\"_blank\" rel=\"noopener\">edital<\/a>).<\/span><br \/><span style=\"color: #000000;\">Os interessados devem preencher o requerimento e entreg\u00e1-lo no Servi\u00e7o Social, localizado no bloco &#8220;E&#8221;, 2\u00ba piso, IFPA, Campus Bel\u00e9m, na Avenida Almirante Barroso, n\u00ba 1155, Marco, Bel\u00e9m (PA), no hor\u00e1rio de 09h \u00e0s 12h e 14h \u00e0s 17h (hor\u00e1rio local de Bel\u00e9m).<\/span><br \/><span style=\"color: #000000;\">Outra modalidade destinar\u00e1 10% do total de vagas ofertadas aos portadores de necessidades especiais, que dever\u00e3o preencher os requisitos previstos no decreto 5.296\/04. Os detalhes dos requisitos devem ser conferidos no\u00a0<a style=\"color: #000000;\" href=\"http:\/\/concursos.fadesp.org.br\/ifpa2013\/arquivos\/Edital%20de%20Abertura.pdf\" target=\"_blank\" rel=\"noopener\">edital<\/a>.<\/span><br \/><span style=\"color: #000000;\">O candidato dever\u00e1 anexar c\u00f3pia do Laudo M\u00e9dico expedido nos \u00faltimos seis meses que comprove sua necessidade especial junto \u00e0 Comiss\u00e3o do Processo Seletivo para analise do N\u00facleo de Atendimento as Pessoas com Necessidades Especiais- NAPNE, no Protocolo do IFPA, Campus Bel\u00e9m, de 08h \u00e0s 12h ou 14h \u00e0s 17h.<\/span><br \/><span style=\"color: #000000;\">As provas do seletivo ser\u00e3o aplicadas dia 16 de fevereiro, das 9h \u00e0s 12h. Elas conter\u00e3o quest\u00f5es objetivas de L\u00edngua Portuguesa (12), Matem\u00e1tica (12), Ci\u00eancias (12), Hist\u00f3ria (7) e Geografia (7), com conte\u00fado relativo ao Ensino Fundamental.<\/span><br \/><span style=\"color: #000000;\">No\u00a0<a style=\"color: #000000;\" href=\"http:\/\/concursos.fadesp.org.br\/ifpa2013\/arquivos\/Edital%20de%20Abertura.pdf\">edital<\/a>, os candidatos podem conferir mais informa\u00e7\u00f5es como os conte\u00fados program\u00e1ticos, os crit\u00e9rios de classifica\u00e7\u00e3o, a descri\u00e7\u00e3o dos profissionais formados em cada um dos cursos t\u00e9cnicos ofertados, os formul\u00e1rios e demais regras do concurso.<\/span><\/p><p>\u00a0<\/p><p><strong>Calend\u00e1rio<\/strong><\/p><p><strong>ATIVIDADES \/ DATAS<\/strong><br \/><strong>07\/01\/14<\/strong>\u00a0&#8211; Publica\u00e7\u00e3o do Edital de abertura<br \/><strong>09\/01\/14 a 03\/02\/14<\/strong>\u00a0&#8211; Inscri\u00e7\u00f5es de candidatos (Modalidade Internet)<br \/><strong>09 a 17\/01\/14<\/strong>\u00a0&#8211; Solicita\u00e7\u00e3o de isen\u00e7\u00e3o de taxa de inscri\u00e7\u00e3o<br \/><strong>24\/01\/14<\/strong>\u00a0&#8211; Resultado da isen\u00e7\u00e3o de taxa de inscri\u00e7\u00e3o<br \/><strong>05\/02\/14 a 10\/02\/14<\/strong>\u00a0&#8211; Impress\u00e3o no site da FADESP dos cart\u00f5es de inscri\u00e7\u00e3o com lota\u00e7\u00e3o do local de prova<br \/><strong>16\/02\/14<\/strong>\u00a0&#8211; Prova objetiva para todos os candidatos<br \/><strong>17\/02\/14<\/strong>\u00a0&#8211; Publica\u00e7\u00e3o dos gabaritos das provas objetivas<br \/><strong>18 a 19\/02\/14<\/strong>\u00a0&#8211; Prazo de 2 (dois) dias uteis para interposi\u00e7\u00e3o de recursos contra os gabaritos preliminares das provas objetivas<br \/><strong>26\/02\/14<\/strong>\u00a0&#8211; Resultado da prova objetiva<br \/><strong>27 e 28\/02\/14<\/strong>\u00a0&#8211; Prazo de 2 (dois) dias uteis para interposi\u00e7\u00e3o de recursos contra o resultado da prova objetiva<br \/><strong>At\u00e9 10\/03\/14<\/strong>\u00a0&#8211; Homologa\u00e7\u00e3o do Processo Seletivo<br \/><strong>11 a 14\/03\/2014<\/strong>\u00a0&#8211; Matr\u00edcula<br \/><strong>17\/03\/2014<\/strong>\u00a0&#8211; Segunda chamada da matr\u00edcula<\/p>\t\t\t\t\t\t\t\t<\/div>\n\t\t\t\t<\/div>\n\t\t\t\t\t<\/div>\n\t\t<\/div>\n\t\t\t\t\t<\/div>\n\t\t<\/section>\n\t\t\t\t<\/div>\n\t\t","protected":false},"excerpt":{"rendered":"<p>IFPA abrir\u00e1 inscri\u00e7\u00e3o ao seletivo para 352 vagas Come\u00e7am amanh\u00e3, 9, as&nbsp;inscri\u00e7\u00f5es&nbsp;para o Processo Seletivo 2014, primeiro semestre, do Instituto Federal do Par\u00e1 (IFPA), destinado a quem quer cursar o ensino M\u00e9dio integrado ao T\u00e9cnico. S\u00e3o ofertadas 385 vagas, sendo 35 para cada um dos onze cursos. Os pedidos de isen\u00e7\u00e3o \u00e0 taxa de inscri\u00e7\u00e3o [&hellip;]<\/p>\n","protected":false},"author":9,"featured_media":0,"comment_status":"open","ping_status":"open","sticky":false,"template":"","format":"standard","meta":{"_monsterinsights_skip_tracking":false,"_monsterinsights_sitenote_active":false,"_monsterinsights_sitenote_note":"","_monsterinsights_sitenote_category":0,"footnotes":""},"categories":[1],"tags":[],"class_list":["post-1737","post","type-post","status-publish","format-standard","hentry","category-geral","entry"],"yoast_head":"<!-- This site is optimized with the Yoast SEO plugin v25.1 - https:\/\/yoast.com\/wordpress\/plugins\/seo\/ -->\n<title>IFPA abrir\u00e1 inscri\u00e7\u00e3o ao seletivo para 352 vagas - FADESP<\/title>\n<meta name=\"robots\" content=\"index, follow, max-snippet:-1, max-image-preview:large, max-video-preview:-1\" \/>\n<link rel=\"canonical\" href=\"https:\/\/portalfadesp.org.br\/?p=1737\" \/>\n<meta property=\"og:locale\" content=\"pt_BR\" \/>\n<meta property=\"og:type\" content=\"article\" \/>\n<meta property=\"og:title\" content=\"IFPA abrir\u00e1 inscri\u00e7\u00e3o ao seletivo para 352 vagas - FADESP\" \/>\n<meta property=\"og:description\" content=\"IFPA abrir\u00e1 inscri\u00e7\u00e3o ao seletivo para 352 vagas Come\u00e7am amanh\u00e3, 9, as&nbsp;inscri\u00e7\u00f5es&nbsp;para o Processo Seletivo 2014, primeiro semestre, do Instituto Federal do Par\u00e1 (IFPA), destinado a quem quer cursar o ensino M\u00e9dio integrado ao T\u00e9cnico. S\u00e3o ofertadas 385 vagas, sendo 35 para cada um dos onze cursos. Os pedidos de isen\u00e7\u00e3o \u00e0 taxa de inscri\u00e7\u00e3o [&hellip;]\" \/>\n<meta property=\"og:url\" content=\"https:\/\/portalfadesp.org.br\/?p=1737\" \/>\n<meta property=\"og:site_name\" content=\"FADESP\" \/>\n<meta property=\"article:publisher\" content=\"https:\/\/www.facebook.com\/Fadesp-138351949524662\/\" \/>\n<meta property=\"article:published_time\" content=\"2019-05-28T17:48:47+00:00\" \/>\n<meta property=\"article:modified_time\" content=\"2021-01-05T16:53:52+00:00\" \/>\n<meta name=\"author\" content=\"Raphael Pena\" \/>\n<meta name=\"twitter:card\" content=\"summary_large_image\" \/>\n<meta name=\"twitter:creator\" content=\"@Fadesp\" \/>\n<meta name=\"twitter:site\" content=\"@Fadesp\" \/>\n<meta name=\"twitter:label1\" content=\"Escrito por\" \/>\n\t<meta name=\"twitter:data1\" content=\"Raphael Pena\" \/>\n\t<meta name=\"twitter:label2\" content=\"Est. tempo de leitura\" \/>\n\t<meta name=\"twitter:data2\" content=\"3 minutos\" \/>\n<script type=\"application\/ld+json\" class=\"yoast-schema-graph\">{\"@context\":\"https:\/\/schema.org\",\"@graph\":[{\"@type\":\"Article\",\"@id\":\"https:\/\/portalfadesp.org.br\/?p=1737#article\",\"isPartOf\":{\"@id\":\"https:\/\/portalfadesp.org.br\/?p=1737\"},\"author\":{\"name\":\"Raphael Pena\",\"@id\":\"https:\/\/portalfadesp.org.br\/#\/schema\/person\/dc2908bf250f3ccb8be775027b13735e\"},\"headline\":\"IFPA abrir\u00e1 inscri\u00e7\u00e3o ao seletivo para 352 vagas\",\"datePublished\":\"2019-05-28T17:48:47+00:00\",\"dateModified\":\"2021-01-05T16:53:52+00:00\",\"mainEntityOfPage\":{\"@id\":\"https:\/\/portalfadesp.org.br\/?p=1737\"},\"wordCount\":598,\"commentCount\":0,\"publisher\":{\"@id\":\"https:\/\/portalfadesp.org.br\/#organization\"},\"articleSection\":[\"Geral\"],\"inLanguage\":\"pt-BR\"},{\"@type\":\"WebPage\",\"@id\":\"https:\/\/portalfadesp.org.br\/?p=1737\",\"url\":\"https:\/\/portalfadesp.org.br\/?p=1737\",\"name\":\"IFPA abrir\u00e1 inscri\u00e7\u00e3o ao seletivo para 352 vagas - FADESP\",\"isPartOf\":{\"@id\":\"https:\/\/portalfadesp.org.br\/#website\"},\"datePublished\":\"2019-05-28T17:48:47+00:00\",\"dateModified\":\"2021-01-05T16:53:52+00:00\",\"breadcrumb\":{\"@id\":\"https:\/\/portalfadesp.org.br\/?p=1737#breadcrumb\"},\"inLanguage\":\"pt-BR\",\"potentialAction\":[{\"@type\":\"ReadAction\",\"target\":[\"https:\/\/portalfadesp.org.br\/?p=1737\"]}]},{\"@type\":\"BreadcrumbList\",\"@id\":\"https:\/\/portalfadesp.org.br\/?p=1737#breadcrumb\",\"itemListElement\":[{\"@type\":\"ListItem\",\"position\":1,\"name\":\"In\u00edcio\",\"item\":\"https:\/\/portalfadesp.org.br\/\"},{\"@type\":\"ListItem\",\"position\":2,\"name\":\"IFPA abrir\u00e1 inscri\u00e7\u00e3o ao seletivo para 352 vagas\"}]},{\"@type\":\"WebSite\",\"@id\":\"https:\/\/portalfadesp.org.br\/#website\",\"url\":\"https:\/\/portalfadesp.org.br\/\",\"name\":\"FADESP\",\"description\":\"Funda\u00e7\u00e3o de Amparo e Desenvolvimento da Pesquisa\",\"publisher\":{\"@id\":\"https:\/\/portalfadesp.org.br\/#organization\"},\"potentialAction\":[{\"@type\":\"SearchAction\",\"target\":{\"@type\":\"EntryPoint\",\"urlTemplate\":\"https:\/\/portalfadesp.org.br\/?s={search_term_string}\"},\"query-input\":{\"@type\":\"PropertyValueSpecification\",\"valueRequired\":true,\"valueName\":\"search_term_string\"}}],\"inLanguage\":\"pt-BR\"},{\"@type\":\"Organization\",\"@id\":\"https:\/\/portalfadesp.org.br\/#organization\",\"name\":\"FADESP\",\"url\":\"https:\/\/portalfadesp.org.br\/\",\"logo\":{\"@type\":\"ImageObject\",\"inLanguage\":\"pt-BR\",\"@id\":\"https:\/\/portalfadesp.org.br\/#\/schema\/logo\/image\/\",\"url\":\"https:\/\/portalfadesp.org.br\/wp-content\/uploads\/2024\/01\/NOVOLOGOFADESPlaranjaH.png\",\"contentUrl\":\"https:\/\/portalfadesp.org.br\/wp-content\/uploads\/2024\/01\/NOVOLOGOFADESPlaranjaH.png\",\"width\":2742,\"height\":839,\"caption\":\"FADESP\"},\"image\":{\"@id\":\"https:\/\/portalfadesp.org.br\/#\/schema\/logo\/image\/\"},\"sameAs\":[\"https:\/\/www.facebook.com\/Fadesp-138351949524662\/\",\"https:\/\/x.com\/Fadesp\",\"https:\/\/www.instagram.com\/fadesp_ufpa\/\",\"https:\/\/www.youtube.com\/@fundacaodeamparoedesenvolv1903\",\"https:\/\/www.threads.net\/@fadesp_ufpa\"]},{\"@type\":\"Person\",\"@id\":\"https:\/\/portalfadesp.org.br\/#\/schema\/person\/dc2908bf250f3ccb8be775027b13735e\",\"name\":\"Raphael Pena\",\"image\":{\"@type\":\"ImageObject\",\"inLanguage\":\"pt-BR\",\"@id\":\"https:\/\/portalfadesp.org.br\/#\/schema\/person\/image\/\",\"url\":\"https:\/\/secure.gravatar.com\/avatar\/f6ed33c466a335cea1eeb716e9d8177b1ca19149f5fdbee566ad4873403cee8a?s=96&d=mm&r=g\",\"contentUrl\":\"https:\/\/secure.gravatar.com\/avatar\/f6ed33c466a335cea1eeb716e9d8177b1ca19149f5fdbee566ad4873403cee8a?s=96&d=mm&r=g\",\"caption\":\"Raphael Pena\"},\"url\":\"https:\/\/portalfadesp.org.br\/?author=9\"}]}<\/script>\n<!-- \/ Yoast SEO plugin. -->","yoast_head_json":{"title":"IFPA abrir\u00e1 inscri\u00e7\u00e3o ao seletivo para 352 vagas - FADESP","robots":{"index":"index","follow":"follow","max-snippet":"max-snippet:-1","max-image-preview":"max-image-preview:large","max-video-preview":"max-video-preview:-1"},"canonical":"https:\/\/portalfadesp.org.br\/?p=1737","og_locale":"pt_BR","og_type":"article","og_title":"IFPA abrir\u00e1 inscri\u00e7\u00e3o ao seletivo para 352 vagas - FADESP","og_description":"IFPA abrir\u00e1 inscri\u00e7\u00e3o ao seletivo para 352 vagas Come\u00e7am amanh\u00e3, 9, as&nbsp;inscri\u00e7\u00f5es&nbsp;para o Processo Seletivo 2014, primeiro semestre, do Instituto Federal do Par\u00e1 (IFPA), destinado a quem quer cursar o ensino M\u00e9dio integrado ao T\u00e9cnico. S\u00e3o ofertadas 385 vagas, sendo 35 para cada um dos onze cursos. Os pedidos de isen\u00e7\u00e3o \u00e0 taxa de inscri\u00e7\u00e3o [&hellip;]","og_url":"https:\/\/portalfadesp.org.br\/?p=1737","og_site_name":"FADESP","article_publisher":"https:\/\/www.facebook.com\/Fadesp-138351949524662\/","article_published_time":"2019-05-28T17:48:47+00:00","article_modified_time":"2021-01-05T16:53:52+00:00","author":"Raphael Pena","twitter_card":"summary_large_image","twitter_creator":"@Fadesp","twitter_site":"@Fadesp","twitter_misc":{"Escrito por":"Raphael Pena","Est. tempo de leitura":"3 minutos"},"schema":{"@context":"https:\/\/schema.org","@graph":[{"@type":"Article","@id":"https:\/\/portalfadesp.org.br\/?p=1737#article","isPartOf":{"@id":"https:\/\/portalfadesp.org.br\/?p=1737"},"author":{"name":"Raphael Pena","@id":"https:\/\/portalfadesp.org.br\/#\/schema\/person\/dc2908bf250f3ccb8be775027b13735e"},"headline":"IFPA abrir\u00e1 inscri\u00e7\u00e3o ao seletivo para 352 vagas","datePublished":"2019-05-28T17:48:47+00:00","dateModified":"2021-01-05T16:53:52+00:00","mainEntityOfPage":{"@id":"https:\/\/portalfadesp.org.br\/?p=1737"},"wordCount":598,"commentCount":0,"publisher":{"@id":"https:\/\/portalfadesp.org.br\/#organization"},"articleSection":["Geral"],"inLanguage":"pt-BR"},{"@type":"WebPage","@id":"https:\/\/portalfadesp.org.br\/?p=1737","url":"https:\/\/portalfadesp.org.br\/?p=1737","name":"IFPA abrir\u00e1 inscri\u00e7\u00e3o ao seletivo para 352 vagas - FADESP","isPartOf":{"@id":"https:\/\/portalfadesp.org.br\/#website"},"datePublished":"2019-05-28T17:48:47+00:00","dateModified":"2021-01-05T16:53:52+00:00","breadcrumb":{"@id":"https:\/\/portalfadesp.org.br\/?p=1737#breadcrumb"},"inLanguage":"pt-BR","potentialAction":[{"@type":"ReadAction","target":["https:\/\/portalfadesp.org.br\/?p=1737"]}]},{"@type":"BreadcrumbList","@id":"https:\/\/portalfadesp.org.br\/?p=1737#breadcrumb","itemListElement":[{"@type":"ListItem","position":1,"name":"In\u00edcio","item":"https:\/\/portalfadesp.org.br\/"},{"@type":"ListItem","position":2,"name":"IFPA abrir\u00e1 inscri\u00e7\u00e3o ao seletivo para 352 vagas"}]},{"@type":"WebSite","@id":"https:\/\/portalfadesp.org.br\/#website","url":"https:\/\/portalfadesp.org.br\/","name":"FADESP","description":"Funda\u00e7\u00e3o de Amparo e Desenvolvimento da Pesquisa","publisher":{"@id":"https:\/\/portalfadesp.org.br\/#organization"},"potentialAction":[{"@type":"SearchAction","target":{"@type":"EntryPoint","urlTemplate":"https:\/\/portalfadesp.org.br\/?s={search_term_string}"},"query-input":{"@type":"PropertyValueSpecification","valueRequired":true,"valueName":"search_term_string"}}],"inLanguage":"pt-BR"},{"@type":"Organization","@id":"https:\/\/portalfadesp.org.br\/#organization","name":"FADESP","url":"https:\/\/portalfadesp.org.br\/","logo":{"@type":"ImageObject","inLanguage":"pt-BR","@id":"https:\/\/portalfadesp.org.br\/#\/schema\/logo\/image\/","url":"https:\/\/portalfadesp.org.br\/wp-content\/uploads\/2024\/01\/NOVOLOGOFADESPlaranjaH.png","contentUrl":"https:\/\/portalfadesp.org.br\/wp-content\/uploads\/2024\/01\/NOVOLOGOFADESPlaranjaH.png","width":2742,"height":839,"caption":"FADESP"},"image":{"@id":"https:\/\/portalfadesp.org.br\/#\/schema\/logo\/image\/"},"sameAs":["https:\/\/www.facebook.com\/Fadesp-138351949524662\/","https:\/\/x.com\/Fadesp","https:\/\/www.instagram.com\/fadesp_ufpa\/","https:\/\/www.youtube.com\/@fundacaodeamparoedesenvolv1903","https:\/\/www.threads.net\/@fadesp_ufpa"]},{"@type":"Person","@id":"https:\/\/portalfadesp.org.br\/#\/schema\/person\/dc2908bf250f3ccb8be775027b13735e","name":"Raphael Pena","image":{"@type":"ImageObject","inLanguage":"pt-BR","@id":"https:\/\/portalfadesp.org.br\/#\/schema\/person\/image\/","url":"https:\/\/secure.gravatar.com\/avatar\/f6ed33c466a335cea1eeb716e9d8177b1ca19149f5fdbee566ad4873403cee8a?s=96&d=mm&r=g","contentUrl":"https:\/\/secure.gravatar.com\/avatar\/f6ed33c466a335cea1eeb716e9d8177b1ca19149f5fdbee566ad4873403cee8a?s=96&d=mm&r=g","caption":"Raphael Pena"},"url":"https:\/\/portalfadesp.org.br\/?author=9"}]}},"_links":{"self":[{"href":"https:\/\/portalfadesp.org.br\/index.php?rest_route=\/wp\/v2\/posts\/1737","targetHints":{"allow":["GET"]}}],"collection":[{"href":"https:\/\/portalfadesp.org.br\/index.php?rest_route=\/wp\/v2\/posts"}],"about":[{"href":"https:\/\/portalfadesp.org.br\/index.php?rest_route=\/wp\/v2\/types\/post"}],"author":[{"embeddable":true,"href":"https:\/\/portalfadesp.org.br\/index.php?rest_route=\/wp\/v2\/users\/9"}],"replies":[{"embeddable":true,"href":"https:\/\/portalfadesp.org.br\/index.php?rest_route=%2Fwp%2Fv2%2Fcomments&post=1737"}],"version-history":[{"count":3,"href":"https:\/\/portalfadesp.org.br\/index.php?rest_route=\/wp\/v2\/posts\/1737\/revisions"}],"predecessor-version":[{"id":12716,"href":"https:\/\/portalfadesp.org.br\/index.php?rest_route=\/wp\/v2\/posts\/1737\/revisions\/12716"}],"wp:attachment":[{"href":"https:\/\/portalfadesp.org.br\/index.php?rest_route=%2Fwp%2Fv2%2Fmedia&parent=1737"}],"wp:term":[{"taxonomy":"category","embeddable":true,"href":"https:\/\/portalfadesp.org.br\/index.php?rest_route=%2Fwp%2Fv2%2Fcategories&post=1737"},{"taxonomy":"post_tag","embeddable":true,"href":"https:\/\/portalfadesp.org.br\/index.php?rest_route=%2Fwp%2Fv2%2Ftags&post=1737"}],"curies":[{"name":"wp","href":"https:\/\/api.w.org\/{rel}","templated":true}]}}