{"id":1736,"date":"2019-05-28T14:52:25","date_gmt":"2019-05-28T17:52:25","guid":{"rendered":"https:\/\/162.215.13.167?p=1736"},"modified":"2021-01-05T13:50:36","modified_gmt":"2021-01-05T16:50:36","slug":"inscricao-para-concurso-de-cameta-encerra-segunda-6","status":"publish","type":"post","link":"https:\/\/portalfadesp.org.br\/?p=1736","title":{"rendered":"Inscri\u00e7\u00e3o para concurso de Camet\u00e1 encerra segunda, 6."},"content":{"rendered":"\t\t<div data-elementor-type=\"wp-post\" data-elementor-id=\"1736\" class=\"elementor elementor-1736 elementor-bc-flex-widget\" data-elementor-post-type=\"post\">\n\t\t\t\t\t\t<section class=\"elementor-section elementor-top-section elementor-element elementor-element-3f95fd6a elementor-section-boxed elementor-section-height-default elementor-section-height-default\" data-id=\"3f95fd6a\" data-element_type=\"section\">\n\t\t\t\t\t\t<div class=\"elementor-container elementor-column-gap-default\">\n\t\t\t\t\t<div class=\"elementor-column elementor-col-100 elementor-top-column elementor-element elementor-element-2f5c9cba\" data-id=\"2f5c9cba\" data-element_type=\"column\">\n\t\t\t<div class=\"elementor-widget-wrap elementor-element-populated\">\n\t\t\t\t\t\t<div class=\"elementor-element elementor-element-1c20c470 elementor-widget elementor-widget-heading\" data-id=\"1c20c470\" data-element_type=\"widget\" data-widget_type=\"heading.default\">\n\t\t\t\t<div class=\"elementor-widget-container\">\n\t\t\t\t\t<h2 class=\"elementor-heading-title elementor-size-default\">Inscri\u00e7\u00e3o para concurso de Camet\u00e1 encerra segunda, 6.<\/h2>\t\t\t\t<\/div>\n\t\t\t\t<\/div>\n\t\t\t\t\t<\/div>\n\t\t<\/div>\n\t\t\t\t\t<\/div>\n\t\t<\/section>\n\t\t\t\t<section class=\"elementor-section elementor-top-section elementor-element elementor-element-1a31343e elementor-section-boxed elementor-section-height-default elementor-section-height-default\" data-id=\"1a31343e\" data-element_type=\"section\">\n\t\t\t\t\t\t<div class=\"elementor-container elementor-column-gap-default\">\n\t\t\t\t\t<div class=\"elementor-column elementor-col-100 elementor-top-column elementor-element elementor-element-754c4fe3\" data-id=\"754c4fe3\" data-element_type=\"column\">\n\t\t\t<div class=\"elementor-widget-wrap elementor-element-populated\">\n\t\t\t\t\t\t<div class=\"elementor-element elementor-element-690fc1fb elementor-widget elementor-widget-text-editor\" data-id=\"690fc1fb\" data-element_type=\"widget\" data-widget_type=\"text-editor.default\">\n\t\t\t\t<div class=\"elementor-widget-container\">\n\t\t\t\t\t\t\t\t\t<p><span style=\"color: #000000;\">As inscri\u00e7\u00f5es, realizadas atrav\u00e9s do site www.fadesp.org.br, para o concurso p\u00fablico da Prefeitura de Camet\u00e1 ser\u00e3o encerradas na segunda-feira, 6. S\u00e3o 700 vagas ofertadas para cargos de n\u00edveis fundamental incompleto, fundamental completo, m\u00e9dio, t\u00e9cnico e superior.<\/span><br \/><span style=\"color: #000000;\">As inscri\u00e7\u00f5es podem ser feitas at\u00e9 as 23h59 do dia 6. O pagamento do boleto banc\u00e1rio ser\u00e1 at\u00e9 o dia 7. As taxas custam R$ 40,00 para cargos de n\u00edvel fundamental, R$ 50,00 para m\u00e9dio e R$ 70,00 para superior. O edital tem todos os detalhes do concurso.<\/span><br \/><span style=\"color: #000000;\">As provas objetivas ser\u00e3o realizadas no dia 19 de janeiro. Pela manh\u00e3, ser\u00e1 aplicada para fundamental completo, t\u00e9cnico, m\u00e9dio e superior. \u00c0 tarde ser\u00e1 para n\u00edvel fundamental incompleto.<\/span><br \/><span style=\"color: #000000;\">Os candidatos ao cargo de professor ainda far\u00e3o a avalia\u00e7\u00e3o de t\u00edtulos. O edital, a tabela de cargos e mais detalhes da sele\u00e7\u00e3o podem ser conferidos na se\u00e7\u00e3o de concurso da p\u00e1gina da Fadesp, organizadora do concurso.<\/span><\/p>\t\t\t\t\t\t\t\t<\/div>\n\t\t\t\t<\/div>\n\t\t\t\t\t<\/div>\n\t\t<\/div>\n\t\t\t\t\t<\/div>\n\t\t<\/section>\n\t\t\t\t<\/div>\n\t\t","protected":false},"excerpt":{"rendered":"<p>Inscri\u00e7\u00e3o para concurso de Camet\u00e1 encerra segunda, 6. As inscri\u00e7\u00f5es, realizadas atrav\u00e9s do site www.fadesp.org.br, para o concurso p\u00fablico da Prefeitura de Camet\u00e1 ser\u00e3o encerradas na segunda-feira, 6. S\u00e3o 700 vagas ofertadas para cargos de n\u00edveis fundamental incompleto, fundamental completo, m\u00e9dio, t\u00e9cnico e superior. As inscri\u00e7\u00f5es podem ser feitas at\u00e9 as 23h59 do dia 6. [&hellip;]<\/p>\n","protected":false},"author":9,"featured_media":0,"comment_status":"open","ping_status":"open","sticky":false,"template":"","format":"standard","meta":{"_monsterinsights_skip_tracking":false,"_monsterinsights_sitenote_active":false,"_monsterinsights_sitenote_note":"","_monsterinsights_sitenote_category":0,"footnotes":""},"categories":[1],"tags":[],"class_list":["post-1736","post","type-post","status-publish","format-standard","hentry","category-geral","entry"],"yoast_head":"<!-- This site is optimized with the Yoast SEO plugin v25.1 - https:\/\/yoast.com\/wordpress\/plugins\/seo\/ -->\n<title>Inscri\u00e7\u00e3o para concurso de Camet\u00e1 encerra segunda, 6. - FADESP<\/title>\n<meta name=\"robots\" content=\"index, follow, max-snippet:-1, max-image-preview:large, max-video-preview:-1\" \/>\n<link rel=\"canonical\" href=\"https:\/\/portalfadesp.org.br\/?p=1736\" \/>\n<meta property=\"og:locale\" content=\"pt_BR\" \/>\n<meta property=\"og:type\" content=\"article\" \/>\n<meta property=\"og:title\" content=\"Inscri\u00e7\u00e3o para concurso de Camet\u00e1 encerra segunda, 6. - FADESP\" \/>\n<meta property=\"og:description\" content=\"Inscri\u00e7\u00e3o para concurso de Camet\u00e1 encerra segunda, 6. As inscri\u00e7\u00f5es, realizadas atrav\u00e9s do site www.fadesp.org.br, para o concurso p\u00fablico da Prefeitura de Camet\u00e1 ser\u00e3o encerradas na segunda-feira, 6. S\u00e3o 700 vagas ofertadas para cargos de n\u00edveis fundamental incompleto, fundamental completo, m\u00e9dio, t\u00e9cnico e superior. As inscri\u00e7\u00f5es podem ser feitas at\u00e9 as 23h59 do dia 6. [&hellip;]\" \/>\n<meta property=\"og:url\" content=\"https:\/\/portalfadesp.org.br\/?p=1736\" \/>\n<meta property=\"og:site_name\" content=\"FADESP\" \/>\n<meta property=\"article:publisher\" content=\"https:\/\/www.facebook.com\/Fadesp-138351949524662\/\" \/>\n<meta property=\"article:published_time\" content=\"2019-05-28T17:52:25+00:00\" \/>\n<meta property=\"article:modified_time\" content=\"2021-01-05T16:50:36+00:00\" \/>\n<meta name=\"author\" content=\"Raphael Pena\" \/>\n<meta name=\"twitter:card\" content=\"summary_large_image\" \/>\n<meta name=\"twitter:creator\" content=\"@Fadesp\" \/>\n<meta name=\"twitter:site\" content=\"@Fadesp\" \/>\n<meta name=\"twitter:label1\" content=\"Escrito por\" \/>\n\t<meta name=\"twitter:data1\" content=\"Raphael Pena\" \/>\n\t<meta name=\"twitter:label2\" content=\"Est. tempo de leitura\" \/>\n\t<meta name=\"twitter:data2\" content=\"1 minuto\" \/>\n<script type=\"application\/ld+json\" class=\"yoast-schema-graph\">{\"@context\":\"https:\/\/schema.org\",\"@graph\":[{\"@type\":\"Article\",\"@id\":\"https:\/\/portalfadesp.org.br\/?p=1736#article\",\"isPartOf\":{\"@id\":\"https:\/\/portalfadesp.org.br\/?p=1736\"},\"author\":{\"name\":\"Raphael Pena\",\"@id\":\"https:\/\/portalfadesp.org.br\/#\/schema\/person\/dc2908bf250f3ccb8be775027b13735e\"},\"headline\":\"Inscri\u00e7\u00e3o para concurso de Camet\u00e1 encerra segunda, 6.\",\"datePublished\":\"2019-05-28T17:52:25+00:00\",\"dateModified\":\"2021-01-05T16:50:36+00:00\",\"mainEntityOfPage\":{\"@id\":\"https:\/\/portalfadesp.org.br\/?p=1736\"},\"wordCount\":181,\"commentCount\":0,\"publisher\":{\"@id\":\"https:\/\/portalfadesp.org.br\/#organization\"},\"articleSection\":[\"Geral\"],\"inLanguage\":\"pt-BR\"},{\"@type\":\"WebPage\",\"@id\":\"https:\/\/portalfadesp.org.br\/?p=1736\",\"url\":\"https:\/\/portalfadesp.org.br\/?p=1736\",\"name\":\"Inscri\u00e7\u00e3o para concurso de Camet\u00e1 encerra segunda, 6. - FADESP\",\"isPartOf\":{\"@id\":\"https:\/\/portalfadesp.org.br\/#website\"},\"datePublished\":\"2019-05-28T17:52:25+00:00\",\"dateModified\":\"2021-01-05T16:50:36+00:00\",\"breadcrumb\":{\"@id\":\"https:\/\/portalfadesp.org.br\/?p=1736#breadcrumb\"},\"inLanguage\":\"pt-BR\",\"potentialAction\":[{\"@type\":\"ReadAction\",\"target\":[\"https:\/\/portalfadesp.org.br\/?p=1736\"]}]},{\"@type\":\"BreadcrumbList\",\"@id\":\"https:\/\/portalfadesp.org.br\/?p=1736#breadcrumb\",\"itemListElement\":[{\"@type\":\"ListItem\",\"position\":1,\"name\":\"In\u00edcio\",\"item\":\"https:\/\/portalfadesp.org.br\/\"},{\"@type\":\"ListItem\",\"position\":2,\"name\":\"Inscri\u00e7\u00e3o para concurso de Camet\u00e1 encerra segunda, 6.\"}]},{\"@type\":\"WebSite\",\"@id\":\"https:\/\/portalfadesp.org.br\/#website\",\"url\":\"https:\/\/portalfadesp.org.br\/\",\"name\":\"FADESP\",\"description\":\"Funda\u00e7\u00e3o de Amparo e Desenvolvimento da Pesquisa\",\"publisher\":{\"@id\":\"https:\/\/portalfadesp.org.br\/#organization\"},\"potentialAction\":[{\"@type\":\"SearchAction\",\"target\":{\"@type\":\"EntryPoint\",\"urlTemplate\":\"https:\/\/portalfadesp.org.br\/?s={search_term_string}\"},\"query-input\":{\"@type\":\"PropertyValueSpecification\",\"valueRequired\":true,\"valueName\":\"search_term_string\"}}],\"inLanguage\":\"pt-BR\"},{\"@type\":\"Organization\",\"@id\":\"https:\/\/portalfadesp.org.br\/#organization\",\"name\":\"FADESP\",\"url\":\"https:\/\/portalfadesp.org.br\/\",\"logo\":{\"@type\":\"ImageObject\",\"inLanguage\":\"pt-BR\",\"@id\":\"https:\/\/portalfadesp.org.br\/#\/schema\/logo\/image\/\",\"url\":\"https:\/\/portalfadesp.org.br\/wp-content\/uploads\/2024\/01\/NOVOLOGOFADESPlaranjaH.png\",\"contentUrl\":\"https:\/\/portalfadesp.org.br\/wp-content\/uploads\/2024\/01\/NOVOLOGOFADESPlaranjaH.png\",\"width\":2742,\"height\":839,\"caption\":\"FADESP\"},\"image\":{\"@id\":\"https:\/\/portalfadesp.org.br\/#\/schema\/logo\/image\/\"},\"sameAs\":[\"https:\/\/www.facebook.com\/Fadesp-138351949524662\/\",\"https:\/\/x.com\/Fadesp\",\"https:\/\/www.instagram.com\/fadesp_ufpa\/\",\"https:\/\/www.youtube.com\/@fundacaodeamparoedesenvolv1903\",\"https:\/\/www.threads.net\/@fadesp_ufpa\"]},{\"@type\":\"Person\",\"@id\":\"https:\/\/portalfadesp.org.br\/#\/schema\/person\/dc2908bf250f3ccb8be775027b13735e\",\"name\":\"Raphael Pena\",\"image\":{\"@type\":\"ImageObject\",\"inLanguage\":\"pt-BR\",\"@id\":\"https:\/\/portalfadesp.org.br\/#\/schema\/person\/image\/\",\"url\":\"https:\/\/secure.gravatar.com\/avatar\/f6ed33c466a335cea1eeb716e9d8177b1ca19149f5fdbee566ad4873403cee8a?s=96&d=mm&r=g\",\"contentUrl\":\"https:\/\/secure.gravatar.com\/avatar\/f6ed33c466a335cea1eeb716e9d8177b1ca19149f5fdbee566ad4873403cee8a?s=96&d=mm&r=g\",\"caption\":\"Raphael Pena\"},\"url\":\"https:\/\/portalfadesp.org.br\/?author=9\"}]}<\/script>\n<!-- \/ Yoast SEO plugin. -->","yoast_head_json":{"title":"Inscri\u00e7\u00e3o para concurso de Camet\u00e1 encerra segunda, 6. - FADESP","robots":{"index":"index","follow":"follow","max-snippet":"max-snippet:-1","max-image-preview":"max-image-preview:large","max-video-preview":"max-video-preview:-1"},"canonical":"https:\/\/portalfadesp.org.br\/?p=1736","og_locale":"pt_BR","og_type":"article","og_title":"Inscri\u00e7\u00e3o para concurso de Camet\u00e1 encerra segunda, 6. - FADESP","og_description":"Inscri\u00e7\u00e3o para concurso de Camet\u00e1 encerra segunda, 6. As inscri\u00e7\u00f5es, realizadas atrav\u00e9s do site www.fadesp.org.br, para o concurso p\u00fablico da Prefeitura de Camet\u00e1 ser\u00e3o encerradas na segunda-feira, 6. S\u00e3o 700 vagas ofertadas para cargos de n\u00edveis fundamental incompleto, fundamental completo, m\u00e9dio, t\u00e9cnico e superior. As inscri\u00e7\u00f5es podem ser feitas at\u00e9 as 23h59 do dia 6. [&hellip;]","og_url":"https:\/\/portalfadesp.org.br\/?p=1736","og_site_name":"FADESP","article_publisher":"https:\/\/www.facebook.com\/Fadesp-138351949524662\/","article_published_time":"2019-05-28T17:52:25+00:00","article_modified_time":"2021-01-05T16:50:36+00:00","author":"Raphael Pena","twitter_card":"summary_large_image","twitter_creator":"@Fadesp","twitter_site":"@Fadesp","twitter_misc":{"Escrito por":"Raphael Pena","Est. tempo de leitura":"1 minuto"},"schema":{"@context":"https:\/\/schema.org","@graph":[{"@type":"Article","@id":"https:\/\/portalfadesp.org.br\/?p=1736#article","isPartOf":{"@id":"https:\/\/portalfadesp.org.br\/?p=1736"},"author":{"name":"Raphael Pena","@id":"https:\/\/portalfadesp.org.br\/#\/schema\/person\/dc2908bf250f3ccb8be775027b13735e"},"headline":"Inscri\u00e7\u00e3o para concurso de Camet\u00e1 encerra segunda, 6.","datePublished":"2019-05-28T17:52:25+00:00","dateModified":"2021-01-05T16:50:36+00:00","mainEntityOfPage":{"@id":"https:\/\/portalfadesp.org.br\/?p=1736"},"wordCount":181,"commentCount":0,"publisher":{"@id":"https:\/\/portalfadesp.org.br\/#organization"},"articleSection":["Geral"],"inLanguage":"pt-BR"},{"@type":"WebPage","@id":"https:\/\/portalfadesp.org.br\/?p=1736","url":"https:\/\/portalfadesp.org.br\/?p=1736","name":"Inscri\u00e7\u00e3o para concurso de Camet\u00e1 encerra segunda, 6. - FADESP","isPartOf":{"@id":"https:\/\/portalfadesp.org.br\/#website"},"datePublished":"2019-05-28T17:52:25+00:00","dateModified":"2021-01-05T16:50:36+00:00","breadcrumb":{"@id":"https:\/\/portalfadesp.org.br\/?p=1736#breadcrumb"},"inLanguage":"pt-BR","potentialAction":[{"@type":"ReadAction","target":["https:\/\/portalfadesp.org.br\/?p=1736"]}]},{"@type":"BreadcrumbList","@id":"https:\/\/portalfadesp.org.br\/?p=1736#breadcrumb","itemListElement":[{"@type":"ListItem","position":1,"name":"In\u00edcio","item":"https:\/\/portalfadesp.org.br\/"},{"@type":"ListItem","position":2,"name":"Inscri\u00e7\u00e3o para concurso de Camet\u00e1 encerra segunda, 6."}]},{"@type":"WebSite","@id":"https:\/\/portalfadesp.org.br\/#website","url":"https:\/\/portalfadesp.org.br\/","name":"FADESP","description":"Funda\u00e7\u00e3o de Amparo e Desenvolvimento da Pesquisa","publisher":{"@id":"https:\/\/portalfadesp.org.br\/#organization"},"potentialAction":[{"@type":"SearchAction","target":{"@type":"EntryPoint","urlTemplate":"https:\/\/portalfadesp.org.br\/?s={search_term_string}"},"query-input":{"@type":"PropertyValueSpecification","valueRequired":true,"valueName":"search_term_string"}}],"inLanguage":"pt-BR"},{"@type":"Organization","@id":"https:\/\/portalfadesp.org.br\/#organization","name":"FADESP","url":"https:\/\/portalfadesp.org.br\/","logo":{"@type":"ImageObject","inLanguage":"pt-BR","@id":"https:\/\/portalfadesp.org.br\/#\/schema\/logo\/image\/","url":"https:\/\/portalfadesp.org.br\/wp-content\/uploads\/2024\/01\/NOVOLOGOFADESPlaranjaH.png","contentUrl":"https:\/\/portalfadesp.org.br\/wp-content\/uploads\/2024\/01\/NOVOLOGOFADESPlaranjaH.png","width":2742,"height":839,"caption":"FADESP"},"image":{"@id":"https:\/\/portalfadesp.org.br\/#\/schema\/logo\/image\/"},"sameAs":["https:\/\/www.facebook.com\/Fadesp-138351949524662\/","https:\/\/x.com\/Fadesp","https:\/\/www.instagram.com\/fadesp_ufpa\/","https:\/\/www.youtube.com\/@fundacaodeamparoedesenvolv1903","https:\/\/www.threads.net\/@fadesp_ufpa"]},{"@type":"Person","@id":"https:\/\/portalfadesp.org.br\/#\/schema\/person\/dc2908bf250f3ccb8be775027b13735e","name":"Raphael Pena","image":{"@type":"ImageObject","inLanguage":"pt-BR","@id":"https:\/\/portalfadesp.org.br\/#\/schema\/person\/image\/","url":"https:\/\/secure.gravatar.com\/avatar\/f6ed33c466a335cea1eeb716e9d8177b1ca19149f5fdbee566ad4873403cee8a?s=96&d=mm&r=g","contentUrl":"https:\/\/secure.gravatar.com\/avatar\/f6ed33c466a335cea1eeb716e9d8177b1ca19149f5fdbee566ad4873403cee8a?s=96&d=mm&r=g","caption":"Raphael Pena"},"url":"https:\/\/portalfadesp.org.br\/?author=9"}]}},"_links":{"self":[{"href":"https:\/\/portalfadesp.org.br\/index.php?rest_route=\/wp\/v2\/posts\/1736","targetHints":{"allow":["GET"]}}],"collection":[{"href":"https:\/\/portalfadesp.org.br\/index.php?rest_route=\/wp\/v2\/posts"}],"about":[{"href":"https:\/\/portalfadesp.org.br\/index.php?rest_route=\/wp\/v2\/types\/post"}],"author":[{"embeddable":true,"href":"https:\/\/portalfadesp.org.br\/index.php?rest_route=\/wp\/v2\/users\/9"}],"replies":[{"embeddable":true,"href":"https:\/\/portalfadesp.org.br\/index.php?rest_route=%2Fwp%2Fv2%2Fcomments&post=1736"}],"version-history":[{"count":3,"href":"https:\/\/portalfadesp.org.br\/index.php?rest_route=\/wp\/v2\/posts\/1736\/revisions"}],"predecessor-version":[{"id":12707,"href":"https:\/\/portalfadesp.org.br\/index.php?rest_route=\/wp\/v2\/posts\/1736\/revisions\/12707"}],"wp:attachment":[{"href":"https:\/\/portalfadesp.org.br\/index.php?rest_route=%2Fwp%2Fv2%2Fmedia&parent=1736"}],"wp:term":[{"taxonomy":"category","embeddable":true,"href":"https:\/\/portalfadesp.org.br\/index.php?rest_route=%2Fwp%2Fv2%2Fcategories&post=1736"},{"taxonomy":"post_tag","embeddable":true,"href":"https:\/\/portalfadesp.org.br\/index.php?rest_route=%2Fwp%2Fv2%2Ftags&post=1736"}],"curies":[{"name":"wp","href":"https:\/\/api.w.org\/{rel}","templated":true}]}}