{"id":1735,"date":"2019-05-28T15:33:00","date_gmt":"2019-05-28T18:33:00","guid":{"rendered":"https:\/\/162.215.13.167?p=1735"},"modified":"2022-12-21T10:35:48","modified_gmt":"2022-12-21T13:35:48","slug":"inscricao-para-nivelamento-ingles-instrumental-cursos-online-e-portugues-para-estrangeiro","status":"publish","type":"post","link":"https:\/\/portalfadesp.org.br\/?p=1735","title":{"rendered":"Inscri\u00e7\u00e3o para nivelamento, Ingl\u00eas Instrumental, cursos online e Portugu\u00eas para Estrangeiro"},"content":{"rendered":"\t\t<div data-elementor-type=\"wp-post\" data-elementor-id=\"1735\" class=\"elementor elementor-1735\" data-elementor-post-type=\"post\">\n\t\t\t\t\t\t<section class=\"elementor-section elementor-top-section elementor-element elementor-element-56c613e9 elementor-section-boxed elementor-section-height-default elementor-section-height-default\" data-id=\"56c613e9\" data-element_type=\"section\">\n\t\t\t\t\t\t<div class=\"elementor-container elementor-column-gap-default\">\n\t\t\t\t\t<div class=\"elementor-column elementor-col-100 elementor-top-column elementor-element elementor-element-6369b5cd\" data-id=\"6369b5cd\" data-element_type=\"column\">\n\t\t\t<div class=\"elementor-widget-wrap elementor-element-populated\">\n\t\t\t\t\t\t<div class=\"elementor-element elementor-element-41d7cc62 elementor-widget elementor-widget-heading\" data-id=\"41d7cc62\" data-element_type=\"widget\" data-widget_type=\"heading.default\">\n\t\t\t\t<div class=\"elementor-widget-container\">\n\t\t\t\t\t<h2 class=\"elementor-heading-title elementor-size-default\">Inscri\u00e7\u00e3o para nivelamento, Ingl\u00eas Instrumental, cursos online e Portugu\u00eas para Estrangeiro<\/h2>\t\t\t\t<\/div>\n\t\t\t\t<\/div>\n\t\t\t\t\t<\/div>\n\t\t<\/div>\n\t\t\t\t\t<\/div>\n\t\t<\/section>\n\t\t\t\t<section class=\"elementor-section elementor-top-section elementor-element elementor-element-81816bc elementor-section-boxed elementor-section-height-default elementor-section-height-default\" data-id=\"81816bc\" data-element_type=\"section\">\n\t\t\t\t\t\t<div class=\"elementor-container elementor-column-gap-default\">\n\t\t\t\t\t<div class=\"elementor-column elementor-col-100 elementor-top-column elementor-element elementor-element-1ed393d\" data-id=\"1ed393d\" data-element_type=\"column\">\n\t\t\t<div class=\"elementor-widget-wrap elementor-element-populated\">\n\t\t\t\t\t\t<div class=\"elementor-element elementor-element-4820ef79 elementor-widget elementor-widget-text-editor\" data-id=\"4820ef79\" data-element_type=\"widget\" data-widget_type=\"text-editor.default\">\n\t\t\t\t<div class=\"elementor-widget-container\">\n\t\t\t\t\t\t\t\t\t<span style=\"color: #000000;\"><img fetchpriority=\"high\" decoding=\"async\" class=\"size-medium wp-image-1764 alignright\" src=\"..\/wp-content\/uploads\/2019\/05\/up_ag_25916_cursos_livres2-246x300.jpg\" alt=\"\" width=\"246\" height=\"300\" srcset=\"https:\/\/portalfadesp.org.br\/wp-content\/uploads\/2019\/05\/up_ag_25916_cursos_livres2-246x300.jpg 246w, https:\/\/portalfadesp.org.br\/wp-content\/uploads\/2019\/05\/up_ag_25916_cursos_livres2.jpg 600w\" sizes=\"(max-width: 246px) 100vw, 246px\" \/>Seguem at\u00e9 quarta-feira, 8, as inscri\u00e7\u00f5es para a prova de nivelamento dos Cursos Livres da Universidade Federal do Par\u00e1 (UFPA). O calend\u00e1rio de\u00a0<a style=\"color: #000000;\" title=\"matr\u00edculas\" href=\"http:\/\/cursos.fadesp.org.br\/index_area.asp?tipo=C&amp;area=6.11\" target=\"_blank\" rel=\"noopener\">matr\u00edculas<\/a>\u00a0tamb\u00e9m j\u00e1 come\u00e7ou e segue at\u00e9 24.<\/span>\n\n<span style=\"color: #000000;\">O nivelamento \u00e9 realizado para os n\u00edveis 2, 3, 4, 5, 6 e 7, tanto de ingl\u00eas quanto de espanhol e franc\u00eas. A taxa \u00e9 de R$ 10,00 e as inscri\u00e7\u00f5es ser\u00e3o feitas das 9h \u00e0s 16h, na secretaria dos Cursos Livres, no Instituto de Letras.<\/span>\n\n<span style=\"color: #000000;\">A prova ser\u00e1 aplicada no dia 10 de deste m\u00eas de janeiro, das 14h \u00e0s 17h, e o resultado ser\u00e1 divulgado a partir das 16h do dia 13, no site www.cursoslivresonline.com.br. Para se inscrever, \u00e9 preciso apresentar documento de identidade com foto e comprovante de conclus\u00e3o do Enisno M\u00e9dio.<\/span>\n\n<span style=\"color: #000000;\">J\u00e1 a matr\u00edcula paras as turmas do primeiro semestre deste ano ser\u00e1 realizada online, a partir das 10h, e obedecer\u00e1 a um calend\u00e1rio por n\u00edvel. Do dia 6 ao 8, ser\u00e3o realizadas para Ingl\u00eas instrumental, cursos online (ingl\u00eas e franc\u00eas) e portugu\u00eas para estrangeiros (veja as turmas ao final do texto).<\/span>\n\n<span style=\"color: #000000;\">De 9 a 14 de janeiro, ser\u00e1 realizada a matr\u00edcula para as turmas do n\u00edvel 1. Do dia 15 at\u00e9 20, ser\u00e1 para os n\u00edveis 2, 3 e 4. Do dia 21 ao 24, ser\u00e1 para os n\u00edveis 5, 6 e 7.<\/span>\n\n<span style=\"color: #000000;\">Ao se inscreverem, os candidatos devem imprimir o boleto banc\u00e1rio. Caso n\u00e3o paguem at\u00e9 o dia indicado no documento, poder\u00e3o faz\u00ea-lo at\u00e9 o dia 27 de janeiro, mas com juros e multa. Estudantes beneficiados com bolsa devem levar o boleto \u00e0 secretaria para recadastramento, antes do vencimento.<\/span>\n\n<span style=\"color: #000000;\">O investimento \u00e9 de R$ 390,00 para os cursos de ingl\u00eas, franc\u00eas e espanhol (uma parcela de R$ 130,00 mais quatro mensais de R$ 65,00), de R$ 510,00 para instrumental online (tr\u00eas parcelas de R$ 170,00), de R$ 390,00 para instrumental presencial (duas parcelas de R$ 195,00) e de R$ 750,00 para Portugu\u00eas L\u00edngua Estrangeira (tr\u00eas parcelas de R$ 250,00).<\/span>\n\n<span style=\"color: #000000;\">Caso as vagas n\u00e3o sejam todas preenchidas, ser\u00e3o ofertadas novamente no calend\u00e1rio que come\u00e7a dia 30 de janeiro. Os detalhes podem ser conferidos no\u00a0<a style=\"color: #000000;\" title=\"edital\" href=\"http:\/\/cursos.fadesp.org.br\/ARQUIVOS\/EDITAL12014.PDF\" target=\"_blank\" rel=\"noopener\">edital<\/a>.<\/span>\n\n<hr \/>\n\n<span style=\"color: #000000;\"><strong>Turmas com matr\u00edculas entre 6 e 8 de janeiro<\/strong><\/span>\n\n<span style=\"color: #000000;\"><strong>Ingl\u00eas Instrumental Presencial:<\/strong>\u00a0quinta-feira, das 15h20 \u00e0s 18h, 30 vagas.<\/span>\n\n<span style=\"color: #000000;\"><strong>Ingl\u00eas Instrumental Presencial:<\/strong>\u00a0sexta-feira, das 15h30 \u00e0s 18h10, 30 vagas.<\/span>\n\n<span style=\"color: #000000;\"><strong>Portugu\u00eas L\u00edngua Estrangeira<\/strong>: ter\u00e7a e quinta-feira, das 14h50 \u00e0s 16h30, 15 vagas.<\/span>\n\n<span style=\"color: #000000;\"><strong>Portugu\u00eas L\u00edngua Estrangeira II<\/strong>: ter\u00e7a e quinta-feira, das 16h40 \u00e0s 18h20, 15 vagas.<\/span>\n\n<span style=\"color: #000000;\"><strong>Ingl\u00eas e Franc\u00eas Instrumental Online:<\/strong>\u00a040 vagas para cada turma.<\/span>\t\t\t\t\t\t\t\t<\/div>\n\t\t\t\t<\/div>\n\t\t\t\t\t<\/div>\n\t\t<\/div>\n\t\t\t\t\t<\/div>\n\t\t<\/section>\n\t\t\t\t<\/div>\n\t\t","protected":false},"excerpt":{"rendered":"<p>Inscri\u00e7\u00e3o para nivelamento, Ingl\u00eas Instrumental, cursos online e Portugu\u00eas para Estrangeiro Seguem at\u00e9 quarta-feira, 8, as inscri\u00e7\u00f5es para a prova de nivelamento dos Cursos Livres da Universidade Federal do Par\u00e1 (UFPA). O calend\u00e1rio de\u00a0matr\u00edculas\u00a0tamb\u00e9m j\u00e1 come\u00e7ou e segue at\u00e9 24. O nivelamento \u00e9 realizado para os n\u00edveis 2, 3, 4, 5, 6 e 7, tanto [&hellip;]<\/p>\n","protected":false},"author":9,"featured_media":0,"comment_status":"open","ping_status":"open","sticky":false,"template":"","format":"standard","meta":{"_monsterinsights_skip_tracking":false,"_monsterinsights_sitenote_active":false,"_monsterinsights_sitenote_note":"","_monsterinsights_sitenote_category":0,"footnotes":""},"categories":[1],"tags":[],"class_list":["post-1735","post","type-post","status-publish","format-standard","hentry","category-geral","entry"],"yoast_head":"<!-- This site is optimized with the Yoast SEO plugin v25.1 - https:\/\/yoast.com\/wordpress\/plugins\/seo\/ -->\n<title>Inscri\u00e7\u00e3o para nivelamento, Ingl\u00eas Instrumental, cursos online e Portugu\u00eas para Estrangeiro - FADESP<\/title>\n<meta name=\"robots\" content=\"index, follow, max-snippet:-1, max-image-preview:large, max-video-preview:-1\" \/>\n<link rel=\"canonical\" href=\"https:\/\/portalfadesp.org.br\/?p=1735\" \/>\n<meta property=\"og:locale\" content=\"pt_BR\" \/>\n<meta property=\"og:type\" content=\"article\" \/>\n<meta property=\"og:title\" content=\"Inscri\u00e7\u00e3o para nivelamento, Ingl\u00eas Instrumental, cursos online e Portugu\u00eas para Estrangeiro - FADESP\" \/>\n<meta property=\"og:description\" content=\"Inscri\u00e7\u00e3o para nivelamento, Ingl\u00eas Instrumental, cursos online e Portugu\u00eas para Estrangeiro Seguem at\u00e9 quarta-feira, 8, as inscri\u00e7\u00f5es para a prova de nivelamento dos Cursos Livres da Universidade Federal do Par\u00e1 (UFPA). O calend\u00e1rio de\u00a0matr\u00edculas\u00a0tamb\u00e9m j\u00e1 come\u00e7ou e segue at\u00e9 24. O nivelamento \u00e9 realizado para os n\u00edveis 2, 3, 4, 5, 6 e 7, tanto [&hellip;]\" \/>\n<meta property=\"og:url\" content=\"https:\/\/portalfadesp.org.br\/?p=1735\" \/>\n<meta property=\"og:site_name\" content=\"FADESP\" \/>\n<meta property=\"article:publisher\" content=\"https:\/\/www.facebook.com\/Fadesp-138351949524662\/\" \/>\n<meta property=\"article:published_time\" content=\"2019-05-28T18:33:00+00:00\" \/>\n<meta property=\"article:modified_time\" content=\"2022-12-21T13:35:48+00:00\" \/>\n<meta name=\"author\" content=\"Raphael Pena\" \/>\n<meta name=\"twitter:card\" content=\"summary_large_image\" \/>\n<meta name=\"twitter:creator\" content=\"@Fadesp\" \/>\n<meta name=\"twitter:site\" content=\"@Fadesp\" \/>\n<meta name=\"twitter:label1\" content=\"Escrito por\" \/>\n\t<meta name=\"twitter:data1\" content=\"Raphael Pena\" \/>\n\t<meta name=\"twitter:label2\" content=\"Est. tempo de leitura\" \/>\n\t<meta name=\"twitter:data2\" content=\"2 minutos\" \/>\n<script type=\"application\/ld+json\" class=\"yoast-schema-graph\">{\"@context\":\"https:\/\/schema.org\",\"@graph\":[{\"@type\":\"Article\",\"@id\":\"https:\/\/portalfadesp.org.br\/?p=1735#article\",\"isPartOf\":{\"@id\":\"https:\/\/portalfadesp.org.br\/?p=1735\"},\"author\":{\"name\":\"Raphael Pena\",\"@id\":\"https:\/\/portalfadesp.org.br\/#\/schema\/person\/dc2908bf250f3ccb8be775027b13735e\"},\"headline\":\"Inscri\u00e7\u00e3o para nivelamento, Ingl\u00eas Instrumental, cursos online e Portugu\u00eas para Estrangeiro\",\"datePublished\":\"2019-05-28T18:33:00+00:00\",\"dateModified\":\"2022-12-21T13:35:48+00:00\",\"mainEntityOfPage\":{\"@id\":\"https:\/\/portalfadesp.org.br\/?p=1735\"},\"wordCount\":447,\"commentCount\":0,\"publisher\":{\"@id\":\"https:\/\/portalfadesp.org.br\/#organization\"},\"articleSection\":[\"Geral\"],\"inLanguage\":\"pt-BR\"},{\"@type\":\"WebPage\",\"@id\":\"https:\/\/portalfadesp.org.br\/?p=1735\",\"url\":\"https:\/\/portalfadesp.org.br\/?p=1735\",\"name\":\"Inscri\u00e7\u00e3o para nivelamento, Ingl\u00eas Instrumental, cursos online e Portugu\u00eas para Estrangeiro - FADESP\",\"isPartOf\":{\"@id\":\"https:\/\/portalfadesp.org.br\/#website\"},\"datePublished\":\"2019-05-28T18:33:00+00:00\",\"dateModified\":\"2022-12-21T13:35:48+00:00\",\"breadcrumb\":{\"@id\":\"https:\/\/portalfadesp.org.br\/?p=1735#breadcrumb\"},\"inLanguage\":\"pt-BR\",\"potentialAction\":[{\"@type\":\"ReadAction\",\"target\":[\"https:\/\/portalfadesp.org.br\/?p=1735\"]}]},{\"@type\":\"BreadcrumbList\",\"@id\":\"https:\/\/portalfadesp.org.br\/?p=1735#breadcrumb\",\"itemListElement\":[{\"@type\":\"ListItem\",\"position\":1,\"name\":\"In\u00edcio\",\"item\":\"https:\/\/portalfadesp.org.br\/\"},{\"@type\":\"ListItem\",\"position\":2,\"name\":\"Inscri\u00e7\u00e3o para nivelamento, Ingl\u00eas Instrumental, cursos online e Portugu\u00eas para Estrangeiro\"}]},{\"@type\":\"WebSite\",\"@id\":\"https:\/\/portalfadesp.org.br\/#website\",\"url\":\"https:\/\/portalfadesp.org.br\/\",\"name\":\"FADESP\",\"description\":\"Funda\u00e7\u00e3o de Amparo e Desenvolvimento da Pesquisa\",\"publisher\":{\"@id\":\"https:\/\/portalfadesp.org.br\/#organization\"},\"potentialAction\":[{\"@type\":\"SearchAction\",\"target\":{\"@type\":\"EntryPoint\",\"urlTemplate\":\"https:\/\/portalfadesp.org.br\/?s={search_term_string}\"},\"query-input\":{\"@type\":\"PropertyValueSpecification\",\"valueRequired\":true,\"valueName\":\"search_term_string\"}}],\"inLanguage\":\"pt-BR\"},{\"@type\":\"Organization\",\"@id\":\"https:\/\/portalfadesp.org.br\/#organization\",\"name\":\"FADESP\",\"url\":\"https:\/\/portalfadesp.org.br\/\",\"logo\":{\"@type\":\"ImageObject\",\"inLanguage\":\"pt-BR\",\"@id\":\"https:\/\/portalfadesp.org.br\/#\/schema\/logo\/image\/\",\"url\":\"https:\/\/portalfadesp.org.br\/wp-content\/uploads\/2024\/01\/NOVOLOGOFADESPlaranjaH.png\",\"contentUrl\":\"https:\/\/portalfadesp.org.br\/wp-content\/uploads\/2024\/01\/NOVOLOGOFADESPlaranjaH.png\",\"width\":2742,\"height\":839,\"caption\":\"FADESP\"},\"image\":{\"@id\":\"https:\/\/portalfadesp.org.br\/#\/schema\/logo\/image\/\"},\"sameAs\":[\"https:\/\/www.facebook.com\/Fadesp-138351949524662\/\",\"https:\/\/x.com\/Fadesp\",\"https:\/\/www.instagram.com\/fadesp_ufpa\/\",\"https:\/\/www.youtube.com\/@fundacaodeamparoedesenvolv1903\",\"https:\/\/www.threads.net\/@fadesp_ufpa\"]},{\"@type\":\"Person\",\"@id\":\"https:\/\/portalfadesp.org.br\/#\/schema\/person\/dc2908bf250f3ccb8be775027b13735e\",\"name\":\"Raphael Pena\",\"image\":{\"@type\":\"ImageObject\",\"inLanguage\":\"pt-BR\",\"@id\":\"https:\/\/portalfadesp.org.br\/#\/schema\/person\/image\/\",\"url\":\"https:\/\/secure.gravatar.com\/avatar\/f6ed33c466a335cea1eeb716e9d8177b1ca19149f5fdbee566ad4873403cee8a?s=96&d=mm&r=g\",\"contentUrl\":\"https:\/\/secure.gravatar.com\/avatar\/f6ed33c466a335cea1eeb716e9d8177b1ca19149f5fdbee566ad4873403cee8a?s=96&d=mm&r=g\",\"caption\":\"Raphael Pena\"},\"url\":\"https:\/\/portalfadesp.org.br\/?author=9\"}]}<\/script>\n<!-- \/ Yoast SEO plugin. -->","yoast_head_json":{"title":"Inscri\u00e7\u00e3o para nivelamento, Ingl\u00eas Instrumental, cursos online e Portugu\u00eas para Estrangeiro - FADESP","robots":{"index":"index","follow":"follow","max-snippet":"max-snippet:-1","max-image-preview":"max-image-preview:large","max-video-preview":"max-video-preview:-1"},"canonical":"https:\/\/portalfadesp.org.br\/?p=1735","og_locale":"pt_BR","og_type":"article","og_title":"Inscri\u00e7\u00e3o para nivelamento, Ingl\u00eas Instrumental, cursos online e Portugu\u00eas para Estrangeiro - FADESP","og_description":"Inscri\u00e7\u00e3o para nivelamento, Ingl\u00eas Instrumental, cursos online e Portugu\u00eas para Estrangeiro Seguem at\u00e9 quarta-feira, 8, as inscri\u00e7\u00f5es para a prova de nivelamento dos Cursos Livres da Universidade Federal do Par\u00e1 (UFPA). O calend\u00e1rio de\u00a0matr\u00edculas\u00a0tamb\u00e9m j\u00e1 come\u00e7ou e segue at\u00e9 24. O nivelamento \u00e9 realizado para os n\u00edveis 2, 3, 4, 5, 6 e 7, tanto [&hellip;]","og_url":"https:\/\/portalfadesp.org.br\/?p=1735","og_site_name":"FADESP","article_publisher":"https:\/\/www.facebook.com\/Fadesp-138351949524662\/","article_published_time":"2019-05-28T18:33:00+00:00","article_modified_time":"2022-12-21T13:35:48+00:00","author":"Raphael Pena","twitter_card":"summary_large_image","twitter_creator":"@Fadesp","twitter_site":"@Fadesp","twitter_misc":{"Escrito por":"Raphael Pena","Est. tempo de leitura":"2 minutos"},"schema":{"@context":"https:\/\/schema.org","@graph":[{"@type":"Article","@id":"https:\/\/portalfadesp.org.br\/?p=1735#article","isPartOf":{"@id":"https:\/\/portalfadesp.org.br\/?p=1735"},"author":{"name":"Raphael Pena","@id":"https:\/\/portalfadesp.org.br\/#\/schema\/person\/dc2908bf250f3ccb8be775027b13735e"},"headline":"Inscri\u00e7\u00e3o para nivelamento, Ingl\u00eas Instrumental, cursos online e Portugu\u00eas para Estrangeiro","datePublished":"2019-05-28T18:33:00+00:00","dateModified":"2022-12-21T13:35:48+00:00","mainEntityOfPage":{"@id":"https:\/\/portalfadesp.org.br\/?p=1735"},"wordCount":447,"commentCount":0,"publisher":{"@id":"https:\/\/portalfadesp.org.br\/#organization"},"articleSection":["Geral"],"inLanguage":"pt-BR"},{"@type":"WebPage","@id":"https:\/\/portalfadesp.org.br\/?p=1735","url":"https:\/\/portalfadesp.org.br\/?p=1735","name":"Inscri\u00e7\u00e3o para nivelamento, Ingl\u00eas Instrumental, cursos online e Portugu\u00eas para Estrangeiro - FADESP","isPartOf":{"@id":"https:\/\/portalfadesp.org.br\/#website"},"datePublished":"2019-05-28T18:33:00+00:00","dateModified":"2022-12-21T13:35:48+00:00","breadcrumb":{"@id":"https:\/\/portalfadesp.org.br\/?p=1735#breadcrumb"},"inLanguage":"pt-BR","potentialAction":[{"@type":"ReadAction","target":["https:\/\/portalfadesp.org.br\/?p=1735"]}]},{"@type":"BreadcrumbList","@id":"https:\/\/portalfadesp.org.br\/?p=1735#breadcrumb","itemListElement":[{"@type":"ListItem","position":1,"name":"In\u00edcio","item":"https:\/\/portalfadesp.org.br\/"},{"@type":"ListItem","position":2,"name":"Inscri\u00e7\u00e3o para nivelamento, Ingl\u00eas Instrumental, cursos online e Portugu\u00eas para Estrangeiro"}]},{"@type":"WebSite","@id":"https:\/\/portalfadesp.org.br\/#website","url":"https:\/\/portalfadesp.org.br\/","name":"FADESP","description":"Funda\u00e7\u00e3o de Amparo e Desenvolvimento da Pesquisa","publisher":{"@id":"https:\/\/portalfadesp.org.br\/#organization"},"potentialAction":[{"@type":"SearchAction","target":{"@type":"EntryPoint","urlTemplate":"https:\/\/portalfadesp.org.br\/?s={search_term_string}"},"query-input":{"@type":"PropertyValueSpecification","valueRequired":true,"valueName":"search_term_string"}}],"inLanguage":"pt-BR"},{"@type":"Organization","@id":"https:\/\/portalfadesp.org.br\/#organization","name":"FADESP","url":"https:\/\/portalfadesp.org.br\/","logo":{"@type":"ImageObject","inLanguage":"pt-BR","@id":"https:\/\/portalfadesp.org.br\/#\/schema\/logo\/image\/","url":"https:\/\/portalfadesp.org.br\/wp-content\/uploads\/2024\/01\/NOVOLOGOFADESPlaranjaH.png","contentUrl":"https:\/\/portalfadesp.org.br\/wp-content\/uploads\/2024\/01\/NOVOLOGOFADESPlaranjaH.png","width":2742,"height":839,"caption":"FADESP"},"image":{"@id":"https:\/\/portalfadesp.org.br\/#\/schema\/logo\/image\/"},"sameAs":["https:\/\/www.facebook.com\/Fadesp-138351949524662\/","https:\/\/x.com\/Fadesp","https:\/\/www.instagram.com\/fadesp_ufpa\/","https:\/\/www.youtube.com\/@fundacaodeamparoedesenvolv1903","https:\/\/www.threads.net\/@fadesp_ufpa"]},{"@type":"Person","@id":"https:\/\/portalfadesp.org.br\/#\/schema\/person\/dc2908bf250f3ccb8be775027b13735e","name":"Raphael Pena","image":{"@type":"ImageObject","inLanguage":"pt-BR","@id":"https:\/\/portalfadesp.org.br\/#\/schema\/person\/image\/","url":"https:\/\/secure.gravatar.com\/avatar\/f6ed33c466a335cea1eeb716e9d8177b1ca19149f5fdbee566ad4873403cee8a?s=96&d=mm&r=g","contentUrl":"https:\/\/secure.gravatar.com\/avatar\/f6ed33c466a335cea1eeb716e9d8177b1ca19149f5fdbee566ad4873403cee8a?s=96&d=mm&r=g","caption":"Raphael Pena"},"url":"https:\/\/portalfadesp.org.br\/?author=9"}]}},"_links":{"self":[{"href":"https:\/\/portalfadesp.org.br\/index.php?rest_route=\/wp\/v2\/posts\/1735","targetHints":{"allow":["GET"]}}],"collection":[{"href":"https:\/\/portalfadesp.org.br\/index.php?rest_route=\/wp\/v2\/posts"}],"about":[{"href":"https:\/\/portalfadesp.org.br\/index.php?rest_route=\/wp\/v2\/types\/post"}],"author":[{"embeddable":true,"href":"https:\/\/portalfadesp.org.br\/index.php?rest_route=\/wp\/v2\/users\/9"}],"replies":[{"embeddable":true,"href":"https:\/\/portalfadesp.org.br\/index.php?rest_route=%2Fwp%2Fv2%2Fcomments&post=1735"}],"version-history":[{"count":6,"href":"https:\/\/portalfadesp.org.br\/index.php?rest_route=\/wp\/v2\/posts\/1735\/revisions"}],"predecessor-version":[{"id":37949,"href":"https:\/\/portalfadesp.org.br\/index.php?rest_route=\/wp\/v2\/posts\/1735\/revisions\/37949"}],"wp:attachment":[{"href":"https:\/\/portalfadesp.org.br\/index.php?rest_route=%2Fwp%2Fv2%2Fmedia&parent=1735"}],"wp:term":[{"taxonomy":"category","embeddable":true,"href":"https:\/\/portalfadesp.org.br\/index.php?rest_route=%2Fwp%2Fv2%2Fcategories&post=1735"},{"taxonomy":"post_tag","embeddable":true,"href":"https:\/\/portalfadesp.org.br\/index.php?rest_route=%2Fwp%2Fv2%2Ftags&post=1735"}],"curies":[{"name":"wp","href":"https:\/\/api.w.org\/{rel}","templated":true}]}}