{"id":1734,"date":"2019-05-28T15:46:53","date_gmt":"2019-05-28T18:46:53","guid":{"rendered":"https:\/\/162.215.13.167?p=1734"},"modified":"2021-01-05T13:50:10","modified_gmt":"2021-01-05T16:50:10","slug":"pagamento-de-inscricao-para-concurso-de-cameta-encerra-hoje-7","status":"publish","type":"post","link":"https:\/\/portalfadesp.org.br\/?p=1734","title":{"rendered":"Pagamento de inscri\u00e7\u00e3o para concurso de Camet\u00e1 encerra hoje, 7"},"content":{"rendered":"\t\t<div data-elementor-type=\"wp-post\" data-elementor-id=\"1734\" class=\"elementor elementor-1734 elementor-bc-flex-widget\" data-elementor-post-type=\"post\">\n\t\t\t\t\t\t<section class=\"elementor-section elementor-top-section elementor-element elementor-element-2499e62a elementor-section-boxed elementor-section-height-default elementor-section-height-default\" data-id=\"2499e62a\" data-element_type=\"section\">\n\t\t\t\t\t\t<div class=\"elementor-container elementor-column-gap-default\">\n\t\t\t\t\t<div class=\"elementor-column elementor-col-100 elementor-top-column elementor-element elementor-element-4365394\" data-id=\"4365394\" data-element_type=\"column\">\n\t\t\t<div class=\"elementor-widget-wrap elementor-element-populated\">\n\t\t\t\t\t\t<div class=\"elementor-element elementor-element-e07f1ed elementor-widget elementor-widget-heading\" data-id=\"e07f1ed\" data-element_type=\"widget\" data-widget_type=\"heading.default\">\n\t\t\t\t<div class=\"elementor-widget-container\">\n\t\t\t\t\t<h2 class=\"elementor-heading-title elementor-size-default\">Pagamento de inscri\u00e7\u00e3o para concurso de Camet\u00e1 encerra hoje, 7<\/h2>\t\t\t\t<\/div>\n\t\t\t\t<\/div>\n\t\t\t\t\t<\/div>\n\t\t<\/div>\n\t\t\t\t\t<\/div>\n\t\t<\/section>\n\t\t\t\t<section class=\"elementor-section elementor-top-section elementor-element elementor-element-1f2165bc elementor-section-boxed elementor-section-height-default elementor-section-height-default\" data-id=\"1f2165bc\" data-element_type=\"section\">\n\t\t\t\t\t\t<div class=\"elementor-container elementor-column-gap-default\">\n\t\t\t\t\t<div class=\"elementor-column elementor-col-100 elementor-top-column elementor-element elementor-element-d605337\" data-id=\"d605337\" data-element_type=\"column\">\n\t\t\t<div class=\"elementor-widget-wrap elementor-element-populated\">\n\t\t\t\t\t\t<div class=\"elementor-element elementor-element-946bfbc elementor-widget elementor-widget-text-editor\" data-id=\"946bfbc\" data-element_type=\"widget\" data-widget_type=\"text-editor.default\">\n\t\t\t\t<div class=\"elementor-widget-container\">\n\t\t\t\t\t\t\t\t\t<p><span style=\"color: #000000;\">O prazo para pagamento do boleto de inscri\u00e7\u00e3o para o concurso p\u00fablico da Prefeitura de Camet\u00e1 ser\u00e1 encerrado hoje, 7. S\u00e3o 700 vagas ofertadas para cargos de n\u00edveis fundamental incompleto, fundamental completo, m\u00e9dio, t\u00e9cnico e superior.<\/span><\/p><p><span style=\"color: #000000;\">As inscri\u00e7\u00f5es foram realizadas at\u00e9 ontem. As taxas custam R$ 40,00 para cargos de n\u00edvel fundamental, R$ 50,00 para m\u00e9dio e R$ 70,00 para superior.<\/span><\/p><p><span style=\"color: #000000;\">De quinta-feira, 9, a segunda, 13, conforme o edital, ap\u00f3s o acatamento da inscri\u00e7\u00e3o e sua respectiva confirma\u00e7\u00e3o, ser\u00e1 disponibilizado ao candidato o cart\u00e3o onde constar\u00e1 o local de realiza\u00e7\u00e3o da prova.<\/span><\/p><p><span style=\"color: #000000;\">As provas objetivas ser\u00e3o realizadas no dia 19 de janeiro. Pela manh\u00e3, ser\u00e1 aplicada para fundamental completo, t\u00e9cnico, m\u00e9dio e superior. \u00c0 tarde ser\u00e1 para n\u00edvel fundamental incompleto.<\/span><\/p><p><span style=\"color: #000000;\">Os candidatos ao cargo de professor ainda far\u00e3o a avalia\u00e7\u00e3o de t\u00edtulos. O edital, a tabela de cargos e mais detalhes da sele\u00e7\u00e3o podem ser conferidos na se\u00e7\u00e3o de concurso. O edital tem todos os detalhes do concurso.<\/span><\/p>\t\t\t\t\t\t\t\t<\/div>\n\t\t\t\t<\/div>\n\t\t\t\t\t<\/div>\n\t\t<\/div>\n\t\t\t\t\t<\/div>\n\t\t<\/section>\n\t\t\t\t<\/div>\n\t\t","protected":false},"excerpt":{"rendered":"<p>Pagamento de inscri\u00e7\u00e3o para concurso de Camet\u00e1 encerra hoje, 7 O prazo para pagamento do boleto de inscri\u00e7\u00e3o para o concurso p\u00fablico da Prefeitura de Camet\u00e1 ser\u00e1 encerrado hoje, 7. S\u00e3o 700 vagas ofertadas para cargos de n\u00edveis fundamental incompleto, fundamental completo, m\u00e9dio, t\u00e9cnico e superior. As inscri\u00e7\u00f5es foram realizadas at\u00e9 ontem. As taxas custam [&hellip;]<\/p>\n","protected":false},"author":9,"featured_media":0,"comment_status":"open","ping_status":"open","sticky":false,"template":"","format":"standard","meta":{"_monsterinsights_skip_tracking":false,"_monsterinsights_sitenote_active":false,"_monsterinsights_sitenote_note":"","_monsterinsights_sitenote_category":0,"footnotes":""},"categories":[1],"tags":[],"class_list":["post-1734","post","type-post","status-publish","format-standard","hentry","category-geral","entry"],"yoast_head":"<!-- This site is optimized with the Yoast SEO plugin v25.1 - https:\/\/yoast.com\/wordpress\/plugins\/seo\/ -->\n<title>Pagamento de inscri\u00e7\u00e3o para concurso de Camet\u00e1 encerra hoje, 7 - FADESP<\/title>\n<meta name=\"robots\" content=\"index, follow, max-snippet:-1, max-image-preview:large, max-video-preview:-1\" \/>\n<link rel=\"canonical\" href=\"https:\/\/portalfadesp.org.br\/?p=1734\" \/>\n<meta property=\"og:locale\" content=\"pt_BR\" \/>\n<meta property=\"og:type\" content=\"article\" \/>\n<meta property=\"og:title\" content=\"Pagamento de inscri\u00e7\u00e3o para concurso de Camet\u00e1 encerra hoje, 7 - FADESP\" \/>\n<meta property=\"og:description\" content=\"Pagamento de inscri\u00e7\u00e3o para concurso de Camet\u00e1 encerra hoje, 7 O prazo para pagamento do boleto de inscri\u00e7\u00e3o para o concurso p\u00fablico da Prefeitura de Camet\u00e1 ser\u00e1 encerrado hoje, 7. S\u00e3o 700 vagas ofertadas para cargos de n\u00edveis fundamental incompleto, fundamental completo, m\u00e9dio, t\u00e9cnico e superior. As inscri\u00e7\u00f5es foram realizadas at\u00e9 ontem. As taxas custam [&hellip;]\" \/>\n<meta property=\"og:url\" content=\"https:\/\/portalfadesp.org.br\/?p=1734\" \/>\n<meta property=\"og:site_name\" content=\"FADESP\" \/>\n<meta property=\"article:publisher\" content=\"https:\/\/www.facebook.com\/Fadesp-138351949524662\/\" \/>\n<meta property=\"article:published_time\" content=\"2019-05-28T18:46:53+00:00\" \/>\n<meta property=\"article:modified_time\" content=\"2021-01-05T16:50:10+00:00\" \/>\n<meta name=\"author\" content=\"Raphael Pena\" \/>\n<meta name=\"twitter:card\" content=\"summary_large_image\" \/>\n<meta name=\"twitter:creator\" content=\"@Fadesp\" \/>\n<meta name=\"twitter:site\" content=\"@Fadesp\" \/>\n<meta name=\"twitter:label1\" content=\"Escrito por\" \/>\n\t<meta name=\"twitter:data1\" content=\"Raphael Pena\" \/>\n\t<meta name=\"twitter:label2\" content=\"Est. tempo de leitura\" \/>\n\t<meta name=\"twitter:data2\" content=\"1 minuto\" \/>\n<script type=\"application\/ld+json\" class=\"yoast-schema-graph\">{\"@context\":\"https:\/\/schema.org\",\"@graph\":[{\"@type\":\"Article\",\"@id\":\"https:\/\/portalfadesp.org.br\/?p=1734#article\",\"isPartOf\":{\"@id\":\"https:\/\/portalfadesp.org.br\/?p=1734\"},\"author\":{\"name\":\"Raphael Pena\",\"@id\":\"https:\/\/portalfadesp.org.br\/#\/schema\/person\/dc2908bf250f3ccb8be775027b13735e\"},\"headline\":\"Pagamento de inscri\u00e7\u00e3o para concurso de Camet\u00e1 encerra hoje, 7\",\"datePublished\":\"2019-05-28T18:46:53+00:00\",\"dateModified\":\"2021-01-05T16:50:10+00:00\",\"mainEntityOfPage\":{\"@id\":\"https:\/\/portalfadesp.org.br\/?p=1734\"},\"wordCount\":193,\"commentCount\":0,\"publisher\":{\"@id\":\"https:\/\/portalfadesp.org.br\/#organization\"},\"articleSection\":[\"Geral\"],\"inLanguage\":\"pt-BR\"},{\"@type\":\"WebPage\",\"@id\":\"https:\/\/portalfadesp.org.br\/?p=1734\",\"url\":\"https:\/\/portalfadesp.org.br\/?p=1734\",\"name\":\"Pagamento de inscri\u00e7\u00e3o para concurso de Camet\u00e1 encerra hoje, 7 - FADESP\",\"isPartOf\":{\"@id\":\"https:\/\/portalfadesp.org.br\/#website\"},\"datePublished\":\"2019-05-28T18:46:53+00:00\",\"dateModified\":\"2021-01-05T16:50:10+00:00\",\"breadcrumb\":{\"@id\":\"https:\/\/portalfadesp.org.br\/?p=1734#breadcrumb\"},\"inLanguage\":\"pt-BR\",\"potentialAction\":[{\"@type\":\"ReadAction\",\"target\":[\"https:\/\/portalfadesp.org.br\/?p=1734\"]}]},{\"@type\":\"BreadcrumbList\",\"@id\":\"https:\/\/portalfadesp.org.br\/?p=1734#breadcrumb\",\"itemListElement\":[{\"@type\":\"ListItem\",\"position\":1,\"name\":\"In\u00edcio\",\"item\":\"https:\/\/portalfadesp.org.br\/\"},{\"@type\":\"ListItem\",\"position\":2,\"name\":\"Pagamento de inscri\u00e7\u00e3o para concurso de Camet\u00e1 encerra hoje, 7\"}]},{\"@type\":\"WebSite\",\"@id\":\"https:\/\/portalfadesp.org.br\/#website\",\"url\":\"https:\/\/portalfadesp.org.br\/\",\"name\":\"FADESP\",\"description\":\"Funda\u00e7\u00e3o de Amparo e Desenvolvimento da Pesquisa\",\"publisher\":{\"@id\":\"https:\/\/portalfadesp.org.br\/#organization\"},\"potentialAction\":[{\"@type\":\"SearchAction\",\"target\":{\"@type\":\"EntryPoint\",\"urlTemplate\":\"https:\/\/portalfadesp.org.br\/?s={search_term_string}\"},\"query-input\":{\"@type\":\"PropertyValueSpecification\",\"valueRequired\":true,\"valueName\":\"search_term_string\"}}],\"inLanguage\":\"pt-BR\"},{\"@type\":\"Organization\",\"@id\":\"https:\/\/portalfadesp.org.br\/#organization\",\"name\":\"FADESP\",\"url\":\"https:\/\/portalfadesp.org.br\/\",\"logo\":{\"@type\":\"ImageObject\",\"inLanguage\":\"pt-BR\",\"@id\":\"https:\/\/portalfadesp.org.br\/#\/schema\/logo\/image\/\",\"url\":\"https:\/\/portalfadesp.org.br\/wp-content\/uploads\/2024\/01\/NOVOLOGOFADESPlaranjaH.png\",\"contentUrl\":\"https:\/\/portalfadesp.org.br\/wp-content\/uploads\/2024\/01\/NOVOLOGOFADESPlaranjaH.png\",\"width\":2742,\"height\":839,\"caption\":\"FADESP\"},\"image\":{\"@id\":\"https:\/\/portalfadesp.org.br\/#\/schema\/logo\/image\/\"},\"sameAs\":[\"https:\/\/www.facebook.com\/Fadesp-138351949524662\/\",\"https:\/\/x.com\/Fadesp\",\"https:\/\/www.instagram.com\/fadesp_ufpa\/\",\"https:\/\/www.youtube.com\/@fundacaodeamparoedesenvolv1903\",\"https:\/\/www.threads.net\/@fadesp_ufpa\"]},{\"@type\":\"Person\",\"@id\":\"https:\/\/portalfadesp.org.br\/#\/schema\/person\/dc2908bf250f3ccb8be775027b13735e\",\"name\":\"Raphael Pena\",\"image\":{\"@type\":\"ImageObject\",\"inLanguage\":\"pt-BR\",\"@id\":\"https:\/\/portalfadesp.org.br\/#\/schema\/person\/image\/\",\"url\":\"https:\/\/secure.gravatar.com\/avatar\/f6ed33c466a335cea1eeb716e9d8177b1ca19149f5fdbee566ad4873403cee8a?s=96&d=mm&r=g\",\"contentUrl\":\"https:\/\/secure.gravatar.com\/avatar\/f6ed33c466a335cea1eeb716e9d8177b1ca19149f5fdbee566ad4873403cee8a?s=96&d=mm&r=g\",\"caption\":\"Raphael Pena\"},\"url\":\"https:\/\/portalfadesp.org.br\/?author=9\"}]}<\/script>\n<!-- \/ Yoast SEO plugin. -->","yoast_head_json":{"title":"Pagamento de inscri\u00e7\u00e3o para concurso de Camet\u00e1 encerra hoje, 7 - FADESP","robots":{"index":"index","follow":"follow","max-snippet":"max-snippet:-1","max-image-preview":"max-image-preview:large","max-video-preview":"max-video-preview:-1"},"canonical":"https:\/\/portalfadesp.org.br\/?p=1734","og_locale":"pt_BR","og_type":"article","og_title":"Pagamento de inscri\u00e7\u00e3o para concurso de Camet\u00e1 encerra hoje, 7 - FADESP","og_description":"Pagamento de inscri\u00e7\u00e3o para concurso de Camet\u00e1 encerra hoje, 7 O prazo para pagamento do boleto de inscri\u00e7\u00e3o para o concurso p\u00fablico da Prefeitura de Camet\u00e1 ser\u00e1 encerrado hoje, 7. S\u00e3o 700 vagas ofertadas para cargos de n\u00edveis fundamental incompleto, fundamental completo, m\u00e9dio, t\u00e9cnico e superior. As inscri\u00e7\u00f5es foram realizadas at\u00e9 ontem. As taxas custam [&hellip;]","og_url":"https:\/\/portalfadesp.org.br\/?p=1734","og_site_name":"FADESP","article_publisher":"https:\/\/www.facebook.com\/Fadesp-138351949524662\/","article_published_time":"2019-05-28T18:46:53+00:00","article_modified_time":"2021-01-05T16:50:10+00:00","author":"Raphael Pena","twitter_card":"summary_large_image","twitter_creator":"@Fadesp","twitter_site":"@Fadesp","twitter_misc":{"Escrito por":"Raphael Pena","Est. tempo de leitura":"1 minuto"},"schema":{"@context":"https:\/\/schema.org","@graph":[{"@type":"Article","@id":"https:\/\/portalfadesp.org.br\/?p=1734#article","isPartOf":{"@id":"https:\/\/portalfadesp.org.br\/?p=1734"},"author":{"name":"Raphael Pena","@id":"https:\/\/portalfadesp.org.br\/#\/schema\/person\/dc2908bf250f3ccb8be775027b13735e"},"headline":"Pagamento de inscri\u00e7\u00e3o para concurso de Camet\u00e1 encerra hoje, 7","datePublished":"2019-05-28T18:46:53+00:00","dateModified":"2021-01-05T16:50:10+00:00","mainEntityOfPage":{"@id":"https:\/\/portalfadesp.org.br\/?p=1734"},"wordCount":193,"commentCount":0,"publisher":{"@id":"https:\/\/portalfadesp.org.br\/#organization"},"articleSection":["Geral"],"inLanguage":"pt-BR"},{"@type":"WebPage","@id":"https:\/\/portalfadesp.org.br\/?p=1734","url":"https:\/\/portalfadesp.org.br\/?p=1734","name":"Pagamento de inscri\u00e7\u00e3o para concurso de Camet\u00e1 encerra hoje, 7 - FADESP","isPartOf":{"@id":"https:\/\/portalfadesp.org.br\/#website"},"datePublished":"2019-05-28T18:46:53+00:00","dateModified":"2021-01-05T16:50:10+00:00","breadcrumb":{"@id":"https:\/\/portalfadesp.org.br\/?p=1734#breadcrumb"},"inLanguage":"pt-BR","potentialAction":[{"@type":"ReadAction","target":["https:\/\/portalfadesp.org.br\/?p=1734"]}]},{"@type":"BreadcrumbList","@id":"https:\/\/portalfadesp.org.br\/?p=1734#breadcrumb","itemListElement":[{"@type":"ListItem","position":1,"name":"In\u00edcio","item":"https:\/\/portalfadesp.org.br\/"},{"@type":"ListItem","position":2,"name":"Pagamento de inscri\u00e7\u00e3o para concurso de Camet\u00e1 encerra hoje, 7"}]},{"@type":"WebSite","@id":"https:\/\/portalfadesp.org.br\/#website","url":"https:\/\/portalfadesp.org.br\/","name":"FADESP","description":"Funda\u00e7\u00e3o de Amparo e Desenvolvimento da Pesquisa","publisher":{"@id":"https:\/\/portalfadesp.org.br\/#organization"},"potentialAction":[{"@type":"SearchAction","target":{"@type":"EntryPoint","urlTemplate":"https:\/\/portalfadesp.org.br\/?s={search_term_string}"},"query-input":{"@type":"PropertyValueSpecification","valueRequired":true,"valueName":"search_term_string"}}],"inLanguage":"pt-BR"},{"@type":"Organization","@id":"https:\/\/portalfadesp.org.br\/#organization","name":"FADESP","url":"https:\/\/portalfadesp.org.br\/","logo":{"@type":"ImageObject","inLanguage":"pt-BR","@id":"https:\/\/portalfadesp.org.br\/#\/schema\/logo\/image\/","url":"https:\/\/portalfadesp.org.br\/wp-content\/uploads\/2024\/01\/NOVOLOGOFADESPlaranjaH.png","contentUrl":"https:\/\/portalfadesp.org.br\/wp-content\/uploads\/2024\/01\/NOVOLOGOFADESPlaranjaH.png","width":2742,"height":839,"caption":"FADESP"},"image":{"@id":"https:\/\/portalfadesp.org.br\/#\/schema\/logo\/image\/"},"sameAs":["https:\/\/www.facebook.com\/Fadesp-138351949524662\/","https:\/\/x.com\/Fadesp","https:\/\/www.instagram.com\/fadesp_ufpa\/","https:\/\/www.youtube.com\/@fundacaodeamparoedesenvolv1903","https:\/\/www.threads.net\/@fadesp_ufpa"]},{"@type":"Person","@id":"https:\/\/portalfadesp.org.br\/#\/schema\/person\/dc2908bf250f3ccb8be775027b13735e","name":"Raphael Pena","image":{"@type":"ImageObject","inLanguage":"pt-BR","@id":"https:\/\/portalfadesp.org.br\/#\/schema\/person\/image\/","url":"https:\/\/secure.gravatar.com\/avatar\/f6ed33c466a335cea1eeb716e9d8177b1ca19149f5fdbee566ad4873403cee8a?s=96&d=mm&r=g","contentUrl":"https:\/\/secure.gravatar.com\/avatar\/f6ed33c466a335cea1eeb716e9d8177b1ca19149f5fdbee566ad4873403cee8a?s=96&d=mm&r=g","caption":"Raphael Pena"},"url":"https:\/\/portalfadesp.org.br\/?author=9"}]}},"_links":{"self":[{"href":"https:\/\/portalfadesp.org.br\/index.php?rest_route=\/wp\/v2\/posts\/1734","targetHints":{"allow":["GET"]}}],"collection":[{"href":"https:\/\/portalfadesp.org.br\/index.php?rest_route=\/wp\/v2\/posts"}],"about":[{"href":"https:\/\/portalfadesp.org.br\/index.php?rest_route=\/wp\/v2\/types\/post"}],"author":[{"embeddable":true,"href":"https:\/\/portalfadesp.org.br\/index.php?rest_route=\/wp\/v2\/users\/9"}],"replies":[{"embeddable":true,"href":"https:\/\/portalfadesp.org.br\/index.php?rest_route=%2Fwp%2Fv2%2Fcomments&post=1734"}],"version-history":[{"count":1,"href":"https:\/\/portalfadesp.org.br\/index.php?rest_route=\/wp\/v2\/posts\/1734\/revisions"}],"predecessor-version":[{"id":1779,"href":"https:\/\/portalfadesp.org.br\/index.php?rest_route=\/wp\/v2\/posts\/1734\/revisions\/1779"}],"wp:attachment":[{"href":"https:\/\/portalfadesp.org.br\/index.php?rest_route=%2Fwp%2Fv2%2Fmedia&parent=1734"}],"wp:term":[{"taxonomy":"category","embeddable":true,"href":"https:\/\/portalfadesp.org.br\/index.php?rest_route=%2Fwp%2Fv2%2Fcategories&post=1734"},{"taxonomy":"post_tag","embeddable":true,"href":"https:\/\/portalfadesp.org.br\/index.php?rest_route=%2Fwp%2Fv2%2Ftags&post=1734"}],"curies":[{"name":"wp","href":"https:\/\/api.w.org\/{rel}","templated":true}]}}