{"id":1731,"date":"2019-05-28T14:52:07","date_gmt":"2019-05-28T17:52:07","guid":{"rendered":"https:\/\/162.215.13.167?p=1731"},"modified":"2021-01-05T13:50:44","modified_gmt":"2021-01-05T16:50:44","slug":"nova-esperanca-do-piria-lanca-edital-de-concurso","status":"publish","type":"post","link":"https:\/\/portalfadesp.org.br\/?p=1731","title":{"rendered":"Nova Esperan\u00e7a do Piri\u00e1 lan\u00e7a edital de concurso"},"content":{"rendered":"\t\t<div data-elementor-type=\"wp-post\" data-elementor-id=\"1731\" class=\"elementor elementor-1731 elementor-bc-flex-widget\" data-elementor-post-type=\"post\">\n\t\t\t\t\t\t<section class=\"elementor-section elementor-top-section elementor-element elementor-element-7670565 elementor-section-boxed elementor-section-height-default elementor-section-height-default\" data-id=\"7670565\" data-element_type=\"section\">\n\t\t\t\t\t\t<div class=\"elementor-container elementor-column-gap-default\">\n\t\t\t\t\t<div class=\"elementor-column elementor-col-100 elementor-top-column elementor-element elementor-element-698760c2\" data-id=\"698760c2\" data-element_type=\"column\">\n\t\t\t<div class=\"elementor-widget-wrap elementor-element-populated\">\n\t\t\t\t\t\t<div class=\"elementor-element elementor-element-34b70913 elementor-widget elementor-widget-heading\" data-id=\"34b70913\" data-element_type=\"widget\" data-widget_type=\"heading.default\">\n\t\t\t\t<div class=\"elementor-widget-container\">\n\t\t\t\t\t<h2 class=\"elementor-heading-title elementor-size-default\">Nova Esperan\u00e7a do Piri\u00e1 lan\u00e7a edital de concurso<\/h2>\t\t\t\t<\/div>\n\t\t\t\t<\/div>\n\t\t\t\t\t<\/div>\n\t\t<\/div>\n\t\t\t\t\t<\/div>\n\t\t<\/section>\n\t\t\t\t<section class=\"elementor-section elementor-top-section elementor-element elementor-element-3da7c042 elementor-section-boxed elementor-section-height-default elementor-section-height-default\" data-id=\"3da7c042\" data-element_type=\"section\">\n\t\t\t\t\t\t<div class=\"elementor-container elementor-column-gap-default\">\n\t\t\t\t\t<div class=\"elementor-column elementor-col-100 elementor-top-column elementor-element elementor-element-7564887d\" data-id=\"7564887d\" data-element_type=\"column\">\n\t\t\t<div class=\"elementor-widget-wrap elementor-element-populated\">\n\t\t\t\t\t\t<div class=\"elementor-element elementor-element-13c57e25 elementor-widget elementor-widget-text-editor\" data-id=\"13c57e25\" data-element_type=\"widget\" data-widget_type=\"text-editor.default\">\n\t\t\t\t<div class=\"elementor-widget-container\">\n\t\t\t\t\t\t\t\t\t<p><span style=\"color: #000000;\">A prefeitura de Nova Esperan\u00e7a do Piri\u00e1 (PA) lan\u00e7ou\u00a0<a style=\"color: #000000;\" title=\"edital\" href=\"http:\/\/concursos.fadesp.org.br\/pmnep2013\/arquivos\/Edital%20n%C2%B0%2001_2013_PMNEP.pdf\" target=\"_blank\" rel=\"noopener\">edital<\/a>\u00a0de concurso p\u00fablico para o preenchimento de 529 vagas para todos os n\u00edveis de escolaridade. As inscri\u00e7\u00f5es come\u00e7am dia 13 de janeiro e terminam dia 17. H\u00e1 reserva de vaga para portadores de necessidades especiais.<\/span><\/p><p><span style=\"color: #000000;\">O concurso oferece 166 vagas para cargos de n\u00edvel Fundamental Incompleto\/Alfabetizado, 29 para Fundamental Incompleto\/1\u00aa a 4\u00aa s\u00e9rie, 28 para Fundamental Completo, 69 para M\u00e9dio, 48 para M\u00e9dio\/Professor, 23 para Superior e 166 para Superior\/Professor.<\/span><\/p><p><span style=\"color: #000000;\">Os cargos, com respectivas lota\u00e7\u00f5es, a s\u00edntese das atividades, os pr\u00e9-requisitos exigidos para investidura no cargo, vencimento base e carga podem ser conferidos na\u00a0<a style=\"color: #000000;\" title=\"se\u00e7\u00e3o\" href=\"http:\/\/concursos.fadesp.org.br\/index.php?option=com_content&amp;view=article&amp;id=174:pmbep2013\" target=\"_blank\" rel=\"noopener\">se\u00e7\u00e3o<\/a>\u00a0de concurso.<\/span><\/p><p><span style=\"color: #000000;\">As inscri\u00e7\u00f5es ser\u00e3o realizadas no munic\u00edpio de Nova Esperan\u00e7a do Piri\u00e1. Primeiro, o candidato deve imprimir o boleto banc\u00e1rio e pag\u00e1-lo na ag\u00eancia da Lot\u00e9rica da Caixa Econ\u00f4mica Federal, localizada na avenida 13 de Maio, 13, Centro, e no Banco Bradesco, que fica na avenida S\u00e3o Pedro s\/n, Centro.<\/span><\/p><p><span style=\"color: #000000;\">O pagamento da taxa ser\u00e1 de13 a 17 de janeiro de 2014. A taxa \u00e9 de R$ 40,00 para os cargos de n\u00edvel escolar Fundamental incompleto ou Alfabetizado; R$ 45,00 para Fundamental completo; R$ 50,00 para M\u00e9dio e R$ 60,00 para Superior.<\/span><\/p><p><span style=\"color: #000000;\">Pago o boleto, o candidato ou seu procurador nomeado em procura\u00e7\u00e3o simples dever\u00e1 comparecer no Galp\u00e3o dos Agricultores, localizado na rua Dom Pedro, sem n\u00famero (atr\u00e1s da garagem da prefeitura de Nova Esperan\u00e7a do Piri\u00e1) para fazer a inscri\u00e7\u00e3o.<\/span><\/p><p><span style=\"color: #000000;\">Das 8h \u00e0s 17h, o candidato precisa levar c\u00f3pia do documento de identidade e o boleto pago, que ser\u00e3o anexados ao formul\u00e1rio de inscri\u00e7\u00e3o.<\/span><\/p><p><span style=\"color: #000000;\">A sele\u00e7\u00e3o ter\u00e1 prova duas fases. A primeira delas \u00e9 a da prova objetiva, de car\u00e1ter eliminat\u00f3rio e classificat\u00f3rio, e ser\u00e1 aplicada para todos os cargos. A segunda, de avalia\u00e7\u00e3o de t\u00edtulos, ser\u00e1 de car\u00e1ter classificat\u00f3rio e destinada aos candidatos dos cargos de professor (n\u00edvel m\u00e9dio e superior).<\/span><\/p><p><span style=\"color: #000000;\">As provas objetivas ter\u00e3o a dura\u00e7\u00e3o de 4 horas e ser\u00e3o aplicadas na data prevista de 23 de fevereiro de 2014, obedecendo hor\u00e1rio local. Das 8h \u00e0s 12h ser\u00e1 para todos os cargos de N\u00edvel Fundamental Completo e N\u00edvel Superior. Das 14h30 \u00e0s 18h30, para Fundamental Incompleto, Alfabetizado e M\u00e9dio.<\/span><\/p><p><span style=\"color: #000000;\">Com esses hor\u00e1rios, o candidato poder\u00e1 se inscrever, separadamente, e realizar as provas objetivas nos dois per\u00edodos, para cargos de n\u00edvel de escolaridade em hor\u00e1rios de provas diferentes.<\/span><\/p>\t\t\t\t\t\t\t\t<\/div>\n\t\t\t\t<\/div>\n\t\t\t\t\t<\/div>\n\t\t<\/div>\n\t\t\t\t\t<\/div>\n\t\t<\/section>\n\t\t\t\t<\/div>\n\t\t","protected":false},"excerpt":{"rendered":"<p>Nova Esperan\u00e7a do Piri\u00e1 lan\u00e7a edital de concurso A prefeitura de Nova Esperan\u00e7a do Piri\u00e1 (PA) lan\u00e7ou&nbsp;edital&nbsp;de concurso p\u00fablico para o preenchimento de 529 vagas para todos os n\u00edveis de escolaridade. As inscri\u00e7\u00f5es come\u00e7am dia 13 de janeiro e terminam dia 17. H\u00e1 reserva de vaga para portadores de necessidades especiais. O concurso oferece 166 [&hellip;]<\/p>\n","protected":false},"author":9,"featured_media":0,"comment_status":"open","ping_status":"open","sticky":false,"template":"","format":"standard","meta":{"_monsterinsights_skip_tracking":false,"_monsterinsights_sitenote_active":false,"_monsterinsights_sitenote_note":"","_monsterinsights_sitenote_category":0,"footnotes":""},"categories":[7],"tags":[],"class_list":["post-1731","post","type-post","status-publish","format-standard","hentry","category-concurso","entry"],"yoast_head":"<!-- This site is optimized with the Yoast SEO plugin v25.1 - https:\/\/yoast.com\/wordpress\/plugins\/seo\/ -->\n<title>Nova Esperan\u00e7a do Piri\u00e1 lan\u00e7a edital de concurso - FADESP<\/title>\n<meta name=\"robots\" content=\"index, follow, max-snippet:-1, max-image-preview:large, max-video-preview:-1\" \/>\n<link rel=\"canonical\" href=\"https:\/\/portalfadesp.org.br\/?p=1731\" \/>\n<meta property=\"og:locale\" content=\"pt_BR\" \/>\n<meta property=\"og:type\" content=\"article\" \/>\n<meta property=\"og:title\" content=\"Nova Esperan\u00e7a do Piri\u00e1 lan\u00e7a edital de concurso - FADESP\" \/>\n<meta property=\"og:description\" content=\"Nova Esperan\u00e7a do Piri\u00e1 lan\u00e7a edital de concurso A prefeitura de Nova Esperan\u00e7a do Piri\u00e1 (PA) lan\u00e7ou&nbsp;edital&nbsp;de concurso p\u00fablico para o preenchimento de 529 vagas para todos os n\u00edveis de escolaridade. As inscri\u00e7\u00f5es come\u00e7am dia 13 de janeiro e terminam dia 17. H\u00e1 reserva de vaga para portadores de necessidades especiais. O concurso oferece 166 [&hellip;]\" \/>\n<meta property=\"og:url\" content=\"https:\/\/portalfadesp.org.br\/?p=1731\" \/>\n<meta property=\"og:site_name\" content=\"FADESP\" \/>\n<meta property=\"article:publisher\" content=\"https:\/\/www.facebook.com\/Fadesp-138351949524662\/\" \/>\n<meta property=\"article:published_time\" content=\"2019-05-28T17:52:07+00:00\" \/>\n<meta property=\"article:modified_time\" content=\"2021-01-05T16:50:44+00:00\" \/>\n<meta name=\"author\" content=\"Raphael Pena\" \/>\n<meta name=\"twitter:card\" content=\"summary_large_image\" \/>\n<meta name=\"twitter:creator\" content=\"@Fadesp\" \/>\n<meta name=\"twitter:site\" content=\"@Fadesp\" \/>\n<meta name=\"twitter:label1\" content=\"Escrito por\" \/>\n\t<meta name=\"twitter:data1\" content=\"Raphael Pena\" \/>\n\t<meta name=\"twitter:label2\" content=\"Est. tempo de leitura\" \/>\n\t<meta name=\"twitter:data2\" content=\"2 minutos\" \/>\n<script type=\"application\/ld+json\" class=\"yoast-schema-graph\">{\"@context\":\"https:\/\/schema.org\",\"@graph\":[{\"@type\":\"Article\",\"@id\":\"https:\/\/portalfadesp.org.br\/?p=1731#article\",\"isPartOf\":{\"@id\":\"https:\/\/portalfadesp.org.br\/?p=1731\"},\"author\":{\"name\":\"Raphael Pena\",\"@id\":\"https:\/\/portalfadesp.org.br\/#\/schema\/person\/dc2908bf250f3ccb8be775027b13735e\"},\"headline\":\"Nova Esperan\u00e7a do Piri\u00e1 lan\u00e7a edital de concurso\",\"datePublished\":\"2019-05-28T17:52:07+00:00\",\"dateModified\":\"2021-01-05T16:50:44+00:00\",\"mainEntityOfPage\":{\"@id\":\"https:\/\/portalfadesp.org.br\/?p=1731\"},\"wordCount\":448,\"commentCount\":0,\"publisher\":{\"@id\":\"https:\/\/portalfadesp.org.br\/#organization\"},\"articleSection\":[\"Concurso\"],\"inLanguage\":\"pt-BR\"},{\"@type\":\"WebPage\",\"@id\":\"https:\/\/portalfadesp.org.br\/?p=1731\",\"url\":\"https:\/\/portalfadesp.org.br\/?p=1731\",\"name\":\"Nova Esperan\u00e7a do Piri\u00e1 lan\u00e7a edital de concurso - FADESP\",\"isPartOf\":{\"@id\":\"https:\/\/portalfadesp.org.br\/#website\"},\"datePublished\":\"2019-05-28T17:52:07+00:00\",\"dateModified\":\"2021-01-05T16:50:44+00:00\",\"breadcrumb\":{\"@id\":\"https:\/\/portalfadesp.org.br\/?p=1731#breadcrumb\"},\"inLanguage\":\"pt-BR\",\"potentialAction\":[{\"@type\":\"ReadAction\",\"target\":[\"https:\/\/portalfadesp.org.br\/?p=1731\"]}]},{\"@type\":\"BreadcrumbList\",\"@id\":\"https:\/\/portalfadesp.org.br\/?p=1731#breadcrumb\",\"itemListElement\":[{\"@type\":\"ListItem\",\"position\":1,\"name\":\"In\u00edcio\",\"item\":\"https:\/\/portalfadesp.org.br\/\"},{\"@type\":\"ListItem\",\"position\":2,\"name\":\"Nova Esperan\u00e7a do Piri\u00e1 lan\u00e7a edital de concurso\"}]},{\"@type\":\"WebSite\",\"@id\":\"https:\/\/portalfadesp.org.br\/#website\",\"url\":\"https:\/\/portalfadesp.org.br\/\",\"name\":\"FADESP\",\"description\":\"Funda\u00e7\u00e3o de Amparo e Desenvolvimento da Pesquisa\",\"publisher\":{\"@id\":\"https:\/\/portalfadesp.org.br\/#organization\"},\"potentialAction\":[{\"@type\":\"SearchAction\",\"target\":{\"@type\":\"EntryPoint\",\"urlTemplate\":\"https:\/\/portalfadesp.org.br\/?s={search_term_string}\"},\"query-input\":{\"@type\":\"PropertyValueSpecification\",\"valueRequired\":true,\"valueName\":\"search_term_string\"}}],\"inLanguage\":\"pt-BR\"},{\"@type\":\"Organization\",\"@id\":\"https:\/\/portalfadesp.org.br\/#organization\",\"name\":\"FADESP\",\"url\":\"https:\/\/portalfadesp.org.br\/\",\"logo\":{\"@type\":\"ImageObject\",\"inLanguage\":\"pt-BR\",\"@id\":\"https:\/\/portalfadesp.org.br\/#\/schema\/logo\/image\/\",\"url\":\"https:\/\/portalfadesp.org.br\/wp-content\/uploads\/2024\/01\/NOVOLOGOFADESPlaranjaH.png\",\"contentUrl\":\"https:\/\/portalfadesp.org.br\/wp-content\/uploads\/2024\/01\/NOVOLOGOFADESPlaranjaH.png\",\"width\":2742,\"height\":839,\"caption\":\"FADESP\"},\"image\":{\"@id\":\"https:\/\/portalfadesp.org.br\/#\/schema\/logo\/image\/\"},\"sameAs\":[\"https:\/\/www.facebook.com\/Fadesp-138351949524662\/\",\"https:\/\/x.com\/Fadesp\",\"https:\/\/www.instagram.com\/fadesp_ufpa\/\",\"https:\/\/www.youtube.com\/@fundacaodeamparoedesenvolv1903\",\"https:\/\/www.threads.net\/@fadesp_ufpa\"]},{\"@type\":\"Person\",\"@id\":\"https:\/\/portalfadesp.org.br\/#\/schema\/person\/dc2908bf250f3ccb8be775027b13735e\",\"name\":\"Raphael Pena\",\"image\":{\"@type\":\"ImageObject\",\"inLanguage\":\"pt-BR\",\"@id\":\"https:\/\/portalfadesp.org.br\/#\/schema\/person\/image\/\",\"url\":\"https:\/\/secure.gravatar.com\/avatar\/f6ed33c466a335cea1eeb716e9d8177b1ca19149f5fdbee566ad4873403cee8a?s=96&d=mm&r=g\",\"contentUrl\":\"https:\/\/secure.gravatar.com\/avatar\/f6ed33c466a335cea1eeb716e9d8177b1ca19149f5fdbee566ad4873403cee8a?s=96&d=mm&r=g\",\"caption\":\"Raphael Pena\"},\"url\":\"https:\/\/portalfadesp.org.br\/?author=9\"}]}<\/script>\n<!-- \/ Yoast SEO plugin. -->","yoast_head_json":{"title":"Nova Esperan\u00e7a do Piri\u00e1 lan\u00e7a edital de concurso - FADESP","robots":{"index":"index","follow":"follow","max-snippet":"max-snippet:-1","max-image-preview":"max-image-preview:large","max-video-preview":"max-video-preview:-1"},"canonical":"https:\/\/portalfadesp.org.br\/?p=1731","og_locale":"pt_BR","og_type":"article","og_title":"Nova Esperan\u00e7a do Piri\u00e1 lan\u00e7a edital de concurso - FADESP","og_description":"Nova Esperan\u00e7a do Piri\u00e1 lan\u00e7a edital de concurso A prefeitura de Nova Esperan\u00e7a do Piri\u00e1 (PA) lan\u00e7ou&nbsp;edital&nbsp;de concurso p\u00fablico para o preenchimento de 529 vagas para todos os n\u00edveis de escolaridade. As inscri\u00e7\u00f5es come\u00e7am dia 13 de janeiro e terminam dia 17. H\u00e1 reserva de vaga para portadores de necessidades especiais. O concurso oferece 166 [&hellip;]","og_url":"https:\/\/portalfadesp.org.br\/?p=1731","og_site_name":"FADESP","article_publisher":"https:\/\/www.facebook.com\/Fadesp-138351949524662\/","article_published_time":"2019-05-28T17:52:07+00:00","article_modified_time":"2021-01-05T16:50:44+00:00","author":"Raphael Pena","twitter_card":"summary_large_image","twitter_creator":"@Fadesp","twitter_site":"@Fadesp","twitter_misc":{"Escrito por":"Raphael Pena","Est. tempo de leitura":"2 minutos"},"schema":{"@context":"https:\/\/schema.org","@graph":[{"@type":"Article","@id":"https:\/\/portalfadesp.org.br\/?p=1731#article","isPartOf":{"@id":"https:\/\/portalfadesp.org.br\/?p=1731"},"author":{"name":"Raphael Pena","@id":"https:\/\/portalfadesp.org.br\/#\/schema\/person\/dc2908bf250f3ccb8be775027b13735e"},"headline":"Nova Esperan\u00e7a do Piri\u00e1 lan\u00e7a edital de concurso","datePublished":"2019-05-28T17:52:07+00:00","dateModified":"2021-01-05T16:50:44+00:00","mainEntityOfPage":{"@id":"https:\/\/portalfadesp.org.br\/?p=1731"},"wordCount":448,"commentCount":0,"publisher":{"@id":"https:\/\/portalfadesp.org.br\/#organization"},"articleSection":["Concurso"],"inLanguage":"pt-BR"},{"@type":"WebPage","@id":"https:\/\/portalfadesp.org.br\/?p=1731","url":"https:\/\/portalfadesp.org.br\/?p=1731","name":"Nova Esperan\u00e7a do Piri\u00e1 lan\u00e7a edital de concurso - FADESP","isPartOf":{"@id":"https:\/\/portalfadesp.org.br\/#website"},"datePublished":"2019-05-28T17:52:07+00:00","dateModified":"2021-01-05T16:50:44+00:00","breadcrumb":{"@id":"https:\/\/portalfadesp.org.br\/?p=1731#breadcrumb"},"inLanguage":"pt-BR","potentialAction":[{"@type":"ReadAction","target":["https:\/\/portalfadesp.org.br\/?p=1731"]}]},{"@type":"BreadcrumbList","@id":"https:\/\/portalfadesp.org.br\/?p=1731#breadcrumb","itemListElement":[{"@type":"ListItem","position":1,"name":"In\u00edcio","item":"https:\/\/portalfadesp.org.br\/"},{"@type":"ListItem","position":2,"name":"Nova Esperan\u00e7a do Piri\u00e1 lan\u00e7a edital de concurso"}]},{"@type":"WebSite","@id":"https:\/\/portalfadesp.org.br\/#website","url":"https:\/\/portalfadesp.org.br\/","name":"FADESP","description":"Funda\u00e7\u00e3o de Amparo e Desenvolvimento da Pesquisa","publisher":{"@id":"https:\/\/portalfadesp.org.br\/#organization"},"potentialAction":[{"@type":"SearchAction","target":{"@type":"EntryPoint","urlTemplate":"https:\/\/portalfadesp.org.br\/?s={search_term_string}"},"query-input":{"@type":"PropertyValueSpecification","valueRequired":true,"valueName":"search_term_string"}}],"inLanguage":"pt-BR"},{"@type":"Organization","@id":"https:\/\/portalfadesp.org.br\/#organization","name":"FADESP","url":"https:\/\/portalfadesp.org.br\/","logo":{"@type":"ImageObject","inLanguage":"pt-BR","@id":"https:\/\/portalfadesp.org.br\/#\/schema\/logo\/image\/","url":"https:\/\/portalfadesp.org.br\/wp-content\/uploads\/2024\/01\/NOVOLOGOFADESPlaranjaH.png","contentUrl":"https:\/\/portalfadesp.org.br\/wp-content\/uploads\/2024\/01\/NOVOLOGOFADESPlaranjaH.png","width":2742,"height":839,"caption":"FADESP"},"image":{"@id":"https:\/\/portalfadesp.org.br\/#\/schema\/logo\/image\/"},"sameAs":["https:\/\/www.facebook.com\/Fadesp-138351949524662\/","https:\/\/x.com\/Fadesp","https:\/\/www.instagram.com\/fadesp_ufpa\/","https:\/\/www.youtube.com\/@fundacaodeamparoedesenvolv1903","https:\/\/www.threads.net\/@fadesp_ufpa"]},{"@type":"Person","@id":"https:\/\/portalfadesp.org.br\/#\/schema\/person\/dc2908bf250f3ccb8be775027b13735e","name":"Raphael Pena","image":{"@type":"ImageObject","inLanguage":"pt-BR","@id":"https:\/\/portalfadesp.org.br\/#\/schema\/person\/image\/","url":"https:\/\/secure.gravatar.com\/avatar\/f6ed33c466a335cea1eeb716e9d8177b1ca19149f5fdbee566ad4873403cee8a?s=96&d=mm&r=g","contentUrl":"https:\/\/secure.gravatar.com\/avatar\/f6ed33c466a335cea1eeb716e9d8177b1ca19149f5fdbee566ad4873403cee8a?s=96&d=mm&r=g","caption":"Raphael Pena"},"url":"https:\/\/portalfadesp.org.br\/?author=9"}]}},"_links":{"self":[{"href":"https:\/\/portalfadesp.org.br\/index.php?rest_route=\/wp\/v2\/posts\/1731","targetHints":{"allow":["GET"]}}],"collection":[{"href":"https:\/\/portalfadesp.org.br\/index.php?rest_route=\/wp\/v2\/posts"}],"about":[{"href":"https:\/\/portalfadesp.org.br\/index.php?rest_route=\/wp\/v2\/types\/post"}],"author":[{"embeddable":true,"href":"https:\/\/portalfadesp.org.br\/index.php?rest_route=\/wp\/v2\/users\/9"}],"replies":[{"embeddable":true,"href":"https:\/\/portalfadesp.org.br\/index.php?rest_route=%2Fwp%2Fv2%2Fcomments&post=1731"}],"version-history":[{"count":4,"href":"https:\/\/portalfadesp.org.br\/index.php?rest_route=\/wp\/v2\/posts\/1731\/revisions"}],"predecessor-version":[{"id":12710,"href":"https:\/\/portalfadesp.org.br\/index.php?rest_route=\/wp\/v2\/posts\/1731\/revisions\/12710"}],"wp:attachment":[{"href":"https:\/\/portalfadesp.org.br\/index.php?rest_route=%2Fwp%2Fv2%2Fmedia&parent=1731"}],"wp:term":[{"taxonomy":"category","embeddable":true,"href":"https:\/\/portalfadesp.org.br\/index.php?rest_route=%2Fwp%2Fv2%2Fcategories&post=1731"},{"taxonomy":"post_tag","embeddable":true,"href":"https:\/\/portalfadesp.org.br\/index.php?rest_route=%2Fwp%2Fv2%2Ftags&post=1731"}],"curies":[{"name":"wp","href":"https:\/\/api.w.org\/{rel}","templated":true}]}}