{"id":1727,"date":"2019-05-28T14:51:36","date_gmt":"2019-05-28T17:51:36","guid":{"rendered":"https:\/\/162.215.13.167?p=1727"},"modified":"2021-01-05T13:53:44","modified_gmt":"2021-01-05T16:53:44","slug":"sai-resultado-da-segunda-etapa-para-mestrado-da-santa-casa","status":"publish","type":"post","link":"https:\/\/portalfadesp.org.br\/?p=1727","title":{"rendered":"Sai resultado da segunda etapa para mestrado da Santa Casa"},"content":{"rendered":"\t\t<div data-elementor-type=\"wp-post\" data-elementor-id=\"1727\" class=\"elementor elementor-1727 elementor-bc-flex-widget\" data-elementor-post-type=\"post\">\n\t\t\t\t\t\t<section class=\"elementor-section elementor-top-section elementor-element elementor-element-61ef2e1e elementor-section-boxed elementor-section-height-default elementor-section-height-default\" data-id=\"61ef2e1e\" data-element_type=\"section\">\n\t\t\t\t\t\t<div class=\"elementor-container elementor-column-gap-default\">\n\t\t\t\t\t<div class=\"elementor-column elementor-col-100 elementor-top-column elementor-element elementor-element-64eb1fea\" data-id=\"64eb1fea\" data-element_type=\"column\">\n\t\t\t<div class=\"elementor-widget-wrap elementor-element-populated\">\n\t\t\t\t\t\t<div class=\"elementor-element elementor-element-4ccd1619 elementor-widget elementor-widget-heading\" data-id=\"4ccd1619\" data-element_type=\"widget\" data-widget_type=\"heading.default\">\n\t\t\t\t<div class=\"elementor-widget-container\">\n\t\t\t\t\t<h2 class=\"elementor-heading-title elementor-size-default\">Sai resultado da segunda etapa para mestrado da Santa Casa<\/h2>\t\t\t\t<\/div>\n\t\t\t\t<\/div>\n\t\t\t\t\t<\/div>\n\t\t<\/div>\n\t\t\t\t\t<\/div>\n\t\t<\/section>\n\t\t\t\t<section class=\"elementor-section elementor-top-section elementor-element elementor-element-14e3a9d6 elementor-section-boxed elementor-section-height-default elementor-section-height-default\" data-id=\"14e3a9d6\" data-element_type=\"section\">\n\t\t\t\t\t\t<div class=\"elementor-container elementor-column-gap-default\">\n\t\t\t\t\t<div class=\"elementor-column elementor-col-100 elementor-top-column elementor-element elementor-element-7ca938a0\" data-id=\"7ca938a0\" data-element_type=\"column\">\n\t\t\t<div class=\"elementor-widget-wrap elementor-element-populated\">\n\t\t\t\t\t\t<div class=\"elementor-element elementor-element-3090fa70 elementor-widget elementor-widget-text-editor\" data-id=\"3090fa70\" data-element_type=\"widget\" data-widget_type=\"text-editor.default\">\n\t\t\t\t<div class=\"elementor-widget-container\">\n\t\t\t\t\t\t\t\t\t<p><span style=\"color: #000000;\">Est\u00e1 dispon\u00edvel o\u00a0<a style=\"color: #000000;\" title=\"resultado\" href=\"http:\/\/www.fadesp.org.br\/index.php?view=article&amp;id=515:sai-resultado-da-segunda-etapa-do-mestrado-da-santa-casa-\" target=\"_blank\" rel=\"noopener\">resultado<\/a>\u00a0da segunda etapa do concurso para o mestrado em Gest\u00e3o e Servi\u00e7os de Sa\u00fade na Amaz\u00f4nia (MPGSSA) do Hospital Santa Casa de Miseric\u00f3rdia.<\/span><\/p><p><span style=\"color: #000000;\">Na segunda etapa, foi analisado o Curr\u00edculo Vitae Lattes, momento de apurar o desempenho de cada candidato com base na an\u00e1lise de suas atividades profissionais, acad\u00eamicas, da produ\u00e7\u00e3o intelectual e de outras atividades correlatas \u00e0 gest\u00e3o e sa\u00fade da Amaz\u00f4nia.<\/span><\/p><p><span style=\"color: #000000;\">Os participantes dessa etapa j\u00e1 foram aprovados na prova escrita. Ap\u00f3s a fase de an\u00e1lise de recursos, ser\u00e1 divulgado o resultado final, que ser\u00e1 elaborado a partir do c\u00e1lculo das notas na prova escrita, na avalia\u00e7\u00e3o do Curriculm Vitae e na carta de inten\u00e7\u00e3o de pesquisa.<\/span><\/p><p><span style=\"color: #000000;\">Ser\u00e1 considerado aprovado, o candidato que obtiver, na m\u00e9dia ponderada dos pontos obtidos, nota igual ou superior a 7,0 , sendo eliminado do processo seletivo o candidato que obtiver m\u00e9dia inferior a essa.<\/span><\/p><p><span style=\"color: #000000;\"><strong>Concurso ofertou 14 vagas<\/strong><\/span><\/p><p><span style=\"color: #000000;\">Foram ofertadas 14 vagas, sete delas destinadas \u00e0 ampla concorr\u00eancia, sendo tr\u00eas para a linha de pesquisa &#8220;Sa\u00fade-adoecimento e seus agravos&#8221; e quatro para &#8220;Gest\u00e3o e Planejamento em Sa\u00fade&#8221;.<\/span><\/p><p><span style=\"color: #000000;\">As sete restantes s\u00e3o destinadas aos servidores da Santa Casa, sendo quatro para a linha de pesquisa &#8220;Sa\u00fade-adoecimento e seus agravos&#8221; e as outras tr\u00eas para &#8220;Gest\u00e3o e Planejamento em Sa\u00fade&#8221;.<\/span><\/p><p><span style=\"color: #000000;\">Para se candidatar, \u00e9 preciso ser graduado na \u00e1rea da sa\u00fade e estar atuando com processos sa\u00fade-adoecimento ou gest\u00e3o planejamento e sa\u00fade, em unidades e servi\u00e7os de sa\u00fade, hospitais, ambulat\u00f3rios e comunidades.<\/span><\/p><p><span style=\"color: #000000;\">Todas as informa\u00e7\u00f5es da sele\u00e7\u00e3o est\u00e3o na\u00a0<a style=\"color: #000000;\" title=\"se\u00e7\u00e3o\" href=\"http:\/\/concursos.fadesp.org.br\/index.php?option=com_content&amp;view=article&amp;id=169:santacasa2013\" target=\"_blank\" rel=\"noopener\">se\u00e7\u00e3o<\/a>\u00a0de concurso.<\/span><\/p>\t\t\t\t\t\t\t\t<\/div>\n\t\t\t\t<\/div>\n\t\t\t\t\t<\/div>\n\t\t<\/div>\n\t\t\t\t\t<\/div>\n\t\t<\/section>\n\t\t\t\t<\/div>\n\t\t","protected":false},"excerpt":{"rendered":"<p>Sai resultado da segunda etapa para mestrado da Santa Casa Est\u00e1 dispon\u00edvel o&nbsp;resultado&nbsp;da segunda etapa do concurso para o mestrado em Gest\u00e3o e Servi\u00e7os de Sa\u00fade na Amaz\u00f4nia (MPGSSA) do Hospital Santa Casa de Miseric\u00f3rdia. Na segunda etapa, foi analisado o Curr\u00edculo Vitae Lattes, momento de apurar o desempenho de cada candidato com base na [&hellip;]<\/p>\n","protected":false},"author":9,"featured_media":0,"comment_status":"open","ping_status":"open","sticky":false,"template":"","format":"standard","meta":{"_monsterinsights_skip_tracking":false,"_monsterinsights_sitenote_active":false,"_monsterinsights_sitenote_note":"","_monsterinsights_sitenote_category":0,"footnotes":""},"categories":[1],"tags":[],"class_list":["post-1727","post","type-post","status-publish","format-standard","hentry","category-geral","entry"],"yoast_head":"<!-- This site is optimized with the Yoast SEO plugin v25.1 - https:\/\/yoast.com\/wordpress\/plugins\/seo\/ -->\n<title>Sai resultado da segunda etapa para mestrado da Santa Casa - FADESP<\/title>\n<meta name=\"robots\" content=\"index, follow, max-snippet:-1, max-image-preview:large, max-video-preview:-1\" \/>\n<link rel=\"canonical\" href=\"https:\/\/portalfadesp.org.br\/?p=1727\" \/>\n<meta property=\"og:locale\" content=\"pt_BR\" \/>\n<meta property=\"og:type\" content=\"article\" \/>\n<meta property=\"og:title\" content=\"Sai resultado da segunda etapa para mestrado da Santa Casa - FADESP\" \/>\n<meta property=\"og:description\" content=\"Sai resultado da segunda etapa para mestrado da Santa Casa Est\u00e1 dispon\u00edvel o&nbsp;resultado&nbsp;da segunda etapa do concurso para o mestrado em Gest\u00e3o e Servi\u00e7os de Sa\u00fade na Amaz\u00f4nia (MPGSSA) do Hospital Santa Casa de Miseric\u00f3rdia. Na segunda etapa, foi analisado o Curr\u00edculo Vitae Lattes, momento de apurar o desempenho de cada candidato com base na [&hellip;]\" \/>\n<meta property=\"og:url\" content=\"https:\/\/portalfadesp.org.br\/?p=1727\" \/>\n<meta property=\"og:site_name\" content=\"FADESP\" \/>\n<meta property=\"article:publisher\" content=\"https:\/\/www.facebook.com\/Fadesp-138351949524662\/\" \/>\n<meta property=\"article:published_time\" content=\"2019-05-28T17:51:36+00:00\" \/>\n<meta property=\"article:modified_time\" content=\"2021-01-05T16:53:44+00:00\" \/>\n<meta name=\"author\" content=\"Raphael Pena\" \/>\n<meta name=\"twitter:card\" content=\"summary_large_image\" \/>\n<meta name=\"twitter:creator\" content=\"@Fadesp\" \/>\n<meta name=\"twitter:site\" content=\"@Fadesp\" \/>\n<meta name=\"twitter:label1\" content=\"Escrito por\" \/>\n\t<meta name=\"twitter:data1\" content=\"Raphael Pena\" \/>\n\t<meta name=\"twitter:label2\" content=\"Est. tempo de leitura\" \/>\n\t<meta name=\"twitter:data2\" content=\"2 minutos\" \/>\n<script type=\"application\/ld+json\" class=\"yoast-schema-graph\">{\"@context\":\"https:\/\/schema.org\",\"@graph\":[{\"@type\":\"Article\",\"@id\":\"https:\/\/portalfadesp.org.br\/?p=1727#article\",\"isPartOf\":{\"@id\":\"https:\/\/portalfadesp.org.br\/?p=1727\"},\"author\":{\"name\":\"Raphael Pena\",\"@id\":\"https:\/\/portalfadesp.org.br\/#\/schema\/person\/dc2908bf250f3ccb8be775027b13735e\"},\"headline\":\"Sai resultado da segunda etapa para mestrado da Santa Casa\",\"datePublished\":\"2019-05-28T17:51:36+00:00\",\"dateModified\":\"2021-01-05T16:53:44+00:00\",\"mainEntityOfPage\":{\"@id\":\"https:\/\/portalfadesp.org.br\/?p=1727\"},\"wordCount\":310,\"commentCount\":0,\"publisher\":{\"@id\":\"https:\/\/portalfadesp.org.br\/#organization\"},\"articleSection\":[\"Geral\"],\"inLanguage\":\"pt-BR\"},{\"@type\":\"WebPage\",\"@id\":\"https:\/\/portalfadesp.org.br\/?p=1727\",\"url\":\"https:\/\/portalfadesp.org.br\/?p=1727\",\"name\":\"Sai resultado da segunda etapa para mestrado da Santa Casa - FADESP\",\"isPartOf\":{\"@id\":\"https:\/\/portalfadesp.org.br\/#website\"},\"datePublished\":\"2019-05-28T17:51:36+00:00\",\"dateModified\":\"2021-01-05T16:53:44+00:00\",\"breadcrumb\":{\"@id\":\"https:\/\/portalfadesp.org.br\/?p=1727#breadcrumb\"},\"inLanguage\":\"pt-BR\",\"potentialAction\":[{\"@type\":\"ReadAction\",\"target\":[\"https:\/\/portalfadesp.org.br\/?p=1727\"]}]},{\"@type\":\"BreadcrumbList\",\"@id\":\"https:\/\/portalfadesp.org.br\/?p=1727#breadcrumb\",\"itemListElement\":[{\"@type\":\"ListItem\",\"position\":1,\"name\":\"In\u00edcio\",\"item\":\"https:\/\/portalfadesp.org.br\/\"},{\"@type\":\"ListItem\",\"position\":2,\"name\":\"Sai resultado da segunda etapa para mestrado da Santa Casa\"}]},{\"@type\":\"WebSite\",\"@id\":\"https:\/\/portalfadesp.org.br\/#website\",\"url\":\"https:\/\/portalfadesp.org.br\/\",\"name\":\"FADESP\",\"description\":\"Funda\u00e7\u00e3o de Amparo e Desenvolvimento da Pesquisa\",\"publisher\":{\"@id\":\"https:\/\/portalfadesp.org.br\/#organization\"},\"potentialAction\":[{\"@type\":\"SearchAction\",\"target\":{\"@type\":\"EntryPoint\",\"urlTemplate\":\"https:\/\/portalfadesp.org.br\/?s={search_term_string}\"},\"query-input\":{\"@type\":\"PropertyValueSpecification\",\"valueRequired\":true,\"valueName\":\"search_term_string\"}}],\"inLanguage\":\"pt-BR\"},{\"@type\":\"Organization\",\"@id\":\"https:\/\/portalfadesp.org.br\/#organization\",\"name\":\"FADESP\",\"url\":\"https:\/\/portalfadesp.org.br\/\",\"logo\":{\"@type\":\"ImageObject\",\"inLanguage\":\"pt-BR\",\"@id\":\"https:\/\/portalfadesp.org.br\/#\/schema\/logo\/image\/\",\"url\":\"https:\/\/portalfadesp.org.br\/wp-content\/uploads\/2024\/01\/NOVOLOGOFADESPlaranjaH.png\",\"contentUrl\":\"https:\/\/portalfadesp.org.br\/wp-content\/uploads\/2024\/01\/NOVOLOGOFADESPlaranjaH.png\",\"width\":2742,\"height\":839,\"caption\":\"FADESP\"},\"image\":{\"@id\":\"https:\/\/portalfadesp.org.br\/#\/schema\/logo\/image\/\"},\"sameAs\":[\"https:\/\/www.facebook.com\/Fadesp-138351949524662\/\",\"https:\/\/x.com\/Fadesp\",\"https:\/\/www.instagram.com\/fadesp_ufpa\/\",\"https:\/\/www.youtube.com\/@fundacaodeamparoedesenvolv1903\",\"https:\/\/www.threads.net\/@fadesp_ufpa\"]},{\"@type\":\"Person\",\"@id\":\"https:\/\/portalfadesp.org.br\/#\/schema\/person\/dc2908bf250f3ccb8be775027b13735e\",\"name\":\"Raphael Pena\",\"image\":{\"@type\":\"ImageObject\",\"inLanguage\":\"pt-BR\",\"@id\":\"https:\/\/portalfadesp.org.br\/#\/schema\/person\/image\/\",\"url\":\"https:\/\/secure.gravatar.com\/avatar\/f6ed33c466a335cea1eeb716e9d8177b1ca19149f5fdbee566ad4873403cee8a?s=96&d=mm&r=g\",\"contentUrl\":\"https:\/\/secure.gravatar.com\/avatar\/f6ed33c466a335cea1eeb716e9d8177b1ca19149f5fdbee566ad4873403cee8a?s=96&d=mm&r=g\",\"caption\":\"Raphael Pena\"},\"url\":\"https:\/\/portalfadesp.org.br\/?author=9\"}]}<\/script>\n<!-- \/ Yoast SEO plugin. -->","yoast_head_json":{"title":"Sai resultado da segunda etapa para mestrado da Santa Casa - FADESP","robots":{"index":"index","follow":"follow","max-snippet":"max-snippet:-1","max-image-preview":"max-image-preview:large","max-video-preview":"max-video-preview:-1"},"canonical":"https:\/\/portalfadesp.org.br\/?p=1727","og_locale":"pt_BR","og_type":"article","og_title":"Sai resultado da segunda etapa para mestrado da Santa Casa - FADESP","og_description":"Sai resultado da segunda etapa para mestrado da Santa Casa Est\u00e1 dispon\u00edvel o&nbsp;resultado&nbsp;da segunda etapa do concurso para o mestrado em Gest\u00e3o e Servi\u00e7os de Sa\u00fade na Amaz\u00f4nia (MPGSSA) do Hospital Santa Casa de Miseric\u00f3rdia. Na segunda etapa, foi analisado o Curr\u00edculo Vitae Lattes, momento de apurar o desempenho de cada candidato com base na [&hellip;]","og_url":"https:\/\/portalfadesp.org.br\/?p=1727","og_site_name":"FADESP","article_publisher":"https:\/\/www.facebook.com\/Fadesp-138351949524662\/","article_published_time":"2019-05-28T17:51:36+00:00","article_modified_time":"2021-01-05T16:53:44+00:00","author":"Raphael Pena","twitter_card":"summary_large_image","twitter_creator":"@Fadesp","twitter_site":"@Fadesp","twitter_misc":{"Escrito por":"Raphael Pena","Est. tempo de leitura":"2 minutos"},"schema":{"@context":"https:\/\/schema.org","@graph":[{"@type":"Article","@id":"https:\/\/portalfadesp.org.br\/?p=1727#article","isPartOf":{"@id":"https:\/\/portalfadesp.org.br\/?p=1727"},"author":{"name":"Raphael Pena","@id":"https:\/\/portalfadesp.org.br\/#\/schema\/person\/dc2908bf250f3ccb8be775027b13735e"},"headline":"Sai resultado da segunda etapa para mestrado da Santa Casa","datePublished":"2019-05-28T17:51:36+00:00","dateModified":"2021-01-05T16:53:44+00:00","mainEntityOfPage":{"@id":"https:\/\/portalfadesp.org.br\/?p=1727"},"wordCount":310,"commentCount":0,"publisher":{"@id":"https:\/\/portalfadesp.org.br\/#organization"},"articleSection":["Geral"],"inLanguage":"pt-BR"},{"@type":"WebPage","@id":"https:\/\/portalfadesp.org.br\/?p=1727","url":"https:\/\/portalfadesp.org.br\/?p=1727","name":"Sai resultado da segunda etapa para mestrado da Santa Casa - FADESP","isPartOf":{"@id":"https:\/\/portalfadesp.org.br\/#website"},"datePublished":"2019-05-28T17:51:36+00:00","dateModified":"2021-01-05T16:53:44+00:00","breadcrumb":{"@id":"https:\/\/portalfadesp.org.br\/?p=1727#breadcrumb"},"inLanguage":"pt-BR","potentialAction":[{"@type":"ReadAction","target":["https:\/\/portalfadesp.org.br\/?p=1727"]}]},{"@type":"BreadcrumbList","@id":"https:\/\/portalfadesp.org.br\/?p=1727#breadcrumb","itemListElement":[{"@type":"ListItem","position":1,"name":"In\u00edcio","item":"https:\/\/portalfadesp.org.br\/"},{"@type":"ListItem","position":2,"name":"Sai resultado da segunda etapa para mestrado da Santa Casa"}]},{"@type":"WebSite","@id":"https:\/\/portalfadesp.org.br\/#website","url":"https:\/\/portalfadesp.org.br\/","name":"FADESP","description":"Funda\u00e7\u00e3o de Amparo e Desenvolvimento da Pesquisa","publisher":{"@id":"https:\/\/portalfadesp.org.br\/#organization"},"potentialAction":[{"@type":"SearchAction","target":{"@type":"EntryPoint","urlTemplate":"https:\/\/portalfadesp.org.br\/?s={search_term_string}"},"query-input":{"@type":"PropertyValueSpecification","valueRequired":true,"valueName":"search_term_string"}}],"inLanguage":"pt-BR"},{"@type":"Organization","@id":"https:\/\/portalfadesp.org.br\/#organization","name":"FADESP","url":"https:\/\/portalfadesp.org.br\/","logo":{"@type":"ImageObject","inLanguage":"pt-BR","@id":"https:\/\/portalfadesp.org.br\/#\/schema\/logo\/image\/","url":"https:\/\/portalfadesp.org.br\/wp-content\/uploads\/2024\/01\/NOVOLOGOFADESPlaranjaH.png","contentUrl":"https:\/\/portalfadesp.org.br\/wp-content\/uploads\/2024\/01\/NOVOLOGOFADESPlaranjaH.png","width":2742,"height":839,"caption":"FADESP"},"image":{"@id":"https:\/\/portalfadesp.org.br\/#\/schema\/logo\/image\/"},"sameAs":["https:\/\/www.facebook.com\/Fadesp-138351949524662\/","https:\/\/x.com\/Fadesp","https:\/\/www.instagram.com\/fadesp_ufpa\/","https:\/\/www.youtube.com\/@fundacaodeamparoedesenvolv1903","https:\/\/www.threads.net\/@fadesp_ufpa"]},{"@type":"Person","@id":"https:\/\/portalfadesp.org.br\/#\/schema\/person\/dc2908bf250f3ccb8be775027b13735e","name":"Raphael Pena","image":{"@type":"ImageObject","inLanguage":"pt-BR","@id":"https:\/\/portalfadesp.org.br\/#\/schema\/person\/image\/","url":"https:\/\/secure.gravatar.com\/avatar\/f6ed33c466a335cea1eeb716e9d8177b1ca19149f5fdbee566ad4873403cee8a?s=96&d=mm&r=g","contentUrl":"https:\/\/secure.gravatar.com\/avatar\/f6ed33c466a335cea1eeb716e9d8177b1ca19149f5fdbee566ad4873403cee8a?s=96&d=mm&r=g","caption":"Raphael Pena"},"url":"https:\/\/portalfadesp.org.br\/?author=9"}]}},"_links":{"self":[{"href":"https:\/\/portalfadesp.org.br\/index.php?rest_route=\/wp\/v2\/posts\/1727","targetHints":{"allow":["GET"]}}],"collection":[{"href":"https:\/\/portalfadesp.org.br\/index.php?rest_route=\/wp\/v2\/posts"}],"about":[{"href":"https:\/\/portalfadesp.org.br\/index.php?rest_route=\/wp\/v2\/types\/post"}],"author":[{"embeddable":true,"href":"https:\/\/portalfadesp.org.br\/index.php?rest_route=\/wp\/v2\/users\/9"}],"replies":[{"embeddable":true,"href":"https:\/\/portalfadesp.org.br\/index.php?rest_route=%2Fwp%2Fv2%2Fcomments&post=1727"}],"version-history":[{"count":3,"href":"https:\/\/portalfadesp.org.br\/index.php?rest_route=\/wp\/v2\/posts\/1727\/revisions"}],"predecessor-version":[{"id":12714,"href":"https:\/\/portalfadesp.org.br\/index.php?rest_route=\/wp\/v2\/posts\/1727\/revisions\/12714"}],"wp:attachment":[{"href":"https:\/\/portalfadesp.org.br\/index.php?rest_route=%2Fwp%2Fv2%2Fmedia&parent=1727"}],"wp:term":[{"taxonomy":"category","embeddable":true,"href":"https:\/\/portalfadesp.org.br\/index.php?rest_route=%2Fwp%2Fv2%2Fcategories&post=1727"},{"taxonomy":"post_tag","embeddable":true,"href":"https:\/\/portalfadesp.org.br\/index.php?rest_route=%2Fwp%2Fv2%2Ftags&post=1727"}],"curies":[{"name":"wp","href":"https:\/\/api.w.org\/{rel}","templated":true}]}}