{"id":1725,"date":"2019-05-28T14:54:08","date_gmt":"2019-05-28T17:54:08","guid":{"rendered":"https:\/\/162.215.13.167?p=1725"},"modified":"2021-01-05T13:50:30","modified_gmt":"2021-01-05T16:50:30","slug":"ufopa-tera-resultado-de-prova-objetiva-a-partir-do-dia-17","status":"publish","type":"post","link":"https:\/\/portalfadesp.org.br\/?p=1725","title":{"rendered":"UFOPA ter\u00e1 resultado de prova objetiva a partir do dia 17"},"content":{"rendered":"\t\t<div data-elementor-type=\"wp-post\" data-elementor-id=\"1725\" class=\"elementor elementor-1725 elementor-bc-flex-widget\" data-elementor-post-type=\"post\">\n\t\t\t\t\t\t<section class=\"elementor-section elementor-top-section elementor-element elementor-element-61eada55 elementor-section-boxed elementor-section-height-default elementor-section-height-default\" data-id=\"61eada55\" data-element_type=\"section\">\n\t\t\t\t\t\t<div class=\"elementor-container elementor-column-gap-default\">\n\t\t\t\t\t<div class=\"elementor-column elementor-col-100 elementor-top-column elementor-element elementor-element-28c45c6b\" data-id=\"28c45c6b\" data-element_type=\"column\">\n\t\t\t<div class=\"elementor-widget-wrap elementor-element-populated\">\n\t\t\t\t\t\t<div class=\"elementor-element elementor-element-6a37d0d elementor-widget elementor-widget-heading\" data-id=\"6a37d0d\" data-element_type=\"widget\" data-widget_type=\"heading.default\">\n\t\t\t\t<div class=\"elementor-widget-container\">\n\t\t\t\t\t<h2 class=\"elementor-heading-title elementor-size-default\">UFOPA ter\u00e1 resultado de prova objetiva a partir do dia 17<\/h2>\t\t\t\t<\/div>\n\t\t\t\t<\/div>\n\t\t\t\t\t<\/div>\n\t\t<\/div>\n\t\t\t\t\t<\/div>\n\t\t<\/section>\n\t\t\t\t<section class=\"elementor-section elementor-top-section elementor-element elementor-element-54e99da6 elementor-section-boxed elementor-section-height-default elementor-section-height-default\" data-id=\"54e99da6\" data-element_type=\"section\">\n\t\t\t\t\t\t<div class=\"elementor-container elementor-column-gap-default\">\n\t\t\t\t\t<div class=\"elementor-column elementor-col-100 elementor-top-column elementor-element elementor-element-4a7b71e5\" data-id=\"4a7b71e5\" data-element_type=\"column\">\n\t\t\t<div class=\"elementor-widget-wrap elementor-element-populated\">\n\t\t\t\t\t\t<div class=\"elementor-element elementor-element-3d58589 elementor-widget elementor-widget-text-editor\" data-id=\"3d58589\" data-element_type=\"widget\" data-widget_type=\"text-editor.default\">\n\t\t\t\t<div class=\"elementor-widget-container\">\n\t\t\t\t\t\t\t\t\t<div id=\"texto\"><p><span style=\"color: #000000;\">O resultado da prova objetiva do concurso p\u00fablico da Universidade Federal do Oeste do Par\u00e1 (UFOPA) ser\u00e1 divulgado a partir do dia 17 de janeiro de 2014. O dos recursos ser\u00e1 a partir do dia 8.<\/span><br \/><span style=\"color: #000000;\">O concurso teve 1.156 faltosos na prova aplicada da\u00ed 15 deste m\u00eas de dezembro. Continuam na disputa 11.068 candidatos. O\u00a0<a style=\"color: #000000;\" title=\"gabarito preliminar\" href=\"http:\/\/concursos.fadesp.org.br\/ufopa2013\/arquivos\/Gabarito%20Oficial%20Preliminar%20-%2015.12.2013.pdf\" target=\"_blank\" rel=\"noopener\">gabarito preliminar<\/a>\u00a0j\u00e1 est\u00e1 dispon\u00edvel.<\/span><br \/><span style=\"color: #000000;\">O cargo de T\u00e9cnico em Assuntos Educacionais, lotado em Santar\u00e9m, \u00e9 o mais concorrido do concurso. S\u00e3o 142,75 candidatos por vaga. Com tr\u00eas candidatos a uma vaga, os cargos de Arquivista e T\u00e9cnico de Tecnologia da Informa\u00e7\u00e3o (Juruti) t\u00eam as menores concorr\u00eancias.<\/span><br \/><span style=\"color: #000000;\">A lista completa da demanda est\u00e1 dispon\u00edvel na se\u00e7\u00e3o de concurso. Foram inscritos 12.2199 candidatos para 160 vagas ofertadas.<\/span><br \/><span style=\"color: #000000;\">Al\u00e9m do cargo de T\u00e9cnico em Assuntos Educacionais, os cargos que registraram as maiores concorr\u00eancias foram Assistente em Administra\u00e7\u00e3o e T\u00e9cnico em Seguran\u00e7a do Trabalho, ambos lotados em Santar\u00e9m, com 115 e 111 candidatos por vaga, respectivamente.<\/span><\/p><\/div><div id=\"controles_base\"><div id=\"ctrl_bot_print\">\u00a0<\/div><div id=\"ctrl_bot_mail\">\u00a0<\/div><div id=\"ctrl_bot_facebook_2\"><div class=\"fb-like fb_iframe_widget\" data-href=\"http:\/\/fadesp.mentorhost.com.br\/exibe_noticias.asp?id_noticia=25904\" data-send=\"true\" data-width=\"450\" data-show-faces=\"true\" data-action=\"recommend\">\u00a0<\/div><\/div><\/div>\t\t\t\t\t\t\t\t<\/div>\n\t\t\t\t<\/div>\n\t\t\t\t\t<\/div>\n\t\t<\/div>\n\t\t\t\t\t<\/div>\n\t\t<\/section>\n\t\t\t\t<\/div>\n\t\t","protected":false},"excerpt":{"rendered":"<p>UFOPA ter\u00e1 resultado de prova objetiva a partir do dia 17 O resultado da prova objetiva do concurso p\u00fablico da Universidade Federal do Oeste do Par\u00e1 (UFOPA) ser\u00e1 divulgado a partir do dia 17 de janeiro de 2014. O dos recursos ser\u00e1 a partir do dia 8. O concurso teve 1.156 faltosos na prova aplicada [&hellip;]<\/p>\n","protected":false},"author":9,"featured_media":0,"comment_status":"open","ping_status":"open","sticky":false,"template":"","format":"standard","meta":{"_monsterinsights_skip_tracking":false,"_monsterinsights_sitenote_active":false,"_monsterinsights_sitenote_note":"","_monsterinsights_sitenote_category":0,"footnotes":""},"categories":[1],"tags":[],"class_list":["post-1725","post","type-post","status-publish","format-standard","hentry","category-geral","entry"],"yoast_head":"<!-- This site is optimized with the Yoast SEO plugin v25.1 - https:\/\/yoast.com\/wordpress\/plugins\/seo\/ -->\n<title>UFOPA ter\u00e1 resultado de prova objetiva a partir do dia 17 - FADESP<\/title>\n<meta name=\"robots\" content=\"index, follow, max-snippet:-1, max-image-preview:large, max-video-preview:-1\" \/>\n<link rel=\"canonical\" href=\"https:\/\/portalfadesp.org.br\/?p=1725\" \/>\n<meta property=\"og:locale\" content=\"pt_BR\" \/>\n<meta property=\"og:type\" content=\"article\" \/>\n<meta property=\"og:title\" content=\"UFOPA ter\u00e1 resultado de prova objetiva a partir do dia 17 - FADESP\" \/>\n<meta property=\"og:description\" content=\"UFOPA ter\u00e1 resultado de prova objetiva a partir do dia 17 O resultado da prova objetiva do concurso p\u00fablico da Universidade Federal do Oeste do Par\u00e1 (UFOPA) ser\u00e1 divulgado a partir do dia 17 de janeiro de 2014. O dos recursos ser\u00e1 a partir do dia 8. O concurso teve 1.156 faltosos na prova aplicada [&hellip;]\" \/>\n<meta property=\"og:url\" content=\"https:\/\/portalfadesp.org.br\/?p=1725\" \/>\n<meta property=\"og:site_name\" content=\"FADESP\" \/>\n<meta property=\"article:publisher\" content=\"https:\/\/www.facebook.com\/Fadesp-138351949524662\/\" \/>\n<meta property=\"article:published_time\" content=\"2019-05-28T17:54:08+00:00\" \/>\n<meta property=\"article:modified_time\" content=\"2021-01-05T16:50:30+00:00\" \/>\n<meta name=\"author\" content=\"Raphael Pena\" \/>\n<meta name=\"twitter:card\" content=\"summary_large_image\" \/>\n<meta name=\"twitter:creator\" content=\"@Fadesp\" \/>\n<meta name=\"twitter:site\" content=\"@Fadesp\" \/>\n<meta name=\"twitter:label1\" content=\"Escrito por\" \/>\n\t<meta name=\"twitter:data1\" content=\"Raphael Pena\" \/>\n\t<meta name=\"twitter:label2\" content=\"Est. tempo de leitura\" \/>\n\t<meta name=\"twitter:data2\" content=\"1 minuto\" \/>\n<script type=\"application\/ld+json\" class=\"yoast-schema-graph\">{\"@context\":\"https:\/\/schema.org\",\"@graph\":[{\"@type\":\"Article\",\"@id\":\"https:\/\/portalfadesp.org.br\/?p=1725#article\",\"isPartOf\":{\"@id\":\"https:\/\/portalfadesp.org.br\/?p=1725\"},\"author\":{\"name\":\"Raphael Pena\",\"@id\":\"https:\/\/portalfadesp.org.br\/#\/schema\/person\/dc2908bf250f3ccb8be775027b13735e\"},\"headline\":\"UFOPA ter\u00e1 resultado de prova objetiva a partir do dia 17\",\"datePublished\":\"2019-05-28T17:54:08+00:00\",\"dateModified\":\"2021-01-05T16:50:30+00:00\",\"mainEntityOfPage\":{\"@id\":\"https:\/\/portalfadesp.org.br\/?p=1725\"},\"wordCount\":189,\"commentCount\":0,\"publisher\":{\"@id\":\"https:\/\/portalfadesp.org.br\/#organization\"},\"articleSection\":[\"Geral\"],\"inLanguage\":\"pt-BR\"},{\"@type\":\"WebPage\",\"@id\":\"https:\/\/portalfadesp.org.br\/?p=1725\",\"url\":\"https:\/\/portalfadesp.org.br\/?p=1725\",\"name\":\"UFOPA ter\u00e1 resultado de prova objetiva a partir do dia 17 - FADESP\",\"isPartOf\":{\"@id\":\"https:\/\/portalfadesp.org.br\/#website\"},\"datePublished\":\"2019-05-28T17:54:08+00:00\",\"dateModified\":\"2021-01-05T16:50:30+00:00\",\"breadcrumb\":{\"@id\":\"https:\/\/portalfadesp.org.br\/?p=1725#breadcrumb\"},\"inLanguage\":\"pt-BR\",\"potentialAction\":[{\"@type\":\"ReadAction\",\"target\":[\"https:\/\/portalfadesp.org.br\/?p=1725\"]}]},{\"@type\":\"BreadcrumbList\",\"@id\":\"https:\/\/portalfadesp.org.br\/?p=1725#breadcrumb\",\"itemListElement\":[{\"@type\":\"ListItem\",\"position\":1,\"name\":\"In\u00edcio\",\"item\":\"https:\/\/portalfadesp.org.br\/\"},{\"@type\":\"ListItem\",\"position\":2,\"name\":\"UFOPA ter\u00e1 resultado de prova objetiva a partir do dia 17\"}]},{\"@type\":\"WebSite\",\"@id\":\"https:\/\/portalfadesp.org.br\/#website\",\"url\":\"https:\/\/portalfadesp.org.br\/\",\"name\":\"FADESP\",\"description\":\"Funda\u00e7\u00e3o de Amparo e Desenvolvimento da Pesquisa\",\"publisher\":{\"@id\":\"https:\/\/portalfadesp.org.br\/#organization\"},\"potentialAction\":[{\"@type\":\"SearchAction\",\"target\":{\"@type\":\"EntryPoint\",\"urlTemplate\":\"https:\/\/portalfadesp.org.br\/?s={search_term_string}\"},\"query-input\":{\"@type\":\"PropertyValueSpecification\",\"valueRequired\":true,\"valueName\":\"search_term_string\"}}],\"inLanguage\":\"pt-BR\"},{\"@type\":\"Organization\",\"@id\":\"https:\/\/portalfadesp.org.br\/#organization\",\"name\":\"FADESP\",\"url\":\"https:\/\/portalfadesp.org.br\/\",\"logo\":{\"@type\":\"ImageObject\",\"inLanguage\":\"pt-BR\",\"@id\":\"https:\/\/portalfadesp.org.br\/#\/schema\/logo\/image\/\",\"url\":\"https:\/\/portalfadesp.org.br\/wp-content\/uploads\/2024\/01\/NOVOLOGOFADESPlaranjaH.png\",\"contentUrl\":\"https:\/\/portalfadesp.org.br\/wp-content\/uploads\/2024\/01\/NOVOLOGOFADESPlaranjaH.png\",\"width\":2742,\"height\":839,\"caption\":\"FADESP\"},\"image\":{\"@id\":\"https:\/\/portalfadesp.org.br\/#\/schema\/logo\/image\/\"},\"sameAs\":[\"https:\/\/www.facebook.com\/Fadesp-138351949524662\/\",\"https:\/\/x.com\/Fadesp\",\"https:\/\/www.instagram.com\/fadesp_ufpa\/\",\"https:\/\/www.youtube.com\/@fundacaodeamparoedesenvolv1903\",\"https:\/\/www.threads.net\/@fadesp_ufpa\"]},{\"@type\":\"Person\",\"@id\":\"https:\/\/portalfadesp.org.br\/#\/schema\/person\/dc2908bf250f3ccb8be775027b13735e\",\"name\":\"Raphael Pena\",\"image\":{\"@type\":\"ImageObject\",\"inLanguage\":\"pt-BR\",\"@id\":\"https:\/\/portalfadesp.org.br\/#\/schema\/person\/image\/\",\"url\":\"https:\/\/secure.gravatar.com\/avatar\/f6ed33c466a335cea1eeb716e9d8177b1ca19149f5fdbee566ad4873403cee8a?s=96&d=mm&r=g\",\"contentUrl\":\"https:\/\/secure.gravatar.com\/avatar\/f6ed33c466a335cea1eeb716e9d8177b1ca19149f5fdbee566ad4873403cee8a?s=96&d=mm&r=g\",\"caption\":\"Raphael Pena\"},\"url\":\"https:\/\/portalfadesp.org.br\/?author=9\"}]}<\/script>\n<!-- \/ Yoast SEO plugin. -->","yoast_head_json":{"title":"UFOPA ter\u00e1 resultado de prova objetiva a partir do dia 17 - FADESP","robots":{"index":"index","follow":"follow","max-snippet":"max-snippet:-1","max-image-preview":"max-image-preview:large","max-video-preview":"max-video-preview:-1"},"canonical":"https:\/\/portalfadesp.org.br\/?p=1725","og_locale":"pt_BR","og_type":"article","og_title":"UFOPA ter\u00e1 resultado de prova objetiva a partir do dia 17 - FADESP","og_description":"UFOPA ter\u00e1 resultado de prova objetiva a partir do dia 17 O resultado da prova objetiva do concurso p\u00fablico da Universidade Federal do Oeste do Par\u00e1 (UFOPA) ser\u00e1 divulgado a partir do dia 17 de janeiro de 2014. O dos recursos ser\u00e1 a partir do dia 8. O concurso teve 1.156 faltosos na prova aplicada [&hellip;]","og_url":"https:\/\/portalfadesp.org.br\/?p=1725","og_site_name":"FADESP","article_publisher":"https:\/\/www.facebook.com\/Fadesp-138351949524662\/","article_published_time":"2019-05-28T17:54:08+00:00","article_modified_time":"2021-01-05T16:50:30+00:00","author":"Raphael Pena","twitter_card":"summary_large_image","twitter_creator":"@Fadesp","twitter_site":"@Fadesp","twitter_misc":{"Escrito por":"Raphael Pena","Est. tempo de leitura":"1 minuto"},"schema":{"@context":"https:\/\/schema.org","@graph":[{"@type":"Article","@id":"https:\/\/portalfadesp.org.br\/?p=1725#article","isPartOf":{"@id":"https:\/\/portalfadesp.org.br\/?p=1725"},"author":{"name":"Raphael Pena","@id":"https:\/\/portalfadesp.org.br\/#\/schema\/person\/dc2908bf250f3ccb8be775027b13735e"},"headline":"UFOPA ter\u00e1 resultado de prova objetiva a partir do dia 17","datePublished":"2019-05-28T17:54:08+00:00","dateModified":"2021-01-05T16:50:30+00:00","mainEntityOfPage":{"@id":"https:\/\/portalfadesp.org.br\/?p=1725"},"wordCount":189,"commentCount":0,"publisher":{"@id":"https:\/\/portalfadesp.org.br\/#organization"},"articleSection":["Geral"],"inLanguage":"pt-BR"},{"@type":"WebPage","@id":"https:\/\/portalfadesp.org.br\/?p=1725","url":"https:\/\/portalfadesp.org.br\/?p=1725","name":"UFOPA ter\u00e1 resultado de prova objetiva a partir do dia 17 - FADESP","isPartOf":{"@id":"https:\/\/portalfadesp.org.br\/#website"},"datePublished":"2019-05-28T17:54:08+00:00","dateModified":"2021-01-05T16:50:30+00:00","breadcrumb":{"@id":"https:\/\/portalfadesp.org.br\/?p=1725#breadcrumb"},"inLanguage":"pt-BR","potentialAction":[{"@type":"ReadAction","target":["https:\/\/portalfadesp.org.br\/?p=1725"]}]},{"@type":"BreadcrumbList","@id":"https:\/\/portalfadesp.org.br\/?p=1725#breadcrumb","itemListElement":[{"@type":"ListItem","position":1,"name":"In\u00edcio","item":"https:\/\/portalfadesp.org.br\/"},{"@type":"ListItem","position":2,"name":"UFOPA ter\u00e1 resultado de prova objetiva a partir do dia 17"}]},{"@type":"WebSite","@id":"https:\/\/portalfadesp.org.br\/#website","url":"https:\/\/portalfadesp.org.br\/","name":"FADESP","description":"Funda\u00e7\u00e3o de Amparo e Desenvolvimento da Pesquisa","publisher":{"@id":"https:\/\/portalfadesp.org.br\/#organization"},"potentialAction":[{"@type":"SearchAction","target":{"@type":"EntryPoint","urlTemplate":"https:\/\/portalfadesp.org.br\/?s={search_term_string}"},"query-input":{"@type":"PropertyValueSpecification","valueRequired":true,"valueName":"search_term_string"}}],"inLanguage":"pt-BR"},{"@type":"Organization","@id":"https:\/\/portalfadesp.org.br\/#organization","name":"FADESP","url":"https:\/\/portalfadesp.org.br\/","logo":{"@type":"ImageObject","inLanguage":"pt-BR","@id":"https:\/\/portalfadesp.org.br\/#\/schema\/logo\/image\/","url":"https:\/\/portalfadesp.org.br\/wp-content\/uploads\/2024\/01\/NOVOLOGOFADESPlaranjaH.png","contentUrl":"https:\/\/portalfadesp.org.br\/wp-content\/uploads\/2024\/01\/NOVOLOGOFADESPlaranjaH.png","width":2742,"height":839,"caption":"FADESP"},"image":{"@id":"https:\/\/portalfadesp.org.br\/#\/schema\/logo\/image\/"},"sameAs":["https:\/\/www.facebook.com\/Fadesp-138351949524662\/","https:\/\/x.com\/Fadesp","https:\/\/www.instagram.com\/fadesp_ufpa\/","https:\/\/www.youtube.com\/@fundacaodeamparoedesenvolv1903","https:\/\/www.threads.net\/@fadesp_ufpa"]},{"@type":"Person","@id":"https:\/\/portalfadesp.org.br\/#\/schema\/person\/dc2908bf250f3ccb8be775027b13735e","name":"Raphael Pena","image":{"@type":"ImageObject","inLanguage":"pt-BR","@id":"https:\/\/portalfadesp.org.br\/#\/schema\/person\/image\/","url":"https:\/\/secure.gravatar.com\/avatar\/f6ed33c466a335cea1eeb716e9d8177b1ca19149f5fdbee566ad4873403cee8a?s=96&d=mm&r=g","contentUrl":"https:\/\/secure.gravatar.com\/avatar\/f6ed33c466a335cea1eeb716e9d8177b1ca19149f5fdbee566ad4873403cee8a?s=96&d=mm&r=g","caption":"Raphael Pena"},"url":"https:\/\/portalfadesp.org.br\/?author=9"}]}},"_links":{"self":[{"href":"https:\/\/portalfadesp.org.br\/index.php?rest_route=\/wp\/v2\/posts\/1725","targetHints":{"allow":["GET"]}}],"collection":[{"href":"https:\/\/portalfadesp.org.br\/index.php?rest_route=\/wp\/v2\/posts"}],"about":[{"href":"https:\/\/portalfadesp.org.br\/index.php?rest_route=\/wp\/v2\/types\/post"}],"author":[{"embeddable":true,"href":"https:\/\/portalfadesp.org.br\/index.php?rest_route=\/wp\/v2\/users\/9"}],"replies":[{"embeddable":true,"href":"https:\/\/portalfadesp.org.br\/index.php?rest_route=%2Fwp%2Fv2%2Fcomments&post=1725"}],"version-history":[{"count":2,"href":"https:\/\/portalfadesp.org.br\/index.php?rest_route=\/wp\/v2\/posts\/1725\/revisions"}],"predecessor-version":[{"id":12705,"href":"https:\/\/portalfadesp.org.br\/index.php?rest_route=\/wp\/v2\/posts\/1725\/revisions\/12705"}],"wp:attachment":[{"href":"https:\/\/portalfadesp.org.br\/index.php?rest_route=%2Fwp%2Fv2%2Fmedia&parent=1725"}],"wp:term":[{"taxonomy":"category","embeddable":true,"href":"https:\/\/portalfadesp.org.br\/index.php?rest_route=%2Fwp%2Fv2%2Fcategories&post=1725"},{"taxonomy":"post_tag","embeddable":true,"href":"https:\/\/portalfadesp.org.br\/index.php?rest_route=%2Fwp%2Fv2%2Ftags&post=1725"}],"curies":[{"name":"wp","href":"https:\/\/api.w.org\/{rel}","templated":true}]}}