{"id":1708,"date":"2019-05-28T14:35:25","date_gmt":"2019-05-28T17:35:25","guid":{"rendered":"https:\/\/162.215.13.167?p=1708"},"modified":"2022-12-21T10:42:27","modified_gmt":"2022-12-21T13:42:27","slug":"novo-repartimento-prorrogada-inscricao-de-concurso","status":"publish","type":"post","link":"https:\/\/portalfadesp.org.br\/?p=1708","title":{"rendered":"Novo Repartimento prorrogada inscri\u00e7\u00e3o de concurso"},"content":{"rendered":"\t\t<div data-elementor-type=\"wp-post\" data-elementor-id=\"1708\" class=\"elementor elementor-1708\" data-elementor-post-type=\"post\">\n\t\t\t\t\t\t<section class=\"elementor-section elementor-top-section elementor-element elementor-element-7a63b66f elementor-section-boxed elementor-section-height-default elementor-section-height-default\" data-id=\"7a63b66f\" data-element_type=\"section\">\n\t\t\t\t\t\t<div class=\"elementor-container elementor-column-gap-default\">\n\t\t\t\t\t<div class=\"elementor-column elementor-col-100 elementor-top-column elementor-element elementor-element-102e9f07\" data-id=\"102e9f07\" data-element_type=\"column\">\n\t\t\t<div class=\"elementor-widget-wrap elementor-element-populated\">\n\t\t\t\t\t\t<div class=\"elementor-element elementor-element-20eef7a6 elementor-widget elementor-widget-heading\" data-id=\"20eef7a6\" data-element_type=\"widget\" data-widget_type=\"heading.default\">\n\t\t\t\t<div class=\"elementor-widget-container\">\n\t\t\t\t\t<h2 class=\"elementor-heading-title elementor-size-default\">Novo Repartimento prorrogada inscri\u00e7\u00e3o de concurso\n<\/h2>\t\t\t\t<\/div>\n\t\t\t\t<\/div>\n\t\t\t\t\t<\/div>\n\t\t<\/div>\n\t\t\t\t\t<\/div>\n\t\t<\/section>\n\t\t\t\t<section class=\"elementor-section elementor-top-section elementor-element elementor-element-1903db53 elementor-section-boxed elementor-section-height-default elementor-section-height-default\" data-id=\"1903db53\" data-element_type=\"section\">\n\t\t\t\t\t\t<div class=\"elementor-container elementor-column-gap-default\">\n\t\t\t\t\t<div class=\"elementor-column elementor-col-100 elementor-top-column elementor-element elementor-element-76aa9920\" data-id=\"76aa9920\" data-element_type=\"column\">\n\t\t\t<div class=\"elementor-widget-wrap elementor-element-populated\">\n\t\t\t\t\t\t<div class=\"elementor-element elementor-element-4b933fc5 elementor-widget elementor-widget-text-editor\" data-id=\"4b933fc5\" data-element_type=\"widget\" data-widget_type=\"text-editor.default\">\n\t\t\t\t<div class=\"elementor-widget-container\">\n\t\t\t\t\t\t\t\t\t<span style=\"color: #000000;\"><img fetchpriority=\"high\" decoding=\"async\" class=\"size-medium wp-image-1722 alignleft\" src=\"..\/wp-content\/uploads\/2019\/05\/up_ag_25903_novo_repartimento-289x300.jpg\" alt=\"\" width=\"289\" height=\"300\" srcset=\"https:\/\/portalfadesp.org.br\/wp-content\/uploads\/2019\/05\/up_ag_25903_novo_repartimento-289x300.jpg 289w, https:\/\/portalfadesp.org.br\/wp-content\/uploads\/2019\/05\/up_ag_25903_novo_repartimento.jpg 600w\" sizes=\"(max-width: 289px) 100vw, 289px\" \/>A inscri\u00e7\u00e3o para o concurso p\u00fablico de Novo Repartimento vai at\u00e9 o dia 27 de janeiro de 2014, com pagamento do boleto agendado para o dia seguinte, 28.\u00a0A nova data tamb\u00e9m acarretou em outras mudan\u00e7as no certame anunciadas no\u00a0<a style=\"color: #000000;\" href=\"http:\/\/concursos.fadesp.org.br\/pmnr2013\/arquivos\/Edital%20n%C2%B0%2001_2013_PMNR.pdf\">edital republicado<\/a>, entre elas o n\u00famero de vagas, que foram ampliadas para 821 com a inclus\u00e3o de\u00a0<a style=\"color: #000000;\" href=\"http:\/\/concursos.fadesp.org.br\/pmnr2013\/arquivos\/Tabela%20de%20Cargos2.pdf\">novos cargos<\/a>\u00a0m\u00e9dio e superior.\u00a0<\/span>\n\n<span style=\"color: #000000;\">A prova objetiva foi remarcada para 09 de fevereiro de 2014. A confirma\u00e7\u00e3o do cart\u00e3o de inscri\u00e7\u00e3o, com local de realiza\u00e7\u00e3o da prova, tamb\u00e9m est\u00e1 com nova data. Ele estar\u00e1 dispon\u00edvel de 30 de janeiro a 03 de fevereiro de 2014 para impress\u00e3o.<\/span>\n\n<span style=\"color: #000000;\">Novos cargos foram acrescidos no certame. S\u00e3o os de ge\u00f3grafo e engenheiro de pesca para n\u00edvel superior e t\u00e9cnico em meio ambiente, florestal, saneamento e aq\u00fcicultura para n\u00edvel m\u00e9dio.<\/span>\n<span style=\"color: #000000;\">O concurso tem vagas para cargos de n\u00edvel fundamental incompleto e completo, para m\u00e9dio e superior. A tabela est\u00e1 dispon\u00edvel na se\u00e7\u00e3o de concurso, assim como o edital e demais informes.<\/span>\n\n<span style=\"color: #000000;\">Haver\u00e1 prova objetiva, classificat\u00f3ria e eliminat\u00f3ria, para todos e de t\u00edtulos para os candidatos a professores. As provas objetivas ter\u00e3o quatro horas de dura\u00e7\u00e3o e ser\u00e3o realizadas 09 de fevereiro de 2014, no munic\u00edpio de Novo Repartimento. \u00c9 poss\u00edvel se candidatar em mais de um cargo, desde que de n\u00edveis de escolaridade diferentes.<\/span>\n\n<span style=\"color: #000000;\">Pela manh\u00e3, a prova ser\u00e1 aplicada para os cargos de n\u00edveis fundamental completo e superior. Pela tarde, ser\u00e1 para os de n\u00edveis fundamental incompleto e m\u00e9dio.<\/span>\n\n<span style=\"color: #000000;\">As inscri\u00e7\u00f5es iniciadas dia 6 prosseguir\u00e3o at\u00e9 as 23h59 do dia 27 de janeiro, custando R$ 40,00 para cargos de n\u00edvel fundamental, R$ 50,00 para m\u00e9dio e R$ 60,00 para superior.<\/span>\t\t\t\t\t\t\t\t<\/div>\n\t\t\t\t<\/div>\n\t\t\t\t\t<\/div>\n\t\t<\/div>\n\t\t\t\t\t<\/div>\n\t\t<\/section>\n\t\t\t\t<\/div>\n\t\t","protected":false},"excerpt":{"rendered":"<p>Novo Repartimento prorrogada inscri\u00e7\u00e3o de concurso A inscri\u00e7\u00e3o para o concurso p\u00fablico de Novo Repartimento vai at\u00e9 o dia 27 de janeiro de 2014, com pagamento do boleto agendado para o dia seguinte, 28.\u00a0A nova data tamb\u00e9m acarretou em outras mudan\u00e7as no certame anunciadas no\u00a0edital republicado, entre elas o n\u00famero de vagas, que foram ampliadas [&hellip;]<\/p>\n","protected":false},"author":9,"featured_media":0,"comment_status":"open","ping_status":"open","sticky":false,"template":"","format":"standard","meta":{"_monsterinsights_skip_tracking":false,"_monsterinsights_sitenote_active":false,"_monsterinsights_sitenote_note":"","_monsterinsights_sitenote_category":0,"footnotes":""},"categories":[1],"tags":[],"class_list":["post-1708","post","type-post","status-publish","format-standard","hentry","category-geral","entry"],"yoast_head":"<!-- This site is optimized with the Yoast SEO plugin v25.1 - https:\/\/yoast.com\/wordpress\/plugins\/seo\/ -->\n<title>Novo Repartimento prorrogada inscri\u00e7\u00e3o de concurso - FADESP<\/title>\n<meta name=\"robots\" content=\"index, follow, max-snippet:-1, max-image-preview:large, max-video-preview:-1\" \/>\n<link rel=\"canonical\" href=\"https:\/\/portalfadesp.org.br\/?p=1708\" \/>\n<meta property=\"og:locale\" content=\"pt_BR\" \/>\n<meta property=\"og:type\" content=\"article\" \/>\n<meta property=\"og:title\" content=\"Novo Repartimento prorrogada inscri\u00e7\u00e3o de concurso - FADESP\" \/>\n<meta property=\"og:description\" content=\"Novo Repartimento prorrogada inscri\u00e7\u00e3o de concurso A inscri\u00e7\u00e3o para o concurso p\u00fablico de Novo Repartimento vai at\u00e9 o dia 27 de janeiro de 2014, com pagamento do boleto agendado para o dia seguinte, 28.\u00a0A nova data tamb\u00e9m acarretou em outras mudan\u00e7as no certame anunciadas no\u00a0edital republicado, entre elas o n\u00famero de vagas, que foram ampliadas [&hellip;]\" \/>\n<meta property=\"og:url\" content=\"https:\/\/portalfadesp.org.br\/?p=1708\" \/>\n<meta property=\"og:site_name\" content=\"FADESP\" \/>\n<meta property=\"article:publisher\" content=\"https:\/\/www.facebook.com\/Fadesp-138351949524662\/\" \/>\n<meta property=\"article:published_time\" content=\"2019-05-28T17:35:25+00:00\" \/>\n<meta property=\"article:modified_time\" content=\"2022-12-21T13:42:27+00:00\" \/>\n<meta name=\"author\" content=\"Raphael Pena\" \/>\n<meta name=\"twitter:card\" content=\"summary_large_image\" \/>\n<meta name=\"twitter:creator\" content=\"@Fadesp\" \/>\n<meta name=\"twitter:site\" content=\"@Fadesp\" \/>\n<meta name=\"twitter:label1\" content=\"Escrito por\" \/>\n\t<meta name=\"twitter:data1\" content=\"Raphael Pena\" \/>\n\t<meta name=\"twitter:label2\" content=\"Est. tempo de leitura\" \/>\n\t<meta name=\"twitter:data2\" content=\"2 minutos\" \/>\n<script type=\"application\/ld+json\" class=\"yoast-schema-graph\">{\"@context\":\"https:\/\/schema.org\",\"@graph\":[{\"@type\":\"Article\",\"@id\":\"https:\/\/portalfadesp.org.br\/?p=1708#article\",\"isPartOf\":{\"@id\":\"https:\/\/portalfadesp.org.br\/?p=1708\"},\"author\":{\"name\":\"Raphael Pena\",\"@id\":\"https:\/\/portalfadesp.org.br\/#\/schema\/person\/dc2908bf250f3ccb8be775027b13735e\"},\"headline\":\"Novo Repartimento prorrogada inscri\u00e7\u00e3o de concurso\",\"datePublished\":\"2019-05-28T17:35:25+00:00\",\"dateModified\":\"2022-12-21T13:42:27+00:00\",\"mainEntityOfPage\":{\"@id\":\"https:\/\/portalfadesp.org.br\/?p=1708\"},\"wordCount\":313,\"commentCount\":0,\"publisher\":{\"@id\":\"https:\/\/portalfadesp.org.br\/#organization\"},\"articleSection\":[\"Geral\"],\"inLanguage\":\"pt-BR\"},{\"@type\":\"WebPage\",\"@id\":\"https:\/\/portalfadesp.org.br\/?p=1708\",\"url\":\"https:\/\/portalfadesp.org.br\/?p=1708\",\"name\":\"Novo Repartimento prorrogada inscri\u00e7\u00e3o de concurso - FADESP\",\"isPartOf\":{\"@id\":\"https:\/\/portalfadesp.org.br\/#website\"},\"datePublished\":\"2019-05-28T17:35:25+00:00\",\"dateModified\":\"2022-12-21T13:42:27+00:00\",\"breadcrumb\":{\"@id\":\"https:\/\/portalfadesp.org.br\/?p=1708#breadcrumb\"},\"inLanguage\":\"pt-BR\",\"potentialAction\":[{\"@type\":\"ReadAction\",\"target\":[\"https:\/\/portalfadesp.org.br\/?p=1708\"]}]},{\"@type\":\"BreadcrumbList\",\"@id\":\"https:\/\/portalfadesp.org.br\/?p=1708#breadcrumb\",\"itemListElement\":[{\"@type\":\"ListItem\",\"position\":1,\"name\":\"In\u00edcio\",\"item\":\"https:\/\/portalfadesp.org.br\/\"},{\"@type\":\"ListItem\",\"position\":2,\"name\":\"Novo Repartimento prorrogada inscri\u00e7\u00e3o de concurso\"}]},{\"@type\":\"WebSite\",\"@id\":\"https:\/\/portalfadesp.org.br\/#website\",\"url\":\"https:\/\/portalfadesp.org.br\/\",\"name\":\"FADESP\",\"description\":\"Funda\u00e7\u00e3o de Amparo e Desenvolvimento da Pesquisa\",\"publisher\":{\"@id\":\"https:\/\/portalfadesp.org.br\/#organization\"},\"potentialAction\":[{\"@type\":\"SearchAction\",\"target\":{\"@type\":\"EntryPoint\",\"urlTemplate\":\"https:\/\/portalfadesp.org.br\/?s={search_term_string}\"},\"query-input\":{\"@type\":\"PropertyValueSpecification\",\"valueRequired\":true,\"valueName\":\"search_term_string\"}}],\"inLanguage\":\"pt-BR\"},{\"@type\":\"Organization\",\"@id\":\"https:\/\/portalfadesp.org.br\/#organization\",\"name\":\"FADESP\",\"url\":\"https:\/\/portalfadesp.org.br\/\",\"logo\":{\"@type\":\"ImageObject\",\"inLanguage\":\"pt-BR\",\"@id\":\"https:\/\/portalfadesp.org.br\/#\/schema\/logo\/image\/\",\"url\":\"https:\/\/portalfadesp.org.br\/wp-content\/uploads\/2024\/01\/NOVOLOGOFADESPlaranjaH.png\",\"contentUrl\":\"https:\/\/portalfadesp.org.br\/wp-content\/uploads\/2024\/01\/NOVOLOGOFADESPlaranjaH.png\",\"width\":2742,\"height\":839,\"caption\":\"FADESP\"},\"image\":{\"@id\":\"https:\/\/portalfadesp.org.br\/#\/schema\/logo\/image\/\"},\"sameAs\":[\"https:\/\/www.facebook.com\/Fadesp-138351949524662\/\",\"https:\/\/x.com\/Fadesp\",\"https:\/\/www.instagram.com\/fadesp_ufpa\/\",\"https:\/\/www.youtube.com\/@fundacaodeamparoedesenvolv1903\",\"https:\/\/www.threads.net\/@fadesp_ufpa\"]},{\"@type\":\"Person\",\"@id\":\"https:\/\/portalfadesp.org.br\/#\/schema\/person\/dc2908bf250f3ccb8be775027b13735e\",\"name\":\"Raphael Pena\",\"image\":{\"@type\":\"ImageObject\",\"inLanguage\":\"pt-BR\",\"@id\":\"https:\/\/portalfadesp.org.br\/#\/schema\/person\/image\/\",\"url\":\"https:\/\/secure.gravatar.com\/avatar\/f6ed33c466a335cea1eeb716e9d8177b1ca19149f5fdbee566ad4873403cee8a?s=96&d=mm&r=g\",\"contentUrl\":\"https:\/\/secure.gravatar.com\/avatar\/f6ed33c466a335cea1eeb716e9d8177b1ca19149f5fdbee566ad4873403cee8a?s=96&d=mm&r=g\",\"caption\":\"Raphael Pena\"},\"url\":\"https:\/\/portalfadesp.org.br\/?author=9\"}]}<\/script>\n<!-- \/ Yoast SEO plugin. -->","yoast_head_json":{"title":"Novo Repartimento prorrogada inscri\u00e7\u00e3o de concurso - FADESP","robots":{"index":"index","follow":"follow","max-snippet":"max-snippet:-1","max-image-preview":"max-image-preview:large","max-video-preview":"max-video-preview:-1"},"canonical":"https:\/\/portalfadesp.org.br\/?p=1708","og_locale":"pt_BR","og_type":"article","og_title":"Novo Repartimento prorrogada inscri\u00e7\u00e3o de concurso - FADESP","og_description":"Novo Repartimento prorrogada inscri\u00e7\u00e3o de concurso A inscri\u00e7\u00e3o para o concurso p\u00fablico de Novo Repartimento vai at\u00e9 o dia 27 de janeiro de 2014, com pagamento do boleto agendado para o dia seguinte, 28.\u00a0A nova data tamb\u00e9m acarretou em outras mudan\u00e7as no certame anunciadas no\u00a0edital republicado, entre elas o n\u00famero de vagas, que foram ampliadas [&hellip;]","og_url":"https:\/\/portalfadesp.org.br\/?p=1708","og_site_name":"FADESP","article_publisher":"https:\/\/www.facebook.com\/Fadesp-138351949524662\/","article_published_time":"2019-05-28T17:35:25+00:00","article_modified_time":"2022-12-21T13:42:27+00:00","author":"Raphael Pena","twitter_card":"summary_large_image","twitter_creator":"@Fadesp","twitter_site":"@Fadesp","twitter_misc":{"Escrito por":"Raphael Pena","Est. tempo de leitura":"2 minutos"},"schema":{"@context":"https:\/\/schema.org","@graph":[{"@type":"Article","@id":"https:\/\/portalfadesp.org.br\/?p=1708#article","isPartOf":{"@id":"https:\/\/portalfadesp.org.br\/?p=1708"},"author":{"name":"Raphael Pena","@id":"https:\/\/portalfadesp.org.br\/#\/schema\/person\/dc2908bf250f3ccb8be775027b13735e"},"headline":"Novo Repartimento prorrogada inscri\u00e7\u00e3o de concurso","datePublished":"2019-05-28T17:35:25+00:00","dateModified":"2022-12-21T13:42:27+00:00","mainEntityOfPage":{"@id":"https:\/\/portalfadesp.org.br\/?p=1708"},"wordCount":313,"commentCount":0,"publisher":{"@id":"https:\/\/portalfadesp.org.br\/#organization"},"articleSection":["Geral"],"inLanguage":"pt-BR"},{"@type":"WebPage","@id":"https:\/\/portalfadesp.org.br\/?p=1708","url":"https:\/\/portalfadesp.org.br\/?p=1708","name":"Novo Repartimento prorrogada inscri\u00e7\u00e3o de concurso - FADESP","isPartOf":{"@id":"https:\/\/portalfadesp.org.br\/#website"},"datePublished":"2019-05-28T17:35:25+00:00","dateModified":"2022-12-21T13:42:27+00:00","breadcrumb":{"@id":"https:\/\/portalfadesp.org.br\/?p=1708#breadcrumb"},"inLanguage":"pt-BR","potentialAction":[{"@type":"ReadAction","target":["https:\/\/portalfadesp.org.br\/?p=1708"]}]},{"@type":"BreadcrumbList","@id":"https:\/\/portalfadesp.org.br\/?p=1708#breadcrumb","itemListElement":[{"@type":"ListItem","position":1,"name":"In\u00edcio","item":"https:\/\/portalfadesp.org.br\/"},{"@type":"ListItem","position":2,"name":"Novo Repartimento prorrogada inscri\u00e7\u00e3o de concurso"}]},{"@type":"WebSite","@id":"https:\/\/portalfadesp.org.br\/#website","url":"https:\/\/portalfadesp.org.br\/","name":"FADESP","description":"Funda\u00e7\u00e3o de Amparo e Desenvolvimento da Pesquisa","publisher":{"@id":"https:\/\/portalfadesp.org.br\/#organization"},"potentialAction":[{"@type":"SearchAction","target":{"@type":"EntryPoint","urlTemplate":"https:\/\/portalfadesp.org.br\/?s={search_term_string}"},"query-input":{"@type":"PropertyValueSpecification","valueRequired":true,"valueName":"search_term_string"}}],"inLanguage":"pt-BR"},{"@type":"Organization","@id":"https:\/\/portalfadesp.org.br\/#organization","name":"FADESP","url":"https:\/\/portalfadesp.org.br\/","logo":{"@type":"ImageObject","inLanguage":"pt-BR","@id":"https:\/\/portalfadesp.org.br\/#\/schema\/logo\/image\/","url":"https:\/\/portalfadesp.org.br\/wp-content\/uploads\/2024\/01\/NOVOLOGOFADESPlaranjaH.png","contentUrl":"https:\/\/portalfadesp.org.br\/wp-content\/uploads\/2024\/01\/NOVOLOGOFADESPlaranjaH.png","width":2742,"height":839,"caption":"FADESP"},"image":{"@id":"https:\/\/portalfadesp.org.br\/#\/schema\/logo\/image\/"},"sameAs":["https:\/\/www.facebook.com\/Fadesp-138351949524662\/","https:\/\/x.com\/Fadesp","https:\/\/www.instagram.com\/fadesp_ufpa\/","https:\/\/www.youtube.com\/@fundacaodeamparoedesenvolv1903","https:\/\/www.threads.net\/@fadesp_ufpa"]},{"@type":"Person","@id":"https:\/\/portalfadesp.org.br\/#\/schema\/person\/dc2908bf250f3ccb8be775027b13735e","name":"Raphael Pena","image":{"@type":"ImageObject","inLanguage":"pt-BR","@id":"https:\/\/portalfadesp.org.br\/#\/schema\/person\/image\/","url":"https:\/\/secure.gravatar.com\/avatar\/f6ed33c466a335cea1eeb716e9d8177b1ca19149f5fdbee566ad4873403cee8a?s=96&d=mm&r=g","contentUrl":"https:\/\/secure.gravatar.com\/avatar\/f6ed33c466a335cea1eeb716e9d8177b1ca19149f5fdbee566ad4873403cee8a?s=96&d=mm&r=g","caption":"Raphael Pena"},"url":"https:\/\/portalfadesp.org.br\/?author=9"}]}},"_links":{"self":[{"href":"https:\/\/portalfadesp.org.br\/index.php?rest_route=\/wp\/v2\/posts\/1708","targetHints":{"allow":["GET"]}}],"collection":[{"href":"https:\/\/portalfadesp.org.br\/index.php?rest_route=\/wp\/v2\/posts"}],"about":[{"href":"https:\/\/portalfadesp.org.br\/index.php?rest_route=\/wp\/v2\/types\/post"}],"author":[{"embeddable":true,"href":"https:\/\/portalfadesp.org.br\/index.php?rest_route=\/wp\/v2\/users\/9"}],"replies":[{"embeddable":true,"href":"https:\/\/portalfadesp.org.br\/index.php?rest_route=%2Fwp%2Fv2%2Fcomments&post=1708"}],"version-history":[{"count":6,"href":"https:\/\/portalfadesp.org.br\/index.php?rest_route=\/wp\/v2\/posts\/1708\/revisions"}],"predecessor-version":[{"id":37966,"href":"https:\/\/portalfadesp.org.br\/index.php?rest_route=\/wp\/v2\/posts\/1708\/revisions\/37966"}],"wp:attachment":[{"href":"https:\/\/portalfadesp.org.br\/index.php?rest_route=%2Fwp%2Fv2%2Fmedia&parent=1708"}],"wp:term":[{"taxonomy":"category","embeddable":true,"href":"https:\/\/portalfadesp.org.br\/index.php?rest_route=%2Fwp%2Fv2%2Fcategories&post=1708"},{"taxonomy":"post_tag","embeddable":true,"href":"https:\/\/portalfadesp.org.br\/index.php?rest_route=%2Fwp%2Fv2%2Ftags&post=1708"}],"curies":[{"name":"wp","href":"https:\/\/api.w.org\/{rel}","templated":true}]}}