{"id":1677,"date":"2019-05-28T14:25:05","date_gmt":"2019-05-28T17:25:05","guid":{"rendered":"https:\/\/162.215.13.167?p=1677"},"modified":"2021-01-05T13:54:14","modified_gmt":"2021-01-05T16:54:14","slug":"sai-resultado-final-de-mestrado-da-santa-casa","status":"publish","type":"post","link":"https:\/\/portalfadesp.org.br\/?p=1677","title":{"rendered":"Sai resultado final de mestrado da Santa Casa"},"content":{"rendered":"\t\t<div data-elementor-type=\"wp-post\" data-elementor-id=\"1677\" class=\"elementor elementor-1677 elementor-bc-flex-widget\" data-elementor-post-type=\"post\">\n\t\t\t\t\t\t<section class=\"elementor-section elementor-top-section elementor-element elementor-element-33135f33 elementor-section-boxed elementor-section-height-default elementor-section-height-default\" data-id=\"33135f33\" data-element_type=\"section\">\n\t\t\t\t\t\t<div class=\"elementor-container elementor-column-gap-default\">\n\t\t\t\t\t<div class=\"elementor-column elementor-col-100 elementor-top-column elementor-element elementor-element-29fe0752\" data-id=\"29fe0752\" data-element_type=\"column\">\n\t\t\t<div class=\"elementor-widget-wrap elementor-element-populated\">\n\t\t\t\t\t\t<div class=\"elementor-element elementor-element-38ca6226 elementor-widget elementor-widget-heading\" data-id=\"38ca6226\" data-element_type=\"widget\" data-widget_type=\"heading.default\">\n\t\t\t\t<div class=\"elementor-widget-container\">\n\t\t\t\t\t<h2 class=\"elementor-heading-title elementor-size-default\">Tecnologia associa agricultura, pecu\u00e1ria e reflorestamento<\/h2>\t\t\t\t<\/div>\n\t\t\t\t<\/div>\n\t\t\t\t\t<\/div>\n\t\t<\/div>\n\t\t\t\t\t<\/div>\n\t\t<\/section>\n\t\t\t\t<section class=\"elementor-section elementor-top-section elementor-element elementor-element-736f731b elementor-section-boxed elementor-section-height-default elementor-section-height-default\" data-id=\"736f731b\" data-element_type=\"section\">\n\t\t\t\t\t\t<div class=\"elementor-container elementor-column-gap-default\">\n\t\t\t\t\t<div class=\"elementor-column elementor-col-100 elementor-top-column elementor-element elementor-element-4ffee096\" data-id=\"4ffee096\" data-element_type=\"column\">\n\t\t\t<div class=\"elementor-widget-wrap elementor-element-populated\">\n\t\t\t\t\t\t<div class=\"elementor-element elementor-element-2aecac83 elementor-widget elementor-widget-text-editor\" data-id=\"2aecac83\" data-element_type=\"widget\" data-widget_type=\"text-editor.default\">\n\t\t\t\t<div class=\"elementor-widget-container\">\n\t\t\t\t\t\t\t\t\t<div id=\"texto\"><p><span style=\"color: #000000;\">O primeiro &#8220;Ciclo de Divulga\u00e7\u00e3o das Pesquisas Apoiadas pelo Banco da Amaz\u00f4nia&#8221; abordou o projeto Integra\u00e7\u00e3o Lavoura-Pecu\u00e1ria-Floresta (ILPF), desenvolvido em parceria com a Embrapa e a Fadesp.<\/span><\/p><p><span style=\"color: #000000;\">O evento foi criado pelo Banco da Amaz\u00f4nia para dar mais visibilidade aos resultados dos projetos financiados pela institui\u00e7\u00e3o, atrav\u00e9s das linhas voltadas \u00e0 pesquisa, ci\u00eancia, tecnologia e inova\u00e7\u00e3o.<\/span><\/p><p><span style=\"color: #000000;\">O ciclo foi realizado no audit\u00f3rio da Embrapa Amaz\u00f4nia Oriental, em Bel\u00e9m, reunindo cerca de 60 pessoas, entre pesquisadores e produtores.<\/span><\/p><p><span style=\"color: #000000;\">A plat\u00e9ia p\u00f4de conhecer um pouco mais sobre o ILPF, projeto desenvolvido no Par\u00e1, Acre e Rond\u00f4nia desde abril de 2009, sendo que os munic\u00edpios paraenses abrangidos s\u00e3o Belterra, Xinguara e Paragominas.<\/span><\/p><p><span style=\"color: #000000;\">A pesquisadora da Embrapa respons\u00e1vel pelo projeto no Par\u00e1, Gladys Martinez, explicou que o objetivo principal do projeto \u00e9 recuperar o solo exaurido pelas atividades de explora\u00e7\u00e3o, seja agr\u00edcola ou pecu\u00e1ria.<\/span><\/p><p><span style=\"color: #000000;\">A recupera\u00e7\u00e3o \u00e9 feita atrav\u00e9s de tecnologias que permitem a an\u00e1lise do terreno e a identifica\u00e7\u00e3o das culturas (milho, arroz, etc.) a serem trabalhadas em conjunto com a pecu\u00e1ria e reflorestamento. \u00c9 definido um ciclo produtivo que faz com que o solo possa se regenerar.<\/span><\/p><p><span style=\"color: #000000;\">O resultado \u00e9 bom tanto para o meio ambiente quanto para a produ\u00e7\u00e3o, porque impede o avan\u00e7o sobre mais \u00e1reas florestais, diversifica e aumenta o empreendimento do produtor.<\/span><\/p><p><span style=\"color: #000000;\">Gladyz explicou, ainda, que as tecnologias s\u00e3o trabalhadas a partir das Unidades de Refer\u00eancia Tecnol\u00f3gica (URT) montadas nos munic\u00edpios e difundidas atrav\u00e9s de cursos, palestras, visitas t\u00e9cnicas e idas ao campo.<\/span><\/p><p><span style=\"color: #000000;\">Para refor\u00e7ar a import\u00e2ncia dos investimentos feitos no projeto, ela citou dados do IBGE, 2006, que apontam a exist\u00eancia de 1,8 milh\u00e3o de hectares de pastagens dispon\u00edveis para a implanta\u00e7\u00e3o de novos sistemas produtivos.<\/span><\/p><\/div><div id=\"controles_base\"><div id=\"ctrl_bot_print\">\u00a0<\/div><div id=\"ctrl_bot_mail\">\u00a0<\/div><div id=\"ctrl_bot_facebook_2\"><div class=\"fb-like fb_iframe_widget\" data-href=\"http:\/\/fadesp.mentorhost.com.br\/exibe_noticias.asp?id_noticia=25890\" data-send=\"true\" data-width=\"450\" data-show-faces=\"true\" data-action=\"recommend\">\u00a0<\/div><\/div><\/div>\t\t\t\t\t\t\t\t<\/div>\n\t\t\t\t<\/div>\n\t\t\t\t\t<\/div>\n\t\t<\/div>\n\t\t\t\t\t<\/div>\n\t\t<\/section>\n\t\t\t\t<\/div>\n\t\t","protected":false},"excerpt":{"rendered":"<p>Tecnologia associa agricultura, pecu\u00e1ria e reflorestamento O primeiro &#8220;Ciclo de Divulga\u00e7\u00e3o das Pesquisas Apoiadas pelo Banco da Amaz\u00f4nia&#8221; abordou o projeto Integra\u00e7\u00e3o Lavoura-Pecu\u00e1ria-Floresta (ILPF), desenvolvido em parceria com a Embrapa e a Fadesp. O evento foi criado pelo Banco da Amaz\u00f4nia para dar mais visibilidade aos resultados dos projetos financiados pela institui\u00e7\u00e3o, atrav\u00e9s das linhas [&hellip;]<\/p>\n","protected":false},"author":9,"featured_media":0,"comment_status":"open","ping_status":"open","sticky":false,"template":"","format":"standard","meta":{"_monsterinsights_skip_tracking":false,"_monsterinsights_sitenote_active":false,"_monsterinsights_sitenote_note":"","_monsterinsights_sitenote_category":0,"footnotes":""},"categories":[1],"tags":[],"class_list":["post-1677","post","type-post","status-publish","format-standard","hentry","category-geral","entry"],"yoast_head":"<!-- This site is optimized with the Yoast SEO plugin v25.1 - https:\/\/yoast.com\/wordpress\/plugins\/seo\/ -->\n<title>Sai resultado final de mestrado da Santa Casa - FADESP<\/title>\n<meta name=\"robots\" content=\"index, follow, max-snippet:-1, max-image-preview:large, max-video-preview:-1\" \/>\n<link rel=\"canonical\" href=\"https:\/\/portalfadesp.org.br\/?p=1677\" \/>\n<meta property=\"og:locale\" content=\"pt_BR\" \/>\n<meta property=\"og:type\" content=\"article\" \/>\n<meta property=\"og:title\" content=\"Sai resultado final de mestrado da Santa Casa - FADESP\" \/>\n<meta property=\"og:description\" content=\"Tecnologia associa agricultura, pecu\u00e1ria e reflorestamento O primeiro &#8220;Ciclo de Divulga\u00e7\u00e3o das Pesquisas Apoiadas pelo Banco da Amaz\u00f4nia&#8221; abordou o projeto Integra\u00e7\u00e3o Lavoura-Pecu\u00e1ria-Floresta (ILPF), desenvolvido em parceria com a Embrapa e a Fadesp. O evento foi criado pelo Banco da Amaz\u00f4nia para dar mais visibilidade aos resultados dos projetos financiados pela institui\u00e7\u00e3o, atrav\u00e9s das linhas [&hellip;]\" \/>\n<meta property=\"og:url\" content=\"https:\/\/portalfadesp.org.br\/?p=1677\" \/>\n<meta property=\"og:site_name\" content=\"FADESP\" \/>\n<meta property=\"article:publisher\" content=\"https:\/\/www.facebook.com\/Fadesp-138351949524662\/\" \/>\n<meta property=\"article:published_time\" content=\"2019-05-28T17:25:05+00:00\" \/>\n<meta property=\"article:modified_time\" content=\"2021-01-05T16:54:14+00:00\" \/>\n<meta name=\"author\" content=\"Raphael Pena\" \/>\n<meta name=\"twitter:card\" content=\"summary_large_image\" \/>\n<meta name=\"twitter:creator\" content=\"@Fadesp\" \/>\n<meta name=\"twitter:site\" content=\"@Fadesp\" \/>\n<meta name=\"twitter:label1\" content=\"Escrito por\" \/>\n\t<meta name=\"twitter:data1\" content=\"Raphael Pena\" \/>\n\t<meta name=\"twitter:label2\" content=\"Est. tempo de leitura\" \/>\n\t<meta name=\"twitter:data2\" content=\"2 minutos\" \/>\n<script type=\"application\/ld+json\" class=\"yoast-schema-graph\">{\"@context\":\"https:\/\/schema.org\",\"@graph\":[{\"@type\":\"Article\",\"@id\":\"https:\/\/portalfadesp.org.br\/?p=1677#article\",\"isPartOf\":{\"@id\":\"https:\/\/portalfadesp.org.br\/?p=1677\"},\"author\":{\"name\":\"Raphael Pena\",\"@id\":\"https:\/\/portalfadesp.org.br\/#\/schema\/person\/dc2908bf250f3ccb8be775027b13735e\"},\"headline\":\"Sai resultado final de mestrado da Santa Casa\",\"datePublished\":\"2019-05-28T17:25:05+00:00\",\"dateModified\":\"2021-01-05T16:54:14+00:00\",\"mainEntityOfPage\":{\"@id\":\"https:\/\/portalfadesp.org.br\/?p=1677\"},\"wordCount\":324,\"commentCount\":0,\"publisher\":{\"@id\":\"https:\/\/portalfadesp.org.br\/#organization\"},\"articleSection\":[\"Geral\"],\"inLanguage\":\"pt-BR\"},{\"@type\":\"WebPage\",\"@id\":\"https:\/\/portalfadesp.org.br\/?p=1677\",\"url\":\"https:\/\/portalfadesp.org.br\/?p=1677\",\"name\":\"Sai resultado final de mestrado da Santa Casa - FADESP\",\"isPartOf\":{\"@id\":\"https:\/\/portalfadesp.org.br\/#website\"},\"datePublished\":\"2019-05-28T17:25:05+00:00\",\"dateModified\":\"2021-01-05T16:54:14+00:00\",\"breadcrumb\":{\"@id\":\"https:\/\/portalfadesp.org.br\/?p=1677#breadcrumb\"},\"inLanguage\":\"pt-BR\",\"potentialAction\":[{\"@type\":\"ReadAction\",\"target\":[\"https:\/\/portalfadesp.org.br\/?p=1677\"]}]},{\"@type\":\"BreadcrumbList\",\"@id\":\"https:\/\/portalfadesp.org.br\/?p=1677#breadcrumb\",\"itemListElement\":[{\"@type\":\"ListItem\",\"position\":1,\"name\":\"In\u00edcio\",\"item\":\"https:\/\/portalfadesp.org.br\/\"},{\"@type\":\"ListItem\",\"position\":2,\"name\":\"Sai resultado final de mestrado da Santa Casa\"}]},{\"@type\":\"WebSite\",\"@id\":\"https:\/\/portalfadesp.org.br\/#website\",\"url\":\"https:\/\/portalfadesp.org.br\/\",\"name\":\"FADESP\",\"description\":\"Funda\u00e7\u00e3o de Amparo e Desenvolvimento da Pesquisa\",\"publisher\":{\"@id\":\"https:\/\/portalfadesp.org.br\/#organization\"},\"potentialAction\":[{\"@type\":\"SearchAction\",\"target\":{\"@type\":\"EntryPoint\",\"urlTemplate\":\"https:\/\/portalfadesp.org.br\/?s={search_term_string}\"},\"query-input\":{\"@type\":\"PropertyValueSpecification\",\"valueRequired\":true,\"valueName\":\"search_term_string\"}}],\"inLanguage\":\"pt-BR\"},{\"@type\":\"Organization\",\"@id\":\"https:\/\/portalfadesp.org.br\/#organization\",\"name\":\"FADESP\",\"url\":\"https:\/\/portalfadesp.org.br\/\",\"logo\":{\"@type\":\"ImageObject\",\"inLanguage\":\"pt-BR\",\"@id\":\"https:\/\/portalfadesp.org.br\/#\/schema\/logo\/image\/\",\"url\":\"https:\/\/portalfadesp.org.br\/wp-content\/uploads\/2024\/01\/NOVOLOGOFADESPlaranjaH.png\",\"contentUrl\":\"https:\/\/portalfadesp.org.br\/wp-content\/uploads\/2024\/01\/NOVOLOGOFADESPlaranjaH.png\",\"width\":2742,\"height\":839,\"caption\":\"FADESP\"},\"image\":{\"@id\":\"https:\/\/portalfadesp.org.br\/#\/schema\/logo\/image\/\"},\"sameAs\":[\"https:\/\/www.facebook.com\/Fadesp-138351949524662\/\",\"https:\/\/x.com\/Fadesp\",\"https:\/\/www.instagram.com\/fadesp_ufpa\/\",\"https:\/\/www.youtube.com\/@fundacaodeamparoedesenvolv1903\",\"https:\/\/www.threads.net\/@fadesp_ufpa\"]},{\"@type\":\"Person\",\"@id\":\"https:\/\/portalfadesp.org.br\/#\/schema\/person\/dc2908bf250f3ccb8be775027b13735e\",\"name\":\"Raphael Pena\",\"image\":{\"@type\":\"ImageObject\",\"inLanguage\":\"pt-BR\",\"@id\":\"https:\/\/portalfadesp.org.br\/#\/schema\/person\/image\/\",\"url\":\"https:\/\/secure.gravatar.com\/avatar\/f6ed33c466a335cea1eeb716e9d8177b1ca19149f5fdbee566ad4873403cee8a?s=96&d=mm&r=g\",\"contentUrl\":\"https:\/\/secure.gravatar.com\/avatar\/f6ed33c466a335cea1eeb716e9d8177b1ca19149f5fdbee566ad4873403cee8a?s=96&d=mm&r=g\",\"caption\":\"Raphael Pena\"},\"url\":\"https:\/\/portalfadesp.org.br\/?author=9\"}]}<\/script>\n<!-- \/ Yoast SEO plugin. -->","yoast_head_json":{"title":"Sai resultado final de mestrado da Santa Casa - FADESP","robots":{"index":"index","follow":"follow","max-snippet":"max-snippet:-1","max-image-preview":"max-image-preview:large","max-video-preview":"max-video-preview:-1"},"canonical":"https:\/\/portalfadesp.org.br\/?p=1677","og_locale":"pt_BR","og_type":"article","og_title":"Sai resultado final de mestrado da Santa Casa - FADESP","og_description":"Tecnologia associa agricultura, pecu\u00e1ria e reflorestamento O primeiro &#8220;Ciclo de Divulga\u00e7\u00e3o das Pesquisas Apoiadas pelo Banco da Amaz\u00f4nia&#8221; abordou o projeto Integra\u00e7\u00e3o Lavoura-Pecu\u00e1ria-Floresta (ILPF), desenvolvido em parceria com a Embrapa e a Fadesp. O evento foi criado pelo Banco da Amaz\u00f4nia para dar mais visibilidade aos resultados dos projetos financiados pela institui\u00e7\u00e3o, atrav\u00e9s das linhas [&hellip;]","og_url":"https:\/\/portalfadesp.org.br\/?p=1677","og_site_name":"FADESP","article_publisher":"https:\/\/www.facebook.com\/Fadesp-138351949524662\/","article_published_time":"2019-05-28T17:25:05+00:00","article_modified_time":"2021-01-05T16:54:14+00:00","author":"Raphael Pena","twitter_card":"summary_large_image","twitter_creator":"@Fadesp","twitter_site":"@Fadesp","twitter_misc":{"Escrito por":"Raphael Pena","Est. tempo de leitura":"2 minutos"},"schema":{"@context":"https:\/\/schema.org","@graph":[{"@type":"Article","@id":"https:\/\/portalfadesp.org.br\/?p=1677#article","isPartOf":{"@id":"https:\/\/portalfadesp.org.br\/?p=1677"},"author":{"name":"Raphael Pena","@id":"https:\/\/portalfadesp.org.br\/#\/schema\/person\/dc2908bf250f3ccb8be775027b13735e"},"headline":"Sai resultado final de mestrado da Santa Casa","datePublished":"2019-05-28T17:25:05+00:00","dateModified":"2021-01-05T16:54:14+00:00","mainEntityOfPage":{"@id":"https:\/\/portalfadesp.org.br\/?p=1677"},"wordCount":324,"commentCount":0,"publisher":{"@id":"https:\/\/portalfadesp.org.br\/#organization"},"articleSection":["Geral"],"inLanguage":"pt-BR"},{"@type":"WebPage","@id":"https:\/\/portalfadesp.org.br\/?p=1677","url":"https:\/\/portalfadesp.org.br\/?p=1677","name":"Sai resultado final de mestrado da Santa Casa - FADESP","isPartOf":{"@id":"https:\/\/portalfadesp.org.br\/#website"},"datePublished":"2019-05-28T17:25:05+00:00","dateModified":"2021-01-05T16:54:14+00:00","breadcrumb":{"@id":"https:\/\/portalfadesp.org.br\/?p=1677#breadcrumb"},"inLanguage":"pt-BR","potentialAction":[{"@type":"ReadAction","target":["https:\/\/portalfadesp.org.br\/?p=1677"]}]},{"@type":"BreadcrumbList","@id":"https:\/\/portalfadesp.org.br\/?p=1677#breadcrumb","itemListElement":[{"@type":"ListItem","position":1,"name":"In\u00edcio","item":"https:\/\/portalfadesp.org.br\/"},{"@type":"ListItem","position":2,"name":"Sai resultado final de mestrado da Santa Casa"}]},{"@type":"WebSite","@id":"https:\/\/portalfadesp.org.br\/#website","url":"https:\/\/portalfadesp.org.br\/","name":"FADESP","description":"Funda\u00e7\u00e3o de Amparo e Desenvolvimento da Pesquisa","publisher":{"@id":"https:\/\/portalfadesp.org.br\/#organization"},"potentialAction":[{"@type":"SearchAction","target":{"@type":"EntryPoint","urlTemplate":"https:\/\/portalfadesp.org.br\/?s={search_term_string}"},"query-input":{"@type":"PropertyValueSpecification","valueRequired":true,"valueName":"search_term_string"}}],"inLanguage":"pt-BR"},{"@type":"Organization","@id":"https:\/\/portalfadesp.org.br\/#organization","name":"FADESP","url":"https:\/\/portalfadesp.org.br\/","logo":{"@type":"ImageObject","inLanguage":"pt-BR","@id":"https:\/\/portalfadesp.org.br\/#\/schema\/logo\/image\/","url":"https:\/\/portalfadesp.org.br\/wp-content\/uploads\/2024\/01\/NOVOLOGOFADESPlaranjaH.png","contentUrl":"https:\/\/portalfadesp.org.br\/wp-content\/uploads\/2024\/01\/NOVOLOGOFADESPlaranjaH.png","width":2742,"height":839,"caption":"FADESP"},"image":{"@id":"https:\/\/portalfadesp.org.br\/#\/schema\/logo\/image\/"},"sameAs":["https:\/\/www.facebook.com\/Fadesp-138351949524662\/","https:\/\/x.com\/Fadesp","https:\/\/www.instagram.com\/fadesp_ufpa\/","https:\/\/www.youtube.com\/@fundacaodeamparoedesenvolv1903","https:\/\/www.threads.net\/@fadesp_ufpa"]},{"@type":"Person","@id":"https:\/\/portalfadesp.org.br\/#\/schema\/person\/dc2908bf250f3ccb8be775027b13735e","name":"Raphael Pena","image":{"@type":"ImageObject","inLanguage":"pt-BR","@id":"https:\/\/portalfadesp.org.br\/#\/schema\/person\/image\/","url":"https:\/\/secure.gravatar.com\/avatar\/f6ed33c466a335cea1eeb716e9d8177b1ca19149f5fdbee566ad4873403cee8a?s=96&d=mm&r=g","contentUrl":"https:\/\/secure.gravatar.com\/avatar\/f6ed33c466a335cea1eeb716e9d8177b1ca19149f5fdbee566ad4873403cee8a?s=96&d=mm&r=g","caption":"Raphael Pena"},"url":"https:\/\/portalfadesp.org.br\/?author=9"}]}},"_links":{"self":[{"href":"https:\/\/portalfadesp.org.br\/index.php?rest_route=\/wp\/v2\/posts\/1677","targetHints":{"allow":["GET"]}}],"collection":[{"href":"https:\/\/portalfadesp.org.br\/index.php?rest_route=\/wp\/v2\/posts"}],"about":[{"href":"https:\/\/portalfadesp.org.br\/index.php?rest_route=\/wp\/v2\/types\/post"}],"author":[{"embeddable":true,"href":"https:\/\/portalfadesp.org.br\/index.php?rest_route=\/wp\/v2\/users\/9"}],"replies":[{"embeddable":true,"href":"https:\/\/portalfadesp.org.br\/index.php?rest_route=%2Fwp%2Fv2%2Fcomments&post=1677"}],"version-history":[{"count":3,"href":"https:\/\/portalfadesp.org.br\/index.php?rest_route=\/wp\/v2\/posts\/1677\/revisions"}],"predecessor-version":[{"id":12722,"href":"https:\/\/portalfadesp.org.br\/index.php?rest_route=\/wp\/v2\/posts\/1677\/revisions\/12722"}],"wp:attachment":[{"href":"https:\/\/portalfadesp.org.br\/index.php?rest_route=%2Fwp%2Fv2%2Fmedia&parent=1677"}],"wp:term":[{"taxonomy":"category","embeddable":true,"href":"https:\/\/portalfadesp.org.br\/index.php?rest_route=%2Fwp%2Fv2%2Fcategories&post=1677"},{"taxonomy":"post_tag","embeddable":true,"href":"https:\/\/portalfadesp.org.br\/index.php?rest_route=%2Fwp%2Fv2%2Ftags&post=1677"}],"curies":[{"name":"wp","href":"https:\/\/api.w.org\/{rel}","templated":true}]}}