{"id":1675,"date":"2019-05-28T14:16:13","date_gmt":"2019-05-28T17:16:13","guid":{"rendered":"https:\/\/162.215.13.167?p=1675"},"modified":"2021-01-05T13:54:30","modified_gmt":"2021-01-05T16:54:30","slug":"aberta-selecao-para-candidatos-a-conselheiro-tutelar-de-ananindeua","status":"publish","type":"post","link":"https:\/\/portalfadesp.org.br\/?p=1675","title":{"rendered":"Aberta sele\u00e7\u00e3o para candidatos a conselheiro tutelar de Ananindeua"},"content":{"rendered":"\t\t<div data-elementor-type=\"wp-post\" data-elementor-id=\"1675\" class=\"elementor elementor-1675 elementor-bc-flex-widget\" data-elementor-post-type=\"post\">\n\t\t\t\t\t\t<section class=\"elementor-section elementor-top-section elementor-element elementor-element-4ba9b4b7 elementor-section-boxed elementor-section-height-default elementor-section-height-default\" data-id=\"4ba9b4b7\" data-element_type=\"section\">\n\t\t\t\t\t\t<div class=\"elementor-container elementor-column-gap-default\">\n\t\t\t\t\t<div class=\"elementor-column elementor-col-100 elementor-top-column elementor-element elementor-element-568a1951\" data-id=\"568a1951\" data-element_type=\"column\">\n\t\t\t<div class=\"elementor-widget-wrap elementor-element-populated\">\n\t\t\t\t\t\t<div class=\"elementor-element elementor-element-374b768d elementor-widget elementor-widget-heading\" data-id=\"374b768d\" data-element_type=\"widget\" data-widget_type=\"heading.default\">\n\t\t\t\t<div class=\"elementor-widget-container\">\n\t\t\t\t\t<h2 class=\"elementor-heading-title elementor-size-default\">Aberta sele\u00e7\u00e3o para candidatos a conselheiro tutelar de Ananindeua<\/h2>\t\t\t\t<\/div>\n\t\t\t\t<\/div>\n\t\t\t\t\t<\/div>\n\t\t<\/div>\n\t\t\t\t\t<\/div>\n\t\t<\/section>\n\t\t\t\t<section class=\"elementor-section elementor-top-section elementor-element elementor-element-42945c6c elementor-section-boxed elementor-section-height-default elementor-section-height-default\" data-id=\"42945c6c\" data-element_type=\"section\">\n\t\t\t\t\t\t<div class=\"elementor-container elementor-column-gap-default\">\n\t\t\t\t\t<div class=\"elementor-column elementor-col-100 elementor-top-column elementor-element elementor-element-7ef4b601\" data-id=\"7ef4b601\" data-element_type=\"column\">\n\t\t\t<div class=\"elementor-widget-wrap elementor-element-populated\">\n\t\t\t\t\t\t<div class=\"elementor-element elementor-element-97ce5b3 elementor-widget elementor-widget-text-editor\" data-id=\"97ce5b3\" data-element_type=\"widget\" data-widget_type=\"text-editor.default\">\n\t\t\t\t<div class=\"elementor-widget-container\">\n\t\t\t\t\t\t\t\t\t<p><span style=\"color: #000000;\">A Fadesp aplicar\u00e1 provas e avalia\u00e7\u00e3o psicol\u00f3gica do processo que selecionar\u00e1 os candidatos a membros do Conselho dos Direitos da Crian\u00e7a e do Adolescente de Ananindeua (Comdica). Os escolhidos concorrer\u00e3o \u00e0 elei\u00e7\u00e3o a ser realizada no munic\u00edpio, em janeiro de 2014.<\/span><\/p><p><span style=\"color: #000000;\">As inscri\u00e7\u00f5es ser\u00e3o realizadas at\u00e9 o dia 25 deste m\u00eas de outubro, de segunda \u00e0 sexta-feira (exceto feriados), das 8h \u00e0s 14h, na sede do Comdica, que fica no conjunto Cidade Nova II, travessa WE 20, n\u00ba 221, bairro do Coqueiro. Tudo sobre a sele\u00e7\u00e3o pode ser conferido na se\u00e7\u00e3o concursos.<\/span><\/p><p><span style=\"color: #000000;\">No ato da inscri\u00e7\u00e3o, \u00e9 preciso apresentar documento de identidade com foto, t\u00edtulo de eleitor com comprovante de vota\u00e7\u00e3o na \u00faltima elei\u00e7\u00e3o, comprovantes de escolaridade e de resid\u00eancia em Ananindeua.<\/span><\/p><p><span style=\"color: #000000;\">Deve, ainda, apresentar atestado de antecedentes criminais estadual (Tribunal de Justi\u00e7a do Estado ou Pol\u00edcia Civil) e federal (Tribunal Regional Federal), certificado ou declara\u00e7\u00e3o de participa\u00e7\u00e3o em cursos, semin\u00e1rios ou jornadas de estudo referentes ao Estatuto da Crian\u00e7a e do Adolescente (ECA).<\/span><\/p><p><span style=\"color: #000000;\">A inscri\u00e7\u00e3o exige tamb\u00e9m documento comprobat\u00f3rio de efetivo trabalho com crian\u00e7as e adolescentes ou em defesa do cidad\u00e3o, de no m\u00ednimo dois anos.<\/span><\/p><p><span style=\"color: #000000;\">A rela\u00e7\u00e3o das inscri\u00e7\u00f5es deferidas ser\u00e1 divulgada no dia 30 de outubro, nos quadros de aviso do Comdica e no Di\u00e1rio Oficial do Munic\u00edpio. De 31 de outubro a 1 de novembro, qualquer cidad\u00e3o poder\u00e1 pedir a impugna\u00e7\u00e3o de qualquer inscri\u00e7\u00e3o deferida.<\/span><\/p><p><span style=\"color: #000000;\">Na resolu\u00e7\u00e3o 013\/2013, est\u00e3o previstos prazos para recursos. No dia 12 de novembro, ap\u00f3s a an\u00e1lise desses casos, ser\u00e1 publicado o resultado final.<\/span><\/p><p><span style=\"color: #000000;\">Os selecionados ser\u00e3o submetidos \u00e0 prova objetiva, composta de 20 quest\u00f5es sobre a legisla\u00e7\u00e3o do ECA, mais reda\u00e7\u00e3o, na data prov\u00e1vel de 17 de novembro. Quem obtiver a partir de 70% de acertos das quest\u00f5es objetivas ser\u00e1 classificado para a avalia\u00e7\u00e3o psicol\u00f3gica.<\/span><\/p><p><span style=\"color: #000000;\">Os aprovados disputar\u00e3o a elei\u00e7\u00e3o a ser realizada no dia 12 de janeiro de 2014, das 8h30 \u00e0s 17h. Cada eleitor (qualquer cidad\u00e3o maior de 16 anos) poder\u00e1 votar em at\u00e9 cinco candidatos. Ser\u00e3o eleitos quatro, mais dez suplentes para cada um.<\/span><\/p><p><span style=\"color: #000000;\">Requisitos para se candidatar<\/span><\/p><p><span style=\"color: #000000;\">-Morar em Ananindeua e ter 21 anos de idade ou mais.<\/span><\/p><p><span style=\"color: #000000;\">-Estar em dia com a Justi\u00e7a Eleitoral<\/span><\/p><p><span style=\"color: #000000;\">-Ter efetivo trabalho com crian\u00e7as e adolescentes ou defesa do cidad\u00e3o, de no m\u00ednimo dois anos.<\/span><\/p><p><span style=\"color: #000000;\">-Ter participado de cursos, semin\u00e1rios ou jornadas de estudo sobre o ECA.<\/span><\/p><p><span style=\"color: #000000;\">-Ser aprovado na prova objetiva, de reda\u00e7\u00e3o e teste psicol\u00f3gico.<\/span><\/p><p><span style=\"color: #000000;\">-N\u00e3o ter sido destitu\u00eddo da fun\u00e7\u00e3o de conselheiro tutelar nos \u00faltimos cinco anos.<\/span><\/p><p><span style=\"color: #000000;\">-N\u00e3o ter sido condenado judicialmente.<\/span><\/p><p><span style=\"color: #000000;\">-Residir ou exercer atividade comprovada com crian\u00e7a e adolescente ou defesa do cidad\u00e3o na microrregi\u00e3o a qual pretende concorrer.<\/span><\/p><p><span style=\"color: #000000;\">Ser aprovado na prova objetiva, de reda\u00e7\u00e3o e teste psicol\u00f3gico.<\/span><\/p><p><span style=\"color: #000000;\">N\u00e3o ter sido destitu\u00eddo da fun\u00e7\u00e3o de conselheiro tutelar nos \u00faltimos cinco anos.<\/span><\/p><p><span style=\"color: #000000;\">N\u00e3o ter sido condenado judicialmente.<\/span><\/p><p><span style=\"color: #000000;\">Residir ou exercer atividade comprovada com crian\u00e7a e adolescente ou defesa do cidad\u00e3o na microrregi\u00e3o a qual pretende concorrer.<\/span><\/p>\t\t\t\t\t\t\t\t<\/div>\n\t\t\t\t<\/div>\n\t\t\t\t\t<\/div>\n\t\t<\/div>\n\t\t\t\t\t<\/div>\n\t\t<\/section>\n\t\t\t\t<\/div>\n\t\t","protected":false},"excerpt":{"rendered":"<p>Aberta sele\u00e7\u00e3o para candidatos a conselheiro tutelar de Ananindeua A Fadesp aplicar\u00e1 provas e avalia\u00e7\u00e3o psicol\u00f3gica do processo que selecionar\u00e1 os candidatos a membros do Conselho dos Direitos da Crian\u00e7a e do Adolescente de Ananindeua (Comdica). Os escolhidos concorrer\u00e3o \u00e0 elei\u00e7\u00e3o a ser realizada no munic\u00edpio, em janeiro de 2014. As inscri\u00e7\u00f5es ser\u00e3o realizadas at\u00e9 [&hellip;]<\/p>\n","protected":false},"author":9,"featured_media":0,"comment_status":"open","ping_status":"open","sticky":false,"template":"","format":"standard","meta":{"_monsterinsights_skip_tracking":false,"_monsterinsights_sitenote_active":false,"_monsterinsights_sitenote_note":"","_monsterinsights_sitenote_category":0,"footnotes":""},"categories":[1],"tags":[],"class_list":["post-1675","post","type-post","status-publish","format-standard","hentry","category-geral","entry"],"yoast_head":"<!-- This site is optimized with the Yoast SEO plugin v25.1 - https:\/\/yoast.com\/wordpress\/plugins\/seo\/ -->\n<title>Aberta sele\u00e7\u00e3o para candidatos a conselheiro tutelar de Ananindeua - FADESP<\/title>\n<meta name=\"robots\" content=\"index, follow, max-snippet:-1, max-image-preview:large, max-video-preview:-1\" \/>\n<link rel=\"canonical\" href=\"https:\/\/portalfadesp.org.br\/?p=1675\" \/>\n<meta property=\"og:locale\" content=\"pt_BR\" \/>\n<meta property=\"og:type\" content=\"article\" \/>\n<meta property=\"og:title\" content=\"Aberta sele\u00e7\u00e3o para candidatos a conselheiro tutelar de Ananindeua - FADESP\" \/>\n<meta property=\"og:description\" content=\"Aberta sele\u00e7\u00e3o para candidatos a conselheiro tutelar de Ananindeua A Fadesp aplicar\u00e1 provas e avalia\u00e7\u00e3o psicol\u00f3gica do processo que selecionar\u00e1 os candidatos a membros do Conselho dos Direitos da Crian\u00e7a e do Adolescente de Ananindeua (Comdica). Os escolhidos concorrer\u00e3o \u00e0 elei\u00e7\u00e3o a ser realizada no munic\u00edpio, em janeiro de 2014. As inscri\u00e7\u00f5es ser\u00e3o realizadas at\u00e9 [&hellip;]\" \/>\n<meta property=\"og:url\" content=\"https:\/\/portalfadesp.org.br\/?p=1675\" \/>\n<meta property=\"og:site_name\" content=\"FADESP\" \/>\n<meta property=\"article:publisher\" content=\"https:\/\/www.facebook.com\/Fadesp-138351949524662\/\" \/>\n<meta property=\"article:published_time\" content=\"2019-05-28T17:16:13+00:00\" \/>\n<meta property=\"article:modified_time\" content=\"2021-01-05T16:54:30+00:00\" \/>\n<meta name=\"author\" content=\"Raphael Pena\" \/>\n<meta name=\"twitter:card\" content=\"summary_large_image\" \/>\n<meta name=\"twitter:creator\" content=\"@Fadesp\" \/>\n<meta name=\"twitter:site\" content=\"@Fadesp\" \/>\n<meta name=\"twitter:label1\" content=\"Escrito por\" \/>\n\t<meta name=\"twitter:data1\" content=\"Raphael Pena\" \/>\n\t<meta name=\"twitter:label2\" content=\"Est. tempo de leitura\" \/>\n\t<meta name=\"twitter:data2\" content=\"3 minutos\" \/>\n<script type=\"application\/ld+json\" class=\"yoast-schema-graph\">{\"@context\":\"https:\/\/schema.org\",\"@graph\":[{\"@type\":\"Article\",\"@id\":\"https:\/\/portalfadesp.org.br\/?p=1675#article\",\"isPartOf\":{\"@id\":\"https:\/\/portalfadesp.org.br\/?p=1675\"},\"author\":{\"name\":\"Raphael Pena\",\"@id\":\"https:\/\/portalfadesp.org.br\/#\/schema\/person\/dc2908bf250f3ccb8be775027b13735e\"},\"headline\":\"Aberta sele\u00e7\u00e3o para candidatos a conselheiro tutelar de Ananindeua\",\"datePublished\":\"2019-05-28T17:16:13+00:00\",\"dateModified\":\"2021-01-05T16:54:30+00:00\",\"mainEntityOfPage\":{\"@id\":\"https:\/\/portalfadesp.org.br\/?p=1675\"},\"wordCount\":554,\"commentCount\":0,\"publisher\":{\"@id\":\"https:\/\/portalfadesp.org.br\/#organization\"},\"articleSection\":[\"Geral\"],\"inLanguage\":\"pt-BR\"},{\"@type\":\"WebPage\",\"@id\":\"https:\/\/portalfadesp.org.br\/?p=1675\",\"url\":\"https:\/\/portalfadesp.org.br\/?p=1675\",\"name\":\"Aberta sele\u00e7\u00e3o para candidatos a conselheiro tutelar de Ananindeua - FADESP\",\"isPartOf\":{\"@id\":\"https:\/\/portalfadesp.org.br\/#website\"},\"datePublished\":\"2019-05-28T17:16:13+00:00\",\"dateModified\":\"2021-01-05T16:54:30+00:00\",\"breadcrumb\":{\"@id\":\"https:\/\/portalfadesp.org.br\/?p=1675#breadcrumb\"},\"inLanguage\":\"pt-BR\",\"potentialAction\":[{\"@type\":\"ReadAction\",\"target\":[\"https:\/\/portalfadesp.org.br\/?p=1675\"]}]},{\"@type\":\"BreadcrumbList\",\"@id\":\"https:\/\/portalfadesp.org.br\/?p=1675#breadcrumb\",\"itemListElement\":[{\"@type\":\"ListItem\",\"position\":1,\"name\":\"In\u00edcio\",\"item\":\"https:\/\/portalfadesp.org.br\/\"},{\"@type\":\"ListItem\",\"position\":2,\"name\":\"Aberta sele\u00e7\u00e3o para candidatos a conselheiro tutelar de Ananindeua\"}]},{\"@type\":\"WebSite\",\"@id\":\"https:\/\/portalfadesp.org.br\/#website\",\"url\":\"https:\/\/portalfadesp.org.br\/\",\"name\":\"FADESP\",\"description\":\"Funda\u00e7\u00e3o de Amparo e Desenvolvimento da Pesquisa\",\"publisher\":{\"@id\":\"https:\/\/portalfadesp.org.br\/#organization\"},\"potentialAction\":[{\"@type\":\"SearchAction\",\"target\":{\"@type\":\"EntryPoint\",\"urlTemplate\":\"https:\/\/portalfadesp.org.br\/?s={search_term_string}\"},\"query-input\":{\"@type\":\"PropertyValueSpecification\",\"valueRequired\":true,\"valueName\":\"search_term_string\"}}],\"inLanguage\":\"pt-BR\"},{\"@type\":\"Organization\",\"@id\":\"https:\/\/portalfadesp.org.br\/#organization\",\"name\":\"FADESP\",\"url\":\"https:\/\/portalfadesp.org.br\/\",\"logo\":{\"@type\":\"ImageObject\",\"inLanguage\":\"pt-BR\",\"@id\":\"https:\/\/portalfadesp.org.br\/#\/schema\/logo\/image\/\",\"url\":\"https:\/\/portalfadesp.org.br\/wp-content\/uploads\/2024\/01\/NOVOLOGOFADESPlaranjaH.png\",\"contentUrl\":\"https:\/\/portalfadesp.org.br\/wp-content\/uploads\/2024\/01\/NOVOLOGOFADESPlaranjaH.png\",\"width\":2742,\"height\":839,\"caption\":\"FADESP\"},\"image\":{\"@id\":\"https:\/\/portalfadesp.org.br\/#\/schema\/logo\/image\/\"},\"sameAs\":[\"https:\/\/www.facebook.com\/Fadesp-138351949524662\/\",\"https:\/\/x.com\/Fadesp\",\"https:\/\/www.instagram.com\/fadesp_ufpa\/\",\"https:\/\/www.youtube.com\/@fundacaodeamparoedesenvolv1903\",\"https:\/\/www.threads.net\/@fadesp_ufpa\"]},{\"@type\":\"Person\",\"@id\":\"https:\/\/portalfadesp.org.br\/#\/schema\/person\/dc2908bf250f3ccb8be775027b13735e\",\"name\":\"Raphael Pena\",\"image\":{\"@type\":\"ImageObject\",\"inLanguage\":\"pt-BR\",\"@id\":\"https:\/\/portalfadesp.org.br\/#\/schema\/person\/image\/\",\"url\":\"https:\/\/secure.gravatar.com\/avatar\/f6ed33c466a335cea1eeb716e9d8177b1ca19149f5fdbee566ad4873403cee8a?s=96&d=mm&r=g\",\"contentUrl\":\"https:\/\/secure.gravatar.com\/avatar\/f6ed33c466a335cea1eeb716e9d8177b1ca19149f5fdbee566ad4873403cee8a?s=96&d=mm&r=g\",\"caption\":\"Raphael Pena\"},\"url\":\"https:\/\/portalfadesp.org.br\/?author=9\"}]}<\/script>\n<!-- \/ Yoast SEO plugin. -->","yoast_head_json":{"title":"Aberta sele\u00e7\u00e3o para candidatos a conselheiro tutelar de Ananindeua - FADESP","robots":{"index":"index","follow":"follow","max-snippet":"max-snippet:-1","max-image-preview":"max-image-preview:large","max-video-preview":"max-video-preview:-1"},"canonical":"https:\/\/portalfadesp.org.br\/?p=1675","og_locale":"pt_BR","og_type":"article","og_title":"Aberta sele\u00e7\u00e3o para candidatos a conselheiro tutelar de Ananindeua - FADESP","og_description":"Aberta sele\u00e7\u00e3o para candidatos a conselheiro tutelar de Ananindeua A Fadesp aplicar\u00e1 provas e avalia\u00e7\u00e3o psicol\u00f3gica do processo que selecionar\u00e1 os candidatos a membros do Conselho dos Direitos da Crian\u00e7a e do Adolescente de Ananindeua (Comdica). Os escolhidos concorrer\u00e3o \u00e0 elei\u00e7\u00e3o a ser realizada no munic\u00edpio, em janeiro de 2014. As inscri\u00e7\u00f5es ser\u00e3o realizadas at\u00e9 [&hellip;]","og_url":"https:\/\/portalfadesp.org.br\/?p=1675","og_site_name":"FADESP","article_publisher":"https:\/\/www.facebook.com\/Fadesp-138351949524662\/","article_published_time":"2019-05-28T17:16:13+00:00","article_modified_time":"2021-01-05T16:54:30+00:00","author":"Raphael Pena","twitter_card":"summary_large_image","twitter_creator":"@Fadesp","twitter_site":"@Fadesp","twitter_misc":{"Escrito por":"Raphael Pena","Est. tempo de leitura":"3 minutos"},"schema":{"@context":"https:\/\/schema.org","@graph":[{"@type":"Article","@id":"https:\/\/portalfadesp.org.br\/?p=1675#article","isPartOf":{"@id":"https:\/\/portalfadesp.org.br\/?p=1675"},"author":{"name":"Raphael Pena","@id":"https:\/\/portalfadesp.org.br\/#\/schema\/person\/dc2908bf250f3ccb8be775027b13735e"},"headline":"Aberta sele\u00e7\u00e3o para candidatos a conselheiro tutelar de Ananindeua","datePublished":"2019-05-28T17:16:13+00:00","dateModified":"2021-01-05T16:54:30+00:00","mainEntityOfPage":{"@id":"https:\/\/portalfadesp.org.br\/?p=1675"},"wordCount":554,"commentCount":0,"publisher":{"@id":"https:\/\/portalfadesp.org.br\/#organization"},"articleSection":["Geral"],"inLanguage":"pt-BR"},{"@type":"WebPage","@id":"https:\/\/portalfadesp.org.br\/?p=1675","url":"https:\/\/portalfadesp.org.br\/?p=1675","name":"Aberta sele\u00e7\u00e3o para candidatos a conselheiro tutelar de Ananindeua - FADESP","isPartOf":{"@id":"https:\/\/portalfadesp.org.br\/#website"},"datePublished":"2019-05-28T17:16:13+00:00","dateModified":"2021-01-05T16:54:30+00:00","breadcrumb":{"@id":"https:\/\/portalfadesp.org.br\/?p=1675#breadcrumb"},"inLanguage":"pt-BR","potentialAction":[{"@type":"ReadAction","target":["https:\/\/portalfadesp.org.br\/?p=1675"]}]},{"@type":"BreadcrumbList","@id":"https:\/\/portalfadesp.org.br\/?p=1675#breadcrumb","itemListElement":[{"@type":"ListItem","position":1,"name":"In\u00edcio","item":"https:\/\/portalfadesp.org.br\/"},{"@type":"ListItem","position":2,"name":"Aberta sele\u00e7\u00e3o para candidatos a conselheiro tutelar de Ananindeua"}]},{"@type":"WebSite","@id":"https:\/\/portalfadesp.org.br\/#website","url":"https:\/\/portalfadesp.org.br\/","name":"FADESP","description":"Funda\u00e7\u00e3o de Amparo e Desenvolvimento da Pesquisa","publisher":{"@id":"https:\/\/portalfadesp.org.br\/#organization"},"potentialAction":[{"@type":"SearchAction","target":{"@type":"EntryPoint","urlTemplate":"https:\/\/portalfadesp.org.br\/?s={search_term_string}"},"query-input":{"@type":"PropertyValueSpecification","valueRequired":true,"valueName":"search_term_string"}}],"inLanguage":"pt-BR"},{"@type":"Organization","@id":"https:\/\/portalfadesp.org.br\/#organization","name":"FADESP","url":"https:\/\/portalfadesp.org.br\/","logo":{"@type":"ImageObject","inLanguage":"pt-BR","@id":"https:\/\/portalfadesp.org.br\/#\/schema\/logo\/image\/","url":"https:\/\/portalfadesp.org.br\/wp-content\/uploads\/2024\/01\/NOVOLOGOFADESPlaranjaH.png","contentUrl":"https:\/\/portalfadesp.org.br\/wp-content\/uploads\/2024\/01\/NOVOLOGOFADESPlaranjaH.png","width":2742,"height":839,"caption":"FADESP"},"image":{"@id":"https:\/\/portalfadesp.org.br\/#\/schema\/logo\/image\/"},"sameAs":["https:\/\/www.facebook.com\/Fadesp-138351949524662\/","https:\/\/x.com\/Fadesp","https:\/\/www.instagram.com\/fadesp_ufpa\/","https:\/\/www.youtube.com\/@fundacaodeamparoedesenvolv1903","https:\/\/www.threads.net\/@fadesp_ufpa"]},{"@type":"Person","@id":"https:\/\/portalfadesp.org.br\/#\/schema\/person\/dc2908bf250f3ccb8be775027b13735e","name":"Raphael Pena","image":{"@type":"ImageObject","inLanguage":"pt-BR","@id":"https:\/\/portalfadesp.org.br\/#\/schema\/person\/image\/","url":"https:\/\/secure.gravatar.com\/avatar\/f6ed33c466a335cea1eeb716e9d8177b1ca19149f5fdbee566ad4873403cee8a?s=96&d=mm&r=g","contentUrl":"https:\/\/secure.gravatar.com\/avatar\/f6ed33c466a335cea1eeb716e9d8177b1ca19149f5fdbee566ad4873403cee8a?s=96&d=mm&r=g","caption":"Raphael Pena"},"url":"https:\/\/portalfadesp.org.br\/?author=9"}]}},"_links":{"self":[{"href":"https:\/\/portalfadesp.org.br\/index.php?rest_route=\/wp\/v2\/posts\/1675","targetHints":{"allow":["GET"]}}],"collection":[{"href":"https:\/\/portalfadesp.org.br\/index.php?rest_route=\/wp\/v2\/posts"}],"about":[{"href":"https:\/\/portalfadesp.org.br\/index.php?rest_route=\/wp\/v2\/types\/post"}],"author":[{"embeddable":true,"href":"https:\/\/portalfadesp.org.br\/index.php?rest_route=\/wp\/v2\/users\/9"}],"replies":[{"embeddable":true,"href":"https:\/\/portalfadesp.org.br\/index.php?rest_route=%2Fwp%2Fv2%2Fcomments&post=1675"}],"version-history":[{"count":3,"href":"https:\/\/portalfadesp.org.br\/index.php?rest_route=\/wp\/v2\/posts\/1675\/revisions"}],"predecessor-version":[{"id":12727,"href":"https:\/\/portalfadesp.org.br\/index.php?rest_route=\/wp\/v2\/posts\/1675\/revisions\/12727"}],"wp:attachment":[{"href":"https:\/\/portalfadesp.org.br\/index.php?rest_route=%2Fwp%2Fv2%2Fmedia&parent=1675"}],"wp:term":[{"taxonomy":"category","embeddable":true,"href":"https:\/\/portalfadesp.org.br\/index.php?rest_route=%2Fwp%2Fv2%2Fcategories&post=1675"},{"taxonomy":"post_tag","embeddable":true,"href":"https:\/\/portalfadesp.org.br\/index.php?rest_route=%2Fwp%2Fv2%2Ftags&post=1675"}],"curies":[{"name":"wp","href":"https:\/\/api.w.org\/{rel}","templated":true}]}}