{"id":1668,"date":"2019-05-28T14:11:31","date_gmt":"2019-05-28T17:11:31","guid":{"rendered":"https:\/\/162.215.13.167?p=1668"},"modified":"2022-10-21T11:00:49","modified_gmt":"2022-10-21T14:00:49","slug":"programa-amazonia-2020-abre-inscricoes-para-ensino-de-linguas-estrangeiras","status":"publish","type":"post","link":"https:\/\/portalfadesp.org.br\/?p=1668","title":{"rendered":"Programa Amaz\u00f4nia 2020 abre inscri\u00e7\u00f5es para ensino de linguas estrangeiras"},"content":{"rendered":"\t\t<div data-elementor-type=\"wp-post\" data-elementor-id=\"1668\" class=\"elementor elementor-1668 elementor-bc-flex-widget\" data-elementor-post-type=\"post\">\n\t\t\t\t\t\t<section class=\"elementor-section elementor-top-section elementor-element elementor-element-3ce2863c elementor-section-boxed elementor-section-height-default elementor-section-height-default\" data-id=\"3ce2863c\" data-element_type=\"section\">\n\t\t\t\t\t\t<div class=\"elementor-container elementor-column-gap-default\">\n\t\t\t\t\t<div class=\"elementor-column elementor-col-100 elementor-top-column elementor-element elementor-element-4fd98c3f\" data-id=\"4fd98c3f\" data-element_type=\"column\">\n\t\t\t<div class=\"elementor-widget-wrap elementor-element-populated\">\n\t\t\t\t\t\t<div class=\"elementor-element elementor-element-54b8ae74 elementor-widget elementor-widget-heading\" data-id=\"54b8ae74\" data-element_type=\"widget\" data-widget_type=\"heading.default\">\n\t\t\t\t<div class=\"elementor-widget-container\">\n\t\t\t\t\t<h2 class=\"elementor-heading-title elementor-size-default\">Programa Amaz\u00f4nia 2020 abre inscri\u00e7\u00f5es para ensino de linguas estrangeiras<\/h2>\t\t\t\t<\/div>\n\t\t\t\t<\/div>\n\t\t\t\t\t<\/div>\n\t\t<\/div>\n\t\t\t\t\t<\/div>\n\t\t<\/section>\n\t\t\t\t<section class=\"elementor-section elementor-top-section elementor-element elementor-element-75c8cf8b elementor-section-boxed elementor-section-height-default elementor-section-height-default\" data-id=\"75c8cf8b\" data-element_type=\"section\">\n\t\t\t\t\t\t<div class=\"elementor-container elementor-column-gap-default\">\n\t\t\t\t\t<div class=\"elementor-column elementor-col-100 elementor-top-column elementor-element elementor-element-4051f5a\" data-id=\"4051f5a\" data-element_type=\"column\">\n\t\t\t<div class=\"elementor-widget-wrap elementor-element-populated\">\n\t\t\t\t\t\t<div class=\"elementor-element elementor-element-70babead elementor-widget elementor-widget-text-editor\" data-id=\"70babead\" data-element_type=\"widget\" data-widget_type=\"text-editor.default\">\n\t\t\t\t<div class=\"elementor-widget-container\">\n\t\t\t\t\t\t\t\t\t<p><span style=\"color: #000000;\">A Pr\u00f3-Reitoria de Rela\u00e7\u00f5es Internacionais (Prointer) lan\u00e7a o edital de bolsas do Programa de Educa\u00e7\u00e3o a Dist\u00e2ncia (EAD) para ensino de L\u00ednguas, a dist\u00e2ncia. Ser\u00e3o ofertadas 1.400 vagas para o Ingl\u00eas, sendo 200, para docentes; 200, para t\u00e9cnico-administrativos, e 1.000, para discentes; e 1.500, para o Espanhol, sendo 250, para docentes; 250, para t\u00e9cnico-administrativos; e 1.000, para discentes. O edital \u00e9 resultado de uma parceria da Prointer com o Santander Universidades, por meio do Programa Amaz\u00f4nia 2020. Confira o edital.<\/span><\/p><p><span style=\"color: #000000;\">A oferta das bolsas tem como objetivo oferecer um conhecimento maior ao contemplado, por meio dos cursos de idioma em Ingl\u00eas ou Espanhol. Para a assessora especial da Prointer, professora Leila Assef, o aprendizado de uma nova l\u00edngua \u00e9 fundamental para o alcance de bolsas de mobilidade na gradua\u00e7\u00e3o e na p\u00f3s-gradua\u00e7\u00e3o, para os interessados em fazer interc\u00e2mbio. &#8220;No mundo globalizado em que vivemos, a l\u00edngua estrangeira \u00e9 essencial, pois facilita a comunica\u00e7\u00e3o e o acesso ao conhecimento produzido mundialmente&#8221;, afirma a professora.<\/span><\/p><p><span style=\"color: #000000;\">Inscri\u00e7\u00f5es \u2013 O candidato interessado deve efetuar a inscri\u00e7\u00e3o para ter direito \u00e0 bolsa at\u00e9 o dia 10 de outubro de 2013, preenchendo o formul\u00e1rio online. As bolsas de estudo EAD s\u00e3o gratuitas e os contemplados realizar\u00e3o os cursos on-line, por meio do site do Santander Universidades.<\/span><br \/><span style=\"color: #000000;\">O resultado dos selecionados ser\u00e1 divulgado no Portal da UFPA, no dia 18 de outubro de 2013.<\/span><\/p><p><span style=\"color: #000000;\">Amaz\u00f4nia 2020 \u2013 O Programa Amaz\u00f4nia 2020, iniciativa do Santander Universidades, foi lan\u00e7ado em 2010 e beneficiou nove universidades federais da regi\u00e3o. Sua cria\u00e7\u00e3o tem como objetivo promover a mobilidade de alunos e professores e a internacionaliza\u00e7\u00e3o da atividade acad\u00eamica, al\u00e9m de incentivar o desenvolvimento da pesquisa cient\u00edfica e do empreendedorismo sustent\u00e1vel na Regi\u00e3o Norte. O programa deve beneficiar cerca de 100 mil estudantes, professores e demais membros da comunidade e prev\u00ea a distribui\u00e7\u00e3o de mais de 26 mil bolsas de estudos nacionais e internacionais para estudantes e professores, at\u00e9 2020.<\/span><\/p><p><span style=\"color: #000000;\">Servi\u00e7o:<\/span><br \/><span style=\"color: #000000;\">Programa de Educa\u00e7\u00e3o a Dist\u00e2ncia (EAD) para ensino de L\u00ednguas Estrangeiras<\/span><br \/><span style=\"color: #000000;\">Inscri\u00e7\u00f5es: At\u00e9 10 de outubro, preenchendo o formul\u00e1rio online.<\/span><br \/><span style=\"color: #000000;\">Confira o edital.<\/span><br \/><span style=\"color: #000000;\">Mais informa\u00e7\u00f5es pelo e-mail prointer@ufpa.br ou pelo telefone: (91) 3201-7211 \/ (91) 3201-8713.<\/span><\/p><p><span style=\"color: #000000;\">Texto: F\u00e1bia Sep\u00eada \u2013 Assessoria de Comunica\u00e7\u00e3o da UFPA<\/span><br \/><span style=\"color: #000000;\">Arte: Ascom\/ UFPA<\/span><\/p>\t\t\t\t\t\t\t\t<\/div>\n\t\t\t\t<\/div>\n\t\t\t\t\t<\/div>\n\t\t<\/div>\n\t\t\t\t\t<\/div>\n\t\t<\/section>\n\t\t\t\t<\/div>\n\t\t","protected":false},"excerpt":{"rendered":"<p>Programa Amaz\u00f4nia 2020 abre inscri\u00e7\u00f5es para ensino de linguas estrangeiras A Pr\u00f3-Reitoria de Rela\u00e7\u00f5es Internacionais (Prointer) lan\u00e7a o edital de bolsas do Programa de Educa\u00e7\u00e3o a Dist\u00e2ncia (EAD) para ensino de L\u00ednguas, a dist\u00e2ncia. Ser\u00e3o ofertadas 1.400 vagas para o Ingl\u00eas, sendo 200, para docentes; 200, para t\u00e9cnico-administrativos, e 1.000, para discentes; e 1.500, para [&hellip;]<\/p>\n","protected":false},"author":9,"featured_media":0,"comment_status":"closed","ping_status":"closed","sticky":false,"template":"","format":"standard","meta":{"_monsterinsights_skip_tracking":false,"_monsterinsights_sitenote_active":false,"_monsterinsights_sitenote_note":"","_monsterinsights_sitenote_category":0,"footnotes":""},"categories":[11],"tags":[],"class_list":["post-1668","post","type-post","status-publish","format-standard","hentry","category-cursos-livres","entry"],"yoast_head":"<!-- This site is optimized with the Yoast SEO plugin v25.1 - https:\/\/yoast.com\/wordpress\/plugins\/seo\/ -->\n<title>Programa Amaz\u00f4nia 2020 abre inscri\u00e7\u00f5es para ensino de linguas estrangeiras - FADESP<\/title>\n<meta name=\"robots\" content=\"index, follow, max-snippet:-1, max-image-preview:large, max-video-preview:-1\" \/>\n<link rel=\"canonical\" href=\"https:\/\/portalfadesp.org.br\/?p=1668\" \/>\n<meta property=\"og:locale\" content=\"pt_BR\" \/>\n<meta property=\"og:type\" content=\"article\" \/>\n<meta property=\"og:title\" content=\"Programa Amaz\u00f4nia 2020 abre inscri\u00e7\u00f5es para ensino de linguas estrangeiras - FADESP\" \/>\n<meta property=\"og:description\" content=\"Programa Amaz\u00f4nia 2020 abre inscri\u00e7\u00f5es para ensino de linguas estrangeiras A Pr\u00f3-Reitoria de Rela\u00e7\u00f5es Internacionais (Prointer) lan\u00e7a o edital de bolsas do Programa de Educa\u00e7\u00e3o a Dist\u00e2ncia (EAD) para ensino de L\u00ednguas, a dist\u00e2ncia. Ser\u00e3o ofertadas 1.400 vagas para o Ingl\u00eas, sendo 200, para docentes; 200, para t\u00e9cnico-administrativos, e 1.000, para discentes; e 1.500, para [&hellip;]\" \/>\n<meta property=\"og:url\" content=\"https:\/\/portalfadesp.org.br\/?p=1668\" \/>\n<meta property=\"og:site_name\" content=\"FADESP\" \/>\n<meta property=\"article:publisher\" content=\"https:\/\/www.facebook.com\/Fadesp-138351949524662\/\" \/>\n<meta property=\"article:published_time\" content=\"2019-05-28T17:11:31+00:00\" \/>\n<meta property=\"article:modified_time\" content=\"2022-10-21T14:00:49+00:00\" \/>\n<meta name=\"author\" content=\"Raphael Pena\" \/>\n<meta name=\"twitter:card\" content=\"summary_large_image\" \/>\n<meta name=\"twitter:creator\" content=\"@Fadesp\" \/>\n<meta name=\"twitter:site\" content=\"@Fadesp\" \/>\n<meta name=\"twitter:label1\" content=\"Escrito por\" \/>\n\t<meta name=\"twitter:data1\" content=\"Raphael Pena\" \/>\n\t<meta name=\"twitter:label2\" content=\"Est. tempo de leitura\" \/>\n\t<meta name=\"twitter:data2\" content=\"2 minutos\" \/>\n<script type=\"application\/ld+json\" class=\"yoast-schema-graph\">{\"@context\":\"https:\/\/schema.org\",\"@graph\":[{\"@type\":\"Article\",\"@id\":\"https:\/\/portalfadesp.org.br\/?p=1668#article\",\"isPartOf\":{\"@id\":\"https:\/\/portalfadesp.org.br\/?p=1668\"},\"author\":{\"name\":\"Raphael Pena\",\"@id\":\"https:\/\/portalfadesp.org.br\/#\/schema\/person\/dc2908bf250f3ccb8be775027b13735e\"},\"headline\":\"Programa Amaz\u00f4nia 2020 abre inscri\u00e7\u00f5es para ensino de linguas estrangeiras\",\"datePublished\":\"2019-05-28T17:11:31+00:00\",\"dateModified\":\"2022-10-21T14:00:49+00:00\",\"mainEntityOfPage\":{\"@id\":\"https:\/\/portalfadesp.org.br\/?p=1668\"},\"wordCount\":408,\"publisher\":{\"@id\":\"https:\/\/portalfadesp.org.br\/#organization\"},\"articleSection\":[\"Cursos Livres\"],\"inLanguage\":\"pt-BR\"},{\"@type\":\"WebPage\",\"@id\":\"https:\/\/portalfadesp.org.br\/?p=1668\",\"url\":\"https:\/\/portalfadesp.org.br\/?p=1668\",\"name\":\"Programa Amaz\u00f4nia 2020 abre inscri\u00e7\u00f5es para ensino de linguas estrangeiras - FADESP\",\"isPartOf\":{\"@id\":\"https:\/\/portalfadesp.org.br\/#website\"},\"datePublished\":\"2019-05-28T17:11:31+00:00\",\"dateModified\":\"2022-10-21T14:00:49+00:00\",\"breadcrumb\":{\"@id\":\"https:\/\/portalfadesp.org.br\/?p=1668#breadcrumb\"},\"inLanguage\":\"pt-BR\",\"potentialAction\":[{\"@type\":\"ReadAction\",\"target\":[\"https:\/\/portalfadesp.org.br\/?p=1668\"]}]},{\"@type\":\"BreadcrumbList\",\"@id\":\"https:\/\/portalfadesp.org.br\/?p=1668#breadcrumb\",\"itemListElement\":[{\"@type\":\"ListItem\",\"position\":1,\"name\":\"In\u00edcio\",\"item\":\"https:\/\/portalfadesp.org.br\/\"},{\"@type\":\"ListItem\",\"position\":2,\"name\":\"Programa Amaz\u00f4nia 2020 abre inscri\u00e7\u00f5es para ensino de linguas estrangeiras\"}]},{\"@type\":\"WebSite\",\"@id\":\"https:\/\/portalfadesp.org.br\/#website\",\"url\":\"https:\/\/portalfadesp.org.br\/\",\"name\":\"FADESP\",\"description\":\"Funda\u00e7\u00e3o de Amparo e Desenvolvimento da Pesquisa\",\"publisher\":{\"@id\":\"https:\/\/portalfadesp.org.br\/#organization\"},\"potentialAction\":[{\"@type\":\"SearchAction\",\"target\":{\"@type\":\"EntryPoint\",\"urlTemplate\":\"https:\/\/portalfadesp.org.br\/?s={search_term_string}\"},\"query-input\":{\"@type\":\"PropertyValueSpecification\",\"valueRequired\":true,\"valueName\":\"search_term_string\"}}],\"inLanguage\":\"pt-BR\"},{\"@type\":\"Organization\",\"@id\":\"https:\/\/portalfadesp.org.br\/#organization\",\"name\":\"FADESP\",\"url\":\"https:\/\/portalfadesp.org.br\/\",\"logo\":{\"@type\":\"ImageObject\",\"inLanguage\":\"pt-BR\",\"@id\":\"https:\/\/portalfadesp.org.br\/#\/schema\/logo\/image\/\",\"url\":\"https:\/\/portalfadesp.org.br\/wp-content\/uploads\/2024\/01\/NOVOLOGOFADESPlaranjaH.png\",\"contentUrl\":\"https:\/\/portalfadesp.org.br\/wp-content\/uploads\/2024\/01\/NOVOLOGOFADESPlaranjaH.png\",\"width\":2742,\"height\":839,\"caption\":\"FADESP\"},\"image\":{\"@id\":\"https:\/\/portalfadesp.org.br\/#\/schema\/logo\/image\/\"},\"sameAs\":[\"https:\/\/www.facebook.com\/Fadesp-138351949524662\/\",\"https:\/\/x.com\/Fadesp\",\"https:\/\/www.instagram.com\/fadesp_ufpa\/\",\"https:\/\/www.youtube.com\/@fundacaodeamparoedesenvolv1903\",\"https:\/\/www.threads.net\/@fadesp_ufpa\"]},{\"@type\":\"Person\",\"@id\":\"https:\/\/portalfadesp.org.br\/#\/schema\/person\/dc2908bf250f3ccb8be775027b13735e\",\"name\":\"Raphael Pena\",\"image\":{\"@type\":\"ImageObject\",\"inLanguage\":\"pt-BR\",\"@id\":\"https:\/\/portalfadesp.org.br\/#\/schema\/person\/image\/\",\"url\":\"https:\/\/secure.gravatar.com\/avatar\/f6ed33c466a335cea1eeb716e9d8177b1ca19149f5fdbee566ad4873403cee8a?s=96&d=mm&r=g\",\"contentUrl\":\"https:\/\/secure.gravatar.com\/avatar\/f6ed33c466a335cea1eeb716e9d8177b1ca19149f5fdbee566ad4873403cee8a?s=96&d=mm&r=g\",\"caption\":\"Raphael Pena\"},\"url\":\"https:\/\/portalfadesp.org.br\/?author=9\"}]}<\/script>\n<!-- \/ Yoast SEO plugin. -->","yoast_head_json":{"title":"Programa Amaz\u00f4nia 2020 abre inscri\u00e7\u00f5es para ensino de linguas estrangeiras - FADESP","robots":{"index":"index","follow":"follow","max-snippet":"max-snippet:-1","max-image-preview":"max-image-preview:large","max-video-preview":"max-video-preview:-1"},"canonical":"https:\/\/portalfadesp.org.br\/?p=1668","og_locale":"pt_BR","og_type":"article","og_title":"Programa Amaz\u00f4nia 2020 abre inscri\u00e7\u00f5es para ensino de linguas estrangeiras - FADESP","og_description":"Programa Amaz\u00f4nia 2020 abre inscri\u00e7\u00f5es para ensino de linguas estrangeiras A Pr\u00f3-Reitoria de Rela\u00e7\u00f5es Internacionais (Prointer) lan\u00e7a o edital de bolsas do Programa de Educa\u00e7\u00e3o a Dist\u00e2ncia (EAD) para ensino de L\u00ednguas, a dist\u00e2ncia. Ser\u00e3o ofertadas 1.400 vagas para o Ingl\u00eas, sendo 200, para docentes; 200, para t\u00e9cnico-administrativos, e 1.000, para discentes; e 1.500, para [&hellip;]","og_url":"https:\/\/portalfadesp.org.br\/?p=1668","og_site_name":"FADESP","article_publisher":"https:\/\/www.facebook.com\/Fadesp-138351949524662\/","article_published_time":"2019-05-28T17:11:31+00:00","article_modified_time":"2022-10-21T14:00:49+00:00","author":"Raphael Pena","twitter_card":"summary_large_image","twitter_creator":"@Fadesp","twitter_site":"@Fadesp","twitter_misc":{"Escrito por":"Raphael Pena","Est. tempo de leitura":"2 minutos"},"schema":{"@context":"https:\/\/schema.org","@graph":[{"@type":"Article","@id":"https:\/\/portalfadesp.org.br\/?p=1668#article","isPartOf":{"@id":"https:\/\/portalfadesp.org.br\/?p=1668"},"author":{"name":"Raphael Pena","@id":"https:\/\/portalfadesp.org.br\/#\/schema\/person\/dc2908bf250f3ccb8be775027b13735e"},"headline":"Programa Amaz\u00f4nia 2020 abre inscri\u00e7\u00f5es para ensino de linguas estrangeiras","datePublished":"2019-05-28T17:11:31+00:00","dateModified":"2022-10-21T14:00:49+00:00","mainEntityOfPage":{"@id":"https:\/\/portalfadesp.org.br\/?p=1668"},"wordCount":408,"publisher":{"@id":"https:\/\/portalfadesp.org.br\/#organization"},"articleSection":["Cursos Livres"],"inLanguage":"pt-BR"},{"@type":"WebPage","@id":"https:\/\/portalfadesp.org.br\/?p=1668","url":"https:\/\/portalfadesp.org.br\/?p=1668","name":"Programa Amaz\u00f4nia 2020 abre inscri\u00e7\u00f5es para ensino de linguas estrangeiras - FADESP","isPartOf":{"@id":"https:\/\/portalfadesp.org.br\/#website"},"datePublished":"2019-05-28T17:11:31+00:00","dateModified":"2022-10-21T14:00:49+00:00","breadcrumb":{"@id":"https:\/\/portalfadesp.org.br\/?p=1668#breadcrumb"},"inLanguage":"pt-BR","potentialAction":[{"@type":"ReadAction","target":["https:\/\/portalfadesp.org.br\/?p=1668"]}]},{"@type":"BreadcrumbList","@id":"https:\/\/portalfadesp.org.br\/?p=1668#breadcrumb","itemListElement":[{"@type":"ListItem","position":1,"name":"In\u00edcio","item":"https:\/\/portalfadesp.org.br\/"},{"@type":"ListItem","position":2,"name":"Programa Amaz\u00f4nia 2020 abre inscri\u00e7\u00f5es para ensino de linguas estrangeiras"}]},{"@type":"WebSite","@id":"https:\/\/portalfadesp.org.br\/#website","url":"https:\/\/portalfadesp.org.br\/","name":"FADESP","description":"Funda\u00e7\u00e3o de Amparo e Desenvolvimento da Pesquisa","publisher":{"@id":"https:\/\/portalfadesp.org.br\/#organization"},"potentialAction":[{"@type":"SearchAction","target":{"@type":"EntryPoint","urlTemplate":"https:\/\/portalfadesp.org.br\/?s={search_term_string}"},"query-input":{"@type":"PropertyValueSpecification","valueRequired":true,"valueName":"search_term_string"}}],"inLanguage":"pt-BR"},{"@type":"Organization","@id":"https:\/\/portalfadesp.org.br\/#organization","name":"FADESP","url":"https:\/\/portalfadesp.org.br\/","logo":{"@type":"ImageObject","inLanguage":"pt-BR","@id":"https:\/\/portalfadesp.org.br\/#\/schema\/logo\/image\/","url":"https:\/\/portalfadesp.org.br\/wp-content\/uploads\/2024\/01\/NOVOLOGOFADESPlaranjaH.png","contentUrl":"https:\/\/portalfadesp.org.br\/wp-content\/uploads\/2024\/01\/NOVOLOGOFADESPlaranjaH.png","width":2742,"height":839,"caption":"FADESP"},"image":{"@id":"https:\/\/portalfadesp.org.br\/#\/schema\/logo\/image\/"},"sameAs":["https:\/\/www.facebook.com\/Fadesp-138351949524662\/","https:\/\/x.com\/Fadesp","https:\/\/www.instagram.com\/fadesp_ufpa\/","https:\/\/www.youtube.com\/@fundacaodeamparoedesenvolv1903","https:\/\/www.threads.net\/@fadesp_ufpa"]},{"@type":"Person","@id":"https:\/\/portalfadesp.org.br\/#\/schema\/person\/dc2908bf250f3ccb8be775027b13735e","name":"Raphael Pena","image":{"@type":"ImageObject","inLanguage":"pt-BR","@id":"https:\/\/portalfadesp.org.br\/#\/schema\/person\/image\/","url":"https:\/\/secure.gravatar.com\/avatar\/f6ed33c466a335cea1eeb716e9d8177b1ca19149f5fdbee566ad4873403cee8a?s=96&d=mm&r=g","contentUrl":"https:\/\/secure.gravatar.com\/avatar\/f6ed33c466a335cea1eeb716e9d8177b1ca19149f5fdbee566ad4873403cee8a?s=96&d=mm&r=g","caption":"Raphael Pena"},"url":"https:\/\/portalfadesp.org.br\/?author=9"}]}},"_links":{"self":[{"href":"https:\/\/portalfadesp.org.br\/index.php?rest_route=\/wp\/v2\/posts\/1668","targetHints":{"allow":["GET"]}}],"collection":[{"href":"https:\/\/portalfadesp.org.br\/index.php?rest_route=\/wp\/v2\/posts"}],"about":[{"href":"https:\/\/portalfadesp.org.br\/index.php?rest_route=\/wp\/v2\/types\/post"}],"author":[{"embeddable":true,"href":"https:\/\/portalfadesp.org.br\/index.php?rest_route=\/wp\/v2\/users\/9"}],"replies":[{"embeddable":true,"href":"https:\/\/portalfadesp.org.br\/index.php?rest_route=%2Fwp%2Fv2%2Fcomments&post=1668"}],"version-history":[{"count":3,"href":"https:\/\/portalfadesp.org.br\/index.php?rest_route=\/wp\/v2\/posts\/1668\/revisions"}],"predecessor-version":[{"id":12731,"href":"https:\/\/portalfadesp.org.br\/index.php?rest_route=\/wp\/v2\/posts\/1668\/revisions\/12731"}],"wp:attachment":[{"href":"https:\/\/portalfadesp.org.br\/index.php?rest_route=%2Fwp%2Fv2%2Fmedia&parent=1668"}],"wp:term":[{"taxonomy":"category","embeddable":true,"href":"https:\/\/portalfadesp.org.br\/index.php?rest_route=%2Fwp%2Fv2%2Fcategories&post=1668"},{"taxonomy":"post_tag","embeddable":true,"href":"https:\/\/portalfadesp.org.br\/index.php?rest_route=%2Fwp%2Fv2%2Ftags&post=1668"}],"curies":[{"name":"wp","href":"https:\/\/api.w.org\/{rel}","templated":true}]}}