{"id":1666,"date":"2019-05-28T14:06:29","date_gmt":"2019-05-28T17:06:29","guid":{"rendered":"https:\/\/162.215.13.167?p=1666"},"modified":"2021-01-05T13:57:42","modified_gmt":"2021-01-05T16:57:42","slug":"fadesp-seleciona-programador-e-analista-de-sistemas","status":"publish","type":"post","link":"https:\/\/portalfadesp.org.br\/?p=1666","title":{"rendered":"FADESP seleciona Programador e Analista de Sistemas"},"content":{"rendered":"\t\t<div data-elementor-type=\"wp-post\" data-elementor-id=\"1666\" class=\"elementor elementor-1666 elementor-bc-flex-widget\" data-elementor-post-type=\"post\">\n\t\t\t\t\t\t<section class=\"elementor-section elementor-top-section elementor-element elementor-element-ddfe753 elementor-section-boxed elementor-section-height-default elementor-section-height-default\" data-id=\"ddfe753\" data-element_type=\"section\">\n\t\t\t\t\t\t<div class=\"elementor-container elementor-column-gap-default\">\n\t\t\t\t\t<div class=\"elementor-column elementor-col-100 elementor-top-column elementor-element elementor-element-7a44c97d\" data-id=\"7a44c97d\" data-element_type=\"column\">\n\t\t\t<div class=\"elementor-widget-wrap elementor-element-populated\">\n\t\t\t\t\t\t<div class=\"elementor-element elementor-element-1a9a45f2 elementor-widget elementor-widget-heading\" data-id=\"1a9a45f2\" data-element_type=\"widget\" data-widget_type=\"heading.default\">\n\t\t\t\t<div class=\"elementor-widget-container\">\n\t\t\t\t\t<h2 class=\"elementor-heading-title elementor-size-default\">FADESP seleciona Programador e Analista de Sistemas\n<\/h2>\t\t\t\t<\/div>\n\t\t\t\t<\/div>\n\t\t\t\t\t<\/div>\n\t\t<\/div>\n\t\t\t\t\t<\/div>\n\t\t<\/section>\n\t\t\t\t<section class=\"elementor-section elementor-top-section elementor-element elementor-element-753d052d elementor-section-boxed elementor-section-height-default elementor-section-height-default\" data-id=\"753d052d\" data-element_type=\"section\">\n\t\t\t\t\t\t<div class=\"elementor-container elementor-column-gap-default\">\n\t\t\t\t\t<div class=\"elementor-column elementor-col-100 elementor-top-column elementor-element elementor-element-5d61938\" data-id=\"5d61938\" data-element_type=\"column\">\n\t\t\t<div class=\"elementor-widget-wrap elementor-element-populated\">\n\t\t\t\t\t\t<div class=\"elementor-element elementor-element-68b23cbc elementor-widget elementor-widget-text-editor\" data-id=\"68b23cbc\" data-element_type=\"widget\" data-widget_type=\"text-editor.default\">\n\t\t\t\t<div class=\"elementor-widget-container\">\n\t\t\t\t\t\t\t\t\t<p><span style=\"color: #000000;\">Os candidatos selecionados trabalhar\u00e3o em projetos desenvolvidos pela FADESP. Os curr\u00edculos devem ser enviados para o e-mail SELECAOTI@FADESP.ORG.BR at\u00e9 o dia 04 de Outubro, \u00e0s 18:00h.<\/span><\/p><p><span style=\"color: #000000;\">Ap\u00f3s an\u00e1lise curricular, ser\u00e3o notificados por e-mail apenas os candidatos selecionados para realiza\u00e7\u00e3o da segunda etapa (prova de avalia\u00e7\u00e3o t\u00e9cnica), contendo hora e local de prova.<\/span><\/p><p><span style=\"color: #000000;\">O Analista de Sistemas deve ter curso superior completo na \u00e1rea de Tecnologia da Informa\u00e7\u00e3o, com forma\u00e7\u00e3o em Ci\u00eancia da Computa\u00e7\u00e3o, Engenharia da Computa\u00e7\u00e3o, Sistemas de Informa\u00e7\u00e3o e afins, al\u00e9m de experi\u00eancia m\u00ednima de 02 anos, comprovada na Carteira de Trabalho.<\/span><\/p><p><span style=\"color: #000000;\">Este profissional dever\u00e1 ter conhecimentos essenciais em An\u00e1lise e elabora\u00e7\u00e3o de sistemas utilizando metodologia \u00e1gil; Scrum ou XP e\/ou Processo Unificado; Elabora\u00e7\u00e3o de Diagramas de Casos de Uso e Diagramas de Classes; Desenvolvimento de procedimentos em linguagem PL\/SQL (ORACLE); Desenvolvimento de Sistemas em Java, utilizando as tecnologias Struts 2, Spring 3, Hibernate\/JPA, JDBC, Jquery e Webservices (Apache Axis). A carga hor\u00e1ria \u00e9 de 8 horas di\u00e1rias.<\/span><\/p><p><span style=\"color: #000000;\">O conte\u00fado para a prova de sele\u00e7\u00e3o ao cargo inclui Banco de Dados: Oracle PL\/SQL, DDL e DML; Diagramas UML 2.0 (Casos de Uso e Classes); An\u00e1lise e Metodologias de Desenvolvimento de Sistemas; L\u00f3gica de Programa\u00e7\u00e3o; Sistemas operacionais; No\u00e7\u00f5es de Java e Arquitetura (Tecnologias Java Enterprise Edition, como as citadas na categoria &#8220;Conhecimentos Essenciais&#8221;).<\/span><\/p><p><span style=\"color: #000000;\">J\u00e1 o cargo de Programador de Sistemas exige curso superior completo ou que o candidato esteja no \u00faltimo semestre na \u00e1rea de Tecnologia da Informa\u00e7\u00e3o, com forma\u00e7\u00e3o em Ci\u00eancia da Computa\u00e7\u00e3o, Engenharia da Computa\u00e7\u00e3o, Sistemas de Informa\u00e7\u00e3o e afins.<\/span><\/p><p><span style=\"color: #000000;\">O candidato n\u00e3o precisa ter experi\u00eancia profissional para este cargo, mas deve ter conhecimentos em No\u00e7\u00f5es de UML; Desenvolvimento de procedimentos em linguagem PL\/SQL (ORACLE); Desenvolvimento de Sistemas em Java, utilizando as seguintes tecnologias: Struts 2; Spring 3; Hibernate\/JPA; JDBC; Jquery e Webservices (Apache Axis). A carga hor\u00e1ria para este cargo \u00e9 de 8 horas di\u00e1rias.<\/span><\/p><p><span style=\"color: #000000;\">Conte\u00fado para a prova de Programador de Sistemas inclui Banco de Dados: Oracle PL\/SQL; \u00c1lgebra booleana Diagramas UML 2.0 (Casos de Uso e Classes); L\u00f3gica de Programa\u00e7\u00e3o; Sistemas operacionais e Programa\u00e7\u00e3o Java.<\/span><\/p>\t\t\t\t\t\t\t\t<\/div>\n\t\t\t\t<\/div>\n\t\t\t\t\t<\/div>\n\t\t<\/div>\n\t\t\t\t\t<\/div>\n\t\t<\/section>\n\t\t\t\t<\/div>\n\t\t","protected":false},"excerpt":{"rendered":"<p>FADESP seleciona Programador e Analista de Sistemas Os candidatos selecionados trabalhar\u00e3o em projetos desenvolvidos pela FADESP. Os curr\u00edculos devem ser enviados para o e-mail SELECAOTI@FADESP.ORG.BR at\u00e9 o dia 04 de Outubro, \u00e0s 18:00h. Ap\u00f3s an\u00e1lise curricular, ser\u00e3o notificados por e-mail apenas os candidatos selecionados para realiza\u00e7\u00e3o da segunda etapa (prova de avalia\u00e7\u00e3o t\u00e9cnica), contendo hora [&hellip;]<\/p>\n","protected":false},"author":9,"featured_media":0,"comment_status":"open","ping_status":"open","sticky":false,"template":"","format":"standard","meta":{"_monsterinsights_skip_tracking":false,"_monsterinsights_sitenote_active":false,"_monsterinsights_sitenote_note":"","_monsterinsights_sitenote_category":0,"footnotes":""},"categories":[1],"tags":[],"class_list":["post-1666","post","type-post","status-publish","format-standard","hentry","category-geral","entry"],"yoast_head":"<!-- This site is optimized with the Yoast SEO plugin v25.1 - https:\/\/yoast.com\/wordpress\/plugins\/seo\/ -->\n<title>FADESP seleciona Programador e Analista de Sistemas - FADESP<\/title>\n<meta name=\"robots\" content=\"index, follow, max-snippet:-1, max-image-preview:large, max-video-preview:-1\" \/>\n<link rel=\"canonical\" href=\"https:\/\/portalfadesp.org.br\/?p=1666\" \/>\n<meta property=\"og:locale\" content=\"pt_BR\" \/>\n<meta property=\"og:type\" content=\"article\" \/>\n<meta property=\"og:title\" content=\"FADESP seleciona Programador e Analista de Sistemas - FADESP\" \/>\n<meta property=\"og:description\" content=\"FADESP seleciona Programador e Analista de Sistemas Os candidatos selecionados trabalhar\u00e3o em projetos desenvolvidos pela FADESP. Os curr\u00edculos devem ser enviados para o e-mail SELECAOTI@FADESP.ORG.BR at\u00e9 o dia 04 de Outubro, \u00e0s 18:00h. Ap\u00f3s an\u00e1lise curricular, ser\u00e3o notificados por e-mail apenas os candidatos selecionados para realiza\u00e7\u00e3o da segunda etapa (prova de avalia\u00e7\u00e3o t\u00e9cnica), contendo hora [&hellip;]\" \/>\n<meta property=\"og:url\" content=\"https:\/\/portalfadesp.org.br\/?p=1666\" \/>\n<meta property=\"og:site_name\" content=\"FADESP\" \/>\n<meta property=\"article:publisher\" content=\"https:\/\/www.facebook.com\/Fadesp-138351949524662\/\" \/>\n<meta property=\"article:published_time\" content=\"2019-05-28T17:06:29+00:00\" \/>\n<meta property=\"article:modified_time\" content=\"2021-01-05T16:57:42+00:00\" \/>\n<meta name=\"author\" content=\"Raphael Pena\" \/>\n<meta name=\"twitter:card\" content=\"summary_large_image\" \/>\n<meta name=\"twitter:creator\" content=\"@Fadesp\" \/>\n<meta name=\"twitter:site\" content=\"@Fadesp\" \/>\n<meta name=\"twitter:label1\" content=\"Escrito por\" \/>\n\t<meta name=\"twitter:data1\" content=\"Raphael Pena\" \/>\n\t<meta name=\"twitter:label2\" content=\"Est. tempo de leitura\" \/>\n\t<meta name=\"twitter:data2\" content=\"2 minutos\" \/>\n<script type=\"application\/ld+json\" class=\"yoast-schema-graph\">{\"@context\":\"https:\/\/schema.org\",\"@graph\":[{\"@type\":\"Article\",\"@id\":\"https:\/\/portalfadesp.org.br\/?p=1666#article\",\"isPartOf\":{\"@id\":\"https:\/\/portalfadesp.org.br\/?p=1666\"},\"author\":{\"name\":\"Raphael Pena\",\"@id\":\"https:\/\/portalfadesp.org.br\/#\/schema\/person\/dc2908bf250f3ccb8be775027b13735e\"},\"headline\":\"FADESP seleciona Programador e Analista de Sistemas\",\"datePublished\":\"2019-05-28T17:06:29+00:00\",\"dateModified\":\"2021-01-05T16:57:42+00:00\",\"mainEntityOfPage\":{\"@id\":\"https:\/\/portalfadesp.org.br\/?p=1666\"},\"wordCount\":395,\"commentCount\":0,\"publisher\":{\"@id\":\"https:\/\/portalfadesp.org.br\/#organization\"},\"articleSection\":[\"Geral\"],\"inLanguage\":\"pt-BR\"},{\"@type\":\"WebPage\",\"@id\":\"https:\/\/portalfadesp.org.br\/?p=1666\",\"url\":\"https:\/\/portalfadesp.org.br\/?p=1666\",\"name\":\"FADESP seleciona Programador e Analista de Sistemas - FADESP\",\"isPartOf\":{\"@id\":\"https:\/\/portalfadesp.org.br\/#website\"},\"datePublished\":\"2019-05-28T17:06:29+00:00\",\"dateModified\":\"2021-01-05T16:57:42+00:00\",\"breadcrumb\":{\"@id\":\"https:\/\/portalfadesp.org.br\/?p=1666#breadcrumb\"},\"inLanguage\":\"pt-BR\",\"potentialAction\":[{\"@type\":\"ReadAction\",\"target\":[\"https:\/\/portalfadesp.org.br\/?p=1666\"]}]},{\"@type\":\"BreadcrumbList\",\"@id\":\"https:\/\/portalfadesp.org.br\/?p=1666#breadcrumb\",\"itemListElement\":[{\"@type\":\"ListItem\",\"position\":1,\"name\":\"In\u00edcio\",\"item\":\"https:\/\/portalfadesp.org.br\/\"},{\"@type\":\"ListItem\",\"position\":2,\"name\":\"FADESP seleciona Programador e Analista de Sistemas\"}]},{\"@type\":\"WebSite\",\"@id\":\"https:\/\/portalfadesp.org.br\/#website\",\"url\":\"https:\/\/portalfadesp.org.br\/\",\"name\":\"FADESP\",\"description\":\"Funda\u00e7\u00e3o de Amparo e Desenvolvimento da Pesquisa\",\"publisher\":{\"@id\":\"https:\/\/portalfadesp.org.br\/#organization\"},\"potentialAction\":[{\"@type\":\"SearchAction\",\"target\":{\"@type\":\"EntryPoint\",\"urlTemplate\":\"https:\/\/portalfadesp.org.br\/?s={search_term_string}\"},\"query-input\":{\"@type\":\"PropertyValueSpecification\",\"valueRequired\":true,\"valueName\":\"search_term_string\"}}],\"inLanguage\":\"pt-BR\"},{\"@type\":\"Organization\",\"@id\":\"https:\/\/portalfadesp.org.br\/#organization\",\"name\":\"FADESP\",\"url\":\"https:\/\/portalfadesp.org.br\/\",\"logo\":{\"@type\":\"ImageObject\",\"inLanguage\":\"pt-BR\",\"@id\":\"https:\/\/portalfadesp.org.br\/#\/schema\/logo\/image\/\",\"url\":\"https:\/\/portalfadesp.org.br\/wp-content\/uploads\/2024\/01\/NOVOLOGOFADESPlaranjaH.png\",\"contentUrl\":\"https:\/\/portalfadesp.org.br\/wp-content\/uploads\/2024\/01\/NOVOLOGOFADESPlaranjaH.png\",\"width\":2742,\"height\":839,\"caption\":\"FADESP\"},\"image\":{\"@id\":\"https:\/\/portalfadesp.org.br\/#\/schema\/logo\/image\/\"},\"sameAs\":[\"https:\/\/www.facebook.com\/Fadesp-138351949524662\/\",\"https:\/\/x.com\/Fadesp\",\"https:\/\/www.instagram.com\/fadesp_ufpa\/\",\"https:\/\/www.youtube.com\/@fundacaodeamparoedesenvolv1903\",\"https:\/\/www.threads.net\/@fadesp_ufpa\"]},{\"@type\":\"Person\",\"@id\":\"https:\/\/portalfadesp.org.br\/#\/schema\/person\/dc2908bf250f3ccb8be775027b13735e\",\"name\":\"Raphael Pena\",\"image\":{\"@type\":\"ImageObject\",\"inLanguage\":\"pt-BR\",\"@id\":\"https:\/\/portalfadesp.org.br\/#\/schema\/person\/image\/\",\"url\":\"https:\/\/secure.gravatar.com\/avatar\/f6ed33c466a335cea1eeb716e9d8177b1ca19149f5fdbee566ad4873403cee8a?s=96&d=mm&r=g\",\"contentUrl\":\"https:\/\/secure.gravatar.com\/avatar\/f6ed33c466a335cea1eeb716e9d8177b1ca19149f5fdbee566ad4873403cee8a?s=96&d=mm&r=g\",\"caption\":\"Raphael Pena\"},\"url\":\"https:\/\/portalfadesp.org.br\/?author=9\"}]}<\/script>\n<!-- \/ Yoast SEO plugin. -->","yoast_head_json":{"title":"FADESP seleciona Programador e Analista de Sistemas - FADESP","robots":{"index":"index","follow":"follow","max-snippet":"max-snippet:-1","max-image-preview":"max-image-preview:large","max-video-preview":"max-video-preview:-1"},"canonical":"https:\/\/portalfadesp.org.br\/?p=1666","og_locale":"pt_BR","og_type":"article","og_title":"FADESP seleciona Programador e Analista de Sistemas - FADESP","og_description":"FADESP seleciona Programador e Analista de Sistemas Os candidatos selecionados trabalhar\u00e3o em projetos desenvolvidos pela FADESP. Os curr\u00edculos devem ser enviados para o e-mail SELECAOTI@FADESP.ORG.BR at\u00e9 o dia 04 de Outubro, \u00e0s 18:00h. Ap\u00f3s an\u00e1lise curricular, ser\u00e3o notificados por e-mail apenas os candidatos selecionados para realiza\u00e7\u00e3o da segunda etapa (prova de avalia\u00e7\u00e3o t\u00e9cnica), contendo hora [&hellip;]","og_url":"https:\/\/portalfadesp.org.br\/?p=1666","og_site_name":"FADESP","article_publisher":"https:\/\/www.facebook.com\/Fadesp-138351949524662\/","article_published_time":"2019-05-28T17:06:29+00:00","article_modified_time":"2021-01-05T16:57:42+00:00","author":"Raphael Pena","twitter_card":"summary_large_image","twitter_creator":"@Fadesp","twitter_site":"@Fadesp","twitter_misc":{"Escrito por":"Raphael Pena","Est. tempo de leitura":"2 minutos"},"schema":{"@context":"https:\/\/schema.org","@graph":[{"@type":"Article","@id":"https:\/\/portalfadesp.org.br\/?p=1666#article","isPartOf":{"@id":"https:\/\/portalfadesp.org.br\/?p=1666"},"author":{"name":"Raphael Pena","@id":"https:\/\/portalfadesp.org.br\/#\/schema\/person\/dc2908bf250f3ccb8be775027b13735e"},"headline":"FADESP seleciona Programador e Analista de Sistemas","datePublished":"2019-05-28T17:06:29+00:00","dateModified":"2021-01-05T16:57:42+00:00","mainEntityOfPage":{"@id":"https:\/\/portalfadesp.org.br\/?p=1666"},"wordCount":395,"commentCount":0,"publisher":{"@id":"https:\/\/portalfadesp.org.br\/#organization"},"articleSection":["Geral"],"inLanguage":"pt-BR"},{"@type":"WebPage","@id":"https:\/\/portalfadesp.org.br\/?p=1666","url":"https:\/\/portalfadesp.org.br\/?p=1666","name":"FADESP seleciona Programador e Analista de Sistemas - FADESP","isPartOf":{"@id":"https:\/\/portalfadesp.org.br\/#website"},"datePublished":"2019-05-28T17:06:29+00:00","dateModified":"2021-01-05T16:57:42+00:00","breadcrumb":{"@id":"https:\/\/portalfadesp.org.br\/?p=1666#breadcrumb"},"inLanguage":"pt-BR","potentialAction":[{"@type":"ReadAction","target":["https:\/\/portalfadesp.org.br\/?p=1666"]}]},{"@type":"BreadcrumbList","@id":"https:\/\/portalfadesp.org.br\/?p=1666#breadcrumb","itemListElement":[{"@type":"ListItem","position":1,"name":"In\u00edcio","item":"https:\/\/portalfadesp.org.br\/"},{"@type":"ListItem","position":2,"name":"FADESP seleciona Programador e Analista de Sistemas"}]},{"@type":"WebSite","@id":"https:\/\/portalfadesp.org.br\/#website","url":"https:\/\/portalfadesp.org.br\/","name":"FADESP","description":"Funda\u00e7\u00e3o de Amparo e Desenvolvimento da Pesquisa","publisher":{"@id":"https:\/\/portalfadesp.org.br\/#organization"},"potentialAction":[{"@type":"SearchAction","target":{"@type":"EntryPoint","urlTemplate":"https:\/\/portalfadesp.org.br\/?s={search_term_string}"},"query-input":{"@type":"PropertyValueSpecification","valueRequired":true,"valueName":"search_term_string"}}],"inLanguage":"pt-BR"},{"@type":"Organization","@id":"https:\/\/portalfadesp.org.br\/#organization","name":"FADESP","url":"https:\/\/portalfadesp.org.br\/","logo":{"@type":"ImageObject","inLanguage":"pt-BR","@id":"https:\/\/portalfadesp.org.br\/#\/schema\/logo\/image\/","url":"https:\/\/portalfadesp.org.br\/wp-content\/uploads\/2024\/01\/NOVOLOGOFADESPlaranjaH.png","contentUrl":"https:\/\/portalfadesp.org.br\/wp-content\/uploads\/2024\/01\/NOVOLOGOFADESPlaranjaH.png","width":2742,"height":839,"caption":"FADESP"},"image":{"@id":"https:\/\/portalfadesp.org.br\/#\/schema\/logo\/image\/"},"sameAs":["https:\/\/www.facebook.com\/Fadesp-138351949524662\/","https:\/\/x.com\/Fadesp","https:\/\/www.instagram.com\/fadesp_ufpa\/","https:\/\/www.youtube.com\/@fundacaodeamparoedesenvolv1903","https:\/\/www.threads.net\/@fadesp_ufpa"]},{"@type":"Person","@id":"https:\/\/portalfadesp.org.br\/#\/schema\/person\/dc2908bf250f3ccb8be775027b13735e","name":"Raphael Pena","image":{"@type":"ImageObject","inLanguage":"pt-BR","@id":"https:\/\/portalfadesp.org.br\/#\/schema\/person\/image\/","url":"https:\/\/secure.gravatar.com\/avatar\/f6ed33c466a335cea1eeb716e9d8177b1ca19149f5fdbee566ad4873403cee8a?s=96&d=mm&r=g","contentUrl":"https:\/\/secure.gravatar.com\/avatar\/f6ed33c466a335cea1eeb716e9d8177b1ca19149f5fdbee566ad4873403cee8a?s=96&d=mm&r=g","caption":"Raphael Pena"},"url":"https:\/\/portalfadesp.org.br\/?author=9"}]}},"_links":{"self":[{"href":"https:\/\/portalfadesp.org.br\/index.php?rest_route=\/wp\/v2\/posts\/1666","targetHints":{"allow":["GET"]}}],"collection":[{"href":"https:\/\/portalfadesp.org.br\/index.php?rest_route=\/wp\/v2\/posts"}],"about":[{"href":"https:\/\/portalfadesp.org.br\/index.php?rest_route=\/wp\/v2\/types\/post"}],"author":[{"embeddable":true,"href":"https:\/\/portalfadesp.org.br\/index.php?rest_route=\/wp\/v2\/users\/9"}],"replies":[{"embeddable":true,"href":"https:\/\/portalfadesp.org.br\/index.php?rest_route=%2Fwp%2Fv2%2Fcomments&post=1666"}],"version-history":[{"count":2,"href":"https:\/\/portalfadesp.org.br\/index.php?rest_route=\/wp\/v2\/posts\/1666\/revisions"}],"predecessor-version":[{"id":12734,"href":"https:\/\/portalfadesp.org.br\/index.php?rest_route=\/wp\/v2\/posts\/1666\/revisions\/12734"}],"wp:attachment":[{"href":"https:\/\/portalfadesp.org.br\/index.php?rest_route=%2Fwp%2Fv2%2Fmedia&parent=1666"}],"wp:term":[{"taxonomy":"category","embeddable":true,"href":"https:\/\/portalfadesp.org.br\/index.php?rest_route=%2Fwp%2Fv2%2Fcategories&post=1666"},{"taxonomy":"post_tag","embeddable":true,"href":"https:\/\/portalfadesp.org.br\/index.php?rest_route=%2Fwp%2Fv2%2Ftags&post=1666"}],"curies":[{"name":"wp","href":"https:\/\/api.w.org\/{rel}","templated":true}]}}