{"id":1656,"date":"2019-05-28T13:52:59","date_gmt":"2019-05-28T16:52:59","guid":{"rendered":"https:\/\/162.215.13.167?p=1656"},"modified":"2021-01-05T13:57:51","modified_gmt":"2021-01-05T16:57:51","slug":"ii-coloquio-de-estetica-debate-a-arte-na-uepa","status":"publish","type":"post","link":"https:\/\/portalfadesp.org.br\/?p=1656","title":{"rendered":"II Col\u00f3quio de Est\u00e9tica debate a arte na UEPA"},"content":{"rendered":"\t\t<div data-elementor-type=\"wp-post\" data-elementor-id=\"1656\" class=\"elementor elementor-1656 elementor-bc-flex-widget\" data-elementor-post-type=\"post\">\n\t\t\t\t\t\t<section class=\"elementor-section elementor-top-section elementor-element elementor-element-6601fb03 elementor-section-boxed elementor-section-height-default elementor-section-height-default\" data-id=\"6601fb03\" data-element_type=\"section\">\n\t\t\t\t\t\t<div class=\"elementor-container elementor-column-gap-default\">\n\t\t\t\t\t<div class=\"elementor-column elementor-col-100 elementor-top-column elementor-element elementor-element-1aea0e55\" data-id=\"1aea0e55\" data-element_type=\"column\">\n\t\t\t<div class=\"elementor-widget-wrap elementor-element-populated\">\n\t\t\t\t\t\t<div class=\"elementor-element elementor-element-17ef57b0 elementor-widget elementor-widget-heading\" data-id=\"17ef57b0\" data-element_type=\"widget\" data-widget_type=\"heading.default\">\n\t\t\t\t<div class=\"elementor-widget-container\">\n\t\t\t\t\t<h2 class=\"elementor-heading-title elementor-size-default\">II Col\u00f3quio de Est\u00e9tica debate a arte na UEPA<\/h2>\t\t\t\t<\/div>\n\t\t\t\t<\/div>\n\t\t\t\t\t<\/div>\n\t\t<\/div>\n\t\t\t\t\t<\/div>\n\t\t<\/section>\n\t\t\t\t<section class=\"elementor-section elementor-top-section elementor-element elementor-element-66226be9 elementor-section-boxed elementor-section-height-default elementor-section-height-default\" data-id=\"66226be9\" data-element_type=\"section\">\n\t\t\t\t\t\t<div class=\"elementor-container elementor-column-gap-default\">\n\t\t\t\t\t<div class=\"elementor-column elementor-col-100 elementor-top-column elementor-element elementor-element-2599dd8f\" data-id=\"2599dd8f\" data-element_type=\"column\">\n\t\t\t<div class=\"elementor-widget-wrap elementor-element-populated\">\n\t\t\t\t\t\t<div class=\"elementor-element elementor-element-75d1b2a9 elementor-widget elementor-widget-text-editor\" data-id=\"75d1b2a9\" data-element_type=\"widget\" data-widget_type=\"text-editor.default\">\n\t\t\t\t<div class=\"elementor-widget-container\">\n\t\t\t\t\t\t\t\t\t<p><span style=\"color: #000000;\">O evento se estende at\u00e9 hoje, 26. Apoiado pela FADESP, o II Col\u00f3quio de Est\u00e9tica re\u00fane nomes como o do professor Jo\u00e3o de Jesus Paes Loureiro, que abordar\u00e1 o tema &#8220;A Arte como Encantaria da Linguagem&#8221;.<\/span><\/p><p><span style=\"color: #000000;\">O Col\u00f3quio \u00e9 realizado pela Universidade do Estado do Par\u00e1 (Uepa), atrav\u00e9s da Pr\u00f3-Reitoria de Extens\u00e3o (Proex) e da Coordena\u00e7\u00e3o do Curso de Letras. As atividades ocorrem sempre a partir das 19h, no audit\u00f3rio do Centro de Ci\u00eancias Sociais e Educa\u00e7\u00e3o (CCSE), no bairro do Tel\u00e9grafo.<\/span><\/p><p><span style=\"color: #000000;\">Para os tr\u00eas dias de programa\u00e7\u00e3o, a coordena\u00e7\u00e3o organizou palestras com tr\u00eas convidados de alto gabarito. O ciclo iniciou com o professor Jo\u00e3o de Jesus Paes Loureiro que abordar\u00e1 o tema &#8220;A Arte como Encantaria da Linguagem&#8221;. Paes Loureiro tamb\u00e9m \u00e9 poeta e atualmente leciona Filosofia da Dan\u00e7a e do Teatro na Escola de Teatro e Dan\u00e7a da UFPA.<\/span><\/p><p><span style=\"color: #000000;\">A mestre em M\u00fasica pela Universidade de S\u00e3o Paulo (USP) Renata Pereira, vai abordar o tema &#8220;M\u00fasicas s\u00e3o M\u00fasicas! Aprendendo a ouvir e a reconhecer o &#8216;desconhecido'&#8221;, no segundo dia de palestras. Renata tem vasto curr\u00edculo, al\u00e9m de ser co-fundadora do Centro Suzuki de Educa\u00e7\u00e3o Musical, em S\u00e3o Paulo, \u00e9 atualmente doutoranda do Programa de P\u00f3s Gradua\u00e7\u00e3o da ECA\/USP, desenvolvendo a pesquisa sobre as &#8220;Suite Sonate&#8221;, de Jacques Martin Hotteterre.<\/span><\/p><p><span style=\"color: #000000;\">Para encerrar o ciclo de palestras, o professor Alonso Jr., que atualmente coordena a gradua\u00e7\u00e3o e p\u00f3s-gradua\u00e7\u00e3o lato sensu do curso de Letras da Uepa, falar\u00e1 sobre &#8220;O ensino da narrativa como obra de arte&#8221;. Al\u00e9m de coordenador de curso, Alonso Jr. tem se dedicado \u00e0 publica\u00e7\u00e3o de estudos introdut\u00f3rios a obras de autores de l\u00edngua portuguesa de variadas \u00e9pocas. Dentre suas publica\u00e7\u00f5es mais recentes, est\u00e1 a organiza\u00e7\u00e3o do livro &#8220;A Obra de Dalc\u00eddio Jurandir e o Romance Moderno&#8221;, publicado em 2012 pelas editoras Paka-Tatu e EDUEPa.<\/span><\/p><p><span style=\"color: #000000;\">Alonso Jr. tamb\u00e9m est\u00e1 na coordena\u00e7\u00e3o do II Col\u00f3quio. Segundo ele, &#8220;o evento vai proporcionar aos participantes momentos de di\u00e1logo que os auxiliem a entender a obra art\u00edstica como objeto de frui\u00e7\u00e3o est\u00e9tica, fornecendo ao professor de arte mais um suporte na abordagem de seu conte\u00fado em sala de aula, e, ao fruidor, mais um modo de interagir com as obras de arte&#8217;, disse.<\/span><\/p><p><span style=\"color: #000000;\">Al\u00e9m da Proex e da Coordena\u00e7\u00e3o do Curso de Letras, fazem parte da realiza\u00e7\u00e3o do II Col\u00f3quio de Est\u00e9tica o Grupo de Estudos Musicais da Amaz\u00f4nia (GEMAM), Cultura e Mem\u00f3rias Amaz\u00f4nicas (CUMA) e a Funda\u00e7\u00e3o de Desenvolvimento e Amparo \u00e0 Pesquisa (Fadesp).<\/span><\/p><p><span style=\"color: #000000;\">SERVI\u00c7O &#8211; Evento: II Col\u00f3quio de Est\u00e9tica<\/span><\/p><p><span style=\"color: #000000;\">Realiza\u00e7\u00e3o: Universidade do Estado do Par\u00e1 &#8211; Uepa<\/span><\/p><p><span style=\"color: #000000;\">Data: 24 a 26 de setembro de 2013 \u00e0s 19h<\/span><\/p><p><span style=\"color: #000000;\">Local: Audit\u00f3rio do CCSE \u2013 UEPa &#8211; Trav. Djama Dutra entre Municipalidade e Rua do Una.<\/span><\/p><p><span style=\"color: #000000;\">Com Ascom UEPA<\/span><\/p>\t\t\t\t\t\t\t\t<\/div>\n\t\t\t\t<\/div>\n\t\t\t\t\t<\/div>\n\t\t<\/div>\n\t\t\t\t\t<\/div>\n\t\t<\/section>\n\t\t\t\t<\/div>\n\t\t","protected":false},"excerpt":{"rendered":"<p>II Col\u00f3quio de Est\u00e9tica debate a arte na UEPA O evento se estende at\u00e9 hoje, 26. Apoiado pela FADESP, o II Col\u00f3quio de Est\u00e9tica re\u00fane nomes como o do professor Jo\u00e3o de Jesus Paes Loureiro, que abordar\u00e1 o tema &#8220;A Arte como Encantaria da Linguagem&#8221;. O Col\u00f3quio \u00e9 realizado pela Universidade do Estado do Par\u00e1 [&hellip;]<\/p>\n","protected":false},"author":9,"featured_media":0,"comment_status":"open","ping_status":"open","sticky":false,"template":"","format":"standard","meta":{"_monsterinsights_skip_tracking":false,"_monsterinsights_sitenote_active":false,"_monsterinsights_sitenote_note":"","_monsterinsights_sitenote_category":0,"footnotes":""},"categories":[1],"tags":[],"class_list":["post-1656","post","type-post","status-publish","format-standard","hentry","category-geral","entry"],"yoast_head":"<!-- This site is optimized with the Yoast SEO plugin v25.1 - https:\/\/yoast.com\/wordpress\/plugins\/seo\/ -->\n<title>II Col\u00f3quio de Est\u00e9tica debate a arte na UEPA - FADESP<\/title>\n<meta name=\"robots\" content=\"index, follow, max-snippet:-1, max-image-preview:large, max-video-preview:-1\" \/>\n<link rel=\"canonical\" href=\"https:\/\/portalfadesp.org.br\/?p=1656\" \/>\n<meta property=\"og:locale\" content=\"pt_BR\" \/>\n<meta property=\"og:type\" content=\"article\" \/>\n<meta property=\"og:title\" content=\"II Col\u00f3quio de Est\u00e9tica debate a arte na UEPA - FADESP\" \/>\n<meta property=\"og:description\" content=\"II Col\u00f3quio de Est\u00e9tica debate a arte na UEPA O evento se estende at\u00e9 hoje, 26. Apoiado pela FADESP, o II Col\u00f3quio de Est\u00e9tica re\u00fane nomes como o do professor Jo\u00e3o de Jesus Paes Loureiro, que abordar\u00e1 o tema &#8220;A Arte como Encantaria da Linguagem&#8221;. O Col\u00f3quio \u00e9 realizado pela Universidade do Estado do Par\u00e1 [&hellip;]\" \/>\n<meta property=\"og:url\" content=\"https:\/\/portalfadesp.org.br\/?p=1656\" \/>\n<meta property=\"og:site_name\" content=\"FADESP\" \/>\n<meta property=\"article:publisher\" content=\"https:\/\/www.facebook.com\/Fadesp-138351949524662\/\" \/>\n<meta property=\"article:published_time\" content=\"2019-05-28T16:52:59+00:00\" \/>\n<meta property=\"article:modified_time\" content=\"2021-01-05T16:57:51+00:00\" \/>\n<meta name=\"author\" content=\"Raphael Pena\" \/>\n<meta name=\"twitter:card\" content=\"summary_large_image\" \/>\n<meta name=\"twitter:creator\" content=\"@Fadesp\" \/>\n<meta name=\"twitter:site\" content=\"@Fadesp\" \/>\n<meta name=\"twitter:label1\" content=\"Escrito por\" \/>\n\t<meta name=\"twitter:data1\" content=\"Raphael Pena\" \/>\n\t<meta name=\"twitter:label2\" content=\"Est. tempo de leitura\" \/>\n\t<meta name=\"twitter:data2\" content=\"3 minutos\" \/>\n<script type=\"application\/ld+json\" class=\"yoast-schema-graph\">{\"@context\":\"https:\/\/schema.org\",\"@graph\":[{\"@type\":\"Article\",\"@id\":\"https:\/\/portalfadesp.org.br\/?p=1656#article\",\"isPartOf\":{\"@id\":\"https:\/\/portalfadesp.org.br\/?p=1656\"},\"author\":{\"name\":\"Raphael Pena\",\"@id\":\"https:\/\/portalfadesp.org.br\/#\/schema\/person\/dc2908bf250f3ccb8be775027b13735e\"},\"headline\":\"II Col\u00f3quio de Est\u00e9tica debate a arte na UEPA\",\"datePublished\":\"2019-05-28T16:52:59+00:00\",\"dateModified\":\"2021-01-05T16:57:51+00:00\",\"mainEntityOfPage\":{\"@id\":\"https:\/\/portalfadesp.org.br\/?p=1656\"},\"wordCount\":524,\"commentCount\":0,\"publisher\":{\"@id\":\"https:\/\/portalfadesp.org.br\/#organization\"},\"articleSection\":[\"Geral\"],\"inLanguage\":\"pt-BR\"},{\"@type\":\"WebPage\",\"@id\":\"https:\/\/portalfadesp.org.br\/?p=1656\",\"url\":\"https:\/\/portalfadesp.org.br\/?p=1656\",\"name\":\"II Col\u00f3quio de Est\u00e9tica debate a arte na UEPA - FADESP\",\"isPartOf\":{\"@id\":\"https:\/\/portalfadesp.org.br\/#website\"},\"datePublished\":\"2019-05-28T16:52:59+00:00\",\"dateModified\":\"2021-01-05T16:57:51+00:00\",\"breadcrumb\":{\"@id\":\"https:\/\/portalfadesp.org.br\/?p=1656#breadcrumb\"},\"inLanguage\":\"pt-BR\",\"potentialAction\":[{\"@type\":\"ReadAction\",\"target\":[\"https:\/\/portalfadesp.org.br\/?p=1656\"]}]},{\"@type\":\"BreadcrumbList\",\"@id\":\"https:\/\/portalfadesp.org.br\/?p=1656#breadcrumb\",\"itemListElement\":[{\"@type\":\"ListItem\",\"position\":1,\"name\":\"In\u00edcio\",\"item\":\"https:\/\/portalfadesp.org.br\/\"},{\"@type\":\"ListItem\",\"position\":2,\"name\":\"II Col\u00f3quio de Est\u00e9tica debate a arte na UEPA\"}]},{\"@type\":\"WebSite\",\"@id\":\"https:\/\/portalfadesp.org.br\/#website\",\"url\":\"https:\/\/portalfadesp.org.br\/\",\"name\":\"FADESP\",\"description\":\"Funda\u00e7\u00e3o de Amparo e Desenvolvimento da Pesquisa\",\"publisher\":{\"@id\":\"https:\/\/portalfadesp.org.br\/#organization\"},\"potentialAction\":[{\"@type\":\"SearchAction\",\"target\":{\"@type\":\"EntryPoint\",\"urlTemplate\":\"https:\/\/portalfadesp.org.br\/?s={search_term_string}\"},\"query-input\":{\"@type\":\"PropertyValueSpecification\",\"valueRequired\":true,\"valueName\":\"search_term_string\"}}],\"inLanguage\":\"pt-BR\"},{\"@type\":\"Organization\",\"@id\":\"https:\/\/portalfadesp.org.br\/#organization\",\"name\":\"FADESP\",\"url\":\"https:\/\/portalfadesp.org.br\/\",\"logo\":{\"@type\":\"ImageObject\",\"inLanguage\":\"pt-BR\",\"@id\":\"https:\/\/portalfadesp.org.br\/#\/schema\/logo\/image\/\",\"url\":\"https:\/\/portalfadesp.org.br\/wp-content\/uploads\/2024\/01\/NOVOLOGOFADESPlaranjaH.png\",\"contentUrl\":\"https:\/\/portalfadesp.org.br\/wp-content\/uploads\/2024\/01\/NOVOLOGOFADESPlaranjaH.png\",\"width\":2742,\"height\":839,\"caption\":\"FADESP\"},\"image\":{\"@id\":\"https:\/\/portalfadesp.org.br\/#\/schema\/logo\/image\/\"},\"sameAs\":[\"https:\/\/www.facebook.com\/Fadesp-138351949524662\/\",\"https:\/\/x.com\/Fadesp\",\"https:\/\/www.instagram.com\/fadesp_ufpa\/\",\"https:\/\/www.youtube.com\/@fundacaodeamparoedesenvolv1903\",\"https:\/\/www.threads.net\/@fadesp_ufpa\"]},{\"@type\":\"Person\",\"@id\":\"https:\/\/portalfadesp.org.br\/#\/schema\/person\/dc2908bf250f3ccb8be775027b13735e\",\"name\":\"Raphael Pena\",\"image\":{\"@type\":\"ImageObject\",\"inLanguage\":\"pt-BR\",\"@id\":\"https:\/\/portalfadesp.org.br\/#\/schema\/person\/image\/\",\"url\":\"https:\/\/secure.gravatar.com\/avatar\/f6ed33c466a335cea1eeb716e9d8177b1ca19149f5fdbee566ad4873403cee8a?s=96&d=mm&r=g\",\"contentUrl\":\"https:\/\/secure.gravatar.com\/avatar\/f6ed33c466a335cea1eeb716e9d8177b1ca19149f5fdbee566ad4873403cee8a?s=96&d=mm&r=g\",\"caption\":\"Raphael Pena\"},\"url\":\"https:\/\/portalfadesp.org.br\/?author=9\"}]}<\/script>\n<!-- \/ Yoast SEO plugin. -->","yoast_head_json":{"title":"II Col\u00f3quio de Est\u00e9tica debate a arte na UEPA - FADESP","robots":{"index":"index","follow":"follow","max-snippet":"max-snippet:-1","max-image-preview":"max-image-preview:large","max-video-preview":"max-video-preview:-1"},"canonical":"https:\/\/portalfadesp.org.br\/?p=1656","og_locale":"pt_BR","og_type":"article","og_title":"II Col\u00f3quio de Est\u00e9tica debate a arte na UEPA - FADESP","og_description":"II Col\u00f3quio de Est\u00e9tica debate a arte na UEPA O evento se estende at\u00e9 hoje, 26. Apoiado pela FADESP, o II Col\u00f3quio de Est\u00e9tica re\u00fane nomes como o do professor Jo\u00e3o de Jesus Paes Loureiro, que abordar\u00e1 o tema &#8220;A Arte como Encantaria da Linguagem&#8221;. O Col\u00f3quio \u00e9 realizado pela Universidade do Estado do Par\u00e1 [&hellip;]","og_url":"https:\/\/portalfadesp.org.br\/?p=1656","og_site_name":"FADESP","article_publisher":"https:\/\/www.facebook.com\/Fadesp-138351949524662\/","article_published_time":"2019-05-28T16:52:59+00:00","article_modified_time":"2021-01-05T16:57:51+00:00","author":"Raphael Pena","twitter_card":"summary_large_image","twitter_creator":"@Fadesp","twitter_site":"@Fadesp","twitter_misc":{"Escrito por":"Raphael Pena","Est. tempo de leitura":"3 minutos"},"schema":{"@context":"https:\/\/schema.org","@graph":[{"@type":"Article","@id":"https:\/\/portalfadesp.org.br\/?p=1656#article","isPartOf":{"@id":"https:\/\/portalfadesp.org.br\/?p=1656"},"author":{"name":"Raphael Pena","@id":"https:\/\/portalfadesp.org.br\/#\/schema\/person\/dc2908bf250f3ccb8be775027b13735e"},"headline":"II Col\u00f3quio de Est\u00e9tica debate a arte na UEPA","datePublished":"2019-05-28T16:52:59+00:00","dateModified":"2021-01-05T16:57:51+00:00","mainEntityOfPage":{"@id":"https:\/\/portalfadesp.org.br\/?p=1656"},"wordCount":524,"commentCount":0,"publisher":{"@id":"https:\/\/portalfadesp.org.br\/#organization"},"articleSection":["Geral"],"inLanguage":"pt-BR"},{"@type":"WebPage","@id":"https:\/\/portalfadesp.org.br\/?p=1656","url":"https:\/\/portalfadesp.org.br\/?p=1656","name":"II Col\u00f3quio de Est\u00e9tica debate a arte na UEPA - FADESP","isPartOf":{"@id":"https:\/\/portalfadesp.org.br\/#website"},"datePublished":"2019-05-28T16:52:59+00:00","dateModified":"2021-01-05T16:57:51+00:00","breadcrumb":{"@id":"https:\/\/portalfadesp.org.br\/?p=1656#breadcrumb"},"inLanguage":"pt-BR","potentialAction":[{"@type":"ReadAction","target":["https:\/\/portalfadesp.org.br\/?p=1656"]}]},{"@type":"BreadcrumbList","@id":"https:\/\/portalfadesp.org.br\/?p=1656#breadcrumb","itemListElement":[{"@type":"ListItem","position":1,"name":"In\u00edcio","item":"https:\/\/portalfadesp.org.br\/"},{"@type":"ListItem","position":2,"name":"II Col\u00f3quio de Est\u00e9tica debate a arte na UEPA"}]},{"@type":"WebSite","@id":"https:\/\/portalfadesp.org.br\/#website","url":"https:\/\/portalfadesp.org.br\/","name":"FADESP","description":"Funda\u00e7\u00e3o de Amparo e Desenvolvimento da Pesquisa","publisher":{"@id":"https:\/\/portalfadesp.org.br\/#organization"},"potentialAction":[{"@type":"SearchAction","target":{"@type":"EntryPoint","urlTemplate":"https:\/\/portalfadesp.org.br\/?s={search_term_string}"},"query-input":{"@type":"PropertyValueSpecification","valueRequired":true,"valueName":"search_term_string"}}],"inLanguage":"pt-BR"},{"@type":"Organization","@id":"https:\/\/portalfadesp.org.br\/#organization","name":"FADESP","url":"https:\/\/portalfadesp.org.br\/","logo":{"@type":"ImageObject","inLanguage":"pt-BR","@id":"https:\/\/portalfadesp.org.br\/#\/schema\/logo\/image\/","url":"https:\/\/portalfadesp.org.br\/wp-content\/uploads\/2024\/01\/NOVOLOGOFADESPlaranjaH.png","contentUrl":"https:\/\/portalfadesp.org.br\/wp-content\/uploads\/2024\/01\/NOVOLOGOFADESPlaranjaH.png","width":2742,"height":839,"caption":"FADESP"},"image":{"@id":"https:\/\/portalfadesp.org.br\/#\/schema\/logo\/image\/"},"sameAs":["https:\/\/www.facebook.com\/Fadesp-138351949524662\/","https:\/\/x.com\/Fadesp","https:\/\/www.instagram.com\/fadesp_ufpa\/","https:\/\/www.youtube.com\/@fundacaodeamparoedesenvolv1903","https:\/\/www.threads.net\/@fadesp_ufpa"]},{"@type":"Person","@id":"https:\/\/portalfadesp.org.br\/#\/schema\/person\/dc2908bf250f3ccb8be775027b13735e","name":"Raphael Pena","image":{"@type":"ImageObject","inLanguage":"pt-BR","@id":"https:\/\/portalfadesp.org.br\/#\/schema\/person\/image\/","url":"https:\/\/secure.gravatar.com\/avatar\/f6ed33c466a335cea1eeb716e9d8177b1ca19149f5fdbee566ad4873403cee8a?s=96&d=mm&r=g","contentUrl":"https:\/\/secure.gravatar.com\/avatar\/f6ed33c466a335cea1eeb716e9d8177b1ca19149f5fdbee566ad4873403cee8a?s=96&d=mm&r=g","caption":"Raphael Pena"},"url":"https:\/\/portalfadesp.org.br\/?author=9"}]}},"_links":{"self":[{"href":"https:\/\/portalfadesp.org.br\/index.php?rest_route=\/wp\/v2\/posts\/1656","targetHints":{"allow":["GET"]}}],"collection":[{"href":"https:\/\/portalfadesp.org.br\/index.php?rest_route=\/wp\/v2\/posts"}],"about":[{"href":"https:\/\/portalfadesp.org.br\/index.php?rest_route=\/wp\/v2\/types\/post"}],"author":[{"embeddable":true,"href":"https:\/\/portalfadesp.org.br\/index.php?rest_route=\/wp\/v2\/users\/9"}],"replies":[{"embeddable":true,"href":"https:\/\/portalfadesp.org.br\/index.php?rest_route=%2Fwp%2Fv2%2Fcomments&post=1656"}],"version-history":[{"count":3,"href":"https:\/\/portalfadesp.org.br\/index.php?rest_route=\/wp\/v2\/posts\/1656\/revisions"}],"predecessor-version":[{"id":12736,"href":"https:\/\/portalfadesp.org.br\/index.php?rest_route=\/wp\/v2\/posts\/1656\/revisions\/12736"}],"wp:attachment":[{"href":"https:\/\/portalfadesp.org.br\/index.php?rest_route=%2Fwp%2Fv2%2Fmedia&parent=1656"}],"wp:term":[{"taxonomy":"category","embeddable":true,"href":"https:\/\/portalfadesp.org.br\/index.php?rest_route=%2Fwp%2Fv2%2Fcategories&post=1656"},{"taxonomy":"post_tag","embeddable":true,"href":"https:\/\/portalfadesp.org.br\/index.php?rest_route=%2Fwp%2Fv2%2Ftags&post=1656"}],"curies":[{"name":"wp","href":"https:\/\/api.w.org\/{rel}","templated":true}]}}