{"id":1655,"date":"2019-05-28T13:53:52","date_gmt":"2019-05-28T16:53:52","guid":{"rendered":"https:\/\/162.215.13.167?p=1655"},"modified":"2021-01-05T13:57:46","modified_gmt":"2021-01-05T16:57:46","slug":"documentos-para-projetos-de-especializacao","status":"publish","type":"post","link":"https:\/\/portalfadesp.org.br\/?p=1655","title":{"rendered":"Documentos para Projetos de Especializa\u00e7\u00e3o"},"content":{"rendered":"\t\t<div data-elementor-type=\"wp-post\" data-elementor-id=\"1655\" class=\"elementor elementor-1655 elementor-bc-flex-widget\" data-elementor-post-type=\"post\">\n\t\t\t\t\t\t<section class=\"elementor-section elementor-top-section elementor-element elementor-element-693bbe30 elementor-section-boxed elementor-section-height-default elementor-section-height-default\" data-id=\"693bbe30\" data-element_type=\"section\">\n\t\t\t\t\t\t<div class=\"elementor-container elementor-column-gap-default\">\n\t\t\t\t\t<div class=\"elementor-column elementor-col-100 elementor-top-column elementor-element elementor-element-3d4f4835\" data-id=\"3d4f4835\" data-element_type=\"column\">\n\t\t\t<div class=\"elementor-widget-wrap elementor-element-populated\">\n\t\t\t\t\t\t<div class=\"elementor-element elementor-element-366054be elementor-widget elementor-widget-heading\" data-id=\"366054be\" data-element_type=\"widget\" data-widget_type=\"heading.default\">\n\t\t\t\t<div class=\"elementor-widget-container\">\n\t\t\t\t\t<h2 class=\"elementor-heading-title elementor-size-default\">Documentos para Projetos de Especializa\u00e7\u00e3o<\/h2>\t\t\t\t<\/div>\n\t\t\t\t<\/div>\n\t\t\t\t\t<\/div>\n\t\t<\/div>\n\t\t\t\t\t<\/div>\n\t\t<\/section>\n\t\t\t\t<section class=\"elementor-section elementor-top-section elementor-element elementor-element-4a7490af elementor-section-boxed elementor-section-height-default elementor-section-height-default\" data-id=\"4a7490af\" data-element_type=\"section\">\n\t\t\t\t\t\t<div class=\"elementor-container elementor-column-gap-default\">\n\t\t\t\t\t<div class=\"elementor-column elementor-col-100 elementor-top-column elementor-element elementor-element-3603fd23\" data-id=\"3603fd23\" data-element_type=\"column\">\n\t\t\t<div class=\"elementor-widget-wrap elementor-element-populated\">\n\t\t\t\t\t\t<div class=\"elementor-element elementor-element-141f5147 elementor-widget elementor-widget-text-editor\" data-id=\"141f5147\" data-element_type=\"widget\" data-widget_type=\"text-editor.default\">\n\t\t\t\t<div class=\"elementor-widget-container\">\n\t\t\t\t\t\t\t\t\t<p><span style=\"color: #000000;\">Documentos necess\u00e1rios \u00e0 contrata\u00e7\u00e3o da FADESP para o gerenciamento administrativo\/financeiro de cursos de especializa\u00e7\u00e3o (os documentos dispon\u00edveis aqui tamb\u00e9m est\u00e3o nos sites da\u00a0<a style=\"color: #000000;\" href=\"http:\/\/proad.ufpa.br\/v2\/index.php?option=com_content&amp;view=article&amp;id=23&amp;Itemid=15\" target=\"_blank\" rel=\"noopener\">PROAD<\/a>\u00a0e da\u00a0<a style=\"color: #000000;\" href=\"http:\/\/www.propesp.ufpa.br\/index.php?option=com_content&amp;view=article&amp;id=276&amp;Itemid=73\" target=\"_blank\" rel=\"noopener\">PROPESP<\/a>\/UFPA):<\/span><\/p><p><span style=\"color: #000000;\">&#8211; Memorando para o diretor de Contratos e Conv\u00eanios\/PROAD solicitando a contrata\u00e7\u00e3o da FADESP;<\/span><br \/><br \/><span style=\"color: #000000;\">&#8211; Resolu\u00e7\u00e3o do CONSEP que aprova o referido curso;<\/span><br \/><br \/><span style=\"color: #000000;\">&#8211; C\u00f3pia da Ata da reuni\u00e3o do Instituto que aprovou o projeto devidamente autenticado (confere com o original);<\/span><br \/><br \/><span style=\"color: #000000;\">&#8211; Portaria de Nomea\u00e7\u00e3o do Coordenador do Projeto;<\/span><br \/><br \/><span style=\"color: #000000;\">&#8211; Portaria de Nomea\u00e7\u00e3o do Fiscal do Projeto;<\/span><br \/><br \/><span style=\"color: #000000;\">&#8211; Projeto do Coordenador em uma (01) via (<a id=\"c7i2X3aNEx\" style=\"color: #000000;\" title=\"Tamanho: -1KB\" href=\"http:\/\/agencia.portalfadesp.org.br\/midias\/anexos\/28158A_projeto_pedagogico.doc\" target=\"_blank\" rel=\"noopener\">MODELO AQUI<\/a>);<\/span><br \/><br \/><span style=\"color: #000000;\">&#8211; Roteiro de Projeto devidamente Preenchido e assinado pelas partes\u00a0(<a id=\"c7i2X3aNEx\" style=\"color: #000000;\" title=\"Tamanho: -1KB\" href=\"http:\/\/agencia.portalfadesp.org.br\/midias\/anexos\/28158A_roteiro.docx\" target=\"_blank\" rel=\"noopener\">MODELO AQUI<\/a>);<\/span><br \/><br \/><span style=\"color: #000000;\">&#8211; Plano de Trabalho, em tr\u00eas (3) vias\u00a0(<a id=\"c7i2X3aNEx\" style=\"color: #000000;\" title=\"Tamanho: -1KB\" href=\"http:\/\/agencia.portalfadesp.org.br\/midias\/anexos\/28158A_plano_de_trabalho.docx\" target=\"_blank\" rel=\"noopener\">MODELO AQUI<\/a>);<\/span><br \/><br \/><span style=\"color: #000000;\">&#8211; Assinatura e inclus\u00e3o no Processo dos Termos de Participa\u00e7\u00e3o Individual do Servidor em Projetos (<a id=\"c7i2X3aNEx\" style=\"color: #000000;\" title=\"Tamanho: -1KB\" href=\"http:\/\/agencia.portalfadesp.org.br\/midias\/anexos\/28158A_termo_de_compromisso_coordenador_e_convenios.doc\" target=\"_blank\" rel=\"noopener\">MODELO AQUI<\/a>);<\/span><\/p><p><span style=\"color: #000000;\">&#8211; Assinatura e inclus\u00e3o no Processo dos Termos de Participa\u00e7\u00e3o Individual de Discente em Projetos\u00a0(<a id=\"c7i2X3aNEx\" style=\"color: #000000;\" title=\"Tamanho: -1KB\" href=\"http:\/\/agencia.portalfadesp.org.br\/midias\/anexos\/28158A_termo_de_participacao_discente.docx\" target=\"_blank\" rel=\"noopener\">MODELO AQUI<\/a>);<\/span><br \/><br \/><span style=\"color: #000000;\">&#8211; Termo de Responsabilidade do Coordenador do Projeto, devidamente assinado\u00a0(<a id=\"c7i2X3aNEx\" style=\"color: #000000;\" title=\"Tamanho: -1KB\" href=\"http:\/\/agencia.portalfadesp.org.br\/midias\/anexos\/28158A_termo_de_compromisso_coordenador_e_convenios.doc\" target=\"_blank\" rel=\"noopener\">MODELO AQUI<\/a>);<\/span><br \/><br \/><span style=\"color: #000000;\">&#8211; Justificativa T\u00e9cnica para Contrata\u00e7\u00e3o da FADESP\u00a0(<a id=\"c7i2X3aNEx\" style=\"color: #000000;\" title=\"Tamanho: -1KB\" href=\"http:\/\/agencia.portalfadesp.org.br\/midias\/anexos\/28158A_justificativa_tecnica.doc\" target=\"_blank\" rel=\"noopener\">MODELO AQUI<\/a>);<\/span><br \/><br \/><span style=\"color: #000000;\">&#8211; Precifica\u00e7\u00e3o do Custo Operacional da FADESP\u00a0(procurar a CGP\/FADESP &#8211;\u00a0<strong>91 40057455<\/strong>);<\/span><br \/><br \/><span style=\"color: #000000;\">&#8211; Certid\u00f5es de Regularidade da FADESP (procurar a CGP\/FADESP &#8211;\u00a0<strong>91 40057455<\/strong>);<\/span><\/p>\t\t\t\t\t\t\t\t<\/div>\n\t\t\t\t<\/div>\n\t\t\t\t\t<\/div>\n\t\t<\/div>\n\t\t\t\t\t<\/div>\n\t\t<\/section>\n\t\t\t\t<\/div>\n\t\t","protected":false},"excerpt":{"rendered":"<p>Documentos para Projetos de Especializa\u00e7\u00e3o Documentos necess\u00e1rios \u00e0 contrata\u00e7\u00e3o da FADESP para o gerenciamento administrativo\/financeiro de cursos de especializa\u00e7\u00e3o (os documentos dispon\u00edveis aqui tamb\u00e9m est\u00e3o nos sites da&nbsp;PROAD&nbsp;e da&nbsp;PROPESP\/UFPA): &#8211; Memorando para o diretor de Contratos e Conv\u00eanios\/PROAD solicitando a contrata\u00e7\u00e3o da FADESP; &#8211; Resolu\u00e7\u00e3o do CONSEP que aprova o referido curso; &#8211; C\u00f3pia da [&hellip;]<\/p>\n","protected":false},"author":9,"featured_media":0,"comment_status":"open","ping_status":"open","sticky":false,"template":"","format":"standard","meta":{"_monsterinsights_skip_tracking":false,"_monsterinsights_sitenote_active":false,"_monsterinsights_sitenote_note":"","_monsterinsights_sitenote_category":0,"footnotes":""},"categories":[1],"tags":[],"class_list":["post-1655","post","type-post","status-publish","format-standard","hentry","category-geral","entry"],"yoast_head":"<!-- This site is optimized with the Yoast SEO plugin v25.1 - https:\/\/yoast.com\/wordpress\/plugins\/seo\/ -->\n<title>Documentos para Projetos de Especializa\u00e7\u00e3o - FADESP<\/title>\n<meta name=\"robots\" content=\"index, follow, max-snippet:-1, max-image-preview:large, max-video-preview:-1\" \/>\n<link rel=\"canonical\" href=\"https:\/\/portalfadesp.org.br\/?p=1655\" \/>\n<meta property=\"og:locale\" content=\"pt_BR\" \/>\n<meta property=\"og:type\" content=\"article\" \/>\n<meta property=\"og:title\" content=\"Documentos para Projetos de Especializa\u00e7\u00e3o - FADESP\" \/>\n<meta property=\"og:description\" content=\"Documentos para Projetos de Especializa\u00e7\u00e3o Documentos necess\u00e1rios \u00e0 contrata\u00e7\u00e3o da FADESP para o gerenciamento administrativo\/financeiro de cursos de especializa\u00e7\u00e3o (os documentos dispon\u00edveis aqui tamb\u00e9m est\u00e3o nos sites da&nbsp;PROAD&nbsp;e da&nbsp;PROPESP\/UFPA): &#8211; Memorando para o diretor de Contratos e Conv\u00eanios\/PROAD solicitando a contrata\u00e7\u00e3o da FADESP; &#8211; Resolu\u00e7\u00e3o do CONSEP que aprova o referido curso; &#8211; C\u00f3pia da [&hellip;]\" \/>\n<meta property=\"og:url\" content=\"https:\/\/portalfadesp.org.br\/?p=1655\" \/>\n<meta property=\"og:site_name\" content=\"FADESP\" \/>\n<meta property=\"article:publisher\" content=\"https:\/\/www.facebook.com\/Fadesp-138351949524662\/\" \/>\n<meta property=\"article:published_time\" content=\"2019-05-28T16:53:52+00:00\" \/>\n<meta property=\"article:modified_time\" content=\"2021-01-05T16:57:46+00:00\" \/>\n<meta name=\"author\" content=\"Raphael Pena\" \/>\n<meta name=\"twitter:card\" content=\"summary_large_image\" \/>\n<meta name=\"twitter:creator\" content=\"@Fadesp\" \/>\n<meta name=\"twitter:site\" content=\"@Fadesp\" \/>\n<meta name=\"twitter:label1\" content=\"Escrito por\" \/>\n\t<meta name=\"twitter:data1\" content=\"Raphael Pena\" \/>\n\t<meta name=\"twitter:label2\" content=\"Est. tempo de leitura\" \/>\n\t<meta name=\"twitter:data2\" content=\"1 minuto\" \/>\n<script type=\"application\/ld+json\" class=\"yoast-schema-graph\">{\"@context\":\"https:\/\/schema.org\",\"@graph\":[{\"@type\":\"Article\",\"@id\":\"https:\/\/portalfadesp.org.br\/?p=1655#article\",\"isPartOf\":{\"@id\":\"https:\/\/portalfadesp.org.br\/?p=1655\"},\"author\":{\"name\":\"Raphael Pena\",\"@id\":\"https:\/\/portalfadesp.org.br\/#\/schema\/person\/dc2908bf250f3ccb8be775027b13735e\"},\"headline\":\"Documentos para Projetos de Especializa\u00e7\u00e3o\",\"datePublished\":\"2019-05-28T16:53:52+00:00\",\"dateModified\":\"2021-01-05T16:57:46+00:00\",\"mainEntityOfPage\":{\"@id\":\"https:\/\/portalfadesp.org.br\/?p=1655\"},\"wordCount\":239,\"commentCount\":0,\"publisher\":{\"@id\":\"https:\/\/portalfadesp.org.br\/#organization\"},\"articleSection\":[\"Geral\"],\"inLanguage\":\"pt-BR\"},{\"@type\":\"WebPage\",\"@id\":\"https:\/\/portalfadesp.org.br\/?p=1655\",\"url\":\"https:\/\/portalfadesp.org.br\/?p=1655\",\"name\":\"Documentos para Projetos de Especializa\u00e7\u00e3o - FADESP\",\"isPartOf\":{\"@id\":\"https:\/\/portalfadesp.org.br\/#website\"},\"datePublished\":\"2019-05-28T16:53:52+00:00\",\"dateModified\":\"2021-01-05T16:57:46+00:00\",\"breadcrumb\":{\"@id\":\"https:\/\/portalfadesp.org.br\/?p=1655#breadcrumb\"},\"inLanguage\":\"pt-BR\",\"potentialAction\":[{\"@type\":\"ReadAction\",\"target\":[\"https:\/\/portalfadesp.org.br\/?p=1655\"]}]},{\"@type\":\"BreadcrumbList\",\"@id\":\"https:\/\/portalfadesp.org.br\/?p=1655#breadcrumb\",\"itemListElement\":[{\"@type\":\"ListItem\",\"position\":1,\"name\":\"In\u00edcio\",\"item\":\"https:\/\/portalfadesp.org.br\/\"},{\"@type\":\"ListItem\",\"position\":2,\"name\":\"Documentos para Projetos de Especializa\u00e7\u00e3o\"}]},{\"@type\":\"WebSite\",\"@id\":\"https:\/\/portalfadesp.org.br\/#website\",\"url\":\"https:\/\/portalfadesp.org.br\/\",\"name\":\"FADESP\",\"description\":\"Funda\u00e7\u00e3o de Amparo e Desenvolvimento da Pesquisa\",\"publisher\":{\"@id\":\"https:\/\/portalfadesp.org.br\/#organization\"},\"potentialAction\":[{\"@type\":\"SearchAction\",\"target\":{\"@type\":\"EntryPoint\",\"urlTemplate\":\"https:\/\/portalfadesp.org.br\/?s={search_term_string}\"},\"query-input\":{\"@type\":\"PropertyValueSpecification\",\"valueRequired\":true,\"valueName\":\"search_term_string\"}}],\"inLanguage\":\"pt-BR\"},{\"@type\":\"Organization\",\"@id\":\"https:\/\/portalfadesp.org.br\/#organization\",\"name\":\"FADESP\",\"url\":\"https:\/\/portalfadesp.org.br\/\",\"logo\":{\"@type\":\"ImageObject\",\"inLanguage\":\"pt-BR\",\"@id\":\"https:\/\/portalfadesp.org.br\/#\/schema\/logo\/image\/\",\"url\":\"https:\/\/portalfadesp.org.br\/wp-content\/uploads\/2024\/01\/NOVOLOGOFADESPlaranjaH.png\",\"contentUrl\":\"https:\/\/portalfadesp.org.br\/wp-content\/uploads\/2024\/01\/NOVOLOGOFADESPlaranjaH.png\",\"width\":2742,\"height\":839,\"caption\":\"FADESP\"},\"image\":{\"@id\":\"https:\/\/portalfadesp.org.br\/#\/schema\/logo\/image\/\"},\"sameAs\":[\"https:\/\/www.facebook.com\/Fadesp-138351949524662\/\",\"https:\/\/x.com\/Fadesp\",\"https:\/\/www.instagram.com\/fadesp_ufpa\/\",\"https:\/\/www.youtube.com\/@fundacaodeamparoedesenvolv1903\",\"https:\/\/www.threads.net\/@fadesp_ufpa\"]},{\"@type\":\"Person\",\"@id\":\"https:\/\/portalfadesp.org.br\/#\/schema\/person\/dc2908bf250f3ccb8be775027b13735e\",\"name\":\"Raphael Pena\",\"image\":{\"@type\":\"ImageObject\",\"inLanguage\":\"pt-BR\",\"@id\":\"https:\/\/portalfadesp.org.br\/#\/schema\/person\/image\/\",\"url\":\"https:\/\/secure.gravatar.com\/avatar\/f6ed33c466a335cea1eeb716e9d8177b1ca19149f5fdbee566ad4873403cee8a?s=96&d=mm&r=g\",\"contentUrl\":\"https:\/\/secure.gravatar.com\/avatar\/f6ed33c466a335cea1eeb716e9d8177b1ca19149f5fdbee566ad4873403cee8a?s=96&d=mm&r=g\",\"caption\":\"Raphael Pena\"},\"url\":\"https:\/\/portalfadesp.org.br\/?author=9\"}]}<\/script>\n<!-- \/ Yoast SEO plugin. -->","yoast_head_json":{"title":"Documentos para Projetos de Especializa\u00e7\u00e3o - FADESP","robots":{"index":"index","follow":"follow","max-snippet":"max-snippet:-1","max-image-preview":"max-image-preview:large","max-video-preview":"max-video-preview:-1"},"canonical":"https:\/\/portalfadesp.org.br\/?p=1655","og_locale":"pt_BR","og_type":"article","og_title":"Documentos para Projetos de Especializa\u00e7\u00e3o - FADESP","og_description":"Documentos para Projetos de Especializa\u00e7\u00e3o Documentos necess\u00e1rios \u00e0 contrata\u00e7\u00e3o da FADESP para o gerenciamento administrativo\/financeiro de cursos de especializa\u00e7\u00e3o (os documentos dispon\u00edveis aqui tamb\u00e9m est\u00e3o nos sites da&nbsp;PROAD&nbsp;e da&nbsp;PROPESP\/UFPA): &#8211; Memorando para o diretor de Contratos e Conv\u00eanios\/PROAD solicitando a contrata\u00e7\u00e3o da FADESP; &#8211; Resolu\u00e7\u00e3o do CONSEP que aprova o referido curso; &#8211; C\u00f3pia da [&hellip;]","og_url":"https:\/\/portalfadesp.org.br\/?p=1655","og_site_name":"FADESP","article_publisher":"https:\/\/www.facebook.com\/Fadesp-138351949524662\/","article_published_time":"2019-05-28T16:53:52+00:00","article_modified_time":"2021-01-05T16:57:46+00:00","author":"Raphael Pena","twitter_card":"summary_large_image","twitter_creator":"@Fadesp","twitter_site":"@Fadesp","twitter_misc":{"Escrito por":"Raphael Pena","Est. tempo de leitura":"1 minuto"},"schema":{"@context":"https:\/\/schema.org","@graph":[{"@type":"Article","@id":"https:\/\/portalfadesp.org.br\/?p=1655#article","isPartOf":{"@id":"https:\/\/portalfadesp.org.br\/?p=1655"},"author":{"name":"Raphael Pena","@id":"https:\/\/portalfadesp.org.br\/#\/schema\/person\/dc2908bf250f3ccb8be775027b13735e"},"headline":"Documentos para Projetos de Especializa\u00e7\u00e3o","datePublished":"2019-05-28T16:53:52+00:00","dateModified":"2021-01-05T16:57:46+00:00","mainEntityOfPage":{"@id":"https:\/\/portalfadesp.org.br\/?p=1655"},"wordCount":239,"commentCount":0,"publisher":{"@id":"https:\/\/portalfadesp.org.br\/#organization"},"articleSection":["Geral"],"inLanguage":"pt-BR"},{"@type":"WebPage","@id":"https:\/\/portalfadesp.org.br\/?p=1655","url":"https:\/\/portalfadesp.org.br\/?p=1655","name":"Documentos para Projetos de Especializa\u00e7\u00e3o - FADESP","isPartOf":{"@id":"https:\/\/portalfadesp.org.br\/#website"},"datePublished":"2019-05-28T16:53:52+00:00","dateModified":"2021-01-05T16:57:46+00:00","breadcrumb":{"@id":"https:\/\/portalfadesp.org.br\/?p=1655#breadcrumb"},"inLanguage":"pt-BR","potentialAction":[{"@type":"ReadAction","target":["https:\/\/portalfadesp.org.br\/?p=1655"]}]},{"@type":"BreadcrumbList","@id":"https:\/\/portalfadesp.org.br\/?p=1655#breadcrumb","itemListElement":[{"@type":"ListItem","position":1,"name":"In\u00edcio","item":"https:\/\/portalfadesp.org.br\/"},{"@type":"ListItem","position":2,"name":"Documentos para Projetos de Especializa\u00e7\u00e3o"}]},{"@type":"WebSite","@id":"https:\/\/portalfadesp.org.br\/#website","url":"https:\/\/portalfadesp.org.br\/","name":"FADESP","description":"Funda\u00e7\u00e3o de Amparo e Desenvolvimento da Pesquisa","publisher":{"@id":"https:\/\/portalfadesp.org.br\/#organization"},"potentialAction":[{"@type":"SearchAction","target":{"@type":"EntryPoint","urlTemplate":"https:\/\/portalfadesp.org.br\/?s={search_term_string}"},"query-input":{"@type":"PropertyValueSpecification","valueRequired":true,"valueName":"search_term_string"}}],"inLanguage":"pt-BR"},{"@type":"Organization","@id":"https:\/\/portalfadesp.org.br\/#organization","name":"FADESP","url":"https:\/\/portalfadesp.org.br\/","logo":{"@type":"ImageObject","inLanguage":"pt-BR","@id":"https:\/\/portalfadesp.org.br\/#\/schema\/logo\/image\/","url":"https:\/\/portalfadesp.org.br\/wp-content\/uploads\/2024\/01\/NOVOLOGOFADESPlaranjaH.png","contentUrl":"https:\/\/portalfadesp.org.br\/wp-content\/uploads\/2024\/01\/NOVOLOGOFADESPlaranjaH.png","width":2742,"height":839,"caption":"FADESP"},"image":{"@id":"https:\/\/portalfadesp.org.br\/#\/schema\/logo\/image\/"},"sameAs":["https:\/\/www.facebook.com\/Fadesp-138351949524662\/","https:\/\/x.com\/Fadesp","https:\/\/www.instagram.com\/fadesp_ufpa\/","https:\/\/www.youtube.com\/@fundacaodeamparoedesenvolv1903","https:\/\/www.threads.net\/@fadesp_ufpa"]},{"@type":"Person","@id":"https:\/\/portalfadesp.org.br\/#\/schema\/person\/dc2908bf250f3ccb8be775027b13735e","name":"Raphael Pena","image":{"@type":"ImageObject","inLanguage":"pt-BR","@id":"https:\/\/portalfadesp.org.br\/#\/schema\/person\/image\/","url":"https:\/\/secure.gravatar.com\/avatar\/f6ed33c466a335cea1eeb716e9d8177b1ca19149f5fdbee566ad4873403cee8a?s=96&d=mm&r=g","contentUrl":"https:\/\/secure.gravatar.com\/avatar\/f6ed33c466a335cea1eeb716e9d8177b1ca19149f5fdbee566ad4873403cee8a?s=96&d=mm&r=g","caption":"Raphael Pena"},"url":"https:\/\/portalfadesp.org.br\/?author=9"}]}},"_links":{"self":[{"href":"https:\/\/portalfadesp.org.br\/index.php?rest_route=\/wp\/v2\/posts\/1655","targetHints":{"allow":["GET"]}}],"collection":[{"href":"https:\/\/portalfadesp.org.br\/index.php?rest_route=\/wp\/v2\/posts"}],"about":[{"href":"https:\/\/portalfadesp.org.br\/index.php?rest_route=\/wp\/v2\/types\/post"}],"author":[{"embeddable":true,"href":"https:\/\/portalfadesp.org.br\/index.php?rest_route=\/wp\/v2\/users\/9"}],"replies":[{"embeddable":true,"href":"https:\/\/portalfadesp.org.br\/index.php?rest_route=%2Fwp%2Fv2%2Fcomments&post=1655"}],"version-history":[{"count":3,"href":"https:\/\/portalfadesp.org.br\/index.php?rest_route=\/wp\/v2\/posts\/1655\/revisions"}],"predecessor-version":[{"id":12735,"href":"https:\/\/portalfadesp.org.br\/index.php?rest_route=\/wp\/v2\/posts\/1655\/revisions\/12735"}],"wp:attachment":[{"href":"https:\/\/portalfadesp.org.br\/index.php?rest_route=%2Fwp%2Fv2%2Fmedia&parent=1655"}],"wp:term":[{"taxonomy":"category","embeddable":true,"href":"https:\/\/portalfadesp.org.br\/index.php?rest_route=%2Fwp%2Fv2%2Fcategories&post=1655"},{"taxonomy":"post_tag","embeddable":true,"href":"https:\/\/portalfadesp.org.br\/index.php?rest_route=%2Fwp%2Fv2%2Ftags&post=1655"}],"curies":[{"name":"wp","href":"https:\/\/api.w.org\/{rel}","templated":true}]}}