{"id":1270,"date":"2019-05-17T03:01:05","date_gmt":"2019-05-17T06:01:05","guid":{"rendered":"https:\/\/162.215.13.167?p=1270"},"modified":"2021-01-05T13:58:16","modified_gmt":"2021-01-05T16:58:16","slug":"divulgado-resultado-de-curua-e-convocacao-para-prova-de-titulos-2","status":"publish","type":"post","link":"https:\/\/portalfadesp.org.br\/?p=1270","title":{"rendered":"Divulgado resultado de Curu\u00e1 e convoca\u00e7\u00e3o para prova de t\u00edtulos"},"content":{"rendered":"\t\t<div data-elementor-type=\"wp-post\" data-elementor-id=\"1270\" class=\"elementor elementor-1270 elementor-bc-flex-widget\" data-elementor-post-type=\"post\">\n\t\t\t\t\t\t<section class=\"elementor-section elementor-top-section elementor-element elementor-element-8487880 elementor-section-boxed elementor-section-height-default elementor-section-height-default\" data-id=\"8487880\" data-element_type=\"section\">\n\t\t\t\t\t\t<div class=\"elementor-container elementor-column-gap-default\">\n\t\t\t\t\t<div class=\"elementor-column elementor-col-100 elementor-top-column elementor-element elementor-element-95330da\" data-id=\"95330da\" data-element_type=\"column\">\n\t\t\t<div class=\"elementor-widget-wrap elementor-element-populated\">\n\t\t\t\t\t\t<div class=\"elementor-element elementor-element-572f4a9 elementor-widget elementor-widget-heading\" data-id=\"572f4a9\" data-element_type=\"widget\" data-widget_type=\"heading.default\">\n\t\t\t\t<div class=\"elementor-widget-container\">\n\t\t\t\t\t<h2 class=\"elementor-heading-title elementor-size-default\">Reaberta inscri\u00e7\u00e3o para concurso de Itaituba<\/h2>\t\t\t\t<\/div>\n\t\t\t\t<\/div>\n\t\t\t\t<div class=\"elementor-element elementor-element-73bac4e elementor-widget elementor-widget-text-editor\" data-id=\"73bac4e\" data-element_type=\"widget\" data-widget_type=\"text-editor.default\">\n\t\t\t\t<div class=\"elementor-widget-container\">\n\t\t\t\t\t\t\t\t\t<p><span style=\"color: #000000;\">As inscri\u00e7\u00f5es v\u00e3o at\u00e9 o dia 13 de janeiro de 2014. Mais informa\u00e7\u00f5es na se\u00e7\u00e3o de concurso. micologia<\/span><\/p><p><span style=\"color: #000000;\">Com o edital republicado, as inscri\u00e7\u00f5es para o concurso p\u00fablico da Prefeitura de Itaituba foram prorrogadas para o dia 13 de janeiro e o pagamento do boleto banc\u00e1rio podendo ser pago no dia seguinte, 14.<\/span><\/p><p><span style=\"color: #000000;\">De acordo com a prefeitura, o edital do certame foi reaberto para contemplar reserva de vagas para o egresso do sistema penal, como prev\u00ea o Art. 20, inciso 3, da Lei Municipal n\u00b0 2.300\/2012 (RJU), referente &#8220;as pessoas que cumpriram pena em pres\u00eddio, reformat\u00f3rios, col\u00f4nias penais e outros estabelecimentos similares, que tem assegurados o direito de se inscreverem em concurso p\u00fablico, cujo edital reservar\u00e1 at\u00e9 10% (dez por cento) das vagas dos cargos para essa finalidade, cujas atribui\u00e7\u00f5es sejam compat\u00edveis.&#8221;<\/span><\/p><p><span style=\"color: #000000;\">A reabertura das inscri\u00e7\u00f5es tamb\u00e9m mudar\u00e1 outras datas das etapas do certame como a impress\u00e3o dos cart\u00f5es, que estar\u00e3o liberados entre os dias 16 e 20 de janeiro de 2014.<\/span><\/p><p><span style=\"color: #000000;\">As provas objetivas est\u00e3o previstas para serem aplicadas no dia 26 de janeiro de 2014. No turno da manh\u00e3, das 8 \u00e0s 12h, ser\u00e1 para todos os cargos de N\u00edvel Fundamental Completo e N\u00edvel Superior. \u00c0 tarde, das 14h30 \u00e0s 18h30, ser\u00e1 para todos os cargos de N\u00edvel M\u00e9dio.<\/span><\/p><p><span style=\"color: #000000;\">S\u00e3o ofertadas vagas para cargos de auxiliar de servi\u00e7os gerais, vigia, agente de controle de zoonoses, almoxarife, assistente administrativo, auxiliar de secretaria escolar, fiscal de meio ambiente, fiscal de tributos, top\u00f3grafo e merendeira.<\/span><\/p><p><span style=\"color: #000000;\">E tamb\u00e9m de microscopista, piloto fluvial educacional, prot\u00e9tico dent\u00e1rio, t\u00e9cnicos em edifica\u00e7\u00f5es, enfermagem, epidemiologia, geologia, higiene bucal, inform\u00e1tica, laborat\u00f3rio, minera\u00e7\u00e3o, patologia cl\u00ednica, radiologia, seguran\u00e7a do trabalho e vigil\u00e2ncia sanit\u00e1ria.<\/span><\/p><p><span style=\"color: #000000;\">Tem tamb\u00e9m para administrador de empresas, analista de sistemas, arquiteto, assistente social, bi\u00f3logo, enfermeiro da fam\u00edlia, engenheiros agr\u00f4nomo, ambiental, civil e de seguran\u00e7a do trabalho, fisioterapeuta, fonoaudi\u00f3logo, ge\u00f3grafo e m\u00e9dico (em diversas especialidades).<\/span><\/p><p><span style=\"color: #000000;\">E, ainda, nutricionista, odont\u00f3logo, pedagogo, procurador jur\u00eddico, professor (em diversas \u00e1reas), psic\u00f3logo, psicopedagogo, secret\u00e1rio escolar, t\u00e9cnico educacional e tecn\u00f3logo em saneamento.<\/span><\/p>\t\t\t\t\t\t\t\t<\/div>\n\t\t\t\t<\/div>\n\t\t\t\t\t<\/div>\n\t\t<\/div>\n\t\t\t\t\t<\/div>\n\t\t<\/section>\n\t\t\t\t<\/div>\n\t\t","protected":false},"excerpt":{"rendered":"<p>Reaberta inscri\u00e7\u00e3o para concurso de Itaituba As inscri\u00e7\u00f5es v\u00e3o at\u00e9 o dia 13 de janeiro de 2014. Mais informa\u00e7\u00f5es na se\u00e7\u00e3o de concurso. micologia Com o edital republicado, as inscri\u00e7\u00f5es para o concurso p\u00fablico da Prefeitura de Itaituba foram prorrogadas para o dia 13 de janeiro e o pagamento do boleto banc\u00e1rio podendo ser pago [&hellip;]<\/p>\n","protected":false},"author":9,"featured_media":0,"comment_status":"open","ping_status":"open","sticky":false,"template":"","format":"standard","meta":{"_monsterinsights_skip_tracking":false,"_monsterinsights_sitenote_active":false,"_monsterinsights_sitenote_note":"","_monsterinsights_sitenote_category":0,"footnotes":""},"categories":[7],"tags":[],"class_list":["post-1270","post","type-post","status-publish","format-standard","hentry","category-concurso","entry"],"yoast_head":"<!-- This site is optimized with the Yoast SEO plugin v25.1 - https:\/\/yoast.com\/wordpress\/plugins\/seo\/ -->\n<title>Divulgado resultado de Curu\u00e1 e convoca\u00e7\u00e3o para prova de t\u00edtulos - FADESP<\/title>\n<meta name=\"robots\" content=\"index, follow, max-snippet:-1, max-image-preview:large, max-video-preview:-1\" \/>\n<link rel=\"canonical\" href=\"https:\/\/portalfadesp.org.br\/?p=1270\" \/>\n<meta property=\"og:locale\" content=\"pt_BR\" \/>\n<meta property=\"og:type\" content=\"article\" \/>\n<meta property=\"og:title\" content=\"Divulgado resultado de Curu\u00e1 e convoca\u00e7\u00e3o para prova de t\u00edtulos - FADESP\" \/>\n<meta property=\"og:description\" content=\"Reaberta inscri\u00e7\u00e3o para concurso de Itaituba As inscri\u00e7\u00f5es v\u00e3o at\u00e9 o dia 13 de janeiro de 2014. Mais informa\u00e7\u00f5es na se\u00e7\u00e3o de concurso. micologia Com o edital republicado, as inscri\u00e7\u00f5es para o concurso p\u00fablico da Prefeitura de Itaituba foram prorrogadas para o dia 13 de janeiro e o pagamento do boleto banc\u00e1rio podendo ser pago [&hellip;]\" \/>\n<meta property=\"og:url\" content=\"https:\/\/portalfadesp.org.br\/?p=1270\" \/>\n<meta property=\"og:site_name\" content=\"FADESP\" \/>\n<meta property=\"article:publisher\" content=\"https:\/\/www.facebook.com\/Fadesp-138351949524662\/\" \/>\n<meta property=\"article:published_time\" content=\"2019-05-17T06:01:05+00:00\" \/>\n<meta property=\"article:modified_time\" content=\"2021-01-05T16:58:16+00:00\" \/>\n<meta name=\"author\" content=\"Raphael Pena\" \/>\n<meta name=\"twitter:card\" content=\"summary_large_image\" \/>\n<meta name=\"twitter:creator\" content=\"@Fadesp\" \/>\n<meta name=\"twitter:site\" content=\"@Fadesp\" \/>\n<meta name=\"twitter:label1\" content=\"Escrito por\" \/>\n\t<meta name=\"twitter:data1\" content=\"Raphael Pena\" \/>\n\t<meta name=\"twitter:label2\" content=\"Est. tempo de leitura\" \/>\n\t<meta name=\"twitter:data2\" content=\"2 minutos\" \/>\n<script type=\"application\/ld+json\" class=\"yoast-schema-graph\">{\"@context\":\"https:\/\/schema.org\",\"@graph\":[{\"@type\":\"Article\",\"@id\":\"https:\/\/portalfadesp.org.br\/?p=1270#article\",\"isPartOf\":{\"@id\":\"https:\/\/portalfadesp.org.br\/?p=1270\"},\"author\":{\"name\":\"Raphael Pena\",\"@id\":\"https:\/\/portalfadesp.org.br\/#\/schema\/person\/dc2908bf250f3ccb8be775027b13735e\"},\"headline\":\"Divulgado resultado de Curu\u00e1 e convoca\u00e7\u00e3o para prova de t\u00edtulos\",\"datePublished\":\"2019-05-17T06:01:05+00:00\",\"dateModified\":\"2021-01-05T16:58:16+00:00\",\"mainEntityOfPage\":{\"@id\":\"https:\/\/portalfadesp.org.br\/?p=1270\"},\"wordCount\":384,\"commentCount\":0,\"publisher\":{\"@id\":\"https:\/\/portalfadesp.org.br\/#organization\"},\"articleSection\":[\"Concurso\"],\"inLanguage\":\"pt-BR\"},{\"@type\":\"WebPage\",\"@id\":\"https:\/\/portalfadesp.org.br\/?p=1270\",\"url\":\"https:\/\/portalfadesp.org.br\/?p=1270\",\"name\":\"Divulgado resultado de Curu\u00e1 e convoca\u00e7\u00e3o para prova de t\u00edtulos - FADESP\",\"isPartOf\":{\"@id\":\"https:\/\/portalfadesp.org.br\/#website\"},\"datePublished\":\"2019-05-17T06:01:05+00:00\",\"dateModified\":\"2021-01-05T16:58:16+00:00\",\"breadcrumb\":{\"@id\":\"https:\/\/portalfadesp.org.br\/?p=1270#breadcrumb\"},\"inLanguage\":\"pt-BR\",\"potentialAction\":[{\"@type\":\"ReadAction\",\"target\":[\"https:\/\/portalfadesp.org.br\/?p=1270\"]}]},{\"@type\":\"BreadcrumbList\",\"@id\":\"https:\/\/portalfadesp.org.br\/?p=1270#breadcrumb\",\"itemListElement\":[{\"@type\":\"ListItem\",\"position\":1,\"name\":\"In\u00edcio\",\"item\":\"https:\/\/portalfadesp.org.br\/\"},{\"@type\":\"ListItem\",\"position\":2,\"name\":\"Divulgado resultado de Curu\u00e1 e convoca\u00e7\u00e3o para prova de t\u00edtulos\"}]},{\"@type\":\"WebSite\",\"@id\":\"https:\/\/portalfadesp.org.br\/#website\",\"url\":\"https:\/\/portalfadesp.org.br\/\",\"name\":\"FADESP\",\"description\":\"Funda\u00e7\u00e3o de Amparo e Desenvolvimento da Pesquisa\",\"publisher\":{\"@id\":\"https:\/\/portalfadesp.org.br\/#organization\"},\"potentialAction\":[{\"@type\":\"SearchAction\",\"target\":{\"@type\":\"EntryPoint\",\"urlTemplate\":\"https:\/\/portalfadesp.org.br\/?s={search_term_string}\"},\"query-input\":{\"@type\":\"PropertyValueSpecification\",\"valueRequired\":true,\"valueName\":\"search_term_string\"}}],\"inLanguage\":\"pt-BR\"},{\"@type\":\"Organization\",\"@id\":\"https:\/\/portalfadesp.org.br\/#organization\",\"name\":\"FADESP\",\"url\":\"https:\/\/portalfadesp.org.br\/\",\"logo\":{\"@type\":\"ImageObject\",\"inLanguage\":\"pt-BR\",\"@id\":\"https:\/\/portalfadesp.org.br\/#\/schema\/logo\/image\/\",\"url\":\"https:\/\/portalfadesp.org.br\/wp-content\/uploads\/2024\/01\/NOVOLOGOFADESPlaranjaH.png\",\"contentUrl\":\"https:\/\/portalfadesp.org.br\/wp-content\/uploads\/2024\/01\/NOVOLOGOFADESPlaranjaH.png\",\"width\":2742,\"height\":839,\"caption\":\"FADESP\"},\"image\":{\"@id\":\"https:\/\/portalfadesp.org.br\/#\/schema\/logo\/image\/\"},\"sameAs\":[\"https:\/\/www.facebook.com\/Fadesp-138351949524662\/\",\"https:\/\/x.com\/Fadesp\",\"https:\/\/www.instagram.com\/fadesp_ufpa\/\",\"https:\/\/www.youtube.com\/@fundacaodeamparoedesenvolv1903\",\"https:\/\/www.threads.net\/@fadesp_ufpa\"]},{\"@type\":\"Person\",\"@id\":\"https:\/\/portalfadesp.org.br\/#\/schema\/person\/dc2908bf250f3ccb8be775027b13735e\",\"name\":\"Raphael Pena\",\"image\":{\"@type\":\"ImageObject\",\"inLanguage\":\"pt-BR\",\"@id\":\"https:\/\/portalfadesp.org.br\/#\/schema\/person\/image\/\",\"url\":\"https:\/\/secure.gravatar.com\/avatar\/f6ed33c466a335cea1eeb716e9d8177b1ca19149f5fdbee566ad4873403cee8a?s=96&d=mm&r=g\",\"contentUrl\":\"https:\/\/secure.gravatar.com\/avatar\/f6ed33c466a335cea1eeb716e9d8177b1ca19149f5fdbee566ad4873403cee8a?s=96&d=mm&r=g\",\"caption\":\"Raphael Pena\"},\"url\":\"https:\/\/portalfadesp.org.br\/?author=9\"}]}<\/script>\n<!-- \/ Yoast SEO plugin. -->","yoast_head_json":{"title":"Divulgado resultado de Curu\u00e1 e convoca\u00e7\u00e3o para prova de t\u00edtulos - FADESP","robots":{"index":"index","follow":"follow","max-snippet":"max-snippet:-1","max-image-preview":"max-image-preview:large","max-video-preview":"max-video-preview:-1"},"canonical":"https:\/\/portalfadesp.org.br\/?p=1270","og_locale":"pt_BR","og_type":"article","og_title":"Divulgado resultado de Curu\u00e1 e convoca\u00e7\u00e3o para prova de t\u00edtulos - FADESP","og_description":"Reaberta inscri\u00e7\u00e3o para concurso de Itaituba As inscri\u00e7\u00f5es v\u00e3o at\u00e9 o dia 13 de janeiro de 2014. Mais informa\u00e7\u00f5es na se\u00e7\u00e3o de concurso. micologia Com o edital republicado, as inscri\u00e7\u00f5es para o concurso p\u00fablico da Prefeitura de Itaituba foram prorrogadas para o dia 13 de janeiro e o pagamento do boleto banc\u00e1rio podendo ser pago [&hellip;]","og_url":"https:\/\/portalfadesp.org.br\/?p=1270","og_site_name":"FADESP","article_publisher":"https:\/\/www.facebook.com\/Fadesp-138351949524662\/","article_published_time":"2019-05-17T06:01:05+00:00","article_modified_time":"2021-01-05T16:58:16+00:00","author":"Raphael Pena","twitter_card":"summary_large_image","twitter_creator":"@Fadesp","twitter_site":"@Fadesp","twitter_misc":{"Escrito por":"Raphael Pena","Est. tempo de leitura":"2 minutos"},"schema":{"@context":"https:\/\/schema.org","@graph":[{"@type":"Article","@id":"https:\/\/portalfadesp.org.br\/?p=1270#article","isPartOf":{"@id":"https:\/\/portalfadesp.org.br\/?p=1270"},"author":{"name":"Raphael Pena","@id":"https:\/\/portalfadesp.org.br\/#\/schema\/person\/dc2908bf250f3ccb8be775027b13735e"},"headline":"Divulgado resultado de Curu\u00e1 e convoca\u00e7\u00e3o para prova de t\u00edtulos","datePublished":"2019-05-17T06:01:05+00:00","dateModified":"2021-01-05T16:58:16+00:00","mainEntityOfPage":{"@id":"https:\/\/portalfadesp.org.br\/?p=1270"},"wordCount":384,"commentCount":0,"publisher":{"@id":"https:\/\/portalfadesp.org.br\/#organization"},"articleSection":["Concurso"],"inLanguage":"pt-BR"},{"@type":"WebPage","@id":"https:\/\/portalfadesp.org.br\/?p=1270","url":"https:\/\/portalfadesp.org.br\/?p=1270","name":"Divulgado resultado de Curu\u00e1 e convoca\u00e7\u00e3o para prova de t\u00edtulos - FADESP","isPartOf":{"@id":"https:\/\/portalfadesp.org.br\/#website"},"datePublished":"2019-05-17T06:01:05+00:00","dateModified":"2021-01-05T16:58:16+00:00","breadcrumb":{"@id":"https:\/\/portalfadesp.org.br\/?p=1270#breadcrumb"},"inLanguage":"pt-BR","potentialAction":[{"@type":"ReadAction","target":["https:\/\/portalfadesp.org.br\/?p=1270"]}]},{"@type":"BreadcrumbList","@id":"https:\/\/portalfadesp.org.br\/?p=1270#breadcrumb","itemListElement":[{"@type":"ListItem","position":1,"name":"In\u00edcio","item":"https:\/\/portalfadesp.org.br\/"},{"@type":"ListItem","position":2,"name":"Divulgado resultado de Curu\u00e1 e convoca\u00e7\u00e3o para prova de t\u00edtulos"}]},{"@type":"WebSite","@id":"https:\/\/portalfadesp.org.br\/#website","url":"https:\/\/portalfadesp.org.br\/","name":"FADESP","description":"Funda\u00e7\u00e3o de Amparo e Desenvolvimento da Pesquisa","publisher":{"@id":"https:\/\/portalfadesp.org.br\/#organization"},"potentialAction":[{"@type":"SearchAction","target":{"@type":"EntryPoint","urlTemplate":"https:\/\/portalfadesp.org.br\/?s={search_term_string}"},"query-input":{"@type":"PropertyValueSpecification","valueRequired":true,"valueName":"search_term_string"}}],"inLanguage":"pt-BR"},{"@type":"Organization","@id":"https:\/\/portalfadesp.org.br\/#organization","name":"FADESP","url":"https:\/\/portalfadesp.org.br\/","logo":{"@type":"ImageObject","inLanguage":"pt-BR","@id":"https:\/\/portalfadesp.org.br\/#\/schema\/logo\/image\/","url":"https:\/\/portalfadesp.org.br\/wp-content\/uploads\/2024\/01\/NOVOLOGOFADESPlaranjaH.png","contentUrl":"https:\/\/portalfadesp.org.br\/wp-content\/uploads\/2024\/01\/NOVOLOGOFADESPlaranjaH.png","width":2742,"height":839,"caption":"FADESP"},"image":{"@id":"https:\/\/portalfadesp.org.br\/#\/schema\/logo\/image\/"},"sameAs":["https:\/\/www.facebook.com\/Fadesp-138351949524662\/","https:\/\/x.com\/Fadesp","https:\/\/www.instagram.com\/fadesp_ufpa\/","https:\/\/www.youtube.com\/@fundacaodeamparoedesenvolv1903","https:\/\/www.threads.net\/@fadesp_ufpa"]},{"@type":"Person","@id":"https:\/\/portalfadesp.org.br\/#\/schema\/person\/dc2908bf250f3ccb8be775027b13735e","name":"Raphael Pena","image":{"@type":"ImageObject","inLanguage":"pt-BR","@id":"https:\/\/portalfadesp.org.br\/#\/schema\/person\/image\/","url":"https:\/\/secure.gravatar.com\/avatar\/f6ed33c466a335cea1eeb716e9d8177b1ca19149f5fdbee566ad4873403cee8a?s=96&d=mm&r=g","contentUrl":"https:\/\/secure.gravatar.com\/avatar\/f6ed33c466a335cea1eeb716e9d8177b1ca19149f5fdbee566ad4873403cee8a?s=96&d=mm&r=g","caption":"Raphael Pena"},"url":"https:\/\/portalfadesp.org.br\/?author=9"}]}},"_links":{"self":[{"href":"https:\/\/portalfadesp.org.br\/index.php?rest_route=\/wp\/v2\/posts\/1270","targetHints":{"allow":["GET"]}}],"collection":[{"href":"https:\/\/portalfadesp.org.br\/index.php?rest_route=\/wp\/v2\/posts"}],"about":[{"href":"https:\/\/portalfadesp.org.br\/index.php?rest_route=\/wp\/v2\/types\/post"}],"author":[{"embeddable":true,"href":"https:\/\/portalfadesp.org.br\/index.php?rest_route=\/wp\/v2\/users\/9"}],"replies":[{"embeddable":true,"href":"https:\/\/portalfadesp.org.br\/index.php?rest_route=%2Fwp%2Fv2%2Fcomments&post=1270"}],"version-history":[{"count":3,"href":"https:\/\/portalfadesp.org.br\/index.php?rest_route=\/wp\/v2\/posts\/1270\/revisions"}],"predecessor-version":[{"id":12744,"href":"https:\/\/portalfadesp.org.br\/index.php?rest_route=\/wp\/v2\/posts\/1270\/revisions\/12744"}],"wp:attachment":[{"href":"https:\/\/portalfadesp.org.br\/index.php?rest_route=%2Fwp%2Fv2%2Fmedia&parent=1270"}],"wp:term":[{"taxonomy":"category","embeddable":true,"href":"https:\/\/portalfadesp.org.br\/index.php?rest_route=%2Fwp%2Fv2%2Fcategories&post=1270"},{"taxonomy":"post_tag","embeddable":true,"href":"https:\/\/portalfadesp.org.br\/index.php?rest_route=%2Fwp%2Fv2%2Ftags&post=1270"}],"curies":[{"name":"wp","href":"https:\/\/api.w.org\/{rel}","templated":true}]}}