{"id":1090,"date":"2019-04-29T17:55:26","date_gmt":"2019-04-29T20:55:26","guid":{"rendered":"https:\/\/162.215.13.167?p=1090"},"modified":"2022-12-21T11:25:23","modified_gmt":"2022-12-21T14:25:23","slug":"prefeitura-municipal-de-tucurui-2019-2","status":"publish","type":"post","link":"https:\/\/portalfadesp.org.br\/?p=1090","title":{"rendered":"Prefeitura Municipal de Tucuru\u00ed &#8211; 2019"},"content":{"rendered":"\t\t<div data-elementor-type=\"wp-post\" data-elementor-id=\"1090\" class=\"elementor elementor-1090\" data-elementor-post-type=\"post\">\n\t\t\t\t\t\t<section class=\"elementor-section elementor-top-section elementor-element elementor-element-441ee6a elementor-section-boxed elementor-section-height-default elementor-section-height-default\" data-id=\"441ee6a\" data-element_type=\"section\">\n\t\t\t\t\t\t<div class=\"elementor-container elementor-column-gap-default\">\n\t\t\t\t\t<div class=\"elementor-column elementor-col-100 elementor-top-column elementor-element elementor-element-e56cd32\" data-id=\"e56cd32\" data-element_type=\"column\">\n\t\t\t<div class=\"elementor-widget-wrap elementor-element-populated\">\n\t\t\t\t\t\t<section class=\"elementor-section elementor-inner-section elementor-element elementor-element-3c3a1d7 elementor-section-boxed elementor-section-height-default elementor-section-height-default\" data-id=\"3c3a1d7\" data-element_type=\"section\">\n\t\t\t\t\t\t<div class=\"elementor-container elementor-column-gap-default\">\n\t\t\t\t\t<div class=\"elementor-column elementor-col-100 elementor-inner-column elementor-element elementor-element-60910c8\" data-id=\"60910c8\" data-element_type=\"column\">\n\t\t\t<div class=\"elementor-widget-wrap elementor-element-populated\">\n\t\t\t\t\t\t<div class=\"elementor-element elementor-element-cfe8793 elementor-widget elementor-widget-heading\" data-id=\"cfe8793\" data-element_type=\"widget\" data-widget_type=\"heading.default\">\n\t\t\t\t<div class=\"elementor-widget-container\">\n\t\t\t\t\t<h2 class=\"elementor-heading-title elementor-size-default\">Inscri\u00e7\u00e3o para o concurso da prefeitura de Tucuru\u00ed \u00e9 s\u00f3 at\u00e9 sexta-feira, 03. S\u00e3o ofertadas 40 vagas.<\/h2>\t\t\t\t<\/div>\n\t\t\t\t<\/div>\n\t\t\t\t<div class=\"elementor-element elementor-element-b3ba541 elementor-widget elementor-widget-text-editor\" data-id=\"b3ba541\" data-element_type=\"widget\" data-widget_type=\"text-editor.default\">\n\t\t\t\t<div class=\"elementor-widget-container\">\n\t\t\t\t\t\t\t\t\t<span style=\"color: #000000;\"><img decoding=\"async\" class=\" wp-image-881 aligncenter\" src=\"..\/wp-content\/uploads\/2019\/03\/up_ag_29495_1280px-usina_de_tucurui-1-300x225.jpg\" alt=\"\" width=\"118\" height=\"88\" srcset=\"https:\/\/portalfadesp.org.br\/wp-content\/uploads\/2019\/03\/up_ag_29495_1280px-usina_de_tucurui-1-300x225.jpg 300w, https:\/\/portalfadesp.org.br\/wp-content\/uploads\/2019\/03\/up_ag_29495_1280px-usina_de_tucurui-1.jpg 600w\" sizes=\"(max-width: 118px) 100vw, 118px\" \/>As inscri\u00e7\u00f5es para o concurso da prefeitura de Tucuru\u00ed encerrar\u00e3o na sexta-feira, 03.\u00a0 S\u00e3o ofertadas 40 vagas para Agente Municipal de Tr\u00e2nsito. Os interessados devem ter ensino M\u00e9dio e carteira de habilita\u00e7\u00e3o na categoria AB. O edital e o link de inscri\u00e7\u00e3o est\u00e3o no <a style=\"color: #000000;\" href=\"https:\/\/portalfadesp.org.br\/pagConcursos.asp?id_pagina=579\" target=\"_blank\" rel=\"noopener\">site de concursos da FADESP (www.portalfadesp.org.br\/concursos)<\/a>.\u00a0<\/span>\n\n<span style=\"color: #000000;\">Para se inscrever, o candidato deve preencher o formul\u00e1rio online at\u00e9 o dia 03 de maio e gerar o boleto da taxa de R$ 70,00 para pagamento at\u00e9 o dia 6 do mesmo m\u00eas, em qualquer banco ou casa lot\u00e9rica. O cart\u00e3o de confirma\u00e7\u00e3o da inscri\u00e7\u00e3o ser\u00e1 disponibilizado a partir de 21 de maio.<\/span>\n\n<span style=\"color: #000000;\">Para concorrer \u00e0s vagas de Agente Municipal de Tr\u00e2nsito, os candidatos devem ter N\u00edvel M\u00e9dio e habilita\u00e7\u00e3o na categoria AB. Os aprovados ter\u00e3o, entre as atribui\u00e7\u00f5es, a orienta\u00e7\u00e3o, opera\u00e7\u00e3o e a fiscaliza\u00e7\u00e3o ostensiva do tr\u00e2nsito e transporte do Munic\u00edpio de Tucuru\u00ed. O sal\u00e1rio \u00e9 de R$ 1.500,00.<\/span>\n\n<span style=\"color: #000000;\">A sele\u00e7\u00e3o dos aprovados ser\u00e1 feita em duas etapas, ambas realizadas em Tucuru\u00ed. A primeira ser\u00e1 a prova de conhecimentos prevista para o dia 2 de junho deste ano. Os classificados far\u00e3o, ent\u00e3o, a prova de aptid\u00e3o f\u00edsica descrita no <a style=\"color: #000000;\" href=\"..\/midias\/anexos\/579_edital_n_01_2019_pmt.pdf\" target=\"_blank\" rel=\"noopener\">edital.<\/a><\/span>\n\n<span style=\"color: #000000;\"><strong>Concurso Prefeitura de Tucuru\u00ed<\/strong><\/span>\n\n<span style=\"color: #000000;\"><strong>Inscri\u00e7\u00f5es<\/strong> \u2013 <a style=\"color: #000000;\" href=\"https:\/\/portalfadesp.org.br\/pagConcursos.asp?id_pagina=579\" target=\"_blank\" rel=\"noopener\">www.portalfadesp.org.br\/concursos<\/a><\/span>\n<span style=\"color: #000000;\"><strong>Vagas<\/strong> &#8211; 40<\/span>\n<span style=\"color: #000000;\"><strong>Per\u00edodo de inscri\u00e7\u00e3o<\/strong> &#8211; at\u00e9 03\/05\/19<\/span>\n<span style=\"color: #000000;\"><strong>Cargos<\/strong> &#8211; Agente Municipal de Tr\u00e2nsito<\/span>\n<span style=\"color: #000000;\"><strong>Remunera\u00e7\u00e3o<\/strong> &#8211; de R$ 1.500,00.<\/span>\n<span style=\"color: #000000;\"><strong>Cart\u00e3o de inscri\u00e7\u00e3o para impress\u00e3o<\/strong> &#8211; de 21 a 24\/05\/2019.<\/span>\n<span style=\"color: #000000;\"><strong>Provas objetivas<\/strong> &#8211; 02\/06\/19.<\/span>\n<span style=\"color: #000000;\"><strong>Local de provas<\/strong> &#8211; Tucuru\u00ed (PA).<\/span>\t\t\t\t\t\t\t\t<\/div>\n\t\t\t\t<\/div>\n\t\t\t\t\t<\/div>\n\t\t<\/div>\n\t\t\t\t\t<\/div>\n\t\t<\/section>\n\t\t\t\t\t<\/div>\n\t\t<\/div>\n\t\t\t\t\t<\/div>\n\t\t<\/section>\n\t\t\t\t<\/div>\n\t\t","protected":false},"excerpt":{"rendered":"<p>Inscri\u00e7\u00e3o para o concurso da prefeitura de Tucuru\u00ed \u00e9 s\u00f3 at\u00e9 sexta-feira, 03. S\u00e3o ofertadas 40 vagas. As inscri\u00e7\u00f5es para o concurso da prefeitura de Tucuru\u00ed encerrar\u00e3o na sexta-feira, 03.\u00a0 S\u00e3o ofertadas 40 vagas para Agente Municipal de Tr\u00e2nsito. Os interessados devem ter ensino M\u00e9dio e carteira de habilita\u00e7\u00e3o na categoria AB. O edital e [&hellip;]<\/p>\n","protected":false},"author":9,"featured_media":881,"comment_status":"open","ping_status":"open","sticky":false,"template":"elementor_header_footer","format":"standard","meta":{"_monsterinsights_skip_tracking":false,"_monsterinsights_sitenote_active":false,"_monsterinsights_sitenote_note":"","_monsterinsights_sitenote_category":0,"footnotes":""},"categories":[7],"tags":[],"class_list":["post-1090","post","type-post","status-publish","format-standard","has-post-thumbnail","hentry","category-concurso","entry","has-media"],"yoast_head":"<!-- This site is optimized with the Yoast SEO plugin v25.1 - https:\/\/yoast.com\/wordpress\/plugins\/seo\/ -->\n<title>Prefeitura Municipal de Tucuru\u00ed - 2019 - FADESP<\/title>\n<meta name=\"robots\" content=\"index, follow, max-snippet:-1, max-image-preview:large, max-video-preview:-1\" \/>\n<link rel=\"canonical\" href=\"https:\/\/portalfadesp.org.br\/?p=1090\" \/>\n<meta property=\"og:locale\" content=\"pt_BR\" \/>\n<meta property=\"og:type\" content=\"article\" \/>\n<meta property=\"og:title\" content=\"Prefeitura Municipal de Tucuru\u00ed - 2019 - FADESP\" \/>\n<meta property=\"og:description\" content=\"Inscri\u00e7\u00e3o para o concurso da prefeitura de Tucuru\u00ed \u00e9 s\u00f3 at\u00e9 sexta-feira, 03. S\u00e3o ofertadas 40 vagas. As inscri\u00e7\u00f5es para o concurso da prefeitura de Tucuru\u00ed encerrar\u00e3o na sexta-feira, 03.\u00a0 S\u00e3o ofertadas 40 vagas para Agente Municipal de Tr\u00e2nsito. Os interessados devem ter ensino M\u00e9dio e carteira de habilita\u00e7\u00e3o na categoria AB. O edital e [&hellip;]\" \/>\n<meta property=\"og:url\" content=\"https:\/\/portalfadesp.org.br\/?p=1090\" \/>\n<meta property=\"og:site_name\" content=\"FADESP\" \/>\n<meta property=\"article:publisher\" content=\"https:\/\/www.facebook.com\/Fadesp-138351949524662\/\" \/>\n<meta property=\"article:published_time\" content=\"2019-04-29T20:55:26+00:00\" \/>\n<meta property=\"article:modified_time\" content=\"2022-12-21T14:25:23+00:00\" \/>\n<meta property=\"og:image\" content=\"https:\/\/portalfadesp.org.br\/wp-content\/uploads\/2019\/03\/up_ag_29495_1280px-usina_de_tucurui-1.jpg\" \/>\n\t<meta property=\"og:image:width\" content=\"600\" \/>\n\t<meta property=\"og:image:height\" content=\"450\" \/>\n\t<meta property=\"og:image:type\" content=\"image\/jpeg\" \/>\n<meta name=\"author\" content=\"Raphael Pena\" \/>\n<meta name=\"twitter:card\" content=\"summary_large_image\" \/>\n<meta name=\"twitter:creator\" content=\"@Fadesp\" \/>\n<meta name=\"twitter:site\" content=\"@Fadesp\" \/>\n<meta name=\"twitter:label1\" content=\"Escrito por\" \/>\n\t<meta name=\"twitter:data1\" content=\"Raphael Pena\" \/>\n\t<meta name=\"twitter:label2\" content=\"Est. tempo de leitura\" \/>\n\t<meta name=\"twitter:data2\" content=\"1 minuto\" \/>\n<script type=\"application\/ld+json\" class=\"yoast-schema-graph\">{\"@context\":\"https:\/\/schema.org\",\"@graph\":[{\"@type\":\"Article\",\"@id\":\"https:\/\/portalfadesp.org.br\/?p=1090#article\",\"isPartOf\":{\"@id\":\"https:\/\/portalfadesp.org.br\/?p=1090\"},\"author\":{\"name\":\"Raphael Pena\",\"@id\":\"https:\/\/portalfadesp.org.br\/#\/schema\/person\/dc2908bf250f3ccb8be775027b13735e\"},\"headline\":\"Prefeitura Municipal de Tucuru\u00ed &#8211; 2019\",\"datePublished\":\"2019-04-29T20:55:26+00:00\",\"dateModified\":\"2022-12-21T14:25:23+00:00\",\"mainEntityOfPage\":{\"@id\":\"https:\/\/portalfadesp.org.br\/?p=1090\"},\"wordCount\":291,\"commentCount\":0,\"publisher\":{\"@id\":\"https:\/\/portalfadesp.org.br\/#organization\"},\"image\":{\"@id\":\"https:\/\/portalfadesp.org.br\/?p=1090#primaryimage\"},\"thumbnailUrl\":\"https:\/\/portalfadesp.org.br\/wp-content\/uploads\/2019\/03\/up_ag_29495_1280px-usina_de_tucurui-1.jpg\",\"articleSection\":[\"Concurso\"],\"inLanguage\":\"pt-BR\"},{\"@type\":\"WebPage\",\"@id\":\"https:\/\/portalfadesp.org.br\/?p=1090\",\"url\":\"https:\/\/portalfadesp.org.br\/?p=1090\",\"name\":\"Prefeitura Municipal de Tucuru\u00ed - 2019 - FADESP\",\"isPartOf\":{\"@id\":\"https:\/\/portalfadesp.org.br\/#website\"},\"primaryImageOfPage\":{\"@id\":\"https:\/\/portalfadesp.org.br\/?p=1090#primaryimage\"},\"image\":{\"@id\":\"https:\/\/portalfadesp.org.br\/?p=1090#primaryimage\"},\"thumbnailUrl\":\"https:\/\/portalfadesp.org.br\/wp-content\/uploads\/2019\/03\/up_ag_29495_1280px-usina_de_tucurui-1.jpg\",\"datePublished\":\"2019-04-29T20:55:26+00:00\",\"dateModified\":\"2022-12-21T14:25:23+00:00\",\"breadcrumb\":{\"@id\":\"https:\/\/portalfadesp.org.br\/?p=1090#breadcrumb\"},\"inLanguage\":\"pt-BR\",\"potentialAction\":[{\"@type\":\"ReadAction\",\"target\":[\"https:\/\/portalfadesp.org.br\/?p=1090\"]}]},{\"@type\":\"ImageObject\",\"inLanguage\":\"pt-BR\",\"@id\":\"https:\/\/portalfadesp.org.br\/?p=1090#primaryimage\",\"url\":\"https:\/\/portalfadesp.org.br\/wp-content\/uploads\/2019\/03\/up_ag_29495_1280px-usina_de_tucurui-1.jpg\",\"contentUrl\":\"https:\/\/portalfadesp.org.br\/wp-content\/uploads\/2019\/03\/up_ag_29495_1280px-usina_de_tucurui-1.jpg\",\"width\":600,\"height\":450},{\"@type\":\"BreadcrumbList\",\"@id\":\"https:\/\/portalfadesp.org.br\/?p=1090#breadcrumb\",\"itemListElement\":[{\"@type\":\"ListItem\",\"position\":1,\"name\":\"In\u00edcio\",\"item\":\"https:\/\/portalfadesp.org.br\/\"},{\"@type\":\"ListItem\",\"position\":2,\"name\":\"Prefeitura Municipal de Tucuru\u00ed &#8211; 2019\"}]},{\"@type\":\"WebSite\",\"@id\":\"https:\/\/portalfadesp.org.br\/#website\",\"url\":\"https:\/\/portalfadesp.org.br\/\",\"name\":\"FADESP\",\"description\":\"Funda\u00e7\u00e3o de Amparo e Desenvolvimento da Pesquisa\",\"publisher\":{\"@id\":\"https:\/\/portalfadesp.org.br\/#organization\"},\"potentialAction\":[{\"@type\":\"SearchAction\",\"target\":{\"@type\":\"EntryPoint\",\"urlTemplate\":\"https:\/\/portalfadesp.org.br\/?s={search_term_string}\"},\"query-input\":{\"@type\":\"PropertyValueSpecification\",\"valueRequired\":true,\"valueName\":\"search_term_string\"}}],\"inLanguage\":\"pt-BR\"},{\"@type\":\"Organization\",\"@id\":\"https:\/\/portalfadesp.org.br\/#organization\",\"name\":\"FADESP\",\"url\":\"https:\/\/portalfadesp.org.br\/\",\"logo\":{\"@type\":\"ImageObject\",\"inLanguage\":\"pt-BR\",\"@id\":\"https:\/\/portalfadesp.org.br\/#\/schema\/logo\/image\/\",\"url\":\"https:\/\/portalfadesp.org.br\/wp-content\/uploads\/2024\/01\/NOVOLOGOFADESPlaranjaH.png\",\"contentUrl\":\"https:\/\/portalfadesp.org.br\/wp-content\/uploads\/2024\/01\/NOVOLOGOFADESPlaranjaH.png\",\"width\":2742,\"height\":839,\"caption\":\"FADESP\"},\"image\":{\"@id\":\"https:\/\/portalfadesp.org.br\/#\/schema\/logo\/image\/\"},\"sameAs\":[\"https:\/\/www.facebook.com\/Fadesp-138351949524662\/\",\"https:\/\/x.com\/Fadesp\",\"https:\/\/www.instagram.com\/fadesp_ufpa\/\",\"https:\/\/www.youtube.com\/@fundacaodeamparoedesenvolv1903\",\"https:\/\/www.threads.net\/@fadesp_ufpa\"]},{\"@type\":\"Person\",\"@id\":\"https:\/\/portalfadesp.org.br\/#\/schema\/person\/dc2908bf250f3ccb8be775027b13735e\",\"name\":\"Raphael Pena\",\"image\":{\"@type\":\"ImageObject\",\"inLanguage\":\"pt-BR\",\"@id\":\"https:\/\/portalfadesp.org.br\/#\/schema\/person\/image\/\",\"url\":\"https:\/\/secure.gravatar.com\/avatar\/f6ed33c466a335cea1eeb716e9d8177b1ca19149f5fdbee566ad4873403cee8a?s=96&d=mm&r=g\",\"contentUrl\":\"https:\/\/secure.gravatar.com\/avatar\/f6ed33c466a335cea1eeb716e9d8177b1ca19149f5fdbee566ad4873403cee8a?s=96&d=mm&r=g\",\"caption\":\"Raphael Pena\"},\"url\":\"https:\/\/portalfadesp.org.br\/?author=9\"}]}<\/script>\n<!-- \/ Yoast SEO plugin. -->","yoast_head_json":{"title":"Prefeitura Municipal de Tucuru\u00ed - 2019 - FADESP","robots":{"index":"index","follow":"follow","max-snippet":"max-snippet:-1","max-image-preview":"max-image-preview:large","max-video-preview":"max-video-preview:-1"},"canonical":"https:\/\/portalfadesp.org.br\/?p=1090","og_locale":"pt_BR","og_type":"article","og_title":"Prefeitura Municipal de Tucuru\u00ed - 2019 - FADESP","og_description":"Inscri\u00e7\u00e3o para o concurso da prefeitura de Tucuru\u00ed \u00e9 s\u00f3 at\u00e9 sexta-feira, 03. S\u00e3o ofertadas 40 vagas. As inscri\u00e7\u00f5es para o concurso da prefeitura de Tucuru\u00ed encerrar\u00e3o na sexta-feira, 03.\u00a0 S\u00e3o ofertadas 40 vagas para Agente Municipal de Tr\u00e2nsito. Os interessados devem ter ensino M\u00e9dio e carteira de habilita\u00e7\u00e3o na categoria AB. O edital e [&hellip;]","og_url":"https:\/\/portalfadesp.org.br\/?p=1090","og_site_name":"FADESP","article_publisher":"https:\/\/www.facebook.com\/Fadesp-138351949524662\/","article_published_time":"2019-04-29T20:55:26+00:00","article_modified_time":"2022-12-21T14:25:23+00:00","og_image":[{"width":600,"height":450,"url":"https:\/\/portalfadesp.org.br\/wp-content\/uploads\/2019\/03\/up_ag_29495_1280px-usina_de_tucurui-1.jpg","type":"image\/jpeg"}],"author":"Raphael Pena","twitter_card":"summary_large_image","twitter_creator":"@Fadesp","twitter_site":"@Fadesp","twitter_misc":{"Escrito por":"Raphael Pena","Est. tempo de leitura":"1 minuto"},"schema":{"@context":"https:\/\/schema.org","@graph":[{"@type":"Article","@id":"https:\/\/portalfadesp.org.br\/?p=1090#article","isPartOf":{"@id":"https:\/\/portalfadesp.org.br\/?p=1090"},"author":{"name":"Raphael Pena","@id":"https:\/\/portalfadesp.org.br\/#\/schema\/person\/dc2908bf250f3ccb8be775027b13735e"},"headline":"Prefeitura Municipal de Tucuru\u00ed &#8211; 2019","datePublished":"2019-04-29T20:55:26+00:00","dateModified":"2022-12-21T14:25:23+00:00","mainEntityOfPage":{"@id":"https:\/\/portalfadesp.org.br\/?p=1090"},"wordCount":291,"commentCount":0,"publisher":{"@id":"https:\/\/portalfadesp.org.br\/#organization"},"image":{"@id":"https:\/\/portalfadesp.org.br\/?p=1090#primaryimage"},"thumbnailUrl":"https:\/\/portalfadesp.org.br\/wp-content\/uploads\/2019\/03\/up_ag_29495_1280px-usina_de_tucurui-1.jpg","articleSection":["Concurso"],"inLanguage":"pt-BR"},{"@type":"WebPage","@id":"https:\/\/portalfadesp.org.br\/?p=1090","url":"https:\/\/portalfadesp.org.br\/?p=1090","name":"Prefeitura Municipal de Tucuru\u00ed - 2019 - FADESP","isPartOf":{"@id":"https:\/\/portalfadesp.org.br\/#website"},"primaryImageOfPage":{"@id":"https:\/\/portalfadesp.org.br\/?p=1090#primaryimage"},"image":{"@id":"https:\/\/portalfadesp.org.br\/?p=1090#primaryimage"},"thumbnailUrl":"https:\/\/portalfadesp.org.br\/wp-content\/uploads\/2019\/03\/up_ag_29495_1280px-usina_de_tucurui-1.jpg","datePublished":"2019-04-29T20:55:26+00:00","dateModified":"2022-12-21T14:25:23+00:00","breadcrumb":{"@id":"https:\/\/portalfadesp.org.br\/?p=1090#breadcrumb"},"inLanguage":"pt-BR","potentialAction":[{"@type":"ReadAction","target":["https:\/\/portalfadesp.org.br\/?p=1090"]}]},{"@type":"ImageObject","inLanguage":"pt-BR","@id":"https:\/\/portalfadesp.org.br\/?p=1090#primaryimage","url":"https:\/\/portalfadesp.org.br\/wp-content\/uploads\/2019\/03\/up_ag_29495_1280px-usina_de_tucurui-1.jpg","contentUrl":"https:\/\/portalfadesp.org.br\/wp-content\/uploads\/2019\/03\/up_ag_29495_1280px-usina_de_tucurui-1.jpg","width":600,"height":450},{"@type":"BreadcrumbList","@id":"https:\/\/portalfadesp.org.br\/?p=1090#breadcrumb","itemListElement":[{"@type":"ListItem","position":1,"name":"In\u00edcio","item":"https:\/\/portalfadesp.org.br\/"},{"@type":"ListItem","position":2,"name":"Prefeitura Municipal de Tucuru\u00ed &#8211; 2019"}]},{"@type":"WebSite","@id":"https:\/\/portalfadesp.org.br\/#website","url":"https:\/\/portalfadesp.org.br\/","name":"FADESP","description":"Funda\u00e7\u00e3o de Amparo e Desenvolvimento da Pesquisa","publisher":{"@id":"https:\/\/portalfadesp.org.br\/#organization"},"potentialAction":[{"@type":"SearchAction","target":{"@type":"EntryPoint","urlTemplate":"https:\/\/portalfadesp.org.br\/?s={search_term_string}"},"query-input":{"@type":"PropertyValueSpecification","valueRequired":true,"valueName":"search_term_string"}}],"inLanguage":"pt-BR"},{"@type":"Organization","@id":"https:\/\/portalfadesp.org.br\/#organization","name":"FADESP","url":"https:\/\/portalfadesp.org.br\/","logo":{"@type":"ImageObject","inLanguage":"pt-BR","@id":"https:\/\/portalfadesp.org.br\/#\/schema\/logo\/image\/","url":"https:\/\/portalfadesp.org.br\/wp-content\/uploads\/2024\/01\/NOVOLOGOFADESPlaranjaH.png","contentUrl":"https:\/\/portalfadesp.org.br\/wp-content\/uploads\/2024\/01\/NOVOLOGOFADESPlaranjaH.png","width":2742,"height":839,"caption":"FADESP"},"image":{"@id":"https:\/\/portalfadesp.org.br\/#\/schema\/logo\/image\/"},"sameAs":["https:\/\/www.facebook.com\/Fadesp-138351949524662\/","https:\/\/x.com\/Fadesp","https:\/\/www.instagram.com\/fadesp_ufpa\/","https:\/\/www.youtube.com\/@fundacaodeamparoedesenvolv1903","https:\/\/www.threads.net\/@fadesp_ufpa"]},{"@type":"Person","@id":"https:\/\/portalfadesp.org.br\/#\/schema\/person\/dc2908bf250f3ccb8be775027b13735e","name":"Raphael Pena","image":{"@type":"ImageObject","inLanguage":"pt-BR","@id":"https:\/\/portalfadesp.org.br\/#\/schema\/person\/image\/","url":"https:\/\/secure.gravatar.com\/avatar\/f6ed33c466a335cea1eeb716e9d8177b1ca19149f5fdbee566ad4873403cee8a?s=96&d=mm&r=g","contentUrl":"https:\/\/secure.gravatar.com\/avatar\/f6ed33c466a335cea1eeb716e9d8177b1ca19149f5fdbee566ad4873403cee8a?s=96&d=mm&r=g","caption":"Raphael Pena"},"url":"https:\/\/portalfadesp.org.br\/?author=9"}]}},"_links":{"self":[{"href":"https:\/\/portalfadesp.org.br\/index.php?rest_route=\/wp\/v2\/posts\/1090","targetHints":{"allow":["GET"]}}],"collection":[{"href":"https:\/\/portalfadesp.org.br\/index.php?rest_route=\/wp\/v2\/posts"}],"about":[{"href":"https:\/\/portalfadesp.org.br\/index.php?rest_route=\/wp\/v2\/types\/post"}],"author":[{"embeddable":true,"href":"https:\/\/portalfadesp.org.br\/index.php?rest_route=\/wp\/v2\/users\/9"}],"replies":[{"embeddable":true,"href":"https:\/\/portalfadesp.org.br\/index.php?rest_route=%2Fwp%2Fv2%2Fcomments&post=1090"}],"version-history":[{"count":12,"href":"https:\/\/portalfadesp.org.br\/index.php?rest_route=\/wp\/v2\/posts\/1090\/revisions"}],"predecessor-version":[{"id":38075,"href":"https:\/\/portalfadesp.org.br\/index.php?rest_route=\/wp\/v2\/posts\/1090\/revisions\/38075"}],"wp:featuredmedia":[{"embeddable":true,"href":"https:\/\/portalfadesp.org.br\/index.php?rest_route=\/wp\/v2\/media\/881"}],"wp:attachment":[{"href":"https:\/\/portalfadesp.org.br\/index.php?rest_route=%2Fwp%2Fv2%2Fmedia&parent=1090"}],"wp:term":[{"taxonomy":"category","embeddable":true,"href":"https:\/\/portalfadesp.org.br\/index.php?rest_route=%2Fwp%2Fv2%2Fcategories&post=1090"},{"taxonomy":"post_tag","embeddable":true,"href":"https:\/\/portalfadesp.org.br\/index.php?rest_route=%2Fwp%2Fv2%2Ftags&post=1090"}],"curies":[{"name":"wp","href":"https:\/\/api.w.org\/{rel}","templated":true}]}}